{"id":115224,"date":"2025-03-10T09:18:38","date_gmt":"2025-03-10T15:18:38","guid":{"rendered":"https:\/\/quehacerpolitico.mx\/?p=115224"},"modified":"2025-03-10T09:18:42","modified_gmt":"2025-03-10T15:18:42","slug":"el-quehacer-politico-a-traves-jose-alberto-prado-angeles-modificar-los-articulos-19-y-40-servira-de-algo-ante-los-embates-de-trump","status":"publish","type":"post","link":"https:\/\/quehacerpolitico.mx\/?p=115224","title":{"rendered":"El Quehacer pol\u00edtico a trav\u00e9s\/\/\/Jose Alberto Prado \u00c1ngeles\/\/\/Modificar los\u00a0Art\u00edculos 19 y 40 servir\u00e1 de algo ante los embates de Trump?"},"content":{"rendered":"\n<p>Por Jos\u00e9 Alberto Prado \u00c1ngeles <\/p>\n\n\n\n<p>Director General y Editor<\/p>\n\n\n\n<p>Cuando estamos \u201cen medio de la tormenta\u201d con las acusaciones del inquilino de la Casa Blanca sobre el control de los narcotraficantes en algunas regiones de M\u00e9xico y los vuelos de los aviones de la inteligencia norteamericana en nuestro territorio, como \u201canillo al dedo\u201d \u2014para nuestros vecinos y desgracia de nosotros\u2014 les cay\u00f3 el video que circul\u00f3 en las redes sociales en donde se ve a los alcaldes de la coalici\u00f3n PRI-PAN-PRD en Cuautla, Morelos, Jes\u00fas Corona, y el de Atlatlahucan, Agust\u00edn Toledano, reunidos con J\u00fapiter Araujo Bernard, \u201cEl Barbas\u201d, presunto l\u00edder del C\u00e1rtel de Sinaloa en Morelos.<\/p>\n\n\n\n<p>Y para poner la \u201ccereza en el pastel\u201d, en su cuenta de X, Elon Musk, \u2014actual \u201cbrazo derecho\u201d o \u201casesor de confianza\u201d de Donald Trump\u2014 divulgaba el documento en donde el Departamento de Estado estadounidense designa como \u201cterroristas\u201d a los c\u00e1rteles, con la advertencia \u201cEso significa que son elegibles para ataques con drones\u201d.<\/p>\n\n\n\n<p>La Presidenta de M\u00e9xico, Claudia Sheiunbaum, fue muy clara al se\u00f1alar que \u201cfrente a esta designaci\u00f3n nosotros no negociamos la soberan\u00eda. Esta no puede ser una oportunidad por parte de Estados Unidos para invadir nuestra soberan\u00eda; entonces, ellos pueden ponerle el nombre que ellos decidan, pero con M\u00e9xico es colaboraci\u00f3n y coordinaci\u00f3n, nunca subordinaci\u00f3n. No injerencismo y menos invasion\u201d, a la vez que informaba que ya est\u00e1n en proceso dos reformas constitucionales, relacionadas son la soberan\u00eda nacional \u2014Art\u00edculos 19 y 40\u2014. Sin embargo, con reformas a la Constituci\u00f3n o sin ellas, para quien ayer cumpli\u00f3 apenas un mes \u2014y le faltan tres a\u00f1os y 11 meses\u2014 en la Casa Blanca, eso no significa nada, porque el d\u00eda que se le \u201chinchen\u201d comete cualquier locura.<\/p>\n\n\n\n<p>Precisamente sobre el tema de la designaci\u00f3n de \u201cterroristas\u201d a los c\u00e1rteles, Lila Abed, directora del Instituto de M\u00e9xico del Wilson Center \u2014instituci\u00f3n sin fines de lucro, no partidista y dedicada a investigaciones en asuntos globales\u2014 en una entrevista de radio dijo que \u201cEstados Unidos s\u00ed est\u00e1 en condiciones de promover una intervenci\u00f3n militar con misiles o drones\u201d en coordinaci\u00f3n con el Gobierno de M\u00e9xico, pero advierte que con la misma designaci\u00f3n \u201cse sientan las bases legales y justificaci\u00f3n para una intervenci\u00f3n unilateral\u201d en caso de que as\u00ed lo decidiera quien ahora despacha desde en la oficina principal de la Avenida Pennsylvania 1600 en Washington, D.C.<\/p>\n\n\n\n<p>A lo hay que apelar en estos momentos es a la \u201ccabeza fr\u00eda\u201d de la Presidenta Sheinbaum, quien insiste en la \u201ccolaboraci\u00f3n y coordinaci\u00f3n\u201d en lugar del enfrentamiento verbal y responder con acciones y resultados \u2014como est\u00e1 sucediendo en la lucha en contra del narcotr\u00e1fico\u2014 y olvidarnos de los \u201cabrazos, no balazos\u201d de los \u00faltimos a\u00f1os que nos dejaron \u2018tirados en la lona\u201d.<\/p>\n\n\n\n<p>As\u00ed el Quehacer Pol\u00edtico Desde 1980, 44 a\u00f1os inquiriendo en la pol\u00edtica de M\u00e9xico, cuestionando, exponiendo, revelando y razonando.Es cuanto.<\/p>\n","protected":false},"excerpt":{"rendered":"<p>Por Jos\u00e9 Alberto Prado \u00c1ngeles Director General y Editor Cuando estamos \u201cen medio de la&#8230;<\/p>\n","protected":false},"author":2,"featured_media":115226,"comment_status":"open","ping_status":"open","sticky":false,"template":"","format":"standard","meta":{"_monsterinsights_skip_tracking":false,"_monsterinsights_sitenote_active":false,"_monsterinsights_sitenote_note":"","_monsterinsights_sitenote_category":0,"footnotes":""},"categories":[280,2],"tags":[],"class_list":["post-115224","post","type-post","status-publish","format-standard","has-post-thumbnail","hentry","category-nacionales","category-noticias"],"yoast_head":"<!-- This site is optimized with the Yoast SEO plugin v27.3 - https:\/\/yoast.com\/product\/yoast-seo-wordpress\/ -->\n<title>El Quehacer pol\u00edtico a trav\u00e9s\/\/\/Jose Alberto Prado \u00c1ngeles\/\/\/Modificar los\u00a0Art\u00edculos 19 y 40 servir\u00e1 de algo ante los embates de Trump? -<\/title>\n<meta name=\"robots\" content=\"index, follow, max-snippet:-1, max-image-preview:large, max-video-preview:-1\" \/>\n<link rel=\"canonical\" href=\"https:\/\/quehacerpolitico.mx\/?p=115224\" \/>\n<meta property=\"og:locale\" content=\"es_MX\" \/>\n<meta property=\"og:type\" content=\"article\" \/>\n<meta property=\"og:title\" content=\"El Quehacer pol\u00edtico a trav\u00e9s\/\/\/Jose Alberto Prado \u00c1ngeles\/\/\/Modificar los\u00a0Art\u00edculos 19 y 40 servir\u00e1 de algo ante los embates de Trump? -\" \/>\n<meta property=\"og:description\" content=\"Por Jos\u00e9 Alberto Prado \u00c1ngeles Director General y Editor Cuando estamos \u201cen medio de la...\" \/>\n<meta property=\"og:url\" content=\"https:\/\/quehacerpolitico.mx\/?p=115224\" \/>\n<meta property=\"article:published_time\" content=\"2025-03-10T15:18:38+00:00\" \/>\n<meta property=\"article:modified_time\" content=\"2025-03-10T15:18:42+00:00\" \/>\n<meta property=\"og:image\" content=\"https:\/\/quehacerpolitico.mx\/wp-content\/uploads\/2025\/03\/fb07bd44-0f95-41a8-8353-f61c55b6d960-1.jpeg\" \/>\n\t<meta property=\"og:image:width\" content=\"963\" \/>\n\t<meta property=\"og:image:height\" content=\"493\" \/>\n\t<meta property=\"og:image:type\" content=\"image\/jpeg\" \/>\n<meta name=\"author\" content=\"Redacci\u00f3n QP\" \/>\n<meta name=\"twitter:card\" content=\"summary_large_image\" \/>\n<meta name=\"twitter:label1\" content=\"Escrito por\" \/>\n\t<meta name=\"twitter:data1\" content=\"Redacci\u00f3n QP\" \/>\n\t<meta name=\"twitter:label2\" content=\"Tiempo de lectura\" \/>\n\t<meta name=\"twitter:data2\" content=\"3 minutos\" \/>\n<script type=\"application\/ld+json\" class=\"yoast-schema-graph\">{\"@context\":\"https:\\\/\\\/schema.org\",\"@graph\":[{\"@type\":\"Article\",\"@id\":\"https:\\\/\\\/quehacerpolitico.mx\\\/?p=115224#article\",\"isPartOf\":{\"@id\":\"https:\\\/\\\/quehacerpolitico.mx\\\/?p=115224\"},\"author\":{\"name\":\"Redacci\u00f3n QP\",\"@id\":\"https:\\\/\\\/quehacerpolitico.mx\\\/#\\\/schema\\\/person\\\/496d8ad2d1d3f8036101dca7ee39e585\"},\"headline\":\"El Quehacer pol\u00edtico a trav\u00e9s\\\/\\\/\\\/Jose Alberto Prado \u00c1ngeles\\\/\\\/\\\/Modificar los\u00a0Art\u00edculos 19 y 40 servir\u00e1 de algo ante los embates de Trump?\",\"datePublished\":\"2025-03-10T15:18:38+00:00\",\"dateModified\":\"2025-03-10T15:18:42+00:00\",\"mainEntityOfPage\":{\"@id\":\"https:\\\/\\\/quehacerpolitico.mx\\\/?p=115224\"},\"wordCount\":535,\"commentCount\":0,\"image\":{\"@id\":\"https:\\\/\\\/quehacerpolitico.mx\\\/?p=115224#primaryimage\"},\"thumbnailUrl\":\"https:\\\/\\\/quehacerpolitico.mx\\\/wp-content\\\/uploads\\\/2025\\\/03\\\/fb07bd44-0f95-41a8-8353-f61c55b6d960-1.jpeg\",\"articleSection\":[\"Nacionales\",\"Noticias\"],\"inLanguage\":\"es\",\"potentialAction\":[{\"@type\":\"CommentAction\",\"name\":\"Comment\",\"target\":[\"https:\\\/\\\/quehacerpolitico.mx\\\/?p=115224#respond\"]}]},{\"@type\":\"WebPage\",\"@id\":\"https:\\\/\\\/quehacerpolitico.mx\\\/?p=115224\",\"url\":\"https:\\\/\\\/quehacerpolitico.mx\\\/?p=115224\",\"name\":\"El Quehacer pol\u00edtico a trav\u00e9s\\\/\\\/\\\/Jose Alberto Prado \u00c1ngeles\\\/\\\/\\\/Modificar los\u00a0Art\u00edculos 19 y 40 servir\u00e1 de algo ante los embates de Trump? -\",\"isPartOf\":{\"@id\":\"https:\\\/\\\/quehacerpolitico.mx\\\/#website\"},\"primaryImageOfPage\":{\"@id\":\"https:\\\/\\\/quehacerpolitico.mx\\\/?p=115224#primaryimage\"},\"image\":{\"@id\":\"https:\\\/\\\/quehacerpolitico.mx\\\/?p=115224#primaryimage\"},\"thumbnailUrl\":\"https:\\\/\\\/quehacerpolitico.mx\\\/wp-content\\\/uploads\\\/2025\\\/03\\\/fb07bd44-0f95-41a8-8353-f61c55b6d960-1.jpeg\",\"datePublished\":\"2025-03-10T15:18:38+00:00\",\"dateModified\":\"2025-03-10T15:18:42+00:00\",\"author\":{\"@id\":\"https:\\\/\\\/quehacerpolitico.mx\\\/#\\\/schema\\\/person\\\/496d8ad2d1d3f8036101dca7ee39e585\"},\"breadcrumb\":{\"@id\":\"https:\\\/\\\/quehacerpolitico.mx\\\/?p=115224#breadcrumb\"},\"inLanguage\":\"es\",\"potentialAction\":[{\"@type\":\"ReadAction\",\"target\":[\"https:\\\/\\\/quehacerpolitico.mx\\\/?p=115224\"]}]},{\"@type\":\"ImageObject\",\"inLanguage\":\"es\",\"@id\":\"https:\\\/\\\/quehacerpolitico.mx\\\/?p=115224#primaryimage\",\"url\":\"https:\\\/\\\/quehacerpolitico.mx\\\/wp-content\\\/uploads\\\/2025\\\/03\\\/fb07bd44-0f95-41a8-8353-f61c55b6d960-1.jpeg\",\"contentUrl\":\"https:\\\/\\\/quehacerpolitico.mx\\\/wp-content\\\/uploads\\\/2025\\\/03\\\/fb07bd44-0f95-41a8-8353-f61c55b6d960-1.jpeg\",\"width\":963,\"height\":493},{\"@type\":\"BreadcrumbList\",\"@id\":\"https:\\\/\\\/quehacerpolitico.mx\\\/?p=115224#breadcrumb\",\"itemListElement\":[{\"@type\":\"ListItem\",\"position\":1,\"name\":\"Inicio\",\"item\":\"https:\\\/\\\/quehacerpolitico.mx\\\/\"},{\"@type\":\"ListItem\",\"position\":2,\"name\":\"El Quehacer pol\u00edtico a trav\u00e9s\\\/\\\/\\\/Jose Alberto Prado \u00c1ngeles\\\/\\\/\\\/Modificar los\u00a0Art\u00edculos 19 y 40 servir\u00e1 de algo ante los embates de Trump?\"}]},{\"@type\":\"WebSite\",\"@id\":\"https:\\\/\\\/quehacerpolitico.mx\\\/#website\",\"url\":\"https:\\\/\\\/quehacerpolitico.mx\\\/\",\"name\":\"\",\"description\":\"\",\"potentialAction\":[{\"@type\":\"SearchAction\",\"target\":{\"@type\":\"EntryPoint\",\"urlTemplate\":\"https:\\\/\\\/quehacerpolitico.mx\\\/?s={search_term_string}\"},\"query-input\":{\"@type\":\"PropertyValueSpecification\",\"valueRequired\":true,\"valueName\":\"search_term_string\"}}],\"inLanguage\":\"es\"},{\"@type\":\"Person\",\"@id\":\"https:\\\/\\\/quehacerpolitico.mx\\\/#\\\/schema\\\/person\\\/496d8ad2d1d3f8036101dca7ee39e585\",\"name\":\"Redacci\u00f3n QP\",\"image\":{\"@type\":\"ImageObject\",\"inLanguage\":\"es\",\"@id\":\"https:\\\/\\\/secure.gravatar.com\\\/avatar\\\/c7164ed6fdec453195284ad24a5ae5b6e1eed2b848477fa2a4787ba9adf39a41?s=96&d=mm&r=g\",\"url\":\"https:\\\/\\\/secure.gravatar.com\\\/avatar\\\/c7164ed6fdec453195284ad24a5ae5b6e1eed2b848477fa2a4787ba9adf39a41?s=96&d=mm&r=g\",\"contentUrl\":\"https:\\\/\\\/secure.gravatar.com\\\/avatar\\\/c7164ed6fdec453195284ad24a5ae5b6e1eed2b848477fa2a4787ba9adf39a41?s=96&d=mm&r=g\",\"caption\":\"Redacci\u00f3n QP\"},\"url\":\"https:\\\/\\\/quehacerpolitico.mx\\\/?author=2\"}]}<\/script>\n<!-- \/ Yoast SEO plugin. -->","yoast_head_json":{"title":"El Quehacer pol\u00edtico a trav\u00e9s\/\/\/Jose Alberto Prado \u00c1ngeles\/\/\/Modificar los\u00a0Art\u00edculos 19 y 40 servir\u00e1 de algo ante los embates de Trump? -","robots":{"index":"index","follow":"follow","max-snippet":"max-snippet:-1","max-image-preview":"max-image-preview:large","max-video-preview":"max-video-preview:-1"},"canonical":"https:\/\/quehacerpolitico.mx\/?p=115224","og_locale":"es_MX","og_type":"article","og_title":"El Quehacer pol\u00edtico a trav\u00e9s\/\/\/Jose Alberto Prado \u00c1ngeles\/\/\/Modificar los\u00a0Art\u00edculos 19 y 40 servir\u00e1 de algo ante los embates de Trump? -","og_description":"Por Jos\u00e9 Alberto Prado \u00c1ngeles Director General y Editor Cuando estamos \u201cen medio de la...","og_url":"https:\/\/quehacerpolitico.mx\/?p=115224","article_published_time":"2025-03-10T15:18:38+00:00","article_modified_time":"2025-03-10T15:18:42+00:00","og_image":[{"width":963,"height":493,"url":"https:\/\/quehacerpolitico.mx\/wp-content\/uploads\/2025\/03\/fb07bd44-0f95-41a8-8353-f61c55b6d960-1.jpeg","type":"image\/jpeg"}],"author":"Redacci\u00f3n QP","twitter_card":"summary_large_image","twitter_misc":{"Escrito por":"Redacci\u00f3n QP","Tiempo de lectura":"3 minutos"},"schema":{"@context":"https:\/\/schema.org","@graph":[{"@type":"Article","@id":"https:\/\/quehacerpolitico.mx\/?p=115224#article","isPartOf":{"@id":"https:\/\/quehacerpolitico.mx\/?p=115224"},"author":{"name":"Redacci\u00f3n QP","@id":"https:\/\/quehacerpolitico.mx\/#\/schema\/person\/496d8ad2d1d3f8036101dca7ee39e585"},"headline":"El Quehacer pol\u00edtico a trav\u00e9s\/\/\/Jose Alberto Prado \u00c1ngeles\/\/\/Modificar los\u00a0Art\u00edculos 19 y 40 servir\u00e1 de algo ante los embates de Trump?","datePublished":"2025-03-10T15:18:38+00:00","dateModified":"2025-03-10T15:18:42+00:00","mainEntityOfPage":{"@id":"https:\/\/quehacerpolitico.mx\/?p=115224"},"wordCount":535,"commentCount":0,"image":{"@id":"https:\/\/quehacerpolitico.mx\/?p=115224#primaryimage"},"thumbnailUrl":"https:\/\/quehacerpolitico.mx\/wp-content\/uploads\/2025\/03\/fb07bd44-0f95-41a8-8353-f61c55b6d960-1.jpeg","articleSection":["Nacionales","Noticias"],"inLanguage":"es","potentialAction":[{"@type":"CommentAction","name":"Comment","target":["https:\/\/quehacerpolitico.mx\/?p=115224#respond"]}]},{"@type":"WebPage","@id":"https:\/\/quehacerpolitico.mx\/?p=115224","url":"https:\/\/quehacerpolitico.mx\/?p=115224","name":"El Quehacer pol\u00edtico a trav\u00e9s\/\/\/Jose Alberto Prado \u00c1ngeles\/\/\/Modificar los\u00a0Art\u00edculos 19 y 40 servir\u00e1 de algo ante los embates de Trump? -","isPartOf":{"@id":"https:\/\/quehacerpolitico.mx\/#website"},"primaryImageOfPage":{"@id":"https:\/\/quehacerpolitico.mx\/?p=115224#primaryimage"},"image":{"@id":"https:\/\/quehacerpolitico.mx\/?p=115224#primaryimage"},"thumbnailUrl":"https:\/\/quehacerpolitico.mx\/wp-content\/uploads\/2025\/03\/fb07bd44-0f95-41a8-8353-f61c55b6d960-1.jpeg","datePublished":"2025-03-10T15:18:38+00:00","dateModified":"2025-03-10T15:18:42+00:00","author":{"@id":"https:\/\/quehacerpolitico.mx\/#\/schema\/person\/496d8ad2d1d3f8036101dca7ee39e585"},"breadcrumb":{"@id":"https:\/\/quehacerpolitico.mx\/?p=115224#breadcrumb"},"inLanguage":"es","potentialAction":[{"@type":"ReadAction","target":["https:\/\/quehacerpolitico.mx\/?p=115224"]}]},{"@type":"ImageObject","inLanguage":"es","@id":"https:\/\/quehacerpolitico.mx\/?p=115224#primaryimage","url":"https:\/\/quehacerpolitico.mx\/wp-content\/uploads\/2025\/03\/fb07bd44-0f95-41a8-8353-f61c55b6d960-1.jpeg","contentUrl":"https:\/\/quehacerpolitico.mx\/wp-content\/uploads\/2025\/03\/fb07bd44-0f95-41a8-8353-f61c55b6d960-1.jpeg","width":963,"height":493},{"@type":"BreadcrumbList","@id":"https:\/\/quehacerpolitico.mx\/?p=115224#breadcrumb","itemListElement":[{"@type":"ListItem","position":1,"name":"Inicio","item":"https:\/\/quehacerpolitico.mx\/"},{"@type":"ListItem","position":2,"name":"El Quehacer pol\u00edtico a trav\u00e9s\/\/\/Jose Alberto Prado \u00c1ngeles\/\/\/Modificar los\u00a0Art\u00edculos 19 y 40 servir\u00e1 de algo ante los embates de Trump?"}]},{"@type":"WebSite","@id":"https:\/\/quehacerpolitico.mx\/#website","url":"https:\/\/quehacerpolitico.mx\/","name":"","description":"","potentialAction":[{"@type":"SearchAction","target":{"@type":"EntryPoint","urlTemplate":"https:\/\/quehacerpolitico.mx\/?s={search_term_string}"},"query-input":{"@type":"PropertyValueSpecification","valueRequired":true,"valueName":"search_term_string"}}],"inLanguage":"es"},{"@type":"Person","@id":"https:\/\/quehacerpolitico.mx\/#\/schema\/person\/496d8ad2d1d3f8036101dca7ee39e585","name":"Redacci\u00f3n QP","image":{"@type":"ImageObject","inLanguage":"es","@id":"https:\/\/secure.gravatar.com\/avatar\/c7164ed6fdec453195284ad24a5ae5b6e1eed2b848477fa2a4787ba9adf39a41?s=96&d=mm&r=g","url":"https:\/\/secure.gravatar.com\/avatar\/c7164ed6fdec453195284ad24a5ae5b6e1eed2b848477fa2a4787ba9adf39a41?s=96&d=mm&r=g","contentUrl":"https:\/\/secure.gravatar.com\/avatar\/c7164ed6fdec453195284ad24a5ae5b6e1eed2b848477fa2a4787ba9adf39a41?s=96&d=mm&r=g","caption":"Redacci\u00f3n QP"},"url":"https:\/\/quehacerpolitico.mx\/?author=2"}]}},"featured_image_urls":{"full":["https:\/\/quehacerpolitico.mx\/wp-content\/uploads\/2025\/03\/fb07bd44-0f95-41a8-8353-f61c55b6d960-1.jpeg",963,493,false],"thumbnail":["https:\/\/quehacerpolitico.mx\/wp-content\/uploads\/2025\/03\/fb07bd44-0f95-41a8-8353-f61c55b6d960-1-150x150.jpeg",150,150,true],"medium":["https:\/\/quehacerpolitico.mx\/wp-content\/uploads\/2025\/03\/fb07bd44-0f95-41a8-8353-f61c55b6d960-1-300x154.jpeg",300,154,true],"medium_large":["https:\/\/quehacerpolitico.mx\/wp-content\/uploads\/2025\/03\/fb07bd44-0f95-41a8-8353-f61c55b6d960-1-768x393.jpeg",640,328,true],"large":["https:\/\/quehacerpolitico.mx\/wp-content\/uploads\/2025\/03\/fb07bd44-0f95-41a8-8353-f61c55b6d960-1.jpeg",640,328,false],"1536x1536":["https:\/\/quehacerpolitico.mx\/wp-content\/uploads\/2025\/03\/fb07bd44-0f95-41a8-8353-f61c55b6d960-1.jpeg",963,493,false],"2048x2048":["https:\/\/quehacerpolitico.mx\/wp-content\/uploads\/2025\/03\/fb07bd44-0f95-41a8-8353-f61c55b6d960-1.jpeg",963,493,false],"covernews-featured":["https:\/\/quehacerpolitico.mx\/wp-content\/uploads\/2025\/03\/fb07bd44-0f95-41a8-8353-f61c55b6d960-1.jpeg",963,493,false],"covernews-medium":["https:\/\/quehacerpolitico.mx\/wp-content\/uploads\/2025\/03\/fb07bd44-0f95-41a8-8353-f61c55b6d960-1-540x340.jpeg",540,340,true]},"author_info":{"display_name":"Redacci\u00f3n QP","author_link":"https:\/\/quehacerpolitico.mx\/?author=2"},"category_info":"<a href=\"https:\/\/quehacerpolitico.mx\/?cat=280\" rel=\"category\">Nacionales<\/a> <a href=\"https:\/\/quehacerpolitico.mx\/?cat=2\" rel=\"category\">Noticias<\/a>","tag_info":"Noticias","comment_count":"0","_links":{"self":[{"href":"https:\/\/quehacerpolitico.mx\/index.php?rest_route=\/wp\/v2\/posts\/115224","targetHints":{"allow":["GET"]}}],"collection":[{"href":"https:\/\/quehacerpolitico.mx\/index.php?rest_route=\/wp\/v2\/posts"}],"about":[{"href":"https:\/\/quehacerpolitico.mx\/index.php?rest_route=\/wp\/v2\/types\/post"}],"author":[{"embeddable":true,"href":"https:\/\/quehacerpolitico.mx\/index.php?rest_route=\/wp\/v2\/users\/2"}],"replies":[{"embeddable":true,"href":"https:\/\/quehacerpolitico.mx\/index.php?rest_route=%2Fwp%2Fv2%2Fcomments&post=115224"}],"version-history":[{"count":1,"href":"https:\/\/quehacerpolitico.mx\/index.php?rest_route=\/wp\/v2\/posts\/115224\/revisions"}],"predecessor-version":[{"id":115227,"href":"https:\/\/quehacerpolitico.mx\/index.php?rest_route=\/wp\/v2\/posts\/115224\/revisions\/115227"}],"wp:featuredmedia":[{"embeddable":true,"href":"https:\/\/quehacerpolitico.mx\/index.php?rest_route=\/wp\/v2\/media\/115226"}],"wp:attachment":[{"href":"https:\/\/quehacerpolitico.mx\/index.php?rest_route=%2Fwp%2Fv2%2Fmedia&parent=115224"}],"wp:term":[{"taxonomy":"category","embeddable":true,"href":"https:\/\/quehacerpolitico.mx\/index.php?rest_route=%2Fwp%2Fv2%2Fcategories&post=115224"},{"taxonomy":"post_tag","embeddable":true,"href":"https:\/\/quehacerpolitico.mx\/index.php?rest_route=%2Fwp%2Fv2%2Ftags&post=115224"}],"curies":[{"name":"wp","href":"https:\/\/api.w.org\/{rel}","templated":true}]}}