{"id":115218,"date":"2025-03-09T17:35:53","date_gmt":"2025-03-09T23:35:53","guid":{"rendered":"https:\/\/quehacerpolitico.mx\/?p=115218"},"modified":"2025-03-09T17:35:56","modified_gmt":"2025-03-09T23:35:56","slug":"claudia-sheinbaum-destaca-unidad-y-logros-en-relacion-con-eu","status":"publish","type":"post","link":"https:\/\/quehacerpolitico.mx\/?p=115218","title":{"rendered":"Claudia Sheinbaum destaca unidad y logros en relaci\u00f3n con EU"},"content":{"rendered":"\n<p>Por Redacci\u00f3n QP<\/p>\n\n\n\n<p>La Presidenta celebr\u00f3 que, en el marco de las negociaciones con Estados Unidos, haya prevalecido el di\u00e1logo y el respeto<\/p>\n\n\n\n<p>Ante un Z\u00f3calo lleno de miles de ciudadanos, la Presidenta de M\u00e9xico,&nbsp;<strong>Claudia Sheinbaum Pardo<\/strong>, enfatiz\u00f3 que el pueblo de M\u00e9xico ha demostrado su fortaleza y que, en unidad, somos m\u00e1s.<\/p>\n\n\n\n<p>\u201cSe ha demostrado que el amor a la patria siempre llama. Hemos demostrado que el pueblo de M\u00e9xico es mucha pieza, y que juntas y juntos somos m\u00e1s, hacemos m\u00e1s y llegamos m\u00e1s lejos. Y aqu\u00ed en plaza p\u00fablica, en el coraz\u00f3n de la Rep\u00fablica, siempre diremos con orgullo y amor: M\u00e9xico es un pa\u00eds, libre, independiente, soberano, y democr\u00e1tico\u201d.<\/p>\n\n\n\n<p>En cuanto a la relaci\u00f3n con el gobierno de\u00a0<strong>Estados Unidos<\/strong>, Sheinbaum Pardo aclar\u00f3 que a M\u00e9xico no se le deber\u00edan aplicar los aranceles rec\u00edprocos que el presidente estadounidense,\u00a0<strong>Donald Trump<\/strong>, impondr\u00e1 a nivel\u00a0<strong>global a partir del 2 de abril.Explic\u00f3 que el Tratado entre M\u00e9xico, Estados Unidos y Canad\u00e1 (T-MEC) establece que no hay tarifas entre estas naciones, garantizando as\u00ed la continuidad del comercio sin restricciones.<\/strong><\/p>\n\n\n\n<figure class=\"wp-block-embed is-type-rich is-provider-twitter wp-block-embed-twitter\"><div class=\"wp-block-embed__wrapper\">\n<blockquote class=\"twitter-tweet\" data-width=\"550\" data-dnt=\"true\"><p lang=\"es\" dir=\"ltr\">Manda <a href=\"https:\/\/twitter.com\/Claudiashein?ref_src=twsrc%5Etfw\">@Claudiashein<\/a> mensaje &quot;al pueblo de <a href=\"https:\/\/twitter.com\/hashtag\/EU?src=hash&amp;ref_src=twsrc%5Etfw\">#EU<\/a>: no tenemos ni tendremos intenci\u00f3n alguna de perjudicarlo&quot; <a href=\"https:\/\/t.co\/EPfOvW3lT5\">pic.twitter.com\/EPfOvW3lT5<\/a><\/p>&mdash; Manuel Lopez San Martin (@MLopezSanMartin) <a href=\"https:\/\/twitter.com\/MLopezSanMartin\/status\/1898805289920393299?ref_src=twsrc%5Etfw\">March 9, 2025<\/a><\/blockquote><script async src=\"https:\/\/platform.twitter.com\/widgets.js\" charset=\"utf-8\"><\/script>\n<\/div><\/figure>\n\n\n\n<p>\u201cNosotros desde hace m\u00e1s de 30 a\u00f1os hemos firmado dos Tratados Comerciales, con los que se establece que nosotros no tenemos aranceles con ellos, ni ellos con nosotros. Es decir, no se tendr\u00edan que aplicar aranceles rec\u00edprocos, porque pr\u00e1cticamente, no hay aranceles de M\u00e9xico hacia los Estados Unidos\u201d, destac\u00f3.<\/p>\n\n\n\n<figure class=\"wp-block-embed is-type-rich is-provider-twitter wp-block-embed-twitter\"><div class=\"wp-block-embed__wrapper\">\n<blockquote class=\"twitter-tweet\" data-width=\"550\" data-dnt=\"true\"><p lang=\"es\" dir=\"ltr\">La presidenta Claudia Sheinbaum detall\u00f3 algunos puntos hist\u00f3ricos sobre la relaci\u00f3n de nuestro pa\u00eds con EUA <a href=\"https:\/\/t.co\/qAmfE93e3n\">pic.twitter.com\/qAmfE93e3n<\/a><\/p>&mdash; Azucena Uresti (@azucenau) <a href=\"https:\/\/twitter.com\/azucenau\/status\/1898801272691818526?ref_src=twsrc%5Etfw\">March 9, 2025<\/a><\/blockquote><script async src=\"https:\/\/platform.twitter.com\/widgets.js\" charset=\"utf-8\"><\/script>\n<\/div><\/figure>\n\n\n\n<p>La Presidenta celebr\u00f3 que, en el marco de las negociaciones con Estados Unidos,\u00a0<strong>haya prevalecido el di\u00e1logo y el respeto, lo que permiti\u00f3 el levantamiento de los aranceles aplicados a productos de exportaci\u00f3n. Destac\u00f3 que este resultado fue un logro de todas y todos los mexicanos.<\/strong><\/p>\n\n\n\n<p>Sheinbaum Pardo reafirm\u00f3 el compromiso del Gobierno de M\u00e9xico de seguir colaborando con Estados Unidos en distintos temas, particularmente en el combate al consumo de fentanilo. Se\u00f1al\u00f3 que el objetivo es evitar que esta droga llegue a los j\u00f3venes tanto en M\u00e9xico como en Estados Unidos, labor que ha sido impulsada por la Secretar\u00eda de Seguridad y Protecci\u00f3n Ciudadana y las Fuerzas Armadas.<\/p>\n\n\n\n<figure class=\"wp-block-embed is-type-rich is-provider-twitter wp-block-embed-twitter\"><div class=\"wp-block-embed__wrapper\">\n<blockquote class=\"twitter-tweet\" data-width=\"550\" data-dnt=\"true\"><p lang=\"es\" dir=\"ltr\">El cruce de fentanilo disminuy\u00f3 un 41% y <a href=\"https:\/\/twitter.com\/hashtag\/DonaldTrump?src=hash&amp;ref_src=twsrc%5Etfw\">#DonaldTrump<\/a> llev\u00f3 a EU la campa\u00f1a de M\u00e9xico contra las drogas, resalta <a href=\"https:\/\/twitter.com\/Claudiashein?ref_src=twsrc%5Etfw\">@Claudiashein<\/a> en el Z\u00f3calo. <a href=\"https:\/\/t.co\/Nlvo8U64b5\">pic.twitter.com\/Nlvo8U64b5<\/a><\/p>&mdash; Manuel Lopez San Martin (@MLopezSanMartin) <a href=\"https:\/\/twitter.com\/MLopezSanMartin\/status\/1898808511078785459?ref_src=twsrc%5Etfw\">March 9, 2025<\/a><\/blockquote><script async src=\"https:\/\/platform.twitter.com\/widgets.js\" charset=\"utf-8\"><\/script>\n<\/div><\/figure>\n\n\n\n<p>Mencion\u00f3 que gracias a estas acciones, las incautaciones&nbsp;<strong>han logrado reducir el cruce de fentanilo en la frontera en un 50 por ciento, y de enero a febrero de 2025 en un 41 por ciento<\/strong>, seg\u00fan datos de la Oficina de Aduanas y Protecci\u00f3n Fronteriza de los Estados Unidos.<\/p>\n\n\n\n<p>Asimismo, la Presidenta destac\u00f3 los avances de la Estrategia Nacional de Seguridad, basada en cuatro ejes: atenci\u00f3n a las causas, fortalecimiento de la Guardia Nacional, inteligencia e investigaci\u00f3n, y coordinaci\u00f3n con la Fiscal\u00eda y los estados. Subray\u00f3 que esta estrategia est\u00e1 dando resultados, ya que de octubre de 2024 a febrero de 2025 se ha logrado una reducci\u00f3n del 15 por ciento en homicidios dolosos.<\/p>\n","protected":false},"excerpt":{"rendered":"<p>Por Redacci\u00f3n QP La Presidenta celebr\u00f3 que, en el marco de las negociaciones con Estados&#8230;<\/p>\n","protected":false},"author":2,"featured_media":115219,"comment_status":"open","ping_status":"open","sticky":false,"template":"","format":"standard","meta":{"_monsterinsights_skip_tracking":false,"_monsterinsights_sitenote_active":false,"_monsterinsights_sitenote_note":"","_monsterinsights_sitenote_category":0,"footnotes":""},"categories":[280,2],"tags":[],"class_list":["post-115218","post","type-post","status-publish","format-standard","has-post-thumbnail","hentry","category-nacionales","category-noticias"],"yoast_head":"<!-- This site is optimized with the Yoast SEO plugin v27.3 - https:\/\/yoast.com\/product\/yoast-seo-wordpress\/ -->\n<title>Claudia Sheinbaum destaca unidad y logros en relaci\u00f3n con EU -<\/title>\n<meta name=\"robots\" content=\"index, follow, max-snippet:-1, max-image-preview:large, max-video-preview:-1\" \/>\n<link rel=\"canonical\" href=\"https:\/\/quehacerpolitico.mx\/?p=115218\" \/>\n<meta property=\"og:locale\" content=\"es_MX\" \/>\n<meta property=\"og:type\" content=\"article\" \/>\n<meta property=\"og:title\" content=\"Claudia Sheinbaum destaca unidad y logros en relaci\u00f3n con EU -\" \/>\n<meta property=\"og:description\" content=\"Por Redacci\u00f3n QP La Presidenta celebr\u00f3 que, en el marco de las negociaciones con Estados...\" \/>\n<meta property=\"og:url\" content=\"https:\/\/quehacerpolitico.mx\/?p=115218\" \/>\n<meta property=\"article:published_time\" content=\"2025-03-09T23:35:53+00:00\" \/>\n<meta property=\"article:modified_time\" content=\"2025-03-09T23:35:56+00:00\" \/>\n<meta property=\"og:image\" content=\"https:\/\/quehacerpolitico.mx\/wp-content\/uploads\/2025\/03\/IMG_1094.jpeg\" \/>\n\t<meta property=\"og:image:width\" content=\"1284\" \/>\n\t<meta property=\"og:image:height\" content=\"711\" \/>\n\t<meta property=\"og:image:type\" content=\"image\/jpeg\" \/>\n<meta name=\"author\" content=\"Redacci\u00f3n QP\" \/>\n<meta name=\"twitter:card\" content=\"summary_large_image\" \/>\n<meta name=\"twitter:label1\" content=\"Escrito por\" \/>\n\t<meta name=\"twitter:data1\" content=\"Redacci\u00f3n QP\" \/>\n\t<meta name=\"twitter:label2\" content=\"Tiempo de lectura\" \/>\n\t<meta name=\"twitter:data2\" content=\"3 minutos\" \/>\n<script type=\"application\/ld+json\" class=\"yoast-schema-graph\">{\"@context\":\"https:\\\/\\\/schema.org\",\"@graph\":[{\"@type\":\"Article\",\"@id\":\"https:\\\/\\\/quehacerpolitico.mx\\\/?p=115218#article\",\"isPartOf\":{\"@id\":\"https:\\\/\\\/quehacerpolitico.mx\\\/?p=115218\"},\"author\":{\"name\":\"Redacci\u00f3n QP\",\"@id\":\"https:\\\/\\\/quehacerpolitico.mx\\\/#\\\/schema\\\/person\\\/496d8ad2d1d3f8036101dca7ee39e585\"},\"headline\":\"Claudia Sheinbaum destaca unidad y logros en relaci\u00f3n con EU\",\"datePublished\":\"2025-03-09T23:35:53+00:00\",\"dateModified\":\"2025-03-09T23:35:56+00:00\",\"mainEntityOfPage\":{\"@id\":\"https:\\\/\\\/quehacerpolitico.mx\\\/?p=115218\"},\"wordCount\":534,\"commentCount\":0,\"image\":{\"@id\":\"https:\\\/\\\/quehacerpolitico.mx\\\/?p=115218#primaryimage\"},\"thumbnailUrl\":\"https:\\\/\\\/quehacerpolitico.mx\\\/wp-content\\\/uploads\\\/2025\\\/03\\\/IMG_1094.jpeg\",\"articleSection\":[\"Nacionales\",\"Noticias\"],\"inLanguage\":\"es\",\"potentialAction\":[{\"@type\":\"CommentAction\",\"name\":\"Comment\",\"target\":[\"https:\\\/\\\/quehacerpolitico.mx\\\/?p=115218#respond\"]}]},{\"@type\":\"WebPage\",\"@id\":\"https:\\\/\\\/quehacerpolitico.mx\\\/?p=115218\",\"url\":\"https:\\\/\\\/quehacerpolitico.mx\\\/?p=115218\",\"name\":\"Claudia Sheinbaum destaca unidad y logros en relaci\u00f3n con EU -\",\"isPartOf\":{\"@id\":\"https:\\\/\\\/quehacerpolitico.mx\\\/#website\"},\"primaryImageOfPage\":{\"@id\":\"https:\\\/\\\/quehacerpolitico.mx\\\/?p=115218#primaryimage\"},\"image\":{\"@id\":\"https:\\\/\\\/quehacerpolitico.mx\\\/?p=115218#primaryimage\"},\"thumbnailUrl\":\"https:\\\/\\\/quehacerpolitico.mx\\\/wp-content\\\/uploads\\\/2025\\\/03\\\/IMG_1094.jpeg\",\"datePublished\":\"2025-03-09T23:35:53+00:00\",\"dateModified\":\"2025-03-09T23:35:56+00:00\",\"author\":{\"@id\":\"https:\\\/\\\/quehacerpolitico.mx\\\/#\\\/schema\\\/person\\\/496d8ad2d1d3f8036101dca7ee39e585\"},\"breadcrumb\":{\"@id\":\"https:\\\/\\\/quehacerpolitico.mx\\\/?p=115218#breadcrumb\"},\"inLanguage\":\"es\",\"potentialAction\":[{\"@type\":\"ReadAction\",\"target\":[\"https:\\\/\\\/quehacerpolitico.mx\\\/?p=115218\"]}]},{\"@type\":\"ImageObject\",\"inLanguage\":\"es\",\"@id\":\"https:\\\/\\\/quehacerpolitico.mx\\\/?p=115218#primaryimage\",\"url\":\"https:\\\/\\\/quehacerpolitico.mx\\\/wp-content\\\/uploads\\\/2025\\\/03\\\/IMG_1094.jpeg\",\"contentUrl\":\"https:\\\/\\\/quehacerpolitico.mx\\\/wp-content\\\/uploads\\\/2025\\\/03\\\/IMG_1094.jpeg\",\"width\":1284,\"height\":711,\"caption\":\"Screenshot\"},{\"@type\":\"BreadcrumbList\",\"@id\":\"https:\\\/\\\/quehacerpolitico.mx\\\/?p=115218#breadcrumb\",\"itemListElement\":[{\"@type\":\"ListItem\",\"position\":1,\"name\":\"Inicio\",\"item\":\"https:\\\/\\\/quehacerpolitico.mx\\\/\"},{\"@type\":\"ListItem\",\"position\":2,\"name\":\"Claudia Sheinbaum destaca unidad y logros en relaci\u00f3n con EU\"}]},{\"@type\":\"WebSite\",\"@id\":\"https:\\\/\\\/quehacerpolitico.mx\\\/#website\",\"url\":\"https:\\\/\\\/quehacerpolitico.mx\\\/\",\"name\":\"\",\"description\":\"\",\"potentialAction\":[{\"@type\":\"SearchAction\",\"target\":{\"@type\":\"EntryPoint\",\"urlTemplate\":\"https:\\\/\\\/quehacerpolitico.mx\\\/?s={search_term_string}\"},\"query-input\":{\"@type\":\"PropertyValueSpecification\",\"valueRequired\":true,\"valueName\":\"search_term_string\"}}],\"inLanguage\":\"es\"},{\"@type\":\"Person\",\"@id\":\"https:\\\/\\\/quehacerpolitico.mx\\\/#\\\/schema\\\/person\\\/496d8ad2d1d3f8036101dca7ee39e585\",\"name\":\"Redacci\u00f3n QP\",\"image\":{\"@type\":\"ImageObject\",\"inLanguage\":\"es\",\"@id\":\"https:\\\/\\\/secure.gravatar.com\\\/avatar\\\/c7164ed6fdec453195284ad24a5ae5b6e1eed2b848477fa2a4787ba9adf39a41?s=96&d=mm&r=g\",\"url\":\"https:\\\/\\\/secure.gravatar.com\\\/avatar\\\/c7164ed6fdec453195284ad24a5ae5b6e1eed2b848477fa2a4787ba9adf39a41?s=96&d=mm&r=g\",\"contentUrl\":\"https:\\\/\\\/secure.gravatar.com\\\/avatar\\\/c7164ed6fdec453195284ad24a5ae5b6e1eed2b848477fa2a4787ba9adf39a41?s=96&d=mm&r=g\",\"caption\":\"Redacci\u00f3n QP\"},\"url\":\"https:\\\/\\\/quehacerpolitico.mx\\\/?author=2\"}]}<\/script>\n<!-- \/ Yoast SEO plugin. -->","yoast_head_json":{"title":"Claudia Sheinbaum destaca unidad y logros en relaci\u00f3n con EU -","robots":{"index":"index","follow":"follow","max-snippet":"max-snippet:-1","max-image-preview":"max-image-preview:large","max-video-preview":"max-video-preview:-1"},"canonical":"https:\/\/quehacerpolitico.mx\/?p=115218","og_locale":"es_MX","og_type":"article","og_title":"Claudia Sheinbaum destaca unidad y logros en relaci\u00f3n con EU -","og_description":"Por Redacci\u00f3n QP La Presidenta celebr\u00f3 que, en el marco de las negociaciones con Estados...","og_url":"https:\/\/quehacerpolitico.mx\/?p=115218","article_published_time":"2025-03-09T23:35:53+00:00","article_modified_time":"2025-03-09T23:35:56+00:00","og_image":[{"width":1284,"height":711,"url":"https:\/\/quehacerpolitico.mx\/wp-content\/uploads\/2025\/03\/IMG_1094.jpeg","type":"image\/jpeg"}],"author":"Redacci\u00f3n QP","twitter_card":"summary_large_image","twitter_misc":{"Escrito por":"Redacci\u00f3n QP","Tiempo de lectura":"3 minutos"},"schema":{"@context":"https:\/\/schema.org","@graph":[{"@type":"Article","@id":"https:\/\/quehacerpolitico.mx\/?p=115218#article","isPartOf":{"@id":"https:\/\/quehacerpolitico.mx\/?p=115218"},"author":{"name":"Redacci\u00f3n QP","@id":"https:\/\/quehacerpolitico.mx\/#\/schema\/person\/496d8ad2d1d3f8036101dca7ee39e585"},"headline":"Claudia Sheinbaum destaca unidad y logros en relaci\u00f3n con EU","datePublished":"2025-03-09T23:35:53+00:00","dateModified":"2025-03-09T23:35:56+00:00","mainEntityOfPage":{"@id":"https:\/\/quehacerpolitico.mx\/?p=115218"},"wordCount":534,"commentCount":0,"image":{"@id":"https:\/\/quehacerpolitico.mx\/?p=115218#primaryimage"},"thumbnailUrl":"https:\/\/quehacerpolitico.mx\/wp-content\/uploads\/2025\/03\/IMG_1094.jpeg","articleSection":["Nacionales","Noticias"],"inLanguage":"es","potentialAction":[{"@type":"CommentAction","name":"Comment","target":["https:\/\/quehacerpolitico.mx\/?p=115218#respond"]}]},{"@type":"WebPage","@id":"https:\/\/quehacerpolitico.mx\/?p=115218","url":"https:\/\/quehacerpolitico.mx\/?p=115218","name":"Claudia Sheinbaum destaca unidad y logros en relaci\u00f3n con EU -","isPartOf":{"@id":"https:\/\/quehacerpolitico.mx\/#website"},"primaryImageOfPage":{"@id":"https:\/\/quehacerpolitico.mx\/?p=115218#primaryimage"},"image":{"@id":"https:\/\/quehacerpolitico.mx\/?p=115218#primaryimage"},"thumbnailUrl":"https:\/\/quehacerpolitico.mx\/wp-content\/uploads\/2025\/03\/IMG_1094.jpeg","datePublished":"2025-03-09T23:35:53+00:00","dateModified":"2025-03-09T23:35:56+00:00","author":{"@id":"https:\/\/quehacerpolitico.mx\/#\/schema\/person\/496d8ad2d1d3f8036101dca7ee39e585"},"breadcrumb":{"@id":"https:\/\/quehacerpolitico.mx\/?p=115218#breadcrumb"},"inLanguage":"es","potentialAction":[{"@type":"ReadAction","target":["https:\/\/quehacerpolitico.mx\/?p=115218"]}]},{"@type":"ImageObject","inLanguage":"es","@id":"https:\/\/quehacerpolitico.mx\/?p=115218#primaryimage","url":"https:\/\/quehacerpolitico.mx\/wp-content\/uploads\/2025\/03\/IMG_1094.jpeg","contentUrl":"https:\/\/quehacerpolitico.mx\/wp-content\/uploads\/2025\/03\/IMG_1094.jpeg","width":1284,"height":711,"caption":"Screenshot"},{"@type":"BreadcrumbList","@id":"https:\/\/quehacerpolitico.mx\/?p=115218#breadcrumb","itemListElement":[{"@type":"ListItem","position":1,"name":"Inicio","item":"https:\/\/quehacerpolitico.mx\/"},{"@type":"ListItem","position":2,"name":"Claudia Sheinbaum destaca unidad y logros en relaci\u00f3n con EU"}]},{"@type":"WebSite","@id":"https:\/\/quehacerpolitico.mx\/#website","url":"https:\/\/quehacerpolitico.mx\/","name":"","description":"","potentialAction":[{"@type":"SearchAction","target":{"@type":"EntryPoint","urlTemplate":"https:\/\/quehacerpolitico.mx\/?s={search_term_string}"},"query-input":{"@type":"PropertyValueSpecification","valueRequired":true,"valueName":"search_term_string"}}],"inLanguage":"es"},{"@type":"Person","@id":"https:\/\/quehacerpolitico.mx\/#\/schema\/person\/496d8ad2d1d3f8036101dca7ee39e585","name":"Redacci\u00f3n QP","image":{"@type":"ImageObject","inLanguage":"es","@id":"https:\/\/secure.gravatar.com\/avatar\/c7164ed6fdec453195284ad24a5ae5b6e1eed2b848477fa2a4787ba9adf39a41?s=96&d=mm&r=g","url":"https:\/\/secure.gravatar.com\/avatar\/c7164ed6fdec453195284ad24a5ae5b6e1eed2b848477fa2a4787ba9adf39a41?s=96&d=mm&r=g","contentUrl":"https:\/\/secure.gravatar.com\/avatar\/c7164ed6fdec453195284ad24a5ae5b6e1eed2b848477fa2a4787ba9adf39a41?s=96&d=mm&r=g","caption":"Redacci\u00f3n QP"},"url":"https:\/\/quehacerpolitico.mx\/?author=2"}]}},"featured_image_urls":{"full":["https:\/\/quehacerpolitico.mx\/wp-content\/uploads\/2025\/03\/IMG_1094.jpeg",1284,711,false],"thumbnail":["https:\/\/quehacerpolitico.mx\/wp-content\/uploads\/2025\/03\/IMG_1094-150x150.jpeg",150,150,true],"medium":["https:\/\/quehacerpolitico.mx\/wp-content\/uploads\/2025\/03\/IMG_1094-300x166.jpeg",300,166,true],"medium_large":["https:\/\/quehacerpolitico.mx\/wp-content\/uploads\/2025\/03\/IMG_1094-768x425.jpeg",640,354,true],"large":["https:\/\/quehacerpolitico.mx\/wp-content\/uploads\/2025\/03\/IMG_1094-1024x567.jpeg",640,354,true],"1536x1536":["https:\/\/quehacerpolitico.mx\/wp-content\/uploads\/2025\/03\/IMG_1094.jpeg",1284,711,false],"2048x2048":["https:\/\/quehacerpolitico.mx\/wp-content\/uploads\/2025\/03\/IMG_1094.jpeg",1284,711,false],"covernews-featured":["https:\/\/quehacerpolitico.mx\/wp-content\/uploads\/2025\/03\/IMG_1094-1024x567.jpeg",1024,567,true],"covernews-medium":["https:\/\/quehacerpolitico.mx\/wp-content\/uploads\/2025\/03\/IMG_1094-540x340.jpeg",540,340,true]},"author_info":{"display_name":"Redacci\u00f3n QP","author_link":"https:\/\/quehacerpolitico.mx\/?author=2"},"category_info":"<a href=\"https:\/\/quehacerpolitico.mx\/?cat=280\" rel=\"category\">Nacionales<\/a> <a href=\"https:\/\/quehacerpolitico.mx\/?cat=2\" rel=\"category\">Noticias<\/a>","tag_info":"Noticias","comment_count":"0","_links":{"self":[{"href":"https:\/\/quehacerpolitico.mx\/index.php?rest_route=\/wp\/v2\/posts\/115218","targetHints":{"allow":["GET"]}}],"collection":[{"href":"https:\/\/quehacerpolitico.mx\/index.php?rest_route=\/wp\/v2\/posts"}],"about":[{"href":"https:\/\/quehacerpolitico.mx\/index.php?rest_route=\/wp\/v2\/types\/post"}],"author":[{"embeddable":true,"href":"https:\/\/quehacerpolitico.mx\/index.php?rest_route=\/wp\/v2\/users\/2"}],"replies":[{"embeddable":true,"href":"https:\/\/quehacerpolitico.mx\/index.php?rest_route=%2Fwp%2Fv2%2Fcomments&post=115218"}],"version-history":[{"count":1,"href":"https:\/\/quehacerpolitico.mx\/index.php?rest_route=\/wp\/v2\/posts\/115218\/revisions"}],"predecessor-version":[{"id":115220,"href":"https:\/\/quehacerpolitico.mx\/index.php?rest_route=\/wp\/v2\/posts\/115218\/revisions\/115220"}],"wp:featuredmedia":[{"embeddable":true,"href":"https:\/\/quehacerpolitico.mx\/index.php?rest_route=\/wp\/v2\/media\/115219"}],"wp:attachment":[{"href":"https:\/\/quehacerpolitico.mx\/index.php?rest_route=%2Fwp%2Fv2%2Fmedia&parent=115218"}],"wp:term":[{"taxonomy":"category","embeddable":true,"href":"https:\/\/quehacerpolitico.mx\/index.php?rest_route=%2Fwp%2Fv2%2Fcategories&post=115218"},{"taxonomy":"post_tag","embeddable":true,"href":"https:\/\/quehacerpolitico.mx\/index.php?rest_route=%2Fwp%2Fv2%2Ftags&post=115218"}],"curies":[{"name":"wp","href":"https:\/\/api.w.org\/{rel}","templated":true}]}}