{"id":115214,"date":"2025-03-09T17:14:36","date_gmt":"2025-03-09T23:14:36","guid":{"rendered":"https:\/\/quehacerpolitico.mx\/?p=115214"},"modified":"2025-03-09T17:14:40","modified_gmt":"2025-03-09T23:14:40","slug":"sheinbaum-destaca-que-freno-a-aranceles-es-un-logro-de-todos-los-mexicanos","status":"publish","type":"post","link":"https:\/\/quehacerpolitico.mx\/?p=115214","title":{"rendered":"Sheinbaum destaca que freno a aranceles &#8220;es un logro de todos los mexicanos&#8221;"},"content":{"rendered":"\n<p>Por Redacci\u00f3n QP<\/p>\n\n\n\n<p>&#8220;Afortunadamente ha prevalecido el di\u00e1logo y el respeto entre nuestras naciones&#8221;, declar\u00f3 Sheinbaum<\/p>\n\n\n\n<p>La Presidenta de M\u00e9xico, Claudia Sheinbaum Pardo asegur\u00f3 que el freno a los aranceles que acord\u00f3 con el mandatario estadounidense Donald Trump,<mark><strong>&#8220;es un logro de todos los mexicanos&#8221;, adem\u00e1s que hay respeto y di\u00e1logo con Estados Unidos.<\/strong><\/mark><\/p>\n\n\n\n<figure class=\"wp-block-embed is-type-rich is-provider-twitter wp-block-embed-twitter\"><div class=\"wp-block-embed__wrapper\">\n<blockquote class=\"twitter-tweet\" data-width=\"550\" data-dnt=\"true\"><p lang=\"es\" dir=\"ltr\">&quot;Hasta ahora ha dado resultados el di\u00e1logo y pienso que seguir\u00e1 habiendo&quot;, dice <a href=\"https:\/\/twitter.com\/Claudiashein?ref_src=twsrc%5Etfw\">@Claudiashein<\/a> sobre la pausa de los aranceles de <a href=\"https:\/\/twitter.com\/hashtag\/DonaldTrump?src=hash&amp;ref_src=twsrc%5Etfw\">#DonaldTrump<\/a>. <a href=\"https:\/\/t.co\/8ctu53ufWx\">pic.twitter.com\/8ctu53ufWx<\/a><\/p>&mdash; Manuel Lopez San Martin (@MLopezSanMartin) <a href=\"https:\/\/twitter.com\/MLopezSanMartin\/status\/1898802793819119754?ref_src=twsrc%5Etfw\">March 9, 2025<\/a><\/blockquote><script async src=\"https:\/\/platform.twitter.com\/widgets.js\" charset=\"utf-8\"><\/script>\n<\/div><\/figure>\n\n\n\n<p>En su asamblea-festival a la que convoc\u00f3 este domingo 9 de marzo en el Z\u00f3calo de la Ciudad de M\u00e9xico, Sheinbaum Pardo dijo que<strong>&nbsp;&#8220;no podemos ceder en nuestra soberan\u00eda ni puede resultar afectado el pueblo por gobiernos o hegemon\u00edas extranjeras. Siempre actuaremos de inmediato&#8221;.<\/strong><\/p>\n\n\n\n<p><mark><strong>Sheinbaum Pardo mencion\u00f3, que no rompe sus compromisos y por eso \u201cno hay divorcio\u201d entre pueblo y gobierno.<\/strong><\/mark><\/p>\n\n\n\n<p>Ante el grito de &#8220;no est\u00e1s sola&#8221; de las y los asistentes,\u00a0<strong>la titular del Ejecutivo coment\u00f3 que prevaleci\u00f3 el di\u00e1logo y el respeto, y por eso fueron levantados los aranceles.<\/strong><\/p>\n\n\n\n<figure class=\"wp-block-embed is-type-rich is-provider-twitter wp-block-embed-twitter\"><div class=\"wp-block-embed__wrapper\">\n<blockquote class=\"twitter-tweet\" data-width=\"550\" data-dnt=\"true\"><p lang=\"es\" dir=\"ltr\">&quot;Nos reunimos para congratularnos porque en la relaci\u00f3n con EU prevaleci\u00f3 el di\u00e1logo y el respeto&quot;, dice <a href=\"https:\/\/twitter.com\/Claudiashein?ref_src=twsrc%5Etfw\">@Claudiashein<\/a> en el Z\u00f3calo. <a href=\"https:\/\/t.co\/qOWG84wmaN\">pic.twitter.com\/qOWG84wmaN<\/a><\/p>&mdash; Manuel Lopez San Martin (@MLopezSanMartin) <a href=\"https:\/\/twitter.com\/MLopezSanMartin\/status\/1898797761291522306?ref_src=twsrc%5Etfw\">March 9, 2025<\/a><\/blockquote><script async src=\"https:\/\/platform.twitter.com\/widgets.js\" charset=\"utf-8\"><\/script>\n<\/div><\/figure>\n\n\n\n<p><mark><strong>&#8220;Es un logro de todas y de todos&#8221;,\u00a0<\/strong><\/mark>expres\u00f3 al recordar que esta asamblea fue convocada si no se llegaba a un acuerdo.<\/p>\n\n\n\n<p><strong>&#8220;Afortunadamente ha prevalecido el di\u00e1logo y el respeto entre nuestras naciones.&nbsp;<\/strong>Somos naciones en igualdad de circunstancias, no somos m\u00e1s, pero tampoco somos menos. Siempre pondremos por encima de todo el respeto a nuestro amado pueblo y a nuestra bendita naci\u00f3n&#8221;, declar\u00f3.<\/p>\n\n\n\n<p>Record\u00f3 los acuerdos a los que lleg\u00f3 con Trump y&nbsp;<strong>se\u00f1al\u00f3 que el 2 de abril, el gobierno de Estados Unidos ha anunciado que pondr\u00e1 aranceles rec\u00edprocos a otros pa\u00edses.<\/strong><\/p>\n\n\n\n<figure class=\"wp-block-embed is-type-rich is-provider-twitter wp-block-embed-twitter\"><div class=\"wp-block-embed__wrapper\">\n<blockquote class=\"twitter-tweet\" data-width=\"550\" data-dnt=\"true\"><p lang=\"es\" dir=\"ltr\">&quot;Somos optimistas&quot;<a href=\"https:\/\/twitter.com\/Claudiashein?ref_src=twsrc%5Etfw\">@Claudiashein<\/a> asegura que el 2 de abril no habr\u00e1 aranceles rec\u00edprocos para M\u00e9xico <a href=\"https:\/\/t.co\/l39dJsVNOV\">pic.twitter.com\/l39dJsVNOV<\/a><\/p>&mdash; Manuel Lopez San Martin (@MLopezSanMartin) <a href=\"https:\/\/twitter.com\/MLopezSanMartin\/status\/1898800409260577027?ref_src=twsrc%5Etfw\">March 9, 2025<\/a><\/blockquote><script async src=\"https:\/\/platform.twitter.com\/widgets.js\" charset=\"utf-8\"><\/script>\n<\/div><\/figure>\n\n\n\n<p><mark><strong>Tambi\u00e9n acus\u00f3 que a algunas personas no les interesa que haya buena relaci\u00f3n entre ambos pa\u00edses e insisti\u00f3 en que hay una relaci\u00f3n de respeto.<\/strong><\/mark><\/p>\n\n\n\n<p><strong>&#8220;Como dec\u00eda Vicente Guerrero: La patria es primero; o<\/strong>&nbsp;como dec\u00eda Benito Ju\u00e1rez: Entre las naciones, el respeto al derecho ajeno es la paz&#8221;, expres\u00f3.<\/p>\n\n\n\n<p><strong>&#8220;No podemos ceder en nuestra soberan\u00eda&#8221;,&nbsp;<\/strong>declar\u00f3 la titular del Ejecutivo federal. Indic\u00f3 que no tiene miedo.&nbsp;<mark><strong>porque hay un pueblo que la respalda.<\/strong><\/mark><\/p>\n\n\n\n<figure class=\"wp-block-embed is-type-rich is-provider-twitter wp-block-embed-twitter\"><div class=\"wp-block-embed__wrapper\">\n<blockquote class=\"twitter-tweet\" data-width=\"550\" data-dnt=\"true\"><p lang=\"es\" dir=\"ltr\">Claudia Sheinbaum en el Z\u00f3calo: &quot;M\u00e9xico es un pueblo digno y valeroso, no somos m\u00e1s ni tampoco somos menos&quot;. <a href=\"https:\/\/t.co\/f7PsTLxD1k\">pic.twitter.com\/f7PsTLxD1k<\/a><\/p>&mdash; Manuel Lopez San Martin (@MLopezSanMartin) <a href=\"https:\/\/twitter.com\/MLopezSanMartin\/status\/1898799274550567226?ref_src=twsrc%5Etfw\">March 9, 2025<\/a><\/blockquote><script async src=\"https:\/\/platform.twitter.com\/widgets.js\" charset=\"utf-8\"><\/script>\n<\/div><\/figure>\n\n\n\n<p>Con informaci\u00f3n de SUN<\/p>\n","protected":false},"excerpt":{"rendered":"<p>Por Redacci\u00f3n QP &#8220;Afortunadamente ha prevalecido el di\u00e1logo y el respeto entre nuestras naciones&#8221;, declar\u00f3&#8230;<\/p>\n","protected":false},"author":2,"featured_media":115216,"comment_status":"open","ping_status":"open","sticky":false,"template":"","format":"standard","meta":{"_monsterinsights_skip_tracking":false,"_monsterinsights_sitenote_active":false,"_monsterinsights_sitenote_note":"","_monsterinsights_sitenote_category":0,"footnotes":""},"categories":[280,2],"tags":[],"class_list":["post-115214","post","type-post","status-publish","format-standard","has-post-thumbnail","hentry","category-nacionales","category-noticias"],"yoast_head":"<!-- This site is optimized with the Yoast SEO plugin v27.3 - https:\/\/yoast.com\/product\/yoast-seo-wordpress\/ -->\n<title>Sheinbaum destaca que freno a aranceles &quot;es un logro de todos los mexicanos&quot; -<\/title>\n<meta name=\"robots\" content=\"index, follow, max-snippet:-1, max-image-preview:large, max-video-preview:-1\" \/>\n<link rel=\"canonical\" href=\"https:\/\/quehacerpolitico.mx\/?p=115214\" \/>\n<meta property=\"og:locale\" content=\"es_MX\" \/>\n<meta property=\"og:type\" content=\"article\" \/>\n<meta property=\"og:title\" content=\"Sheinbaum destaca que freno a aranceles &quot;es un logro de todos los mexicanos&quot; -\" \/>\n<meta property=\"og:description\" content=\"Por Redacci\u00f3n QP &#8220;Afortunadamente ha prevalecido el di\u00e1logo y el respeto entre nuestras naciones&#8221;, declar\u00f3...\" \/>\n<meta property=\"og:url\" content=\"https:\/\/quehacerpolitico.mx\/?p=115214\" \/>\n<meta property=\"article:published_time\" content=\"2025-03-09T23:14:36+00:00\" \/>\n<meta property=\"article:modified_time\" content=\"2025-03-09T23:14:40+00:00\" \/>\n<meta property=\"og:image\" content=\"https:\/\/quehacerpolitico.mx\/wp-content\/uploads\/2025\/03\/IMG_1093-1.jpeg\" \/>\n\t<meta property=\"og:image:width\" content=\"1284\" \/>\n\t<meta property=\"og:image:height\" content=\"709\" \/>\n\t<meta property=\"og:image:type\" content=\"image\/jpeg\" \/>\n<meta name=\"author\" content=\"Redacci\u00f3n QP\" \/>\n<meta name=\"twitter:card\" content=\"summary_large_image\" \/>\n<meta name=\"twitter:label1\" content=\"Escrito por\" \/>\n\t<meta name=\"twitter:data1\" content=\"Redacci\u00f3n QP\" \/>\n\t<meta name=\"twitter:label2\" content=\"Tiempo de lectura\" \/>\n\t<meta name=\"twitter:data2\" content=\"2 minutos\" \/>\n<script type=\"application\/ld+json\" class=\"yoast-schema-graph\">{\"@context\":\"https:\\\/\\\/schema.org\",\"@graph\":[{\"@type\":\"Article\",\"@id\":\"https:\\\/\\\/quehacerpolitico.mx\\\/?p=115214#article\",\"isPartOf\":{\"@id\":\"https:\\\/\\\/quehacerpolitico.mx\\\/?p=115214\"},\"author\":{\"name\":\"Redacci\u00f3n QP\",\"@id\":\"https:\\\/\\\/quehacerpolitico.mx\\\/#\\\/schema\\\/person\\\/496d8ad2d1d3f8036101dca7ee39e585\"},\"headline\":\"Sheinbaum destaca que freno a aranceles &#8220;es un logro de todos los mexicanos&#8221;\",\"datePublished\":\"2025-03-09T23:14:36+00:00\",\"dateModified\":\"2025-03-09T23:14:40+00:00\",\"mainEntityOfPage\":{\"@id\":\"https:\\\/\\\/quehacerpolitico.mx\\\/?p=115214\"},\"wordCount\":408,\"commentCount\":0,\"image\":{\"@id\":\"https:\\\/\\\/quehacerpolitico.mx\\\/?p=115214#primaryimage\"},\"thumbnailUrl\":\"https:\\\/\\\/quehacerpolitico.mx\\\/wp-content\\\/uploads\\\/2025\\\/03\\\/IMG_1093-1.jpeg\",\"articleSection\":[\"Nacionales\",\"Noticias\"],\"inLanguage\":\"es\",\"potentialAction\":[{\"@type\":\"CommentAction\",\"name\":\"Comment\",\"target\":[\"https:\\\/\\\/quehacerpolitico.mx\\\/?p=115214#respond\"]}]},{\"@type\":\"WebPage\",\"@id\":\"https:\\\/\\\/quehacerpolitico.mx\\\/?p=115214\",\"url\":\"https:\\\/\\\/quehacerpolitico.mx\\\/?p=115214\",\"name\":\"Sheinbaum destaca que freno a aranceles \\\"es un logro de todos los mexicanos\\\" -\",\"isPartOf\":{\"@id\":\"https:\\\/\\\/quehacerpolitico.mx\\\/#website\"},\"primaryImageOfPage\":{\"@id\":\"https:\\\/\\\/quehacerpolitico.mx\\\/?p=115214#primaryimage\"},\"image\":{\"@id\":\"https:\\\/\\\/quehacerpolitico.mx\\\/?p=115214#primaryimage\"},\"thumbnailUrl\":\"https:\\\/\\\/quehacerpolitico.mx\\\/wp-content\\\/uploads\\\/2025\\\/03\\\/IMG_1093-1.jpeg\",\"datePublished\":\"2025-03-09T23:14:36+00:00\",\"dateModified\":\"2025-03-09T23:14:40+00:00\",\"author\":{\"@id\":\"https:\\\/\\\/quehacerpolitico.mx\\\/#\\\/schema\\\/person\\\/496d8ad2d1d3f8036101dca7ee39e585\"},\"breadcrumb\":{\"@id\":\"https:\\\/\\\/quehacerpolitico.mx\\\/?p=115214#breadcrumb\"},\"inLanguage\":\"es\",\"potentialAction\":[{\"@type\":\"ReadAction\",\"target\":[\"https:\\\/\\\/quehacerpolitico.mx\\\/?p=115214\"]}]},{\"@type\":\"ImageObject\",\"inLanguage\":\"es\",\"@id\":\"https:\\\/\\\/quehacerpolitico.mx\\\/?p=115214#primaryimage\",\"url\":\"https:\\\/\\\/quehacerpolitico.mx\\\/wp-content\\\/uploads\\\/2025\\\/03\\\/IMG_1093-1.jpeg\",\"contentUrl\":\"https:\\\/\\\/quehacerpolitico.mx\\\/wp-content\\\/uploads\\\/2025\\\/03\\\/IMG_1093-1.jpeg\",\"width\":1284,\"height\":709,\"caption\":\"Screenshot\"},{\"@type\":\"BreadcrumbList\",\"@id\":\"https:\\\/\\\/quehacerpolitico.mx\\\/?p=115214#breadcrumb\",\"itemListElement\":[{\"@type\":\"ListItem\",\"position\":1,\"name\":\"Inicio\",\"item\":\"https:\\\/\\\/quehacerpolitico.mx\\\/\"},{\"@type\":\"ListItem\",\"position\":2,\"name\":\"Sheinbaum destaca que freno a aranceles &#8220;es un logro de todos los mexicanos&#8221;\"}]},{\"@type\":\"WebSite\",\"@id\":\"https:\\\/\\\/quehacerpolitico.mx\\\/#website\",\"url\":\"https:\\\/\\\/quehacerpolitico.mx\\\/\",\"name\":\"\",\"description\":\"\",\"potentialAction\":[{\"@type\":\"SearchAction\",\"target\":{\"@type\":\"EntryPoint\",\"urlTemplate\":\"https:\\\/\\\/quehacerpolitico.mx\\\/?s={search_term_string}\"},\"query-input\":{\"@type\":\"PropertyValueSpecification\",\"valueRequired\":true,\"valueName\":\"search_term_string\"}}],\"inLanguage\":\"es\"},{\"@type\":\"Person\",\"@id\":\"https:\\\/\\\/quehacerpolitico.mx\\\/#\\\/schema\\\/person\\\/496d8ad2d1d3f8036101dca7ee39e585\",\"name\":\"Redacci\u00f3n QP\",\"image\":{\"@type\":\"ImageObject\",\"inLanguage\":\"es\",\"@id\":\"https:\\\/\\\/secure.gravatar.com\\\/avatar\\\/c7164ed6fdec453195284ad24a5ae5b6e1eed2b848477fa2a4787ba9adf39a41?s=96&d=mm&r=g\",\"url\":\"https:\\\/\\\/secure.gravatar.com\\\/avatar\\\/c7164ed6fdec453195284ad24a5ae5b6e1eed2b848477fa2a4787ba9adf39a41?s=96&d=mm&r=g\",\"contentUrl\":\"https:\\\/\\\/secure.gravatar.com\\\/avatar\\\/c7164ed6fdec453195284ad24a5ae5b6e1eed2b848477fa2a4787ba9adf39a41?s=96&d=mm&r=g\",\"caption\":\"Redacci\u00f3n QP\"},\"url\":\"https:\\\/\\\/quehacerpolitico.mx\\\/?author=2\"}]}<\/script>\n<!-- \/ Yoast SEO plugin. -->","yoast_head_json":{"title":"Sheinbaum destaca que freno a aranceles \"es un logro de todos los mexicanos\" -","robots":{"index":"index","follow":"follow","max-snippet":"max-snippet:-1","max-image-preview":"max-image-preview:large","max-video-preview":"max-video-preview:-1"},"canonical":"https:\/\/quehacerpolitico.mx\/?p=115214","og_locale":"es_MX","og_type":"article","og_title":"Sheinbaum destaca que freno a aranceles \"es un logro de todos los mexicanos\" -","og_description":"Por Redacci\u00f3n QP &#8220;Afortunadamente ha prevalecido el di\u00e1logo y el respeto entre nuestras naciones&#8221;, declar\u00f3...","og_url":"https:\/\/quehacerpolitico.mx\/?p=115214","article_published_time":"2025-03-09T23:14:36+00:00","article_modified_time":"2025-03-09T23:14:40+00:00","og_image":[{"width":1284,"height":709,"url":"https:\/\/quehacerpolitico.mx\/wp-content\/uploads\/2025\/03\/IMG_1093-1.jpeg","type":"image\/jpeg"}],"author":"Redacci\u00f3n QP","twitter_card":"summary_large_image","twitter_misc":{"Escrito por":"Redacci\u00f3n QP","Tiempo de lectura":"2 minutos"},"schema":{"@context":"https:\/\/schema.org","@graph":[{"@type":"Article","@id":"https:\/\/quehacerpolitico.mx\/?p=115214#article","isPartOf":{"@id":"https:\/\/quehacerpolitico.mx\/?p=115214"},"author":{"name":"Redacci\u00f3n QP","@id":"https:\/\/quehacerpolitico.mx\/#\/schema\/person\/496d8ad2d1d3f8036101dca7ee39e585"},"headline":"Sheinbaum destaca que freno a aranceles &#8220;es un logro de todos los mexicanos&#8221;","datePublished":"2025-03-09T23:14:36+00:00","dateModified":"2025-03-09T23:14:40+00:00","mainEntityOfPage":{"@id":"https:\/\/quehacerpolitico.mx\/?p=115214"},"wordCount":408,"commentCount":0,"image":{"@id":"https:\/\/quehacerpolitico.mx\/?p=115214#primaryimage"},"thumbnailUrl":"https:\/\/quehacerpolitico.mx\/wp-content\/uploads\/2025\/03\/IMG_1093-1.jpeg","articleSection":["Nacionales","Noticias"],"inLanguage":"es","potentialAction":[{"@type":"CommentAction","name":"Comment","target":["https:\/\/quehacerpolitico.mx\/?p=115214#respond"]}]},{"@type":"WebPage","@id":"https:\/\/quehacerpolitico.mx\/?p=115214","url":"https:\/\/quehacerpolitico.mx\/?p=115214","name":"Sheinbaum destaca que freno a aranceles \"es un logro de todos los mexicanos\" -","isPartOf":{"@id":"https:\/\/quehacerpolitico.mx\/#website"},"primaryImageOfPage":{"@id":"https:\/\/quehacerpolitico.mx\/?p=115214#primaryimage"},"image":{"@id":"https:\/\/quehacerpolitico.mx\/?p=115214#primaryimage"},"thumbnailUrl":"https:\/\/quehacerpolitico.mx\/wp-content\/uploads\/2025\/03\/IMG_1093-1.jpeg","datePublished":"2025-03-09T23:14:36+00:00","dateModified":"2025-03-09T23:14:40+00:00","author":{"@id":"https:\/\/quehacerpolitico.mx\/#\/schema\/person\/496d8ad2d1d3f8036101dca7ee39e585"},"breadcrumb":{"@id":"https:\/\/quehacerpolitico.mx\/?p=115214#breadcrumb"},"inLanguage":"es","potentialAction":[{"@type":"ReadAction","target":["https:\/\/quehacerpolitico.mx\/?p=115214"]}]},{"@type":"ImageObject","inLanguage":"es","@id":"https:\/\/quehacerpolitico.mx\/?p=115214#primaryimage","url":"https:\/\/quehacerpolitico.mx\/wp-content\/uploads\/2025\/03\/IMG_1093-1.jpeg","contentUrl":"https:\/\/quehacerpolitico.mx\/wp-content\/uploads\/2025\/03\/IMG_1093-1.jpeg","width":1284,"height":709,"caption":"Screenshot"},{"@type":"BreadcrumbList","@id":"https:\/\/quehacerpolitico.mx\/?p=115214#breadcrumb","itemListElement":[{"@type":"ListItem","position":1,"name":"Inicio","item":"https:\/\/quehacerpolitico.mx\/"},{"@type":"ListItem","position":2,"name":"Sheinbaum destaca que freno a aranceles &#8220;es un logro de todos los mexicanos&#8221;"}]},{"@type":"WebSite","@id":"https:\/\/quehacerpolitico.mx\/#website","url":"https:\/\/quehacerpolitico.mx\/","name":"","description":"","potentialAction":[{"@type":"SearchAction","target":{"@type":"EntryPoint","urlTemplate":"https:\/\/quehacerpolitico.mx\/?s={search_term_string}"},"query-input":{"@type":"PropertyValueSpecification","valueRequired":true,"valueName":"search_term_string"}}],"inLanguage":"es"},{"@type":"Person","@id":"https:\/\/quehacerpolitico.mx\/#\/schema\/person\/496d8ad2d1d3f8036101dca7ee39e585","name":"Redacci\u00f3n QP","image":{"@type":"ImageObject","inLanguage":"es","@id":"https:\/\/secure.gravatar.com\/avatar\/c7164ed6fdec453195284ad24a5ae5b6e1eed2b848477fa2a4787ba9adf39a41?s=96&d=mm&r=g","url":"https:\/\/secure.gravatar.com\/avatar\/c7164ed6fdec453195284ad24a5ae5b6e1eed2b848477fa2a4787ba9adf39a41?s=96&d=mm&r=g","contentUrl":"https:\/\/secure.gravatar.com\/avatar\/c7164ed6fdec453195284ad24a5ae5b6e1eed2b848477fa2a4787ba9adf39a41?s=96&d=mm&r=g","caption":"Redacci\u00f3n QP"},"url":"https:\/\/quehacerpolitico.mx\/?author=2"}]}},"featured_image_urls":{"full":["https:\/\/quehacerpolitico.mx\/wp-content\/uploads\/2025\/03\/IMG_1093-1.jpeg",1284,709,false],"thumbnail":["https:\/\/quehacerpolitico.mx\/wp-content\/uploads\/2025\/03\/IMG_1093-1-150x150.jpeg",150,150,true],"medium":["https:\/\/quehacerpolitico.mx\/wp-content\/uploads\/2025\/03\/IMG_1093-1-300x166.jpeg",300,166,true],"medium_large":["https:\/\/quehacerpolitico.mx\/wp-content\/uploads\/2025\/03\/IMG_1093-1-768x424.jpeg",640,353,true],"large":["https:\/\/quehacerpolitico.mx\/wp-content\/uploads\/2025\/03\/IMG_1093-1-1024x565.jpeg",640,353,true],"1536x1536":["https:\/\/quehacerpolitico.mx\/wp-content\/uploads\/2025\/03\/IMG_1093-1.jpeg",1284,709,false],"2048x2048":["https:\/\/quehacerpolitico.mx\/wp-content\/uploads\/2025\/03\/IMG_1093-1.jpeg",1284,709,false],"covernews-featured":["https:\/\/quehacerpolitico.mx\/wp-content\/uploads\/2025\/03\/IMG_1093-1-1024x565.jpeg",1024,565,true],"covernews-medium":["https:\/\/quehacerpolitico.mx\/wp-content\/uploads\/2025\/03\/IMG_1093-1-540x340.jpeg",540,340,true]},"author_info":{"display_name":"Redacci\u00f3n QP","author_link":"https:\/\/quehacerpolitico.mx\/?author=2"},"category_info":"<a href=\"https:\/\/quehacerpolitico.mx\/?cat=280\" rel=\"category\">Nacionales<\/a> <a href=\"https:\/\/quehacerpolitico.mx\/?cat=2\" rel=\"category\">Noticias<\/a>","tag_info":"Noticias","comment_count":"0","_links":{"self":[{"href":"https:\/\/quehacerpolitico.mx\/index.php?rest_route=\/wp\/v2\/posts\/115214","targetHints":{"allow":["GET"]}}],"collection":[{"href":"https:\/\/quehacerpolitico.mx\/index.php?rest_route=\/wp\/v2\/posts"}],"about":[{"href":"https:\/\/quehacerpolitico.mx\/index.php?rest_route=\/wp\/v2\/types\/post"}],"author":[{"embeddable":true,"href":"https:\/\/quehacerpolitico.mx\/index.php?rest_route=\/wp\/v2\/users\/2"}],"replies":[{"embeddable":true,"href":"https:\/\/quehacerpolitico.mx\/index.php?rest_route=%2Fwp%2Fv2%2Fcomments&post=115214"}],"version-history":[{"count":1,"href":"https:\/\/quehacerpolitico.mx\/index.php?rest_route=\/wp\/v2\/posts\/115214\/revisions"}],"predecessor-version":[{"id":115217,"href":"https:\/\/quehacerpolitico.mx\/index.php?rest_route=\/wp\/v2\/posts\/115214\/revisions\/115217"}],"wp:featuredmedia":[{"embeddable":true,"href":"https:\/\/quehacerpolitico.mx\/index.php?rest_route=\/wp\/v2\/media\/115216"}],"wp:attachment":[{"href":"https:\/\/quehacerpolitico.mx\/index.php?rest_route=%2Fwp%2Fv2%2Fmedia&parent=115214"}],"wp:term":[{"taxonomy":"category","embeddable":true,"href":"https:\/\/quehacerpolitico.mx\/index.php?rest_route=%2Fwp%2Fv2%2Fcategories&post=115214"},{"taxonomy":"post_tag","embeddable":true,"href":"https:\/\/quehacerpolitico.mx\/index.php?rest_route=%2Fwp%2Fv2%2Ftags&post=115214"}],"curies":[{"name":"wp","href":"https:\/\/api.w.org\/{rel}","templated":true}]}}