{"id":115207,"date":"2025-03-07T15:50:36","date_gmt":"2025-03-07T21:50:36","guid":{"rendered":"https:\/\/quehacerpolitico.mx\/?p=115207"},"modified":"2025-03-07T15:50:39","modified_gmt":"2025-03-07T21:50:39","slug":"ruben-oseguera-gonzalez-el-menchito-es-condenado-a-cadena-perpetua-en-estados-unidos-por-narcotrafico-y-posesion-de-armas","status":"publish","type":"post","link":"https:\/\/quehacerpolitico.mx\/?p=115207","title":{"rendered":"Rub\u00e9n Oseguera Gonz\u00e1lez &#8216;El Menchito&#8217; es condenado a cadena perpetua en Estados Unidos por narcotr\u00e1fico y posesi\u00f3n de armas"},"content":{"rendered":"\n<p>Por Redacci\u00f3n QP<\/p>\n\n\n\n<p>Rub\u00e9n Oseguera Gonz\u00e1lez fue extraditado a territorio estadounidense en 2020, donde el gobierno lo considera &#8220;un asesino en masa&#8221;<\/p>\n\n\n\n<p>La juez Beryl A. Howll&nbsp;de la&nbsp;Corte de&nbsp;Distrito de Columbia sentenci\u00f3 a cadena perpetua&nbsp;y 30 a\u00f1os a<strong>&nbsp;Rub\u00e9n Oseguera Gonz\u00e1lez<\/strong>, alias &#8220;<strong>El Menchito<\/strong>&#8220;, cofundador del Cartel Jalisco Nueva Generaci\u00f3n&nbsp;(<strong>CJNG<\/strong>), por&nbsp;conspiraci\u00f3n para&nbsp;traficar y distribuir&nbsp;coca\u00edna y metanfetamina a&nbsp;Estados Unidos, adem\u00e1s de uso ilegal de armas.<\/p>\n\n\n\n<p>Los fiscales que presentaron pruebas y testimonios de<strong>\u00a0presuntos narcotraficantes<\/strong>que llegaron a un acuerdo previo para declarar en contra del \u201cMenchito\u201d a quien identificaron como el segundo al mando en la estructura de la organizaci\u00f3n criminal CJNG.<\/p>\n\n\n\n<figure class=\"wp-block-embed is-type-video is-provider-youtube wp-block-embed-youtube wp-embed-aspect-16-9 wp-has-aspect-ratio\"><div class=\"wp-block-embed__wrapper\">\n<iframe loading=\"lazy\" title=\"Sentencian a &#039;El Menchito&#039;: Dan cadena perpetua al \u201cnarcopr\u00edncipe\u201d del CJNG\" width=\"640\" height=\"360\" src=\"https:\/\/www.youtube.com\/embed\/cMzC77JZjoQ?feature=oembed\" frameborder=\"0\" allow=\"accelerometer; autoplay; clipboard-write; encrypted-media; gyroscope; picture-in-picture; web-share\" referrerpolicy=\"strict-origin-when-cross-origin\" allowfullscreen><\/iframe>\n<\/div><\/figure>\n\n\n\n<p>El juicio contra&nbsp;<strong>Oseguera Gonz\u00e1lez<\/strong>, hijo de Nemesio Oseguera Cervantes, \u201cEl Mencho\u201d, inici\u00f3 el 9 de septiembre de 2024 y para el 20 de ese mes, fue declarado culpable, en dicho proceso legal&nbsp;las autoridades estadounidenses solicitaron que se le&nbsp;confisquen&nbsp;m\u00e1s de&nbsp;12.6 mil millones de d\u00f3lares.<\/p>\n\n\n\n<p>En junio de 2015, &#8220;<strong>El Menchito<\/strong>&#8220;,&nbsp;considerado&nbsp;&#8220;un asesino en masa&#8221; por el gobierno estadounidense, fue&nbsp;<strong>aprehendido&nbsp;en M\u00e9xico<\/strong>&nbsp;por las autoridades federales&nbsp;y posteriormente&nbsp;<strong>extraditado<\/strong>&nbsp;a Estados Unidos en febrero de 2020.<\/p>\n\n\n\n<p>De acuerdo con la petici\u00f3n de cadena perpetua de la fiscal\u00eda al Tribunal de Distrito de Columbia,&nbsp;el&nbsp;<strong>hijo de &#8220;El Mencho&#8221;<\/strong>,&nbsp;nacido en California, Estados Unidos,&nbsp;comenz\u00f3 su actividad criminal a los 19 a\u00f1os en 2009&nbsp;dirigiendo cinco laboratorios de metanfetamina y traficando alrededor de dos toneladas de coca\u00edna cada mes a&nbsp;Estados Unidos para el&nbsp;<strong>C\u00e1rtel del Milenio.<\/strong><\/p>\n\n\n\n<p>Asimismo, en la solicitud de sentencia, se argument\u00f3 que la cadena perpetua es &#8220;razonable y es apropiado a la gravedad de los delitos cometidos por el acusado\u201d.<\/p>\n\n\n\n<h2 class=\"wp-block-heading\">El d\u00eda que lo declararon culpable<\/h2>\n\n\n\n<p>Cabe recordar que<strong>&nbsp;Rub\u00e9n Oseguera<\/strong>&nbsp;fue declarado culpable el pasado 20 de septiembre de 2024 de conspiraci\u00f3n para traficar y distribuir drogas a&nbsp;<strong>Estados Unidos.<\/strong><\/p>\n\n\n\n<p>En el juicio, &#8220;El Menchito&#8221;&nbsp;no mostr\u00f3 ninguna reacci\u00f3n al veredicto del jurado. Uno de sus abogados le dio unas palmaditas en el hombro antes de que saliera de la sala.&nbsp;<\/p>\n\n\n\n<p>En ese entonces, los fiscales mostraron a los miembros del jurado un&nbsp;fusil&nbsp;con los apodos de Oseguera, \u201cMenchito\u201d y \u201cJR\u201d, junto con las siglas del c\u00e1rtel. El arma estaba en su poder cuando fue detenido.&nbsp;<\/p>\n\n\n\n<p>Los fiscales dijeron que Oseguera orden\u00f3 a sus subordinados<strong>&nbsp;derribar el helic\u00f3ptero en Jalisco<\/strong>, M\u00e9xico, para que \u00e9l y su padre&nbsp;no fueran capturados.&nbsp;<\/p>\n\n\n\n<p>De acuerdo con el Departamento de Justicia, 18 elementos de las Fuerzas Armadas de M\u00e9xico viajaban en el helic\u00f3ptero cuando un cohete hecho en Ir\u00e1n fue&nbsp;disparado&nbsp;en su contra por \u00f3rdenes de &#8220;<strong>El Menchito<\/strong>&#8220;, y por lo menos&nbsp;nueve personas&nbsp;que iban a bordo fallecieron en el ataque.&nbsp;&nbsp;&nbsp;<\/p>\n\n\n\n<p>Adem\u00e1s, los fiscales destacaron que usaba<strong>&nbsp;violencia&nbsp;extrema<\/strong>&nbsp;para crecer y aumentar el control del&nbsp;<strong>CJNG&nbsp;<\/strong>y que lleg\u00f3 a asesinar por lo menos a 100 personas. En suelo estadounidense, Oseguera mat\u00f3 a&nbsp;cinco hombres de forma violenta que le deb\u00edan dinero y en otra ocasi\u00f3n mat\u00f3 a uno de sus conductores en la cabeza a un rango corto.&nbsp;&nbsp;<\/p>\n\n\n\n<p>Durante los alegatos finales del juicio, la fiscal del Departamento de Justicia&nbsp;Kaitlin&nbsp;Sahni&nbsp;describi\u00f3 a Oseguera como \u201cun pr\u00edncipe, el heredero de un imperio\u201d.<\/p>\n","protected":false},"excerpt":{"rendered":"<p>Por Redacci\u00f3n QP Rub\u00e9n Oseguera Gonz\u00e1lez fue extraditado a territorio estadounidense en 2020, donde el&#8230;<\/p>\n","protected":false},"author":2,"featured_media":115208,"comment_status":"open","ping_status":"open","sticky":false,"template":"","format":"standard","meta":{"_monsterinsights_skip_tracking":false,"_monsterinsights_sitenote_active":false,"_monsterinsights_sitenote_note":"","_monsterinsights_sitenote_category":0,"footnotes":""},"categories":[280,2],"tags":[],"class_list":["post-115207","post","type-post","status-publish","format-standard","has-post-thumbnail","hentry","category-nacionales","category-noticias"],"yoast_head":"<!-- This site is optimized with the Yoast SEO plugin v27.3 - https:\/\/yoast.com\/product\/yoast-seo-wordpress\/ -->\n<title>Rub\u00e9n Oseguera Gonz\u00e1lez &#039;El Menchito&#039; es condenado a cadena perpetua en Estados Unidos por narcotr\u00e1fico y posesi\u00f3n de armas -<\/title>\n<meta name=\"robots\" content=\"index, follow, max-snippet:-1, max-image-preview:large, max-video-preview:-1\" \/>\n<link rel=\"canonical\" href=\"https:\/\/quehacerpolitico.mx\/?p=115207\" \/>\n<meta property=\"og:locale\" content=\"es_MX\" \/>\n<meta property=\"og:type\" content=\"article\" \/>\n<meta property=\"og:title\" content=\"Rub\u00e9n Oseguera Gonz\u00e1lez &#039;El Menchito&#039; es condenado a cadena perpetua en Estados Unidos por narcotr\u00e1fico y posesi\u00f3n de armas -\" \/>\n<meta property=\"og:description\" content=\"Por Redacci\u00f3n QP Rub\u00e9n Oseguera Gonz\u00e1lez fue extraditado a territorio estadounidense en 2020, donde el...\" \/>\n<meta property=\"og:url\" content=\"https:\/\/quehacerpolitico.mx\/?p=115207\" \/>\n<meta property=\"article:published_time\" content=\"2025-03-07T21:50:36+00:00\" \/>\n<meta property=\"article:modified_time\" content=\"2025-03-07T21:50:39+00:00\" \/>\n<meta property=\"og:image\" content=\"https:\/\/quehacerpolitico.mx\/wp-content\/uploads\/2025\/03\/IMG_1067.jpeg\" \/>\n\t<meta property=\"og:image:width\" content=\"1920\" \/>\n\t<meta property=\"og:image:height\" content=\"1080\" \/>\n\t<meta property=\"og:image:type\" content=\"image\/jpeg\" \/>\n<meta name=\"author\" content=\"Redacci\u00f3n QP\" \/>\n<meta name=\"twitter:card\" content=\"summary_large_image\" \/>\n<meta name=\"twitter:label1\" content=\"Escrito por\" \/>\n\t<meta name=\"twitter:data1\" content=\"Redacci\u00f3n QP\" \/>\n\t<meta name=\"twitter:label2\" content=\"Tiempo de lectura\" \/>\n\t<meta name=\"twitter:data2\" content=\"3 minutos\" \/>\n<script type=\"application\/ld+json\" class=\"yoast-schema-graph\">{\"@context\":\"https:\\\/\\\/schema.org\",\"@graph\":[{\"@type\":\"Article\",\"@id\":\"https:\\\/\\\/quehacerpolitico.mx\\\/?p=115207#article\",\"isPartOf\":{\"@id\":\"https:\\\/\\\/quehacerpolitico.mx\\\/?p=115207\"},\"author\":{\"name\":\"Redacci\u00f3n QP\",\"@id\":\"https:\\\/\\\/quehacerpolitico.mx\\\/#\\\/schema\\\/person\\\/496d8ad2d1d3f8036101dca7ee39e585\"},\"headline\":\"Rub\u00e9n Oseguera Gonz\u00e1lez &#8216;El Menchito&#8217; es condenado a cadena perpetua en Estados Unidos por narcotr\u00e1fico y posesi\u00f3n de armas\",\"datePublished\":\"2025-03-07T21:50:36+00:00\",\"dateModified\":\"2025-03-07T21:50:39+00:00\",\"mainEntityOfPage\":{\"@id\":\"https:\\\/\\\/quehacerpolitico.mx\\\/?p=115207\"},\"wordCount\":644,\"commentCount\":0,\"image\":{\"@id\":\"https:\\\/\\\/quehacerpolitico.mx\\\/?p=115207#primaryimage\"},\"thumbnailUrl\":\"https:\\\/\\\/quehacerpolitico.mx\\\/wp-content\\\/uploads\\\/2025\\\/03\\\/IMG_1067.jpeg\",\"articleSection\":[\"Nacionales\",\"Noticias\"],\"inLanguage\":\"es\",\"potentialAction\":[{\"@type\":\"CommentAction\",\"name\":\"Comment\",\"target\":[\"https:\\\/\\\/quehacerpolitico.mx\\\/?p=115207#respond\"]}]},{\"@type\":\"WebPage\",\"@id\":\"https:\\\/\\\/quehacerpolitico.mx\\\/?p=115207\",\"url\":\"https:\\\/\\\/quehacerpolitico.mx\\\/?p=115207\",\"name\":\"Rub\u00e9n Oseguera Gonz\u00e1lez 'El Menchito' es condenado a cadena perpetua en Estados Unidos por narcotr\u00e1fico y posesi\u00f3n de armas -\",\"isPartOf\":{\"@id\":\"https:\\\/\\\/quehacerpolitico.mx\\\/#website\"},\"primaryImageOfPage\":{\"@id\":\"https:\\\/\\\/quehacerpolitico.mx\\\/?p=115207#primaryimage\"},\"image\":{\"@id\":\"https:\\\/\\\/quehacerpolitico.mx\\\/?p=115207#primaryimage\"},\"thumbnailUrl\":\"https:\\\/\\\/quehacerpolitico.mx\\\/wp-content\\\/uploads\\\/2025\\\/03\\\/IMG_1067.jpeg\",\"datePublished\":\"2025-03-07T21:50:36+00:00\",\"dateModified\":\"2025-03-07T21:50:39+00:00\",\"author\":{\"@id\":\"https:\\\/\\\/quehacerpolitico.mx\\\/#\\\/schema\\\/person\\\/496d8ad2d1d3f8036101dca7ee39e585\"},\"breadcrumb\":{\"@id\":\"https:\\\/\\\/quehacerpolitico.mx\\\/?p=115207#breadcrumb\"},\"inLanguage\":\"es\",\"potentialAction\":[{\"@type\":\"ReadAction\",\"target\":[\"https:\\\/\\\/quehacerpolitico.mx\\\/?p=115207\"]}]},{\"@type\":\"ImageObject\",\"inLanguage\":\"es\",\"@id\":\"https:\\\/\\\/quehacerpolitico.mx\\\/?p=115207#primaryimage\",\"url\":\"https:\\\/\\\/quehacerpolitico.mx\\\/wp-content\\\/uploads\\\/2025\\\/03\\\/IMG_1067.jpeg\",\"contentUrl\":\"https:\\\/\\\/quehacerpolitico.mx\\\/wp-content\\\/uploads\\\/2025\\\/03\\\/IMG_1067.jpeg\",\"width\":1920,\"height\":1080},{\"@type\":\"BreadcrumbList\",\"@id\":\"https:\\\/\\\/quehacerpolitico.mx\\\/?p=115207#breadcrumb\",\"itemListElement\":[{\"@type\":\"ListItem\",\"position\":1,\"name\":\"Inicio\",\"item\":\"https:\\\/\\\/quehacerpolitico.mx\\\/\"},{\"@type\":\"ListItem\",\"position\":2,\"name\":\"Rub\u00e9n Oseguera Gonz\u00e1lez &#8216;El Menchito&#8217; es condenado a cadena perpetua en Estados Unidos por narcotr\u00e1fico y posesi\u00f3n de armas\"}]},{\"@type\":\"WebSite\",\"@id\":\"https:\\\/\\\/quehacerpolitico.mx\\\/#website\",\"url\":\"https:\\\/\\\/quehacerpolitico.mx\\\/\",\"name\":\"\",\"description\":\"\",\"potentialAction\":[{\"@type\":\"SearchAction\",\"target\":{\"@type\":\"EntryPoint\",\"urlTemplate\":\"https:\\\/\\\/quehacerpolitico.mx\\\/?s={search_term_string}\"},\"query-input\":{\"@type\":\"PropertyValueSpecification\",\"valueRequired\":true,\"valueName\":\"search_term_string\"}}],\"inLanguage\":\"es\"},{\"@type\":\"Person\",\"@id\":\"https:\\\/\\\/quehacerpolitico.mx\\\/#\\\/schema\\\/person\\\/496d8ad2d1d3f8036101dca7ee39e585\",\"name\":\"Redacci\u00f3n QP\",\"image\":{\"@type\":\"ImageObject\",\"inLanguage\":\"es\",\"@id\":\"https:\\\/\\\/secure.gravatar.com\\\/avatar\\\/c7164ed6fdec453195284ad24a5ae5b6e1eed2b848477fa2a4787ba9adf39a41?s=96&d=mm&r=g\",\"url\":\"https:\\\/\\\/secure.gravatar.com\\\/avatar\\\/c7164ed6fdec453195284ad24a5ae5b6e1eed2b848477fa2a4787ba9adf39a41?s=96&d=mm&r=g\",\"contentUrl\":\"https:\\\/\\\/secure.gravatar.com\\\/avatar\\\/c7164ed6fdec453195284ad24a5ae5b6e1eed2b848477fa2a4787ba9adf39a41?s=96&d=mm&r=g\",\"caption\":\"Redacci\u00f3n QP\"},\"url\":\"https:\\\/\\\/quehacerpolitico.mx\\\/?author=2\"}]}<\/script>\n<!-- \/ Yoast SEO plugin. -->","yoast_head_json":{"title":"Rub\u00e9n Oseguera Gonz\u00e1lez 'El Menchito' es condenado a cadena perpetua en Estados Unidos por narcotr\u00e1fico y posesi\u00f3n de armas -","robots":{"index":"index","follow":"follow","max-snippet":"max-snippet:-1","max-image-preview":"max-image-preview:large","max-video-preview":"max-video-preview:-1"},"canonical":"https:\/\/quehacerpolitico.mx\/?p=115207","og_locale":"es_MX","og_type":"article","og_title":"Rub\u00e9n Oseguera Gonz\u00e1lez 'El Menchito' es condenado a cadena perpetua en Estados Unidos por narcotr\u00e1fico y posesi\u00f3n de armas -","og_description":"Por Redacci\u00f3n QP Rub\u00e9n Oseguera Gonz\u00e1lez fue extraditado a territorio estadounidense en 2020, donde el...","og_url":"https:\/\/quehacerpolitico.mx\/?p=115207","article_published_time":"2025-03-07T21:50:36+00:00","article_modified_time":"2025-03-07T21:50:39+00:00","og_image":[{"width":1920,"height":1080,"url":"https:\/\/quehacerpolitico.mx\/wp-content\/uploads\/2025\/03\/IMG_1067.jpeg","type":"image\/jpeg"}],"author":"Redacci\u00f3n QP","twitter_card":"summary_large_image","twitter_misc":{"Escrito por":"Redacci\u00f3n QP","Tiempo de lectura":"3 minutos"},"schema":{"@context":"https:\/\/schema.org","@graph":[{"@type":"Article","@id":"https:\/\/quehacerpolitico.mx\/?p=115207#article","isPartOf":{"@id":"https:\/\/quehacerpolitico.mx\/?p=115207"},"author":{"name":"Redacci\u00f3n QP","@id":"https:\/\/quehacerpolitico.mx\/#\/schema\/person\/496d8ad2d1d3f8036101dca7ee39e585"},"headline":"Rub\u00e9n Oseguera Gonz\u00e1lez &#8216;El Menchito&#8217; es condenado a cadena perpetua en Estados Unidos por narcotr\u00e1fico y posesi\u00f3n de armas","datePublished":"2025-03-07T21:50:36+00:00","dateModified":"2025-03-07T21:50:39+00:00","mainEntityOfPage":{"@id":"https:\/\/quehacerpolitico.mx\/?p=115207"},"wordCount":644,"commentCount":0,"image":{"@id":"https:\/\/quehacerpolitico.mx\/?p=115207#primaryimage"},"thumbnailUrl":"https:\/\/quehacerpolitico.mx\/wp-content\/uploads\/2025\/03\/IMG_1067.jpeg","articleSection":["Nacionales","Noticias"],"inLanguage":"es","potentialAction":[{"@type":"CommentAction","name":"Comment","target":["https:\/\/quehacerpolitico.mx\/?p=115207#respond"]}]},{"@type":"WebPage","@id":"https:\/\/quehacerpolitico.mx\/?p=115207","url":"https:\/\/quehacerpolitico.mx\/?p=115207","name":"Rub\u00e9n Oseguera Gonz\u00e1lez 'El Menchito' es condenado a cadena perpetua en Estados Unidos por narcotr\u00e1fico y posesi\u00f3n de armas -","isPartOf":{"@id":"https:\/\/quehacerpolitico.mx\/#website"},"primaryImageOfPage":{"@id":"https:\/\/quehacerpolitico.mx\/?p=115207#primaryimage"},"image":{"@id":"https:\/\/quehacerpolitico.mx\/?p=115207#primaryimage"},"thumbnailUrl":"https:\/\/quehacerpolitico.mx\/wp-content\/uploads\/2025\/03\/IMG_1067.jpeg","datePublished":"2025-03-07T21:50:36+00:00","dateModified":"2025-03-07T21:50:39+00:00","author":{"@id":"https:\/\/quehacerpolitico.mx\/#\/schema\/person\/496d8ad2d1d3f8036101dca7ee39e585"},"breadcrumb":{"@id":"https:\/\/quehacerpolitico.mx\/?p=115207#breadcrumb"},"inLanguage":"es","potentialAction":[{"@type":"ReadAction","target":["https:\/\/quehacerpolitico.mx\/?p=115207"]}]},{"@type":"ImageObject","inLanguage":"es","@id":"https:\/\/quehacerpolitico.mx\/?p=115207#primaryimage","url":"https:\/\/quehacerpolitico.mx\/wp-content\/uploads\/2025\/03\/IMG_1067.jpeg","contentUrl":"https:\/\/quehacerpolitico.mx\/wp-content\/uploads\/2025\/03\/IMG_1067.jpeg","width":1920,"height":1080},{"@type":"BreadcrumbList","@id":"https:\/\/quehacerpolitico.mx\/?p=115207#breadcrumb","itemListElement":[{"@type":"ListItem","position":1,"name":"Inicio","item":"https:\/\/quehacerpolitico.mx\/"},{"@type":"ListItem","position":2,"name":"Rub\u00e9n Oseguera Gonz\u00e1lez &#8216;El Menchito&#8217; es condenado a cadena perpetua en Estados Unidos por narcotr\u00e1fico y posesi\u00f3n de armas"}]},{"@type":"WebSite","@id":"https:\/\/quehacerpolitico.mx\/#website","url":"https:\/\/quehacerpolitico.mx\/","name":"","description":"","potentialAction":[{"@type":"SearchAction","target":{"@type":"EntryPoint","urlTemplate":"https:\/\/quehacerpolitico.mx\/?s={search_term_string}"},"query-input":{"@type":"PropertyValueSpecification","valueRequired":true,"valueName":"search_term_string"}}],"inLanguage":"es"},{"@type":"Person","@id":"https:\/\/quehacerpolitico.mx\/#\/schema\/person\/496d8ad2d1d3f8036101dca7ee39e585","name":"Redacci\u00f3n QP","image":{"@type":"ImageObject","inLanguage":"es","@id":"https:\/\/secure.gravatar.com\/avatar\/c7164ed6fdec453195284ad24a5ae5b6e1eed2b848477fa2a4787ba9adf39a41?s=96&d=mm&r=g","url":"https:\/\/secure.gravatar.com\/avatar\/c7164ed6fdec453195284ad24a5ae5b6e1eed2b848477fa2a4787ba9adf39a41?s=96&d=mm&r=g","contentUrl":"https:\/\/secure.gravatar.com\/avatar\/c7164ed6fdec453195284ad24a5ae5b6e1eed2b848477fa2a4787ba9adf39a41?s=96&d=mm&r=g","caption":"Redacci\u00f3n QP"},"url":"https:\/\/quehacerpolitico.mx\/?author=2"}]}},"featured_image_urls":{"full":["https:\/\/quehacerpolitico.mx\/wp-content\/uploads\/2025\/03\/IMG_1067.jpeg",1920,1080,false],"thumbnail":["https:\/\/quehacerpolitico.mx\/wp-content\/uploads\/2025\/03\/IMG_1067-150x150.jpeg",150,150,true],"medium":["https:\/\/quehacerpolitico.mx\/wp-content\/uploads\/2025\/03\/IMG_1067-300x169.jpeg",300,169,true],"medium_large":["https:\/\/quehacerpolitico.mx\/wp-content\/uploads\/2025\/03\/IMG_1067-768x432.jpeg",640,360,true],"large":["https:\/\/quehacerpolitico.mx\/wp-content\/uploads\/2025\/03\/IMG_1067-1024x576.jpeg",640,360,true],"1536x1536":["https:\/\/quehacerpolitico.mx\/wp-content\/uploads\/2025\/03\/IMG_1067-1536x864.jpeg",1536,864,true],"2048x2048":["https:\/\/quehacerpolitico.mx\/wp-content\/uploads\/2025\/03\/IMG_1067.jpeg",1920,1080,false],"covernews-featured":["https:\/\/quehacerpolitico.mx\/wp-content\/uploads\/2025\/03\/IMG_1067-1024x576.jpeg",1024,576,true],"covernews-medium":["https:\/\/quehacerpolitico.mx\/wp-content\/uploads\/2025\/03\/IMG_1067-540x340.jpeg",540,340,true]},"author_info":{"display_name":"Redacci\u00f3n QP","author_link":"https:\/\/quehacerpolitico.mx\/?author=2"},"category_info":"<a href=\"https:\/\/quehacerpolitico.mx\/?cat=280\" rel=\"category\">Nacionales<\/a> <a href=\"https:\/\/quehacerpolitico.mx\/?cat=2\" rel=\"category\">Noticias<\/a>","tag_info":"Noticias","comment_count":"0","_links":{"self":[{"href":"https:\/\/quehacerpolitico.mx\/index.php?rest_route=\/wp\/v2\/posts\/115207","targetHints":{"allow":["GET"]}}],"collection":[{"href":"https:\/\/quehacerpolitico.mx\/index.php?rest_route=\/wp\/v2\/posts"}],"about":[{"href":"https:\/\/quehacerpolitico.mx\/index.php?rest_route=\/wp\/v2\/types\/post"}],"author":[{"embeddable":true,"href":"https:\/\/quehacerpolitico.mx\/index.php?rest_route=\/wp\/v2\/users\/2"}],"replies":[{"embeddable":true,"href":"https:\/\/quehacerpolitico.mx\/index.php?rest_route=%2Fwp%2Fv2%2Fcomments&post=115207"}],"version-history":[{"count":1,"href":"https:\/\/quehacerpolitico.mx\/index.php?rest_route=\/wp\/v2\/posts\/115207\/revisions"}],"predecessor-version":[{"id":115209,"href":"https:\/\/quehacerpolitico.mx\/index.php?rest_route=\/wp\/v2\/posts\/115207\/revisions\/115209"}],"wp:featuredmedia":[{"embeddable":true,"href":"https:\/\/quehacerpolitico.mx\/index.php?rest_route=\/wp\/v2\/media\/115208"}],"wp:attachment":[{"href":"https:\/\/quehacerpolitico.mx\/index.php?rest_route=%2Fwp%2Fv2%2Fmedia&parent=115207"}],"wp:term":[{"taxonomy":"category","embeddable":true,"href":"https:\/\/quehacerpolitico.mx\/index.php?rest_route=%2Fwp%2Fv2%2Fcategories&post=115207"},{"taxonomy":"post_tag","embeddable":true,"href":"https:\/\/quehacerpolitico.mx\/index.php?rest_route=%2Fwp%2Fv2%2Ftags&post=115207"}],"curies":[{"name":"wp","href":"https:\/\/api.w.org\/{rel}","templated":true}]}}