{"id":115197,"date":"2025-03-06T11:57:49","date_gmt":"2025-03-06T17:57:49","guid":{"rendered":"https:\/\/quehacerpolitico.mx\/?p=115197"},"modified":"2025-03-06T11:57:52","modified_gmt":"2025-03-06T17:57:52","slug":"tuvimos-una-excelente-y-respetuosa-llamada-sheinbaum-agradece-a-trump-por-el-acuerdo-para-pausar-un-mes-mas-los-aranceles","status":"publish","type":"post","link":"https:\/\/quehacerpolitico.mx\/?p=115197","title":{"rendered":"&#8220;Tuvimos una excelente y respetuosa llamada&#8221; Sheinbaum agradece a Trump por el acuerdo para pausar un mes m\u00e1s los aranceles"},"content":{"rendered":"\n<p>Por Redacci\u00f3n QP<\/p>\n\n\n\n<p>La conferencia en Palacio Nacional que usualmente inicia a las 7:30 de la ma\u00f1ana, fue pospuesta hasta las 11:00 horas, debido a que la presidenta se comunicar\u00eda con Donald Trump a dos d\u00edas de la entrada en vigor de los aranceles del 25%<\/p>\n\n\n\n<p>La presidenta<strong>&nbsp;Claudia Sheinbaum<\/strong>&nbsp;confirm\u00f3 el&nbsp;<strong>segundo aplazamiento&nbsp;<\/strong>al&nbsp;que lleg\u00f3 con el mandatario<strong>&nbsp;Donald Trump&nbsp;<\/strong>durante una llamada realizada la ma\u00f1ana de jueves sobre los aranceles impuestos a los productos mexicanos.<\/p>\n\n\n\n<figure class=\"wp-block-embed is-type-rich is-provider-twitter wp-block-embed-twitter\"><div class=\"wp-block-embed__wrapper\">\n<blockquote class=\"twitter-tweet\" data-width=\"550\" data-dnt=\"true\"><p lang=\"es\" dir=\"ltr\">\ud83d\udea8 Detalla <a href=\"https:\/\/twitter.com\/Claudiashein?ref_src=twsrc%5Etfw\">@Claudiashein<\/a> su llamada con <a href=\"https:\/\/twitter.com\/hashtag\/DonaldTrump?src=hash&amp;ref_src=twsrc%5Etfw\">#DonaldTrump<\/a>:  <br><br>&quot;Le dije: Estamos teniendo resultados. Si pones los aranceles, \u00bfc\u00f3mo vamos a seguir colaborando con algo que da\u00f1a al pueblo de M\u00e9xico?. No fue una amenaza, simplemente le ped\u00ed que entendiera que lo m\u00e1s importante es mi\u2026 <a href=\"https:\/\/t.co\/TCmTtp3Y1m\">pic.twitter.com\/TCmTtp3Y1m<\/a><\/p>&mdash; Manuel Lopez San Martin (@MLopezSanMartin) <a href=\"https:\/\/twitter.com\/MLopezSanMartin\/status\/1897704599655792670?ref_src=twsrc%5Etfw\">March 6, 2025<\/a><\/blockquote><script async src=\"https:\/\/platform.twitter.com\/widgets.js\" charset=\"utf-8\"><\/script>\n<\/div><\/figure>\n\n\n\n<p>Desde su cuenta de X, la mandataria agradeci\u00f3 a Trump y afirm\u00f3 que se mantendr\u00e1 la colaboraci\u00f3n entre ambos pa\u00edses.<\/p>\n\n\n\n<figure class=\"wp-block-image size-full\"><img loading=\"lazy\" decoding=\"async\" width=\"611\" height=\"726\" src=\"https:\/\/quehacerpolitico.mx\/wp-content\/uploads\/2025\/03\/image-1.png\" alt=\"\" class=\"wp-image-115198\" srcset=\"https:\/\/quehacerpolitico.mx\/wp-content\/uploads\/2025\/03\/image-1.png 611w, https:\/\/quehacerpolitico.mx\/wp-content\/uploads\/2025\/03\/image-1-252x300.png 252w\" sizes=\"auto, (max-width: 611px) 100vw, 611px\" \/><\/figure>\n\n\n\n<p>&#8220;Tuvimos una excelente y respetuosa llamada en la que coincidimos en que nuestro trabajo y colaboraci\u00f3n han dado resultados sin precedentes, en el marco de respeto a nuestras soberan\u00edas&#8221;, escribi\u00f3.<\/p>\n\n\n\n<p>La mandataria reiter\u00f3 que su gobierno continuar\u00e1 trabajando con Estados Unidos, principalmente en materia de migraci\u00f3n y seguridad.&nbsp;<\/p>\n\n\n\n<p>&#8220;Como lo menciona el presidente Trump, no se requerir\u00e1 que M\u00e9xico pague aranceles en todos aquellos productos dentro del T-MEC&#8221;, a\u00f1adi\u00f3.<\/p>\n\n\n\n<p>La<strong>&nbsp;conferencia matutina,&nbsp;<\/strong>que usualmente inicia a las 7:30 de la ma\u00f1ana, fue pospuesta hasta las 11:00 horas, debido a que la presidenta se comunicar\u00eda con el mandatario estadounidense a dos d\u00edas de la entrada en vigor de los aranceles del 25%.<\/p>\n\n\n\n<p>Cabe recordar que ambos mandatarios hablaron&nbsp;por primera vez el&nbsp;<strong>pasado 3 de febrero<\/strong>&nbsp;sobre la&nbsp;imposici\u00f3n de aranceles, la cual inicialmente estaba&nbsp;prevista&nbsp;para el 4 de febrero.<\/p>\n\n\n\n<p>Tras la conversaci\u00f3n se anunci\u00f3 el acuerdo de<strong>&nbsp;aplazar por&nbsp;30 d\u00edas<\/strong>&nbsp;los nuevos impuestos&nbsp;tras acordar&nbsp;el reforzamiento de la&nbsp;<strong>seguridad de la frontera norte de M\u00e9xico&nbsp;<\/strong>para frenar el paso de migrantes y del&nbsp;tr\u00e1fico ilegal de fentanilo.&nbsp;<\/p>\n\n\n\n<p>Bajo este contexto, las autoridades federales enviaron 10 mil elementos de la Guardia Nacional y el Ej\u00e9rcito para vigilar la frontera con Estados Unidos, adem\u00e1s, el 27 de febrero se dio a conocer que&nbsp;<strong>29 l\u00edderes del narcotr\u00e1fico&nbsp;<\/strong>fueron entregados a las agencias de seguridad estadounidense, entre los que estaba uno de delincuentes m\u00e1s buscados en ese pa\u00eds,&nbsp;<strong>Rafael Caro Quintero&nbsp;<\/strong>acusado por el asesinato de un agente de la DEA, Enrique &#8220;Kiki&#8221; Camarena.&nbsp;<\/p>\n\n\n\n<p>Sin embargo, el&nbsp;<strong>presidente Trump<\/strong>&nbsp;este lunes ha dicho&nbsp;que tanto&nbsp;M\u00e9xico&nbsp;y&nbsp;Canad\u00e1, pa\u00eds que tambi\u00e9n estaba bajo la misma&nbsp;amenaza&nbsp;arancelaria, no hab\u00edan hecho lo suficiente en temas de seguridad, por lo que sin m\u00e1s el martes entr\u00f3&nbsp;en vigor el aumento a los grav\u00e1menes en ambos pa\u00edses.<\/p>\n","protected":false},"excerpt":{"rendered":"<p>Por Redacci\u00f3n QP La conferencia en Palacio Nacional que usualmente inicia a las 7:30 de&#8230;<\/p>\n","protected":false},"author":2,"featured_media":115199,"comment_status":"open","ping_status":"open","sticky":false,"template":"","format":"standard","meta":{"_monsterinsights_skip_tracking":false,"_monsterinsights_sitenote_active":false,"_monsterinsights_sitenote_note":"","_monsterinsights_sitenote_category":0,"footnotes":""},"categories":[280,2],"tags":[],"class_list":["post-115197","post","type-post","status-publish","format-standard","has-post-thumbnail","hentry","category-nacionales","category-noticias"],"yoast_head":"<!-- This site is optimized with the Yoast SEO plugin v27.3 - https:\/\/yoast.com\/product\/yoast-seo-wordpress\/ -->\n<title>&quot;Tuvimos una excelente y respetuosa llamada&quot; Sheinbaum agradece a Trump por el acuerdo para pausar un mes m\u00e1s los aranceles -<\/title>\n<meta name=\"robots\" content=\"index, follow, max-snippet:-1, max-image-preview:large, max-video-preview:-1\" \/>\n<link rel=\"canonical\" href=\"https:\/\/quehacerpolitico.mx\/?p=115197\" \/>\n<meta property=\"og:locale\" content=\"es_MX\" \/>\n<meta property=\"og:type\" content=\"article\" \/>\n<meta property=\"og:title\" content=\"&quot;Tuvimos una excelente y respetuosa llamada&quot; Sheinbaum agradece a Trump por el acuerdo para pausar un mes m\u00e1s los aranceles -\" \/>\n<meta property=\"og:description\" content=\"Por Redacci\u00f3n QP La conferencia en Palacio Nacional que usualmente inicia a las 7:30 de...\" \/>\n<meta property=\"og:url\" content=\"https:\/\/quehacerpolitico.mx\/?p=115197\" \/>\n<meta property=\"article:published_time\" content=\"2025-03-06T17:57:49+00:00\" \/>\n<meta property=\"article:modified_time\" content=\"2025-03-06T17:57:52+00:00\" \/>\n<meta property=\"og:image\" content=\"https:\/\/quehacerpolitico.mx\/wp-content\/uploads\/2025\/03\/IMG_1020.jpeg\" \/>\n\t<meta property=\"og:image:width\" content=\"1284\" \/>\n\t<meta property=\"og:image:height\" content=\"714\" \/>\n\t<meta property=\"og:image:type\" content=\"image\/jpeg\" \/>\n<meta name=\"author\" content=\"Redacci\u00f3n QP\" \/>\n<meta name=\"twitter:card\" content=\"summary_large_image\" \/>\n<meta name=\"twitter:label1\" content=\"Escrito por\" \/>\n\t<meta name=\"twitter:data1\" content=\"Redacci\u00f3n QP\" \/>\n\t<meta name=\"twitter:label2\" content=\"Tiempo de lectura\" \/>\n\t<meta name=\"twitter:data2\" content=\"2 minutos\" \/>\n<script type=\"application\/ld+json\" class=\"yoast-schema-graph\">{\"@context\":\"https:\\\/\\\/schema.org\",\"@graph\":[{\"@type\":\"Article\",\"@id\":\"https:\\\/\\\/quehacerpolitico.mx\\\/?p=115197#article\",\"isPartOf\":{\"@id\":\"https:\\\/\\\/quehacerpolitico.mx\\\/?p=115197\"},\"author\":{\"name\":\"Redacci\u00f3n QP\",\"@id\":\"https:\\\/\\\/quehacerpolitico.mx\\\/#\\\/schema\\\/person\\\/496d8ad2d1d3f8036101dca7ee39e585\"},\"headline\":\"&#8220;Tuvimos una excelente y respetuosa llamada&#8221; Sheinbaum agradece a Trump por el acuerdo para pausar un mes m\u00e1s los aranceles\",\"datePublished\":\"2025-03-06T17:57:49+00:00\",\"dateModified\":\"2025-03-06T17:57:52+00:00\",\"mainEntityOfPage\":{\"@id\":\"https:\\\/\\\/quehacerpolitico.mx\\\/?p=115197\"},\"wordCount\":494,\"commentCount\":0,\"image\":{\"@id\":\"https:\\\/\\\/quehacerpolitico.mx\\\/?p=115197#primaryimage\"},\"thumbnailUrl\":\"https:\\\/\\\/quehacerpolitico.mx\\\/wp-content\\\/uploads\\\/2025\\\/03\\\/IMG_1020.jpeg\",\"articleSection\":[\"Nacionales\",\"Noticias\"],\"inLanguage\":\"es\",\"potentialAction\":[{\"@type\":\"CommentAction\",\"name\":\"Comment\",\"target\":[\"https:\\\/\\\/quehacerpolitico.mx\\\/?p=115197#respond\"]}]},{\"@type\":\"WebPage\",\"@id\":\"https:\\\/\\\/quehacerpolitico.mx\\\/?p=115197\",\"url\":\"https:\\\/\\\/quehacerpolitico.mx\\\/?p=115197\",\"name\":\"\\\"Tuvimos una excelente y respetuosa llamada\\\" Sheinbaum agradece a Trump por el acuerdo para pausar un mes m\u00e1s los aranceles -\",\"isPartOf\":{\"@id\":\"https:\\\/\\\/quehacerpolitico.mx\\\/#website\"},\"primaryImageOfPage\":{\"@id\":\"https:\\\/\\\/quehacerpolitico.mx\\\/?p=115197#primaryimage\"},\"image\":{\"@id\":\"https:\\\/\\\/quehacerpolitico.mx\\\/?p=115197#primaryimage\"},\"thumbnailUrl\":\"https:\\\/\\\/quehacerpolitico.mx\\\/wp-content\\\/uploads\\\/2025\\\/03\\\/IMG_1020.jpeg\",\"datePublished\":\"2025-03-06T17:57:49+00:00\",\"dateModified\":\"2025-03-06T17:57:52+00:00\",\"author\":{\"@id\":\"https:\\\/\\\/quehacerpolitico.mx\\\/#\\\/schema\\\/person\\\/496d8ad2d1d3f8036101dca7ee39e585\"},\"breadcrumb\":{\"@id\":\"https:\\\/\\\/quehacerpolitico.mx\\\/?p=115197#breadcrumb\"},\"inLanguage\":\"es\",\"potentialAction\":[{\"@type\":\"ReadAction\",\"target\":[\"https:\\\/\\\/quehacerpolitico.mx\\\/?p=115197\"]}]},{\"@type\":\"ImageObject\",\"inLanguage\":\"es\",\"@id\":\"https:\\\/\\\/quehacerpolitico.mx\\\/?p=115197#primaryimage\",\"url\":\"https:\\\/\\\/quehacerpolitico.mx\\\/wp-content\\\/uploads\\\/2025\\\/03\\\/IMG_1020.jpeg\",\"contentUrl\":\"https:\\\/\\\/quehacerpolitico.mx\\\/wp-content\\\/uploads\\\/2025\\\/03\\\/IMG_1020.jpeg\",\"width\":1284,\"height\":714,\"caption\":\"Screenshot\"},{\"@type\":\"BreadcrumbList\",\"@id\":\"https:\\\/\\\/quehacerpolitico.mx\\\/?p=115197#breadcrumb\",\"itemListElement\":[{\"@type\":\"ListItem\",\"position\":1,\"name\":\"Inicio\",\"item\":\"https:\\\/\\\/quehacerpolitico.mx\\\/\"},{\"@type\":\"ListItem\",\"position\":2,\"name\":\"&#8220;Tuvimos una excelente y respetuosa llamada&#8221; Sheinbaum agradece a Trump por el acuerdo para pausar un mes m\u00e1s los aranceles\"}]},{\"@type\":\"WebSite\",\"@id\":\"https:\\\/\\\/quehacerpolitico.mx\\\/#website\",\"url\":\"https:\\\/\\\/quehacerpolitico.mx\\\/\",\"name\":\"\",\"description\":\"\",\"potentialAction\":[{\"@type\":\"SearchAction\",\"target\":{\"@type\":\"EntryPoint\",\"urlTemplate\":\"https:\\\/\\\/quehacerpolitico.mx\\\/?s={search_term_string}\"},\"query-input\":{\"@type\":\"PropertyValueSpecification\",\"valueRequired\":true,\"valueName\":\"search_term_string\"}}],\"inLanguage\":\"es\"},{\"@type\":\"Person\",\"@id\":\"https:\\\/\\\/quehacerpolitico.mx\\\/#\\\/schema\\\/person\\\/496d8ad2d1d3f8036101dca7ee39e585\",\"name\":\"Redacci\u00f3n QP\",\"image\":{\"@type\":\"ImageObject\",\"inLanguage\":\"es\",\"@id\":\"https:\\\/\\\/secure.gravatar.com\\\/avatar\\\/c7164ed6fdec453195284ad24a5ae5b6e1eed2b848477fa2a4787ba9adf39a41?s=96&d=mm&r=g\",\"url\":\"https:\\\/\\\/secure.gravatar.com\\\/avatar\\\/c7164ed6fdec453195284ad24a5ae5b6e1eed2b848477fa2a4787ba9adf39a41?s=96&d=mm&r=g\",\"contentUrl\":\"https:\\\/\\\/secure.gravatar.com\\\/avatar\\\/c7164ed6fdec453195284ad24a5ae5b6e1eed2b848477fa2a4787ba9adf39a41?s=96&d=mm&r=g\",\"caption\":\"Redacci\u00f3n QP\"},\"url\":\"https:\\\/\\\/quehacerpolitico.mx\\\/?author=2\"}]}<\/script>\n<!-- \/ Yoast SEO plugin. -->","yoast_head_json":{"title":"\"Tuvimos una excelente y respetuosa llamada\" Sheinbaum agradece a Trump por el acuerdo para pausar un mes m\u00e1s los aranceles -","robots":{"index":"index","follow":"follow","max-snippet":"max-snippet:-1","max-image-preview":"max-image-preview:large","max-video-preview":"max-video-preview:-1"},"canonical":"https:\/\/quehacerpolitico.mx\/?p=115197","og_locale":"es_MX","og_type":"article","og_title":"\"Tuvimos una excelente y respetuosa llamada\" Sheinbaum agradece a Trump por el acuerdo para pausar un mes m\u00e1s los aranceles -","og_description":"Por Redacci\u00f3n QP La conferencia en Palacio Nacional que usualmente inicia a las 7:30 de...","og_url":"https:\/\/quehacerpolitico.mx\/?p=115197","article_published_time":"2025-03-06T17:57:49+00:00","article_modified_time":"2025-03-06T17:57:52+00:00","og_image":[{"width":1284,"height":714,"url":"https:\/\/quehacerpolitico.mx\/wp-content\/uploads\/2025\/03\/IMG_1020.jpeg","type":"image\/jpeg"}],"author":"Redacci\u00f3n QP","twitter_card":"summary_large_image","twitter_misc":{"Escrito por":"Redacci\u00f3n QP","Tiempo de lectura":"2 minutos"},"schema":{"@context":"https:\/\/schema.org","@graph":[{"@type":"Article","@id":"https:\/\/quehacerpolitico.mx\/?p=115197#article","isPartOf":{"@id":"https:\/\/quehacerpolitico.mx\/?p=115197"},"author":{"name":"Redacci\u00f3n QP","@id":"https:\/\/quehacerpolitico.mx\/#\/schema\/person\/496d8ad2d1d3f8036101dca7ee39e585"},"headline":"&#8220;Tuvimos una excelente y respetuosa llamada&#8221; Sheinbaum agradece a Trump por el acuerdo para pausar un mes m\u00e1s los aranceles","datePublished":"2025-03-06T17:57:49+00:00","dateModified":"2025-03-06T17:57:52+00:00","mainEntityOfPage":{"@id":"https:\/\/quehacerpolitico.mx\/?p=115197"},"wordCount":494,"commentCount":0,"image":{"@id":"https:\/\/quehacerpolitico.mx\/?p=115197#primaryimage"},"thumbnailUrl":"https:\/\/quehacerpolitico.mx\/wp-content\/uploads\/2025\/03\/IMG_1020.jpeg","articleSection":["Nacionales","Noticias"],"inLanguage":"es","potentialAction":[{"@type":"CommentAction","name":"Comment","target":["https:\/\/quehacerpolitico.mx\/?p=115197#respond"]}]},{"@type":"WebPage","@id":"https:\/\/quehacerpolitico.mx\/?p=115197","url":"https:\/\/quehacerpolitico.mx\/?p=115197","name":"\"Tuvimos una excelente y respetuosa llamada\" Sheinbaum agradece a Trump por el acuerdo para pausar un mes m\u00e1s los aranceles -","isPartOf":{"@id":"https:\/\/quehacerpolitico.mx\/#website"},"primaryImageOfPage":{"@id":"https:\/\/quehacerpolitico.mx\/?p=115197#primaryimage"},"image":{"@id":"https:\/\/quehacerpolitico.mx\/?p=115197#primaryimage"},"thumbnailUrl":"https:\/\/quehacerpolitico.mx\/wp-content\/uploads\/2025\/03\/IMG_1020.jpeg","datePublished":"2025-03-06T17:57:49+00:00","dateModified":"2025-03-06T17:57:52+00:00","author":{"@id":"https:\/\/quehacerpolitico.mx\/#\/schema\/person\/496d8ad2d1d3f8036101dca7ee39e585"},"breadcrumb":{"@id":"https:\/\/quehacerpolitico.mx\/?p=115197#breadcrumb"},"inLanguage":"es","potentialAction":[{"@type":"ReadAction","target":["https:\/\/quehacerpolitico.mx\/?p=115197"]}]},{"@type":"ImageObject","inLanguage":"es","@id":"https:\/\/quehacerpolitico.mx\/?p=115197#primaryimage","url":"https:\/\/quehacerpolitico.mx\/wp-content\/uploads\/2025\/03\/IMG_1020.jpeg","contentUrl":"https:\/\/quehacerpolitico.mx\/wp-content\/uploads\/2025\/03\/IMG_1020.jpeg","width":1284,"height":714,"caption":"Screenshot"},{"@type":"BreadcrumbList","@id":"https:\/\/quehacerpolitico.mx\/?p=115197#breadcrumb","itemListElement":[{"@type":"ListItem","position":1,"name":"Inicio","item":"https:\/\/quehacerpolitico.mx\/"},{"@type":"ListItem","position":2,"name":"&#8220;Tuvimos una excelente y respetuosa llamada&#8221; Sheinbaum agradece a Trump por el acuerdo para pausar un mes m\u00e1s los aranceles"}]},{"@type":"WebSite","@id":"https:\/\/quehacerpolitico.mx\/#website","url":"https:\/\/quehacerpolitico.mx\/","name":"","description":"","potentialAction":[{"@type":"SearchAction","target":{"@type":"EntryPoint","urlTemplate":"https:\/\/quehacerpolitico.mx\/?s={search_term_string}"},"query-input":{"@type":"PropertyValueSpecification","valueRequired":true,"valueName":"search_term_string"}}],"inLanguage":"es"},{"@type":"Person","@id":"https:\/\/quehacerpolitico.mx\/#\/schema\/person\/496d8ad2d1d3f8036101dca7ee39e585","name":"Redacci\u00f3n QP","image":{"@type":"ImageObject","inLanguage":"es","@id":"https:\/\/secure.gravatar.com\/avatar\/c7164ed6fdec453195284ad24a5ae5b6e1eed2b848477fa2a4787ba9adf39a41?s=96&d=mm&r=g","url":"https:\/\/secure.gravatar.com\/avatar\/c7164ed6fdec453195284ad24a5ae5b6e1eed2b848477fa2a4787ba9adf39a41?s=96&d=mm&r=g","contentUrl":"https:\/\/secure.gravatar.com\/avatar\/c7164ed6fdec453195284ad24a5ae5b6e1eed2b848477fa2a4787ba9adf39a41?s=96&d=mm&r=g","caption":"Redacci\u00f3n QP"},"url":"https:\/\/quehacerpolitico.mx\/?author=2"}]}},"featured_image_urls":{"full":["https:\/\/quehacerpolitico.mx\/wp-content\/uploads\/2025\/03\/IMG_1020.jpeg",1284,714,false],"thumbnail":["https:\/\/quehacerpolitico.mx\/wp-content\/uploads\/2025\/03\/IMG_1020-150x150.jpeg",150,150,true],"medium":["https:\/\/quehacerpolitico.mx\/wp-content\/uploads\/2025\/03\/IMG_1020-300x167.jpeg",300,167,true],"medium_large":["https:\/\/quehacerpolitico.mx\/wp-content\/uploads\/2025\/03\/IMG_1020-768x427.jpeg",640,356,true],"large":["https:\/\/quehacerpolitico.mx\/wp-content\/uploads\/2025\/03\/IMG_1020-1024x569.jpeg",640,356,true],"1536x1536":["https:\/\/quehacerpolitico.mx\/wp-content\/uploads\/2025\/03\/IMG_1020.jpeg",1284,714,false],"2048x2048":["https:\/\/quehacerpolitico.mx\/wp-content\/uploads\/2025\/03\/IMG_1020.jpeg",1284,714,false],"covernews-featured":["https:\/\/quehacerpolitico.mx\/wp-content\/uploads\/2025\/03\/IMG_1020-1024x569.jpeg",1024,569,true],"covernews-medium":["https:\/\/quehacerpolitico.mx\/wp-content\/uploads\/2025\/03\/IMG_1020-540x340.jpeg",540,340,true]},"author_info":{"display_name":"Redacci\u00f3n QP","author_link":"https:\/\/quehacerpolitico.mx\/?author=2"},"category_info":"<a href=\"https:\/\/quehacerpolitico.mx\/?cat=280\" rel=\"category\">Nacionales<\/a> <a href=\"https:\/\/quehacerpolitico.mx\/?cat=2\" rel=\"category\">Noticias<\/a>","tag_info":"Noticias","comment_count":"0","_links":{"self":[{"href":"https:\/\/quehacerpolitico.mx\/index.php?rest_route=\/wp\/v2\/posts\/115197","targetHints":{"allow":["GET"]}}],"collection":[{"href":"https:\/\/quehacerpolitico.mx\/index.php?rest_route=\/wp\/v2\/posts"}],"about":[{"href":"https:\/\/quehacerpolitico.mx\/index.php?rest_route=\/wp\/v2\/types\/post"}],"author":[{"embeddable":true,"href":"https:\/\/quehacerpolitico.mx\/index.php?rest_route=\/wp\/v2\/users\/2"}],"replies":[{"embeddable":true,"href":"https:\/\/quehacerpolitico.mx\/index.php?rest_route=%2Fwp%2Fv2%2Fcomments&post=115197"}],"version-history":[{"count":1,"href":"https:\/\/quehacerpolitico.mx\/index.php?rest_route=\/wp\/v2\/posts\/115197\/revisions"}],"predecessor-version":[{"id":115200,"href":"https:\/\/quehacerpolitico.mx\/index.php?rest_route=\/wp\/v2\/posts\/115197\/revisions\/115200"}],"wp:featuredmedia":[{"embeddable":true,"href":"https:\/\/quehacerpolitico.mx\/index.php?rest_route=\/wp\/v2\/media\/115199"}],"wp:attachment":[{"href":"https:\/\/quehacerpolitico.mx\/index.php?rest_route=%2Fwp%2Fv2%2Fmedia&parent=115197"}],"wp:term":[{"taxonomy":"category","embeddable":true,"href":"https:\/\/quehacerpolitico.mx\/index.php?rest_route=%2Fwp%2Fv2%2Fcategories&post=115197"},{"taxonomy":"post_tag","embeddable":true,"href":"https:\/\/quehacerpolitico.mx\/index.php?rest_route=%2Fwp%2Fv2%2Ftags&post=115197"}],"curies":[{"name":"wp","href":"https:\/\/api.w.org\/{rel}","templated":true}]}}