{"id":115193,"date":"2025-03-06T11:42:32","date_gmt":"2025-03-06T17:42:32","guid":{"rendered":"https:\/\/quehacerpolitico.mx\/?p=115193"},"modified":"2025-03-06T11:42:34","modified_gmt":"2025-03-06T17:42:34","slug":"el-quehacer-politico-a-traves-de-la-opinion-carolina-alonso-romei-trump-afirma-que-llego-a-un-acuerdo-en-llamada-con-sheinbaum-productos-del-t-mec-no-pagaran-aranceles","status":"publish","type":"post","link":"https:\/\/quehacerpolitico.mx\/?p=115193","title":{"rendered":"El Quehacer Pol\u00edtico a trav\u00e9s de la opini\u00f3n\/\/\/Carolina Alonso Romei\/\/\/Trump afirma que lleg\u00f3 a un acuerdo en llamada con Sheinbaum: productos del T-MEC no pagar\u00e1n aranceles"},"content":{"rendered":"\n<p>Por Carolina Alonso Romei<\/p>\n\n\n\n<p>Internacionalista <\/p>\n\n\n\n<p>El encuentro ocurre en el marco de esta medida aplicada por EU y previo al mitin al que convoc\u00f3 la mandataria mexicana para el pr\u00f3ximo domingo en el Z\u00f3calo<\/p>\n\n\n\n<p>El presidente de Estados Unidos,&nbsp;<strong>Donald Trump,<\/strong>&nbsp;inform\u00f3 este jueves que acord\u00f3 con su hom\u00f3loga mexicana&nbsp;<strong>Claudia Sheinbaum<\/strong>exentar los aranceles a todos los productos del T-MEC, hasta el 2 de abril.&nbsp;<\/p>\n\n\n\n<p>El mandatario public\u00f3 en sus redes sociales luego de sostener el\u00a0<strong>encuentro con Sheinbaum<\/strong>\u00a0y afirm\u00f3 que mantiene una buena relaci\u00f3n con M\u00e9xico.<\/p>\n\n\n\n<figure class=\"wp-block-image size-large\"><img loading=\"lazy\" decoding=\"async\" width=\"903\" height=\"1024\" src=\"https:\/\/quehacerpolitico.mx\/wp-content\/uploads\/2025\/03\/image-15-903x1024.jpeg\" alt=\"\" class=\"wp-image-115194\" srcset=\"https:\/\/quehacerpolitico.mx\/wp-content\/uploads\/2025\/03\/image-15-903x1024.jpeg 903w, https:\/\/quehacerpolitico.mx\/wp-content\/uploads\/2025\/03\/image-15-265x300.jpeg 265w, https:\/\/quehacerpolitico.mx\/wp-content\/uploads\/2025\/03\/image-15-768x871.jpeg 768w, https:\/\/quehacerpolitico.mx\/wp-content\/uploads\/2025\/03\/image-15-1024x1161.jpeg 1024w, https:\/\/quehacerpolitico.mx\/wp-content\/uploads\/2025\/03\/image-15.jpeg 1220w\" sizes=\"auto, (max-width: 903px) 100vw, 903px\" \/><\/figure>\n\n\n\n<p>&#8220;\u00a1Gracias, presidenta Sheinbaum, por su arduo trabajo y cooperaci\u00f3n!&#8221;, a\u00f1adi\u00f3.&nbsp;<\/p>\n\n\n\n<p>La presidenta&nbsp;<strong>Claudia Sheinbaum<\/strong>&nbsp;y su hom\u00f3logo de Estados Unidos<strong>, Donald Trump<\/strong>, sostuvieron una llamada este jueves luego de dos d\u00edas de que entraran en vigor los<strong>&nbsp;aranceles del&nbsp;25%<\/strong>&nbsp;a las importaciones de productos mexicanos.<\/p>\n\n\n\n<p>Ambos mandatarios hablaron&nbsp;por primera vez el pasado 3 de febrero&nbsp;sobre la&nbsp;<strong>imposici\u00f3n de aranceles<\/strong>, la cual inicialmente estaba&nbsp;prevista&nbsp;para el 4 de febrero. Tras la conversaci\u00f3n se anunci\u00f3 el acuerdo de&nbsp;aplazar por&nbsp;30 d\u00edas los nuevos impuestos&nbsp;tras acordar&nbsp;el reforzamiento de la seguridad de la frontera norte de M\u00e9xico para frenar el paso de migrantes y del<strong>tr\u00e1fico ilegal de fentanilo.<\/strong><\/p>\n\n\n\n<p>Sin embargo, el&nbsp;<strong>presidente Trump<\/strong>&nbsp;dijo este lunes que tanto&nbsp;<strong>M\u00e9xico<\/strong>&nbsp;y&nbsp;<strong>Canad\u00e1<\/strong>, pa\u00eds que tambi\u00e9n estaba bajo la misma&nbsp;amenaza&nbsp;<strong>arancelaria<\/strong>, no hab\u00edan hecho suficiente en temas de seguridad, por lo que sin m\u00e1s el martes entr\u00f3&nbsp;en vigor el aumento a los grav\u00e1menes en ambos pa\u00edses.<\/p>\n\n\n\n<p>Ante ello, la presidenta&nbsp;<strong>Claudia Sheinbaum&nbsp;<\/strong>en la conferencia de la ma\u00f1ana del martes convoc\u00f3 a un mitin en el Z\u00f3calo de la Ciudad de M\u00e9xico para&nbsp;<strong>protestar contra las medidas anunciadas por Trump&nbsp;<\/strong>y asegur\u00f3 que ser\u00e1 ah\u00ed cuando anuncie las medidas arancelarias y no arancelarias que adoptar\u00e1 su gobierno ante este contexto econ\u00f3mico.&nbsp;<\/p>\n\n\n\n<p>M\u00e9xico todav\u00eda espera&nbsp;la entrada en vigor de los impuestos de Trump al aluminio y acero para el 12 de marzo y el 2 de abril, los grav\u00e1menes para productos agr\u00edcolas y al sector automotriz.&nbsp;<\/p>\n\n\n\n<p>Se tiene previsto que al mitin acudan funcionarios de los tres niveles de gobierno, entre los que est\u00e1n confirmados la bancada de Morena de la C\u00e1mara de Diputados, bajo este contexto, la presidenta tambi\u00e9n llam\u00f3 a sumarse a la manifestaci\u00f3n&nbsp;a los integrantes de la oposici\u00f3n, quienes criticaron la convocatoria.&nbsp;<\/p>\n\n\n\n<p>En contraste, el&nbsp;<strong>primer ministro Trudeau&nbsp;<\/strong>anunci\u00f3 la imposici\u00f3n de aranceles del 25% a los productos estadounidenses y una demanda contra la decisi\u00f3n unilateral de Trump ante la Organizaci\u00f3n Mundial del Comercio (OMC).<\/p>\n\n\n\n<p>&#8220;Lo hice como una forma de adaptaci\u00f3n y por respeto a la presidenta Sheinbaum. Nuestra relaci\u00f3n ha sido muy buena y estamos trabajando duro, juntos, en la frontera, tanto en t\u00e9rminos de impedir que los inmigrantes ilegales ingresen a los Estados Unidos como, asimismo, de detener el fentanilo&#8221;, se\u00f1al\u00f3\u00a0en Truth Social.<\/p>\n\n\n\n<p>&#8220;\u00a1Gracias, presidenta Sheinbaum, por su arduo trabajo y cooperaci\u00f3n!&#8221;, a\u00f1adi\u00f3.&nbsp;<\/p>\n\n\n\n<p>La presidenta&nbsp;<strong>Claudia Sheinbaum<\/strong>&nbsp;y su hom\u00f3logo de Estados Unidos<strong>, Donald Trump<\/strong>, sostuvieron una llamada este jueves luego de dos d\u00edas de que entraran en vigor los<strong>&nbsp;aranceles del&nbsp;25%<\/strong>&nbsp;a las importaciones de productos mexicanos.<\/p>\n\n\n\n<p>Ambos mandatarios hablaron&nbsp;por primera vez el pasado 3 de febrero&nbsp;sobre la&nbsp;<strong>imposici\u00f3n de aranceles<\/strong>, la cual inicialmente estaba&nbsp;prevista&nbsp;para el 4 de febrero. Tras la conversaci\u00f3n se anunci\u00f3 el acuerdo de&nbsp;aplazar por&nbsp;30 d\u00edas los nuevos impuestos&nbsp;tras acordar&nbsp;el reforzamiento de la seguridad de la frontera norte de M\u00e9xico para frenar el paso de migrantes y del<strong>tr\u00e1fico ilegal de fentanilo.<\/strong><\/p>\n\n\n\n<p>Sin embargo, el&nbsp;<strong>presidente Trump<\/strong>&nbsp;dijo este lunes que tanto&nbsp;<strong>M\u00e9xico<\/strong>&nbsp;y&nbsp;<strong>Canad\u00e1<\/strong>, pa\u00eds que tambi\u00e9n estaba bajo la misma&nbsp;amenaza&nbsp;<strong>arancelaria<\/strong>, no hab\u00edan hecho suficiente en temas de seguridad, por lo que sin m\u00e1s el martes entr\u00f3&nbsp;en vigor el aumento a los grav\u00e1menes en ambos pa\u00edses.<\/p>\n\n\n\n<p>Ante ello, la presidenta&nbsp;<strong>Claudia Sheinbaum&nbsp;<\/strong>en la conferencia de la ma\u00f1ana del martes convoc\u00f3 a un mitin en el Z\u00f3calo de la Ciudad de M\u00e9xico para&nbsp;<strong>protestar contra las medidas anunciadas por Trump&nbsp;<\/strong>y asegur\u00f3 que ser\u00e1 ah\u00ed cuando anuncie las medidas arancelarias y no arancelarias que adoptar\u00e1 su gobierno ante este contexto econ\u00f3mico.&nbsp;<\/p>\n\n\n\n<p>M\u00e9xico todav\u00eda espera&nbsp;la entrada en vigor de los impuestos de Trump al aluminio y acero para el 12 de marzo y el 2 de abril, los grav\u00e1menes para productos agr\u00edcolas y al sector automotriz.&nbsp;<\/p>\n\n\n\n<p>Se tiene previsto que al mitin acudan funcionarios de los tres niveles de gobierno, entre los que est\u00e1n confirmados la bancada de Morena de la C\u00e1mara de Diputados, bajo este contexto, la presidenta tambi\u00e9n llam\u00f3 a sumarse a la manifestaci\u00f3n&nbsp;a los integrantes de la oposici\u00f3n, quienes criticaron la convocatoria.&nbsp;<\/p>\n\n\n\n<p>En contraste, el&nbsp;<strong>primer ministro Trudeau&nbsp;<\/strong>anunci\u00f3 la imposici\u00f3n de aranceles del 25% a los productos estadounidenses y una demanda contra la decisi\u00f3n unilateral de Trump ante la Organizaci\u00f3n Mundial del Comercio (OMC).<\/p>\n","protected":false},"excerpt":{"rendered":"<p>Por Carolina Alonso Romei Internacionalista El encuentro ocurre en el marco de esta medida aplicada&#8230;<\/p>\n","protected":false},"author":2,"featured_media":115195,"comment_status":"open","ping_status":"open","sticky":false,"template":"","format":"standard","meta":{"_monsterinsights_skip_tracking":false,"_monsterinsights_sitenote_active":false,"_monsterinsights_sitenote_note":"","_monsterinsights_sitenote_category":0,"footnotes":""},"categories":[1],"tags":[],"class_list":["post-115193","post","type-post","status-publish","format-standard","has-post-thumbnail","hentry","category-sin-categoria"],"yoast_head":"<!-- This site is optimized with the Yoast SEO plugin v27.3 - https:\/\/yoast.com\/product\/yoast-seo-wordpress\/ -->\n<title>El Quehacer Pol\u00edtico a trav\u00e9s de la opini\u00f3n\/\/\/Carolina Alonso Romei\/\/\/Trump afirma que lleg\u00f3 a un acuerdo en llamada con Sheinbaum: productos del T-MEC no pagar\u00e1n aranceles -<\/title>\n<meta name=\"robots\" content=\"index, follow, max-snippet:-1, max-image-preview:large, max-video-preview:-1\" \/>\n<link rel=\"canonical\" href=\"https:\/\/quehacerpolitico.mx\/?p=115193\" \/>\n<meta property=\"og:locale\" content=\"es_MX\" \/>\n<meta property=\"og:type\" content=\"article\" \/>\n<meta property=\"og:title\" content=\"El Quehacer Pol\u00edtico a trav\u00e9s de la opini\u00f3n\/\/\/Carolina Alonso Romei\/\/\/Trump afirma que lleg\u00f3 a un acuerdo en llamada con Sheinbaum: productos del T-MEC no pagar\u00e1n aranceles -\" \/>\n<meta property=\"og:description\" content=\"Por Carolina Alonso Romei Internacionalista El encuentro ocurre en el marco de esta medida aplicada...\" \/>\n<meta property=\"og:url\" content=\"https:\/\/quehacerpolitico.mx\/?p=115193\" \/>\n<meta property=\"article:published_time\" content=\"2025-03-06T17:42:32+00:00\" \/>\n<meta property=\"article:modified_time\" content=\"2025-03-06T17:42:34+00:00\" \/>\n<meta property=\"og:image\" content=\"https:\/\/quehacerpolitico.mx\/wp-content\/uploads\/2025\/03\/03fa6135-c3fe-44b7-8e96-c6ca323ffebb-2.jpeg\" \/>\n\t<meta property=\"og:image:width\" content=\"963\" \/>\n\t<meta property=\"og:image:height\" content=\"493\" \/>\n\t<meta property=\"og:image:type\" content=\"image\/jpeg\" \/>\n<meta name=\"author\" content=\"Redacci\u00f3n QP\" \/>\n<meta name=\"twitter:card\" content=\"summary_large_image\" \/>\n<meta name=\"twitter:label1\" content=\"Escrito por\" \/>\n\t<meta name=\"twitter:data1\" content=\"Redacci\u00f3n QP\" \/>\n\t<meta name=\"twitter:label2\" content=\"Tiempo de lectura\" \/>\n\t<meta name=\"twitter:data2\" content=\"5 minutos\" \/>\n<script type=\"application\/ld+json\" class=\"yoast-schema-graph\">{\"@context\":\"https:\\\/\\\/schema.org\",\"@graph\":[{\"@type\":\"Article\",\"@id\":\"https:\\\/\\\/quehacerpolitico.mx\\\/?p=115193#article\",\"isPartOf\":{\"@id\":\"https:\\\/\\\/quehacerpolitico.mx\\\/?p=115193\"},\"author\":{\"name\":\"Redacci\u00f3n QP\",\"@id\":\"https:\\\/\\\/quehacerpolitico.mx\\\/#\\\/schema\\\/person\\\/496d8ad2d1d3f8036101dca7ee39e585\"},\"headline\":\"El Quehacer Pol\u00edtico a trav\u00e9s de la opini\u00f3n\\\/\\\/\\\/Carolina Alonso Romei\\\/\\\/\\\/Trump afirma que lleg\u00f3 a un acuerdo en llamada con Sheinbaum: productos del T-MEC no pagar\u00e1n aranceles\",\"datePublished\":\"2025-03-06T17:42:32+00:00\",\"dateModified\":\"2025-03-06T17:42:34+00:00\",\"mainEntityOfPage\":{\"@id\":\"https:\\\/\\\/quehacerpolitico.mx\\\/?p=115193\"},\"wordCount\":966,\"commentCount\":0,\"image\":{\"@id\":\"https:\\\/\\\/quehacerpolitico.mx\\\/?p=115193#primaryimage\"},\"thumbnailUrl\":\"https:\\\/\\\/quehacerpolitico.mx\\\/wp-content\\\/uploads\\\/2025\\\/03\\\/03fa6135-c3fe-44b7-8e96-c6ca323ffebb-2.jpeg\",\"articleSection\":[\"Internacionales\"],\"inLanguage\":\"es\",\"potentialAction\":[{\"@type\":\"CommentAction\",\"name\":\"Comment\",\"target\":[\"https:\\\/\\\/quehacerpolitico.mx\\\/?p=115193#respond\"]}]},{\"@type\":\"WebPage\",\"@id\":\"https:\\\/\\\/quehacerpolitico.mx\\\/?p=115193\",\"url\":\"https:\\\/\\\/quehacerpolitico.mx\\\/?p=115193\",\"name\":\"El Quehacer Pol\u00edtico a trav\u00e9s de la opini\u00f3n\\\/\\\/\\\/Carolina Alonso Romei\\\/\\\/\\\/Trump afirma que lleg\u00f3 a un acuerdo en llamada con Sheinbaum: productos del T-MEC no pagar\u00e1n aranceles -\",\"isPartOf\":{\"@id\":\"https:\\\/\\\/quehacerpolitico.mx\\\/#website\"},\"primaryImageOfPage\":{\"@id\":\"https:\\\/\\\/quehacerpolitico.mx\\\/?p=115193#primaryimage\"},\"image\":{\"@id\":\"https:\\\/\\\/quehacerpolitico.mx\\\/?p=115193#primaryimage\"},\"thumbnailUrl\":\"https:\\\/\\\/quehacerpolitico.mx\\\/wp-content\\\/uploads\\\/2025\\\/03\\\/03fa6135-c3fe-44b7-8e96-c6ca323ffebb-2.jpeg\",\"datePublished\":\"2025-03-06T17:42:32+00:00\",\"dateModified\":\"2025-03-06T17:42:34+00:00\",\"author\":{\"@id\":\"https:\\\/\\\/quehacerpolitico.mx\\\/#\\\/schema\\\/person\\\/496d8ad2d1d3f8036101dca7ee39e585\"},\"breadcrumb\":{\"@id\":\"https:\\\/\\\/quehacerpolitico.mx\\\/?p=115193#breadcrumb\"},\"inLanguage\":\"es\",\"potentialAction\":[{\"@type\":\"ReadAction\",\"target\":[\"https:\\\/\\\/quehacerpolitico.mx\\\/?p=115193\"]}]},{\"@type\":\"ImageObject\",\"inLanguage\":\"es\",\"@id\":\"https:\\\/\\\/quehacerpolitico.mx\\\/?p=115193#primaryimage\",\"url\":\"https:\\\/\\\/quehacerpolitico.mx\\\/wp-content\\\/uploads\\\/2025\\\/03\\\/03fa6135-c3fe-44b7-8e96-c6ca323ffebb-2.jpeg\",\"contentUrl\":\"https:\\\/\\\/quehacerpolitico.mx\\\/wp-content\\\/uploads\\\/2025\\\/03\\\/03fa6135-c3fe-44b7-8e96-c6ca323ffebb-2.jpeg\",\"width\":963,\"height\":493},{\"@type\":\"BreadcrumbList\",\"@id\":\"https:\\\/\\\/quehacerpolitico.mx\\\/?p=115193#breadcrumb\",\"itemListElement\":[{\"@type\":\"ListItem\",\"position\":1,\"name\":\"Inicio\",\"item\":\"https:\\\/\\\/quehacerpolitico.mx\\\/\"},{\"@type\":\"ListItem\",\"position\":2,\"name\":\"El Quehacer Pol\u00edtico a trav\u00e9s de la opini\u00f3n\\\/\\\/\\\/Carolina Alonso Romei\\\/\\\/\\\/Trump afirma que lleg\u00f3 a un acuerdo en llamada con Sheinbaum: productos del T-MEC no pagar\u00e1n aranceles\"}]},{\"@type\":\"WebSite\",\"@id\":\"https:\\\/\\\/quehacerpolitico.mx\\\/#website\",\"url\":\"https:\\\/\\\/quehacerpolitico.mx\\\/\",\"name\":\"\",\"description\":\"\",\"potentialAction\":[{\"@type\":\"SearchAction\",\"target\":{\"@type\":\"EntryPoint\",\"urlTemplate\":\"https:\\\/\\\/quehacerpolitico.mx\\\/?s={search_term_string}\"},\"query-input\":{\"@type\":\"PropertyValueSpecification\",\"valueRequired\":true,\"valueName\":\"search_term_string\"}}],\"inLanguage\":\"es\"},{\"@type\":\"Person\",\"@id\":\"https:\\\/\\\/quehacerpolitico.mx\\\/#\\\/schema\\\/person\\\/496d8ad2d1d3f8036101dca7ee39e585\",\"name\":\"Redacci\u00f3n QP\",\"image\":{\"@type\":\"ImageObject\",\"inLanguage\":\"es\",\"@id\":\"https:\\\/\\\/secure.gravatar.com\\\/avatar\\\/c7164ed6fdec453195284ad24a5ae5b6e1eed2b848477fa2a4787ba9adf39a41?s=96&d=mm&r=g\",\"url\":\"https:\\\/\\\/secure.gravatar.com\\\/avatar\\\/c7164ed6fdec453195284ad24a5ae5b6e1eed2b848477fa2a4787ba9adf39a41?s=96&d=mm&r=g\",\"contentUrl\":\"https:\\\/\\\/secure.gravatar.com\\\/avatar\\\/c7164ed6fdec453195284ad24a5ae5b6e1eed2b848477fa2a4787ba9adf39a41?s=96&d=mm&r=g\",\"caption\":\"Redacci\u00f3n QP\"},\"url\":\"https:\\\/\\\/quehacerpolitico.mx\\\/?author=2\"}]}<\/script>\n<!-- \/ Yoast SEO plugin. -->","yoast_head_json":{"title":"El Quehacer Pol\u00edtico a trav\u00e9s de la opini\u00f3n\/\/\/Carolina Alonso Romei\/\/\/Trump afirma que lleg\u00f3 a un acuerdo en llamada con Sheinbaum: productos del T-MEC no pagar\u00e1n aranceles -","robots":{"index":"index","follow":"follow","max-snippet":"max-snippet:-1","max-image-preview":"max-image-preview:large","max-video-preview":"max-video-preview:-1"},"canonical":"https:\/\/quehacerpolitico.mx\/?p=115193","og_locale":"es_MX","og_type":"article","og_title":"El Quehacer Pol\u00edtico a trav\u00e9s de la opini\u00f3n\/\/\/Carolina Alonso Romei\/\/\/Trump afirma que lleg\u00f3 a un acuerdo en llamada con Sheinbaum: productos del T-MEC no pagar\u00e1n aranceles -","og_description":"Por Carolina Alonso Romei Internacionalista El encuentro ocurre en el marco de esta medida aplicada...","og_url":"https:\/\/quehacerpolitico.mx\/?p=115193","article_published_time":"2025-03-06T17:42:32+00:00","article_modified_time":"2025-03-06T17:42:34+00:00","og_image":[{"width":963,"height":493,"url":"https:\/\/quehacerpolitico.mx\/wp-content\/uploads\/2025\/03\/03fa6135-c3fe-44b7-8e96-c6ca323ffebb-2.jpeg","type":"image\/jpeg"}],"author":"Redacci\u00f3n QP","twitter_card":"summary_large_image","twitter_misc":{"Escrito por":"Redacci\u00f3n QP","Tiempo de lectura":"5 minutos"},"schema":{"@context":"https:\/\/schema.org","@graph":[{"@type":"Article","@id":"https:\/\/quehacerpolitico.mx\/?p=115193#article","isPartOf":{"@id":"https:\/\/quehacerpolitico.mx\/?p=115193"},"author":{"name":"Redacci\u00f3n QP","@id":"https:\/\/quehacerpolitico.mx\/#\/schema\/person\/496d8ad2d1d3f8036101dca7ee39e585"},"headline":"El Quehacer Pol\u00edtico a trav\u00e9s de la opini\u00f3n\/\/\/Carolina Alonso Romei\/\/\/Trump afirma que lleg\u00f3 a un acuerdo en llamada con Sheinbaum: productos del T-MEC no pagar\u00e1n aranceles","datePublished":"2025-03-06T17:42:32+00:00","dateModified":"2025-03-06T17:42:34+00:00","mainEntityOfPage":{"@id":"https:\/\/quehacerpolitico.mx\/?p=115193"},"wordCount":966,"commentCount":0,"image":{"@id":"https:\/\/quehacerpolitico.mx\/?p=115193#primaryimage"},"thumbnailUrl":"https:\/\/quehacerpolitico.mx\/wp-content\/uploads\/2025\/03\/03fa6135-c3fe-44b7-8e96-c6ca323ffebb-2.jpeg","articleSection":["Internacionales"],"inLanguage":"es","potentialAction":[{"@type":"CommentAction","name":"Comment","target":["https:\/\/quehacerpolitico.mx\/?p=115193#respond"]}]},{"@type":"WebPage","@id":"https:\/\/quehacerpolitico.mx\/?p=115193","url":"https:\/\/quehacerpolitico.mx\/?p=115193","name":"El Quehacer Pol\u00edtico a trav\u00e9s de la opini\u00f3n\/\/\/Carolina Alonso Romei\/\/\/Trump afirma que lleg\u00f3 a un acuerdo en llamada con Sheinbaum: productos del T-MEC no pagar\u00e1n aranceles -","isPartOf":{"@id":"https:\/\/quehacerpolitico.mx\/#website"},"primaryImageOfPage":{"@id":"https:\/\/quehacerpolitico.mx\/?p=115193#primaryimage"},"image":{"@id":"https:\/\/quehacerpolitico.mx\/?p=115193#primaryimage"},"thumbnailUrl":"https:\/\/quehacerpolitico.mx\/wp-content\/uploads\/2025\/03\/03fa6135-c3fe-44b7-8e96-c6ca323ffebb-2.jpeg","datePublished":"2025-03-06T17:42:32+00:00","dateModified":"2025-03-06T17:42:34+00:00","author":{"@id":"https:\/\/quehacerpolitico.mx\/#\/schema\/person\/496d8ad2d1d3f8036101dca7ee39e585"},"breadcrumb":{"@id":"https:\/\/quehacerpolitico.mx\/?p=115193#breadcrumb"},"inLanguage":"es","potentialAction":[{"@type":"ReadAction","target":["https:\/\/quehacerpolitico.mx\/?p=115193"]}]},{"@type":"ImageObject","inLanguage":"es","@id":"https:\/\/quehacerpolitico.mx\/?p=115193#primaryimage","url":"https:\/\/quehacerpolitico.mx\/wp-content\/uploads\/2025\/03\/03fa6135-c3fe-44b7-8e96-c6ca323ffebb-2.jpeg","contentUrl":"https:\/\/quehacerpolitico.mx\/wp-content\/uploads\/2025\/03\/03fa6135-c3fe-44b7-8e96-c6ca323ffebb-2.jpeg","width":963,"height":493},{"@type":"BreadcrumbList","@id":"https:\/\/quehacerpolitico.mx\/?p=115193#breadcrumb","itemListElement":[{"@type":"ListItem","position":1,"name":"Inicio","item":"https:\/\/quehacerpolitico.mx\/"},{"@type":"ListItem","position":2,"name":"El Quehacer Pol\u00edtico a trav\u00e9s de la opini\u00f3n\/\/\/Carolina Alonso Romei\/\/\/Trump afirma que lleg\u00f3 a un acuerdo en llamada con Sheinbaum: productos del T-MEC no pagar\u00e1n aranceles"}]},{"@type":"WebSite","@id":"https:\/\/quehacerpolitico.mx\/#website","url":"https:\/\/quehacerpolitico.mx\/","name":"","description":"","potentialAction":[{"@type":"SearchAction","target":{"@type":"EntryPoint","urlTemplate":"https:\/\/quehacerpolitico.mx\/?s={search_term_string}"},"query-input":{"@type":"PropertyValueSpecification","valueRequired":true,"valueName":"search_term_string"}}],"inLanguage":"es"},{"@type":"Person","@id":"https:\/\/quehacerpolitico.mx\/#\/schema\/person\/496d8ad2d1d3f8036101dca7ee39e585","name":"Redacci\u00f3n QP","image":{"@type":"ImageObject","inLanguage":"es","@id":"https:\/\/secure.gravatar.com\/avatar\/c7164ed6fdec453195284ad24a5ae5b6e1eed2b848477fa2a4787ba9adf39a41?s=96&d=mm&r=g","url":"https:\/\/secure.gravatar.com\/avatar\/c7164ed6fdec453195284ad24a5ae5b6e1eed2b848477fa2a4787ba9adf39a41?s=96&d=mm&r=g","contentUrl":"https:\/\/secure.gravatar.com\/avatar\/c7164ed6fdec453195284ad24a5ae5b6e1eed2b848477fa2a4787ba9adf39a41?s=96&d=mm&r=g","caption":"Redacci\u00f3n QP"},"url":"https:\/\/quehacerpolitico.mx\/?author=2"}]}},"featured_image_urls":{"full":["https:\/\/quehacerpolitico.mx\/wp-content\/uploads\/2025\/03\/03fa6135-c3fe-44b7-8e96-c6ca323ffebb-2.jpeg",963,493,false],"thumbnail":["https:\/\/quehacerpolitico.mx\/wp-content\/uploads\/2025\/03\/03fa6135-c3fe-44b7-8e96-c6ca323ffebb-2-150x150.jpeg",150,150,true],"medium":["https:\/\/quehacerpolitico.mx\/wp-content\/uploads\/2025\/03\/03fa6135-c3fe-44b7-8e96-c6ca323ffebb-2-300x154.jpeg",300,154,true],"medium_large":["https:\/\/quehacerpolitico.mx\/wp-content\/uploads\/2025\/03\/03fa6135-c3fe-44b7-8e96-c6ca323ffebb-2-768x393.jpeg",640,328,true],"large":["https:\/\/quehacerpolitico.mx\/wp-content\/uploads\/2025\/03\/03fa6135-c3fe-44b7-8e96-c6ca323ffebb-2.jpeg",640,328,false],"1536x1536":["https:\/\/quehacerpolitico.mx\/wp-content\/uploads\/2025\/03\/03fa6135-c3fe-44b7-8e96-c6ca323ffebb-2.jpeg",963,493,false],"2048x2048":["https:\/\/quehacerpolitico.mx\/wp-content\/uploads\/2025\/03\/03fa6135-c3fe-44b7-8e96-c6ca323ffebb-2.jpeg",963,493,false],"covernews-featured":["https:\/\/quehacerpolitico.mx\/wp-content\/uploads\/2025\/03\/03fa6135-c3fe-44b7-8e96-c6ca323ffebb-2.jpeg",963,493,false],"covernews-medium":["https:\/\/quehacerpolitico.mx\/wp-content\/uploads\/2025\/03\/03fa6135-c3fe-44b7-8e96-c6ca323ffebb-2-540x340.jpeg",540,340,true]},"author_info":{"display_name":"Redacci\u00f3n QP","author_link":"https:\/\/quehacerpolitico.mx\/?author=2"},"category_info":"<a href=\"https:\/\/quehacerpolitico.mx\/?cat=1\" rel=\"category\">Internacionales<\/a>","tag_info":"Internacionales","comment_count":"0","_links":{"self":[{"href":"https:\/\/quehacerpolitico.mx\/index.php?rest_route=\/wp\/v2\/posts\/115193","targetHints":{"allow":["GET"]}}],"collection":[{"href":"https:\/\/quehacerpolitico.mx\/index.php?rest_route=\/wp\/v2\/posts"}],"about":[{"href":"https:\/\/quehacerpolitico.mx\/index.php?rest_route=\/wp\/v2\/types\/post"}],"author":[{"embeddable":true,"href":"https:\/\/quehacerpolitico.mx\/index.php?rest_route=\/wp\/v2\/users\/2"}],"replies":[{"embeddable":true,"href":"https:\/\/quehacerpolitico.mx\/index.php?rest_route=%2Fwp%2Fv2%2Fcomments&post=115193"}],"version-history":[{"count":1,"href":"https:\/\/quehacerpolitico.mx\/index.php?rest_route=\/wp\/v2\/posts\/115193\/revisions"}],"predecessor-version":[{"id":115196,"href":"https:\/\/quehacerpolitico.mx\/index.php?rest_route=\/wp\/v2\/posts\/115193\/revisions\/115196"}],"wp:featuredmedia":[{"embeddable":true,"href":"https:\/\/quehacerpolitico.mx\/index.php?rest_route=\/wp\/v2\/media\/115195"}],"wp:attachment":[{"href":"https:\/\/quehacerpolitico.mx\/index.php?rest_route=%2Fwp%2Fv2%2Fmedia&parent=115193"}],"wp:term":[{"taxonomy":"category","embeddable":true,"href":"https:\/\/quehacerpolitico.mx\/index.php?rest_route=%2Fwp%2Fv2%2Fcategories&post=115193"},{"taxonomy":"post_tag","embeddable":true,"href":"https:\/\/quehacerpolitico.mx\/index.php?rest_route=%2Fwp%2Fv2%2Ftags&post=115193"}],"curies":[{"name":"wp","href":"https:\/\/api.w.org\/{rel}","templated":true}]}}