{"id":115172,"date":"2025-03-06T11:06:38","date_gmt":"2025-03-06T17:06:38","guid":{"rendered":"https:\/\/quehacerpolitico.mx\/?p=115172"},"modified":"2025-03-06T11:06:41","modified_gmt":"2025-03-06T17:06:41","slug":"la-secretaria-de-cultura-del-gobierno-de-mexico-conmemora-el-8m","status":"publish","type":"post","link":"https:\/\/quehacerpolitico.mx\/?p=115172","title":{"rendered":"LA SECRETAR\u00cdA DE CULTURA DEL GOBIERNO DE M\u00c9XICO\u00a0CONMEMORA EL 8M"},"content":{"rendered":"\n<p>Por Redacci\u00f3n QP<\/p>\n\n\n\n<ul class=\"wp-block-list\">\n<li><strong>En todo el pa\u00eds habr\u00e1 actividades que invitan a reflexionar sobre el papel de las mujeres en la cultura y el arte<\/strong><\/li>\n\n\n\n<li><strong>La programaci\u00f3n, que abarca todo el mes de marzo, incluye la Muestra de Cine de Realizadoras Ind\u00edgenas, la exposici\u00f3n \u201cMujer Huipil: Urdimbres y Puntadas\u201d, una exhibici\u00f3n de<em>\u00a0longboard\u00a0<\/em>y el Encuentro Nacional de Escritoras en Lenguas Ind\u00edgenas. Recital de Poes\u00eda en Lenguas Originarias, entre\u00a0<\/strong><strong>otras<\/strong><\/li>\n\n\n\n<li><strong>La cartelera completa se encuentra en\u00a0<\/strong><strong><u><a href=\"https:\/\/www.mexicoescultura.com\/\" target=\"_blank\" rel=\"noreferrer noopener\">mexicoescultura.com<\/a><\/u><\/strong><\/li>\n<\/ul>\n\n\n\n<p>Con el objetivo de reconocer el papel de las mujeres en el arte, la historia, la tecnolog\u00eda y m\u00e1s&nbsp;\u00e1reas del conocimiento, en el marco del 8 de marzo 2025, D\u00eda Internacional de la Mujer, la Secretar\u00eda de Cultura del Gobierno de M\u00e9xico alista una serie de actividades en distintas sedes del pa\u00eds, dedicadas a diversos p\u00fablicos.<\/p>\n\n\n\n<p>Por ejemplo, ma\u00f1ana, 5 de marzo, en la Fonoteca Nacional empieza el \u201c2\u00b0 Encuentro virtual: El legado de las mujeres en la preservaci\u00f3n del patrimonio sonoro, fotogr\u00e1fico y audiovisual: una perspectiva iberoamericana\u201d, que organizan&nbsp;la casa de los sonidos de M\u00e9xico e Ibermemoria sonora y audiovisual.<\/p>\n\n\n\n<figure class=\"wp-block-image size-large\"><img loading=\"lazy\" decoding=\"async\" width=\"819\" height=\"1024\" src=\"https:\/\/quehacerpolitico.mx\/wp-content\/uploads\/2025\/03\/image-819x1024.png\" alt=\"\" class=\"wp-image-115174\" srcset=\"https:\/\/quehacerpolitico.mx\/wp-content\/uploads\/2025\/03\/image-819x1024.png 819w, https:\/\/quehacerpolitico.mx\/wp-content\/uploads\/2025\/03\/image-240x300.png 240w, https:\/\/quehacerpolitico.mx\/wp-content\/uploads\/2025\/03\/image-768x960.png 768w, https:\/\/quehacerpolitico.mx\/wp-content\/uploads\/2025\/03\/image-1024x1280.png 1024w, https:\/\/quehacerpolitico.mx\/wp-content\/uploads\/2025\/03\/image.png 1080w\" sizes=\"auto, (max-width: 819px) 100vw, 819px\" \/><\/figure>\n\n\n\n<p>En dos d\u00edas, investigadoras, conservadoras, digitalizadoras, curadoras y gestoras iberoamericanas compartir\u00e1n experiencias en la preservaci\u00f3n y difusi\u00f3n del patrimonio documental en audio, fotograf\u00eda y video.<\/p>\n\n\n\n<p>En&nbsp;la presente&nbsp;edici\u00f3n se destacar\u00e1n iniciativas lideradas por mujeres ind\u00edgenas y afrodescendientes, as\u00ed como proyectos que resguardan y promueven los saberes de&nbsp;dichas&nbsp;comunidades. Habr\u00e1 transmisi\u00f3n a trav\u00e9s de los canales de YouTube de la Fonoteca.<\/p>\n\n\n\n<p>El Centro de la Imagen presenta, como parte del ciclo de clases abiertas \u201cTips para la vida profesional\u201d,&nbsp;la sesi\u00f3n \u201c\u00bfC\u00f3mo profesionalizo mi quehacer art\u00edstico?\u201d, el jueves 6 de marzo a las 19:00 h, en el Auditorio de la instituci\u00f3n.<\/p>\n\n\n\n<figure class=\"wp-block-image size-large\"><img loading=\"lazy\" decoding=\"async\" width=\"819\" height=\"1024\" src=\"https:\/\/quehacerpolitico.mx\/wp-content\/uploads\/2025\/03\/image-3-819x1024.jpeg\" alt=\"\" class=\"wp-image-115175\" srcset=\"https:\/\/quehacerpolitico.mx\/wp-content\/uploads\/2025\/03\/image-3-819x1024.jpeg 819w, https:\/\/quehacerpolitico.mx\/wp-content\/uploads\/2025\/03\/image-3-240x300.jpeg 240w, https:\/\/quehacerpolitico.mx\/wp-content\/uploads\/2025\/03\/image-3-768x960.jpeg 768w, https:\/\/quehacerpolitico.mx\/wp-content\/uploads\/2025\/03\/image-3-1024x1280.jpeg 1024w, https:\/\/quehacerpolitico.mx\/wp-content\/uploads\/2025\/03\/image-3.jpeg 1080w\" sizes=\"auto, (max-width: 819px) 100vw, 819px\" \/><\/figure>\n\n\n\n<p>En&nbsp;la&nbsp;sesi\u00f3n participar\u00e1n Violeta Celis y Greta Rico, quienes compartir\u00e1n aspectos a considerar para profesionalizar el quehacer art\u00edstico y aspectos a considerar en los procesos de co-participaci\u00f3n social en el arte.<\/p>\n\n\n\n<p>El ciclo orienta sobre la creaci\u00f3n, exhibici\u00f3n, preservaci\u00f3n y difusi\u00f3n en el \u00e1mbito de la fotograf\u00eda y la imagen a partir de la experiencia del equipo del Centro de la Imagen y especialistas del medio.<\/p>\n\n\n\n<p>En Tlaxcala, La Colmena: Centro de Tecnolog\u00edas Creativas, Grace Quintanilla presenta&nbsp;<em>Mujer: Voces del coraz\u00f3n<\/em>, un archivo sonoro colaborativo que re\u00fane las voces de 60 mujeres de Tlaxcala y la regi\u00f3n que se unen a trav\u00e9s de frases y palabras espec\u00edficas, con la finalidad de consolidar una red comunitaria de mediante la voz y el arte, y crear un ejercicio de autoconciencia.<em>&nbsp;<\/em>Forma parte del proyecto art\u00edstico en curso de Teresa \u00c1lvarez. Est\u00e1 disponible para todo el p\u00fablico durante marzo de 2025 en el Jard\u00edn Sonoro del Palacio de Cultura.<\/p>\n\n\n\n<figure class=\"wp-block-image size-large\"><img loading=\"lazy\" decoding=\"async\" width=\"682\" height=\"1024\" src=\"https:\/\/quehacerpolitico.mx\/wp-content\/uploads\/2025\/03\/image-4-682x1024.jpeg\" alt=\"\" class=\"wp-image-115176\" srcset=\"https:\/\/quehacerpolitico.mx\/wp-content\/uploads\/2025\/03\/image-4-682x1024.jpeg 682w, https:\/\/quehacerpolitico.mx\/wp-content\/uploads\/2025\/03\/image-4-200x300.jpeg 200w, https:\/\/quehacerpolitico.mx\/wp-content\/uploads\/2025\/03\/image-4-768x1153.jpeg 768w, https:\/\/quehacerpolitico.mx\/wp-content\/uploads\/2025\/03\/image-4-1023x1536.jpeg 1023w, https:\/\/quehacerpolitico.mx\/wp-content\/uploads\/2025\/03\/image-4-1024x1537.jpeg 1024w, https:\/\/quehacerpolitico.mx\/wp-content\/uploads\/2025\/03\/image-4.jpeg 1066w\" sizes=\"auto, (max-width: 682px) 100vw, 682px\" \/><\/figure>\n\n\n\n<p>En el Museo Nacional de Culturas Populares (MNCP), el 7 de marzo, abre al p\u00fablico la exposici\u00f3n &#8220;Mujer Huipil: Urdimbres y Puntadas&#8221;, una muestra que re\u00fane m\u00e1s de 100 huipiles de 40 pueblos ind\u00edgenas y que destaca la transmisi\u00f3n de conocimientos textiles por parte de las mujeres ind\u00edgenas.<\/p>\n\n\n\n<p>Las piezas que se muestran pertenecen al acervo del MNCP. Algunas se presentaron en la exposici\u00f3n \u201cTextiles extraordinarios\u201d, en las ciudades de Lisboa y Oporto, en Portugal, en 2014. La exhibici\u00f3n se mantendr\u00e1 abierta hasta el 31 de agosto de 2025.<\/p>\n\n\n\n<p>El Instituto Nacional de Estudios Hist\u00f3ricos de las Revoluciones de M\u00e9xico (INEHRM) ofrecer\u00e1 foros y conferencias, entre ellas est\u00e1 &#8220;\u00bfHistoria para qui\u00e9n?&#8221; el 7 de marzo a las 16:00&nbsp; h, a trav\u00e9s de sus redes sociales.<\/p>\n\n\n\n<p>Se centra en las mujeres historiadoras y en los sujetos hist\u00f3ricamente marginados. Al cuestionar qui\u00e9nes cuentan la historia y con qu\u00e9 prop\u00f3sito, alrededor del libro&nbsp;<em>Historia \u00bfpara qui\u00e9n?<\/em>, el cual<em>&nbsp;<\/em>se convierte en un ejercicio de memoria y justicia. Es un llamado a reconocer a quienes han sido ignoradas y a construir relatos que nos representen a todas.<\/p>\n\n\n\n<figure class=\"wp-block-image size-large\"><img loading=\"lazy\" decoding=\"async\" width=\"661\" height=\"1024\" src=\"https:\/\/quehacerpolitico.mx\/wp-content\/uploads\/2025\/03\/image-5-661x1024.jpeg\" alt=\"\" class=\"wp-image-115177\" srcset=\"https:\/\/quehacerpolitico.mx\/wp-content\/uploads\/2025\/03\/image-5-661x1024.jpeg 661w, https:\/\/quehacerpolitico.mx\/wp-content\/uploads\/2025\/03\/image-5-194x300.jpeg 194w, https:\/\/quehacerpolitico.mx\/wp-content\/uploads\/2025\/03\/image-5-768x1189.jpeg 768w, https:\/\/quehacerpolitico.mx\/wp-content\/uploads\/2025\/03\/image-5-992x1536.jpeg 992w, https:\/\/quehacerpolitico.mx\/wp-content\/uploads\/2025\/03\/image-5-1323x2048.jpeg 1323w, https:\/\/quehacerpolitico.mx\/wp-content\/uploads\/2025\/03\/image-5-1024x1586.jpeg 1024w, https:\/\/quehacerpolitico.mx\/wp-content\/uploads\/2025\/03\/image-5-scaled.jpeg 1653w\" sizes=\"auto, (max-width: 661px) 100vw, 661px\" \/><\/figure>\n\n\n\n<p>Participar\u00e1n Nithia Castorena S\u00e1ens&nbsp;(Universidad Aut\u00f3noma de Chihuahua), Sof\u00eda Crespo Reyes&nbsp;(Facultad de Estudios Superiores Acatl\u00e1n UNAM), Olga Tatiana Jim\u00e9nez&nbsp;(Red de Historiadores Feministas de Chiapas), y Tamara Aranda Ramos&nbsp;(INEHRM).<\/p>\n\n\n\n<p>El mimo d\u00eda, en el Parque de Cultura Urbana (Parcur) de Chapultepec, se llevar\u00e1 a cabo el taller \u201cJuntas rumbo al 8M\u201d, con el Colectivo Swirl Girls y U Can Skate. Aqu\u00ed, se reunir\u00e1n para dise\u00f1ar y producir carteles y mantas en preparaci\u00f3n para la marcha del 8M. A lo largo de la sesi\u00f3n, se trabajar\u00e1 con diferentes t\u00e9cnicas de serigraf\u00eda, est\u00e9ncil y<em>lettering&nbsp;<\/em>manual para plasmar mensajes de lucha y resistencia.<\/p>\n\n\n\n<p><strong>8 de marzo<\/strong><\/p>\n\n\n\n<p>Para quienes quieran contar su historia a trav\u00e9s de un audiovisual, el Instituto Mexicano de Cinematograf\u00eda (IMCINE), en coordinaci\u00f3n con la Secretar\u00eda de las Mujeres, abrir\u00e1 la convocatoria del concurso de guiones para cortometraje \u201cN\u00e1rralo: Mujeres, migraci\u00f3n y territorio\u201d, cuyo periodo de inscripci\u00f3n estar\u00e1 disponible del 8 de marzo al 6 de mayo de 2025.<\/p>\n\n\n\n<p>Adem\u00e1s, el IMCINE, en alianza con la Cineteca Nacional presentan la \u201cMuestra de Cine de Realizadoras Ind\u00edgenas\u201d, que se conforma por 15 filmes (seis largometrajes y nueve cortometrajes) realizados&nbsp;por cineastas ind\u00edgenas mexicanas, quienes, desde sus diferentes or\u00edgenes y miradas, dan voz a historias personales sobre temas universales como el amor, la familia, el dolor, la p\u00e9rdida y la b\u00fasqueda de justicia.<\/p>\n\n\n\n<figure class=\"wp-block-image size-large\"><img loading=\"lazy\" decoding=\"async\" width=\"1024\" height=\"682\" src=\"https:\/\/quehacerpolitico.mx\/wp-content\/uploads\/2025\/03\/image-6-1024x682.jpeg\" alt=\"\" class=\"wp-image-115178\" srcset=\"https:\/\/quehacerpolitico.mx\/wp-content\/uploads\/2025\/03\/image-6-1024x682.jpeg 1024w, https:\/\/quehacerpolitico.mx\/wp-content\/uploads\/2025\/03\/image-6-300x200.jpeg 300w, https:\/\/quehacerpolitico.mx\/wp-content\/uploads\/2025\/03\/image-6-768x512.jpeg 768w, https:\/\/quehacerpolitico.mx\/wp-content\/uploads\/2025\/03\/image-6.jpeg 1280w\" sizes=\"auto, (max-width: 1024px) 100vw, 1024px\" \/><\/figure>\n\n\n\n<p>Las sedes son: Cineteca Nacional M\u00e9xico: 8 al 15 de marzo; Cineteca Nacional Chapultepec: 8 y 9 de marzo; Cineteca Nacional de las Artes: 2 al 9 de mayo y Red de cines independientes en el pa\u00eds y televisoras p\u00fablicas<strong>:<\/strong>&nbsp;8 al 15 de marzo<em>.&nbsp;<\/em>Los<em>&nbsp;<\/em>horarios estar\u00e1n disponibles para consulta en&nbsp;<a href=\"http:\/\/imcine.gob.mx\/\" target=\"_blank\" rel=\"noreferrer noopener\">imcine.gob.mx<\/a>&nbsp;y&nbsp;<a href=\"http:\/\/cinetecanacional.net\/\" target=\"_blank\" rel=\"noreferrer noopener\">cinetecanacional.net<\/a>.<\/p>\n\n\n\n<p>Para apoyar a las productoras originarias, el Mercado El Solar, dentro del Complejo Cultural Los Pinos, recibe el s\u00e1bado 8 y domingo 9 de marzo de 10:00 a 18:00 h a productoras, artesanas y cocineras de distintos puntos del pa\u00eds en un espacio&nbsp;en el que&nbsp;la gastronom\u00eda y la identidad se encuentran. A trav\u00e9s de la venta y muestra de alimentos tradicionales, ingredientes nativos y platillos con historia, ser\u00e1 un punto de encuentro para compartir.<\/p>\n\n\n\n<p>En el Centro Nacional de las Artes (CENART) se realiza el ciclo \u201cM\u00fasica de Mujeres\u201d, durante marzo. El d\u00eda 8 presentan la gala de \u00f3pera &#8220;Mujeres y Divas&#8221;; el 16 de marzo, la pianista Lidia Guerberof Hann protagonizar\u00e1 el concierto \u201cEllas y la m\u00fasica\u201d, con un repertorio de obras de 11 compositoras de nueve pa\u00edses y el 30 de marzo cerrar\u00e1 con el concierto &#8220;Lo gagliardo: compositores ciegos del siglo XV al XVIII&#8221;, interpretado por Lorena Mar\u00eda Peugnet, por mencionar algunas presentaciones.<\/p>\n\n\n\n<p>Artistas del Sistema Creaci\u00f3n tendr\u00e1n presentaciones y talleres. Entre ellas, los domingos 9, 16, 23 y 30 de marzo, a las 10:00 h, se realizar\u00e1 el Taller de Cartoner\u00eda para mujeres, que impartir\u00e1 la artista Brittani Yari Walker Morales, parte de la vertiente J\u00f3venes Creadores, quien ofrecer\u00e1&nbsp;\u2013v\u00eda Zoom\u2013&nbsp;un taller de cartoner\u00eda para mujeres, en el que invita a reflexionar en torno a las corporalidades. El acceso es gratuito y cupo limitado, el registro se puede hacer en<a href=\"mailto:programacion.seguimiento1@cultura.gob.mx\" target=\"_blank\" rel=\"noreferrer noopener\">programacion.seguimiento1@<wbr>cultura.gob.mx<\/a><\/p>\n\n\n\n<p>Del 11 al 27 de marzo, a las 17:00 h, el INEHRM llevar\u00e1 a cabo el curso \u201cMujeres en las artes. Siglo XX\u201d, el cual ofrece un recorrido por la vida y obra de las mujeres que marcaron el panorama art\u00edstico en el pa\u00eds a lo largo del siglo pasado. A pesar de su talento y contribuciones, muchas de ellas han sido excluidas de los relatos oficiales del arte.<\/p>\n\n\n\n<figure class=\"wp-block-image size-large\"><img loading=\"lazy\" decoding=\"async\" width=\"682\" height=\"1024\" src=\"https:\/\/quehacerpolitico.mx\/wp-content\/uploads\/2025\/03\/image-7-682x1024.jpeg\" alt=\"\" class=\"wp-image-115179\" srcset=\"https:\/\/quehacerpolitico.mx\/wp-content\/uploads\/2025\/03\/image-7-682x1024.jpeg 682w, https:\/\/quehacerpolitico.mx\/wp-content\/uploads\/2025\/03\/image-7-200x300.jpeg 200w, https:\/\/quehacerpolitico.mx\/wp-content\/uploads\/2025\/03\/image-7-768x1153.jpeg 768w, https:\/\/quehacerpolitico.mx\/wp-content\/uploads\/2025\/03\/image-7-1023x1536.jpeg 1023w, https:\/\/quehacerpolitico.mx\/wp-content\/uploads\/2025\/03\/image-7-1024x1537.jpeg 1024w, https:\/\/quehacerpolitico.mx\/wp-content\/uploads\/2025\/03\/image-7.jpeg 1066w\" sizes=\"auto, (max-width: 682px) 100vw, 682px\" \/><\/figure>\n\n\n\n<p>El curso rescata su legado, analiza sus aportes en distintas disciplinas y comprende el impacto de su trabajo en la cultura mexicana y m\u00e1s all\u00e1. El curso ser\u00e1 h\u00edbrido, presencial en la sede del INEHRM (<a href=\"https:\/\/www.google.com\/maps\/search\/Plaza+del+Carmen+27?entry=gmail&amp;source=g\">Plaza del Carmen 27<\/a>, col. San \u00c1ngel, alcald\u00eda \u00c1lvaro Obreg\u00f3n) y virtual a trav\u00e9s de Facebook (\/inehrm.fanpage) y YouTube (Canal INEHRM).<\/p>\n\n\n\n<p>Las sesiones ser\u00e1n abiertas para todo p\u00fablico y gratuitas; para obtener un diploma de participaci\u00f3n, habr\u00e1 que registrarse en el formulario (<a href=\"https:\/\/www.inehrm.gob.mx\/es\/inehrm\/Mujeres_en_las_artes_Siglo_XX\" target=\"_blank\" rel=\"noreferrer noopener\">inehrm.gob.mx\/es\/inehrm\/<wbr>Mujeres_en_las_artes_Siglo_XX<\/a>), el cual cierra el 6 de marzo.<\/p>\n\n\n\n<p>Tambi\u00e9n, el martes 11 de marzo, a las 19:30 h, en la Cineteca Nacional se tendr\u00e1 una funci\u00f3n al aire libre de&nbsp;<em>Rita, el documental.&nbsp;<\/em>Ser\u00e1 una exhibici\u00f3n gratuita en homenaje a la pionera del rock Rita Guerrero. Un tributo a su legado en la m\u00fasica y su lucha incansable contra el c\u00e1ncer.&nbsp;<\/p>\n\n\n\n<p>Los Semilleros Creativos se suman con talleres, exposiciones, conversatorios, muestras art\u00edsticas, y m\u00e1s abiertas a todo p\u00fablico. Con la l\u00ednea tem\u00e1tica \u201cMujeres en mi comunidad\u201d, que reconoce su papel en la sociedad y la lucha por la equidad de g\u00e9nero, algunas de las actividades son: la proyecci\u00f3n del documental&nbsp;<em>Brillo de mujer,&nbsp;<\/em>en Sinaloa el 7 de marzo, la puesta en escena&nbsp;<em>Mujeres Tu\u2019un Sav<\/em>i, en Guerrero el 7 de marzo, y la exposici\u00f3n art\u00edstica \u201cEl poder de la mujer\u201d, en Campeche el 28 de marzo.<\/p>\n\n\n\n<p>El d\u00eda 9, el Parque de Cultura Urbana (Parcur) ser\u00e1 sede de una exhibici\u00f3n de&nbsp;<em>Longboard<\/em>&nbsp;Femenil, por parte del Colectivo Swirl Girls y U Can Ska.&nbsp; Ah\u00ed las&nbsp;<em>skaters<\/em>&nbsp;combinar\u00e1n velocidad, estilo y t\u00e9cnica. Con&nbsp;<em>downhill, slides&nbsp;<\/em>y&nbsp;<em>freestyle<\/em>&nbsp;cada patinadora mostrar\u00e1 su versatilidad y creatividad. Adem\u00e1s, habr\u00e1 un espacio de intercambio&nbsp;en el que&nbsp;compartir\u00e1n experiencias sobre la comunidad de chicas en el<em>skate<\/em>.<\/p>\n\n\n\n<p><strong>Actividades durante todo el mes<\/strong><\/p>\n\n\n\n<p>El s\u00e1bado 15 de marzo, la Coordinaci\u00f3n Nacional de Literatura del Instituto Nacional de Bellas Artes y Literatura (INBAL) presenta a 10 autoras ind\u00edgenas quienes leer\u00e1n parte de su obra en su lengua materna, con el fin de reconocer, entender y valorar la diversidad literaria que enriquece la cultura nacional.<\/p>\n\n\n\n<p>Se trata del Encuentro Nacional de Escritoras en Lenguas Ind\u00edgenas, en el que tendr\u00e1 lugar el&nbsp;\u201cRecital de Poes\u00eda en Lenguas Originarias\u201d. Participar\u00e1n&nbsp;Natalia Toledo, Ateri Miyawatl, Celerina Patricia S\u00e1nchez, Juana Karen Pe\u00f1ate, Mikeas S\u00e1nchez, Rosario Patricio, Emilia Buitimea, Rub\u00ed Huerta, Ruperta Bautista y Sasil S\u00e1nchez. Esta actividad ser\u00e1 entrada libre y se realizar\u00e1 el 15 de marzo a las 12:00 h, en la Sala Principal del Palacio de Bellas Artes.<\/p>\n\n\n\n<figure class=\"wp-block-image size-large\"><img loading=\"lazy\" decoding=\"async\" width=\"1024\" height=\"1024\" src=\"https:\/\/quehacerpolitico.mx\/wp-content\/uploads\/2025\/03\/image-8-1024x1024.jpeg\" alt=\"\" class=\"wp-image-115180\" srcset=\"https:\/\/quehacerpolitico.mx\/wp-content\/uploads\/2025\/03\/image-8-1024x1024.jpeg 1024w, https:\/\/quehacerpolitico.mx\/wp-content\/uploads\/2025\/03\/image-8-300x300.jpeg 300w, https:\/\/quehacerpolitico.mx\/wp-content\/uploads\/2025\/03\/image-8-150x150.jpeg 150w, https:\/\/quehacerpolitico.mx\/wp-content\/uploads\/2025\/03\/image-8-768x768.jpeg 768w, https:\/\/quehacerpolitico.mx\/wp-content\/uploads\/2025\/03\/image-8-1536x1536.jpeg 1536w, https:\/\/quehacerpolitico.mx\/wp-content\/uploads\/2025\/03\/image-8-2048x2048.jpeg 2048w\" sizes=\"auto, (max-width: 1024px) 100vw, 1024px\" \/><\/figure>\n\n\n\n<p>El mismo d\u00eda, a las 13:30 h, en el Auditorio Blas Galindo del CENART, la&nbsp;Orquesta Escuela Carlos Ch\u00e1vez&nbsp;(OECCh) presenta el Programa 5 de la temporada de conciertos 2025 \u2013 I,&nbsp;con el t\u00edtulo \u201cEn manos de mujeres\u201d, que juega con la figura de la metaf\u00f3rica de las \u201cmanos\u201d como fuente de creatividad y poder, como veh\u00edculo integrador de expresiones, sentimientos y pensamientos que emergen del ser; un recorrido musical traducido desde la mirada y sentimiento de las mujeres.<\/p>\n\n\n\n<p>El sonido creado por las manos e instrumentos de Cecilia Becerra&nbsp;\u2013violinista\u2013&nbsp;y Marisa Canales&nbsp;\u2013flautista\u2013&nbsp;protagonizar\u00e1 el programa musical, en el que la OECCH ejecutar\u00e1 obras de m\u00fasicos mexicanos como Eugenio Toussaint, Ricardo Mart\u00edn Jauregu\u00ed y el ruso Dmitri Dudin.<\/p>\n\n\n\n<p>M\u00e1s adelante en el mes, el mi\u00e9rcoles 19, de marzo, a las 19:00 h, el Sistema Creaci\u00f3n ofrece la clase magistral&nbsp;\u201cLa mirada. Escritura audiovisual desde lo femenino\u201d, con Aleluya Rivera Rodr\u00edguez. La sesi\u00f3n, que se llevar\u00e1 a cabo v\u00eda Zoom, propone&nbsp;una mirada desde la escritura, para que el contenido audiovisual no fomente la desigualdad. El acceso es gratuito con cupo limitado; el registro para ser parte de esta clase se puede realizar en&nbsp;<a href=\"mailto:programacion.coordinacion@cultura.gob.mx\" target=\"_blank\" rel=\"noreferrer noopener\">programacion.coordinacion@<wbr>cultura.gob.mx<\/a>.&nbsp;<\/p>\n\n\n\n<p>El s\u00e1bado 22 de marzo de 2025, en el Ex Teresa Arte Actual, abre al p\u00fablico la exposici\u00f3n \u201c\u00a1AHORA QUE S\u00cd NOS VEN! Fotograf\u00eda y gr\u00e1fica feminista de M\u00e9xico y Chile\u201d. Re\u00fane m\u00e1s de 100 obras en formatos como fotograf\u00edas, carteles, serigraf\u00edas e intervenciones realizadas&nbsp;<em>in situ<\/em>, con el objetivo de dar a conocer la memoria visual y la historia del movimiento feminista en M\u00e9xico y Chile, visto a trav\u00e9s de la mirada y la presencia de artistas y&nbsp;<em>artivistas<\/em>, hermanadas por las luchas y causas feministas en ambos pa\u00edses.<\/p>\n\n\n\n<p>Del 27 al 30 de marzo, en el Teatro de la&nbsp;Danza&nbsp;Guillermina Bravo, el Centro de Producci\u00f3n de Danza Contempor\u00e1nea (CEPRODAC) presenta:&nbsp;<em>Siempre es&#8230; tiempo de mujeres.&nbsp;<\/em>Un programa que celebra la diversidad, fuerza y creatividad de la mujer a trav\u00e9s de la danza contempor\u00e1nea.<\/p>\n\n\n\n<p>Se presentan tres piezas, creadas por tres core\u00f3grafas:&nbsp;<em>Espacio sin l\u00edmite<\/em>, de Alejandra Ram\u00edrez;&nbsp;<em>Geograf\u00edas del cuerpo<\/em>, de<em>&nbsp;<\/em>Xitlali Pi\u00f1a Poujol, y&nbsp;<em>Jugar con una granada en la mano<\/em>, de Gabriela Medina. Cada una refleja una perspectiva \u00fanica sobre la experiencia femenina,que explora&nbsp;temas como la identidad, resiliencia, el cuerpo como territorio de memorias y los espacios sin l\u00edmites.<\/p>\n","protected":false},"excerpt":{"rendered":"<p>Por Redacci\u00f3n QP Con el objetivo de reconocer el papel de las mujeres en el&#8230;<\/p>\n","protected":false},"author":2,"featured_media":115181,"comment_status":"open","ping_status":"open","sticky":false,"template":"","format":"standard","meta":{"_monsterinsights_skip_tracking":false,"_monsterinsights_sitenote_active":false,"_monsterinsights_sitenote_note":"","_monsterinsights_sitenote_category":0,"footnotes":""},"categories":[58],"tags":[],"class_list":["post-115172","post","type-post","status-publish","format-standard","has-post-thumbnail","hentry","category-cultura"],"yoast_head":"<!-- This site is optimized with the Yoast SEO plugin v27.3 - https:\/\/yoast.com\/product\/yoast-seo-wordpress\/ -->\n<title>LA SECRETAR\u00cdA DE CULTURA DEL GOBIERNO DE M\u00c9XICO\u00a0CONMEMORA EL 8M -<\/title>\n<meta name=\"robots\" content=\"index, follow, max-snippet:-1, max-image-preview:large, max-video-preview:-1\" \/>\n<link rel=\"canonical\" href=\"https:\/\/quehacerpolitico.mx\/?p=115172\" \/>\n<meta property=\"og:locale\" content=\"es_MX\" \/>\n<meta property=\"og:type\" content=\"article\" \/>\n<meta property=\"og:title\" content=\"LA SECRETAR\u00cdA DE CULTURA DEL GOBIERNO DE M\u00c9XICO\u00a0CONMEMORA EL 8M -\" \/>\n<meta property=\"og:description\" content=\"Por Redacci\u00f3n QP Con el objetivo de reconocer el papel de las mujeres en el...\" \/>\n<meta property=\"og:url\" content=\"https:\/\/quehacerpolitico.mx\/?p=115172\" \/>\n<meta property=\"article:published_time\" content=\"2025-03-06T17:06:38+00:00\" \/>\n<meta property=\"article:modified_time\" content=\"2025-03-06T17:06:41+00:00\" \/>\n<meta property=\"og:image\" content=\"https:\/\/quehacerpolitico.mx\/wp-content\/uploads\/2025\/03\/IMG_1010-1.jpeg\" \/>\n\t<meta property=\"og:image:width\" content=\"2360\" \/>\n\t<meta property=\"og:image:height\" content=\"1573\" \/>\n\t<meta property=\"og:image:type\" content=\"image\/jpeg\" \/>\n<meta name=\"author\" content=\"Redacci\u00f3n QP\" \/>\n<meta name=\"twitter:card\" content=\"summary_large_image\" \/>\n<meta name=\"twitter:label1\" content=\"Escrito por\" \/>\n\t<meta name=\"twitter:data1\" content=\"Redacci\u00f3n QP\" \/>\n\t<meta name=\"twitter:label2\" content=\"Tiempo de lectura\" \/>\n\t<meta name=\"twitter:data2\" content=\"11 minutos\" \/>\n<script type=\"application\/ld+json\" class=\"yoast-schema-graph\">{\"@context\":\"https:\\\/\\\/schema.org\",\"@graph\":[{\"@type\":\"Article\",\"@id\":\"https:\\\/\\\/quehacerpolitico.mx\\\/?p=115172#article\",\"isPartOf\":{\"@id\":\"https:\\\/\\\/quehacerpolitico.mx\\\/?p=115172\"},\"author\":{\"name\":\"Redacci\u00f3n QP\",\"@id\":\"https:\\\/\\\/quehacerpolitico.mx\\\/#\\\/schema\\\/person\\\/496d8ad2d1d3f8036101dca7ee39e585\"},\"headline\":\"LA SECRETAR\u00cdA DE CULTURA DEL GOBIERNO DE M\u00c9XICO\u00a0CONMEMORA EL 8M\",\"datePublished\":\"2025-03-06T17:06:38+00:00\",\"dateModified\":\"2025-03-06T17:06:41+00:00\",\"mainEntityOfPage\":{\"@id\":\"https:\\\/\\\/quehacerpolitico.mx\\\/?p=115172\"},\"wordCount\":2245,\"commentCount\":0,\"image\":{\"@id\":\"https:\\\/\\\/quehacerpolitico.mx\\\/?p=115172#primaryimage\"},\"thumbnailUrl\":\"https:\\\/\\\/quehacerpolitico.mx\\\/wp-content\\\/uploads\\\/2025\\\/03\\\/IMG_1010-1.jpeg\",\"articleSection\":[\"Cultura y Entretenimiento\"],\"inLanguage\":\"es\",\"potentialAction\":[{\"@type\":\"CommentAction\",\"name\":\"Comment\",\"target\":[\"https:\\\/\\\/quehacerpolitico.mx\\\/?p=115172#respond\"]}]},{\"@type\":\"WebPage\",\"@id\":\"https:\\\/\\\/quehacerpolitico.mx\\\/?p=115172\",\"url\":\"https:\\\/\\\/quehacerpolitico.mx\\\/?p=115172\",\"name\":\"LA SECRETAR\u00cdA DE CULTURA DEL GOBIERNO DE M\u00c9XICO\u00a0CONMEMORA EL 8M -\",\"isPartOf\":{\"@id\":\"https:\\\/\\\/quehacerpolitico.mx\\\/#website\"},\"primaryImageOfPage\":{\"@id\":\"https:\\\/\\\/quehacerpolitico.mx\\\/?p=115172#primaryimage\"},\"image\":{\"@id\":\"https:\\\/\\\/quehacerpolitico.mx\\\/?p=115172#primaryimage\"},\"thumbnailUrl\":\"https:\\\/\\\/quehacerpolitico.mx\\\/wp-content\\\/uploads\\\/2025\\\/03\\\/IMG_1010-1.jpeg\",\"datePublished\":\"2025-03-06T17:06:38+00:00\",\"dateModified\":\"2025-03-06T17:06:41+00:00\",\"author\":{\"@id\":\"https:\\\/\\\/quehacerpolitico.mx\\\/#\\\/schema\\\/person\\\/496d8ad2d1d3f8036101dca7ee39e585\"},\"breadcrumb\":{\"@id\":\"https:\\\/\\\/quehacerpolitico.mx\\\/?p=115172#breadcrumb\"},\"inLanguage\":\"es\",\"potentialAction\":[{\"@type\":\"ReadAction\",\"target\":[\"https:\\\/\\\/quehacerpolitico.mx\\\/?p=115172\"]}]},{\"@type\":\"ImageObject\",\"inLanguage\":\"es\",\"@id\":\"https:\\\/\\\/quehacerpolitico.mx\\\/?p=115172#primaryimage\",\"url\":\"https:\\\/\\\/quehacerpolitico.mx\\\/wp-content\\\/uploads\\\/2025\\\/03\\\/IMG_1010-1.jpeg\",\"contentUrl\":\"https:\\\/\\\/quehacerpolitico.mx\\\/wp-content\\\/uploads\\\/2025\\\/03\\\/IMG_1010-1.jpeg\",\"width\":2360,\"height\":1573},{\"@type\":\"BreadcrumbList\",\"@id\":\"https:\\\/\\\/quehacerpolitico.mx\\\/?p=115172#breadcrumb\",\"itemListElement\":[{\"@type\":\"ListItem\",\"position\":1,\"name\":\"Inicio\",\"item\":\"https:\\\/\\\/quehacerpolitico.mx\\\/\"},{\"@type\":\"ListItem\",\"position\":2,\"name\":\"LA SECRETAR\u00cdA DE CULTURA DEL GOBIERNO DE M\u00c9XICO\u00a0CONMEMORA EL 8M\"}]},{\"@type\":\"WebSite\",\"@id\":\"https:\\\/\\\/quehacerpolitico.mx\\\/#website\",\"url\":\"https:\\\/\\\/quehacerpolitico.mx\\\/\",\"name\":\"\",\"description\":\"\",\"potentialAction\":[{\"@type\":\"SearchAction\",\"target\":{\"@type\":\"EntryPoint\",\"urlTemplate\":\"https:\\\/\\\/quehacerpolitico.mx\\\/?s={search_term_string}\"},\"query-input\":{\"@type\":\"PropertyValueSpecification\",\"valueRequired\":true,\"valueName\":\"search_term_string\"}}],\"inLanguage\":\"es\"},{\"@type\":\"Person\",\"@id\":\"https:\\\/\\\/quehacerpolitico.mx\\\/#\\\/schema\\\/person\\\/496d8ad2d1d3f8036101dca7ee39e585\",\"name\":\"Redacci\u00f3n QP\",\"image\":{\"@type\":\"ImageObject\",\"inLanguage\":\"es\",\"@id\":\"https:\\\/\\\/secure.gravatar.com\\\/avatar\\\/c7164ed6fdec453195284ad24a5ae5b6e1eed2b848477fa2a4787ba9adf39a41?s=96&d=mm&r=g\",\"url\":\"https:\\\/\\\/secure.gravatar.com\\\/avatar\\\/c7164ed6fdec453195284ad24a5ae5b6e1eed2b848477fa2a4787ba9adf39a41?s=96&d=mm&r=g\",\"contentUrl\":\"https:\\\/\\\/secure.gravatar.com\\\/avatar\\\/c7164ed6fdec453195284ad24a5ae5b6e1eed2b848477fa2a4787ba9adf39a41?s=96&d=mm&r=g\",\"caption\":\"Redacci\u00f3n QP\"},\"url\":\"https:\\\/\\\/quehacerpolitico.mx\\\/?author=2\"}]}<\/script>\n<!-- \/ Yoast SEO plugin. -->","yoast_head_json":{"title":"LA SECRETAR\u00cdA DE CULTURA DEL GOBIERNO DE M\u00c9XICO\u00a0CONMEMORA EL 8M -","robots":{"index":"index","follow":"follow","max-snippet":"max-snippet:-1","max-image-preview":"max-image-preview:large","max-video-preview":"max-video-preview:-1"},"canonical":"https:\/\/quehacerpolitico.mx\/?p=115172","og_locale":"es_MX","og_type":"article","og_title":"LA SECRETAR\u00cdA DE CULTURA DEL GOBIERNO DE M\u00c9XICO\u00a0CONMEMORA EL 8M -","og_description":"Por Redacci\u00f3n QP Con el objetivo de reconocer el papel de las mujeres en el...","og_url":"https:\/\/quehacerpolitico.mx\/?p=115172","article_published_time":"2025-03-06T17:06:38+00:00","article_modified_time":"2025-03-06T17:06:41+00:00","og_image":[{"width":2360,"height":1573,"url":"https:\/\/quehacerpolitico.mx\/wp-content\/uploads\/2025\/03\/IMG_1010-1.jpeg","type":"image\/jpeg"}],"author":"Redacci\u00f3n QP","twitter_card":"summary_large_image","twitter_misc":{"Escrito por":"Redacci\u00f3n QP","Tiempo de lectura":"11 minutos"},"schema":{"@context":"https:\/\/schema.org","@graph":[{"@type":"Article","@id":"https:\/\/quehacerpolitico.mx\/?p=115172#article","isPartOf":{"@id":"https:\/\/quehacerpolitico.mx\/?p=115172"},"author":{"name":"Redacci\u00f3n QP","@id":"https:\/\/quehacerpolitico.mx\/#\/schema\/person\/496d8ad2d1d3f8036101dca7ee39e585"},"headline":"LA SECRETAR\u00cdA DE CULTURA DEL GOBIERNO DE M\u00c9XICO\u00a0CONMEMORA EL 8M","datePublished":"2025-03-06T17:06:38+00:00","dateModified":"2025-03-06T17:06:41+00:00","mainEntityOfPage":{"@id":"https:\/\/quehacerpolitico.mx\/?p=115172"},"wordCount":2245,"commentCount":0,"image":{"@id":"https:\/\/quehacerpolitico.mx\/?p=115172#primaryimage"},"thumbnailUrl":"https:\/\/quehacerpolitico.mx\/wp-content\/uploads\/2025\/03\/IMG_1010-1.jpeg","articleSection":["Cultura y Entretenimiento"],"inLanguage":"es","potentialAction":[{"@type":"CommentAction","name":"Comment","target":["https:\/\/quehacerpolitico.mx\/?p=115172#respond"]}]},{"@type":"WebPage","@id":"https:\/\/quehacerpolitico.mx\/?p=115172","url":"https:\/\/quehacerpolitico.mx\/?p=115172","name":"LA SECRETAR\u00cdA DE CULTURA DEL GOBIERNO DE M\u00c9XICO\u00a0CONMEMORA EL 8M -","isPartOf":{"@id":"https:\/\/quehacerpolitico.mx\/#website"},"primaryImageOfPage":{"@id":"https:\/\/quehacerpolitico.mx\/?p=115172#primaryimage"},"image":{"@id":"https:\/\/quehacerpolitico.mx\/?p=115172#primaryimage"},"thumbnailUrl":"https:\/\/quehacerpolitico.mx\/wp-content\/uploads\/2025\/03\/IMG_1010-1.jpeg","datePublished":"2025-03-06T17:06:38+00:00","dateModified":"2025-03-06T17:06:41+00:00","author":{"@id":"https:\/\/quehacerpolitico.mx\/#\/schema\/person\/496d8ad2d1d3f8036101dca7ee39e585"},"breadcrumb":{"@id":"https:\/\/quehacerpolitico.mx\/?p=115172#breadcrumb"},"inLanguage":"es","potentialAction":[{"@type":"ReadAction","target":["https:\/\/quehacerpolitico.mx\/?p=115172"]}]},{"@type":"ImageObject","inLanguage":"es","@id":"https:\/\/quehacerpolitico.mx\/?p=115172#primaryimage","url":"https:\/\/quehacerpolitico.mx\/wp-content\/uploads\/2025\/03\/IMG_1010-1.jpeg","contentUrl":"https:\/\/quehacerpolitico.mx\/wp-content\/uploads\/2025\/03\/IMG_1010-1.jpeg","width":2360,"height":1573},{"@type":"BreadcrumbList","@id":"https:\/\/quehacerpolitico.mx\/?p=115172#breadcrumb","itemListElement":[{"@type":"ListItem","position":1,"name":"Inicio","item":"https:\/\/quehacerpolitico.mx\/"},{"@type":"ListItem","position":2,"name":"LA SECRETAR\u00cdA DE CULTURA DEL GOBIERNO DE M\u00c9XICO\u00a0CONMEMORA EL 8M"}]},{"@type":"WebSite","@id":"https:\/\/quehacerpolitico.mx\/#website","url":"https:\/\/quehacerpolitico.mx\/","name":"","description":"","potentialAction":[{"@type":"SearchAction","target":{"@type":"EntryPoint","urlTemplate":"https:\/\/quehacerpolitico.mx\/?s={search_term_string}"},"query-input":{"@type":"PropertyValueSpecification","valueRequired":true,"valueName":"search_term_string"}}],"inLanguage":"es"},{"@type":"Person","@id":"https:\/\/quehacerpolitico.mx\/#\/schema\/person\/496d8ad2d1d3f8036101dca7ee39e585","name":"Redacci\u00f3n QP","image":{"@type":"ImageObject","inLanguage":"es","@id":"https:\/\/secure.gravatar.com\/avatar\/c7164ed6fdec453195284ad24a5ae5b6e1eed2b848477fa2a4787ba9adf39a41?s=96&d=mm&r=g","url":"https:\/\/secure.gravatar.com\/avatar\/c7164ed6fdec453195284ad24a5ae5b6e1eed2b848477fa2a4787ba9adf39a41?s=96&d=mm&r=g","contentUrl":"https:\/\/secure.gravatar.com\/avatar\/c7164ed6fdec453195284ad24a5ae5b6e1eed2b848477fa2a4787ba9adf39a41?s=96&d=mm&r=g","caption":"Redacci\u00f3n QP"},"url":"https:\/\/quehacerpolitico.mx\/?author=2"}]}},"featured_image_urls":{"full":["https:\/\/quehacerpolitico.mx\/wp-content\/uploads\/2025\/03\/IMG_1010-1.jpeg",2360,1573,false],"thumbnail":["https:\/\/quehacerpolitico.mx\/wp-content\/uploads\/2025\/03\/IMG_1010-1-150x150.jpeg",150,150,true],"medium":["https:\/\/quehacerpolitico.mx\/wp-content\/uploads\/2025\/03\/IMG_1010-1-300x200.jpeg",300,200,true],"medium_large":["https:\/\/quehacerpolitico.mx\/wp-content\/uploads\/2025\/03\/IMG_1010-1-768x512.jpeg",640,427,true],"large":["https:\/\/quehacerpolitico.mx\/wp-content\/uploads\/2025\/03\/IMG_1010-1-1024x683.jpeg",640,427,true],"1536x1536":["https:\/\/quehacerpolitico.mx\/wp-content\/uploads\/2025\/03\/IMG_1010-1-1536x1024.jpeg",1536,1024,true],"2048x2048":["https:\/\/quehacerpolitico.mx\/wp-content\/uploads\/2025\/03\/IMG_1010-1-2048x1365.jpeg",2048,1365,true],"covernews-featured":["https:\/\/quehacerpolitico.mx\/wp-content\/uploads\/2025\/03\/IMG_1010-1-1024x683.jpeg",1024,683,true],"covernews-medium":["https:\/\/quehacerpolitico.mx\/wp-content\/uploads\/2025\/03\/IMG_1010-1-540x340.jpeg",540,340,true]},"author_info":{"display_name":"Redacci\u00f3n QP","author_link":"https:\/\/quehacerpolitico.mx\/?author=2"},"category_info":"<a href=\"https:\/\/quehacerpolitico.mx\/?cat=58\" rel=\"category\">Cultura y Entretenimiento<\/a>","tag_info":"Cultura y Entretenimiento","comment_count":"0","_links":{"self":[{"href":"https:\/\/quehacerpolitico.mx\/index.php?rest_route=\/wp\/v2\/posts\/115172","targetHints":{"allow":["GET"]}}],"collection":[{"href":"https:\/\/quehacerpolitico.mx\/index.php?rest_route=\/wp\/v2\/posts"}],"about":[{"href":"https:\/\/quehacerpolitico.mx\/index.php?rest_route=\/wp\/v2\/types\/post"}],"author":[{"embeddable":true,"href":"https:\/\/quehacerpolitico.mx\/index.php?rest_route=\/wp\/v2\/users\/2"}],"replies":[{"embeddable":true,"href":"https:\/\/quehacerpolitico.mx\/index.php?rest_route=%2Fwp%2Fv2%2Fcomments&post=115172"}],"version-history":[{"count":1,"href":"https:\/\/quehacerpolitico.mx\/index.php?rest_route=\/wp\/v2\/posts\/115172\/revisions"}],"predecessor-version":[{"id":115182,"href":"https:\/\/quehacerpolitico.mx\/index.php?rest_route=\/wp\/v2\/posts\/115172\/revisions\/115182"}],"wp:featuredmedia":[{"embeddable":true,"href":"https:\/\/quehacerpolitico.mx\/index.php?rest_route=\/wp\/v2\/media\/115181"}],"wp:attachment":[{"href":"https:\/\/quehacerpolitico.mx\/index.php?rest_route=%2Fwp%2Fv2%2Fmedia&parent=115172"}],"wp:term":[{"taxonomy":"category","embeddable":true,"href":"https:\/\/quehacerpolitico.mx\/index.php?rest_route=%2Fwp%2Fv2%2Fcategories&post=115172"},{"taxonomy":"post_tag","embeddable":true,"href":"https:\/\/quehacerpolitico.mx\/index.php?rest_route=%2Fwp%2Fv2%2Ftags&post=115172"}],"curies":[{"name":"wp","href":"https:\/\/api.w.org\/{rel}","templated":true}]}}