{"id":115165,"date":"2025-03-05T10:32:55","date_gmt":"2025-03-05T16:32:55","guid":{"rendered":"https:\/\/quehacerpolitico.mx\/?p=115165"},"modified":"2025-03-05T10:32:58","modified_gmt":"2025-03-05T16:32:58","slug":"mexico-haria-esto-si-siguen-aranceles-de-trump","status":"publish","type":"post","link":"https:\/\/quehacerpolitico.mx\/?p=115165","title":{"rendered":"M\u00e9xico har\u00eda ESTO si siguen aranceles de Trump"},"content":{"rendered":"\n<p>Por Redacci\u00f3n QP<\/p>\n\n\n\n<p>La Presidenta Claudia Sheinbaum se\u00f1ala que su gobierno no se ha cerrado al di\u00e1logo con EU, su mayor socio comercial y destino de m\u00e1s del 80% de sus exportaciones<\/p>\n\n\n\n<p>El\u00a0Gobierno de M\u00e9xico revel\u00f3 que har\u00eda en caso de que se mantengan los aranceles del mandatario de Estados Unidos, Donald Trump, a las importaciones mexicanas: se mostr\u00f3 abierto este mi\u00e9rcoles 5 de marzo a buscar otros socios comerciales.<\/p>\n\n\n\n<p>La Presidenta Claudia Sheinbaum dijo hoy &#8220;La Ma\u00f1anera del Pueblo&#8221; en Palacio Nacional que si las tarifas del 25% permanecen, su gobierno tendr\u00e1 que&nbsp;<mark><strong>&#8220;tomar decisiones importantes para el futuro del pa\u00eds&#8221;, incluyendo &#8220;si es necesario, otros socios comerciales&#8221;.<\/strong><\/mark><\/p>\n\n\n\n<p>Sheinbaum se\u00f1al\u00f3 que su gobierno no se ha cerrado al di\u00e1logo con Estados Unidos, su mayor socio comercial y destino de m\u00e1s del 80% de sus exportaciones.<\/p>\n\n\n\n<figure class=\"wp-block-embed is-type-rich is-provider-twitter wp-block-embed-twitter\"><div class=\"wp-block-embed__wrapper\">\n<blockquote class=\"twitter-tweet\" data-width=\"550\" data-dnt=\"true\"><p lang=\"es\" dir=\"ltr\">Ante la posibilidad de que el gobierno de Estados Unidos anuncie un alivio a los aranceles impuestos a M\u00e9xico, la presidenta Claudia Sheinbaum dijo que ella esperar\u00e1 a que se de la conversaci\u00f3n telef\u00f3nica con el presidente Donald Trump. <a href=\"https:\/\/t.co\/2L7tT9BrOf\">pic.twitter.com\/2L7tT9BrOf<\/a><\/p>&mdash; Azucena Uresti (@azucenau) <a href=\"https:\/\/twitter.com\/azucenau\/status\/1897301630011531503?ref_src=twsrc%5Etfw\">March 5, 2025<\/a><\/blockquote><script async src=\"https:\/\/platform.twitter.com\/widgets.js\" charset=\"utf-8\"><\/script>\n<\/div><\/figure>\n\n\n\n<p><mark><strong>&#8220;Hemos hecho nuestra tarea y ni siquiera cerramos las puertas al di\u00e1logo, ni mucho menos porque siempre tienen que estar abiertas&#8221;,<\/strong><\/mark>\u00a0declar\u00f3 Sheinbaum, quien sostendr\u00e1 ma\u00f1ana jueves una llamada telef\u00f3nica con Donald Trump.<\/p>\n\n\n\n<p>Sheinbaum reiter\u00f3 que su gobierno esperar\u00e1 hasta el domingo para anunciar las medidas que tomar\u00e1 en respuesta a los aranceles.<\/p>\n\n\n\n<p><mark><strong>&#8220;Dije que hab\u00eda plan A, plan B, plan C, plan D y s\u00ed hay&#8221;,<\/strong><\/mark>&nbsp;a\u00f1adi\u00f3. &#8220;Vamos a esperar qu\u00e9 pasa de aqu\u00ed al domingo&#8221;.<\/p>\n\n\n\n<p>Tras la imposici\u00f3n de los aranceles a M\u00e9xico, Sheinbaum asever\u00f3 que su gobierno alista medidas &#8220;arancelarias y no arancelarias&#8221; en represalia, pero que l<strong>as anunciar\u00eda en un evento el pr\u00f3ximo domingo en el Z\u00f3calo de Ciudad de M\u00e9xico.<\/strong><\/p>\n\n\n\n<p>Analistas interpretaron la decisi\u00f3n como una&nbsp;<strong>estrategia para alcanzar un acuerdo de \u00faltimo minuto<\/strong>&nbsp;con Trump.<\/p>\n\n\n\n<p>La decisi\u00f3n de\u00a0Donald Trump de imponer\u00a0aranceles\u00a0a M\u00e9xico ocurri\u00f3 luego de una pausa de un mes en la que el gobierno de Sheinbaum despleg\u00f3 10 mil militares en la frontera para frenar el tr\u00e1fico de drogas a Estados Unidos.<\/p>\n\n\n\n<p>En ese periodo tambi\u00e9n se llevaron a cabo reuniones de funcionarios de las \u00e1reas de comercio y seguridad con sus contrapartes estadounidenses.<\/p>\n\n\n\n<p>Adem\u00e1s, el Gobierno de M\u00e9xico traslad\u00f3 a Estados Unidos a 29 narcotraficantes, entre ellos Rafael Caro Quintero, llamado el &#8220;Narco de Narcos&#8221;, a quien autoridades estadounidenses requer\u00edan por el asesinato del agente de la DEA Enrique &#8220;Kiki&#8221; Camarena&#8221;.<\/p>\n\n\n\n<figure class=\"wp-block-embed is-type-rich is-provider-twitter wp-block-embed-twitter\"><div class=\"wp-block-embed__wrapper\">\n<blockquote class=\"twitter-tweet\" data-width=\"550\" data-dnt=\"true\"><p lang=\"es\" dir=\"ltr\">La presidenta <a href=\"https:\/\/twitter.com\/Claudiashein?ref_src=twsrc%5Etfw\">@Claudiashein<\/a> rechaza que el traslado de 29 capos de la droga a <a href=\"https:\/\/twitter.com\/hashtag\/EU?src=hash&amp;ref_src=twsrc%5Etfw\">#EU<\/a> haya sido por presi\u00f3n por el tema arancelario y para agradar a <a href=\"https:\/\/twitter.com\/hashtag\/Trump?src=hash&amp;ref_src=twsrc%5Etfw\">#Trump<\/a>. <br><br>La decisi\u00f3n, dijo, fue para proteger al pa\u00eds porque el <a href=\"https:\/\/twitter.com\/hashtag\/PoderJudicial?src=hash&amp;ref_src=twsrc%5Etfw\">#PoderJudicial<\/a> buscaba liberarlos. <a href=\"https:\/\/t.co\/u3BZfE7HlC\">pic.twitter.com\/u3BZfE7HlC<\/a><\/p>&mdash; Manuel Lopez San Martin (@MLopezSanMartin) <a href=\"https:\/\/twitter.com\/MLopezSanMartin\/status\/1897302330976166203?ref_src=twsrc%5Etfw\">March 5, 2025<\/a><\/blockquote><script async src=\"https:\/\/platform.twitter.com\/widgets.js\" charset=\"utf-8\"><\/script>\n<\/div><\/figure>\n\n\n\n<p>Con informaci\u00f3n de AFP<\/p>\n","protected":false},"excerpt":{"rendered":"<p>Por Redacci\u00f3n QP La Presidenta Claudia Sheinbaum se\u00f1ala que su gobierno no se ha cerrado&#8230;<\/p>\n","protected":false},"author":2,"featured_media":115166,"comment_status":"open","ping_status":"open","sticky":false,"template":"","format":"standard","meta":{"_monsterinsights_skip_tracking":false,"_monsterinsights_sitenote_active":false,"_monsterinsights_sitenote_note":"","_monsterinsights_sitenote_category":0,"footnotes":""},"categories":[280,2],"tags":[],"class_list":["post-115165","post","type-post","status-publish","format-standard","has-post-thumbnail","hentry","category-nacionales","category-noticias"],"yoast_head":"<!-- This site is optimized with the Yoast SEO plugin v27.3 - https:\/\/yoast.com\/product\/yoast-seo-wordpress\/ -->\n<title>M\u00e9xico har\u00eda ESTO si siguen aranceles de Trump -<\/title>\n<meta name=\"robots\" content=\"index, follow, max-snippet:-1, max-image-preview:large, max-video-preview:-1\" \/>\n<link rel=\"canonical\" href=\"https:\/\/quehacerpolitico.mx\/?p=115165\" \/>\n<meta property=\"og:locale\" content=\"es_MX\" \/>\n<meta property=\"og:type\" content=\"article\" \/>\n<meta property=\"og:title\" content=\"M\u00e9xico har\u00eda ESTO si siguen aranceles de Trump -\" \/>\n<meta property=\"og:description\" content=\"Por Redacci\u00f3n QP La Presidenta Claudia Sheinbaum se\u00f1ala que su gobierno no se ha cerrado...\" \/>\n<meta property=\"og:url\" content=\"https:\/\/quehacerpolitico.mx\/?p=115165\" \/>\n<meta property=\"article:published_time\" content=\"2025-03-05T16:32:55+00:00\" \/>\n<meta property=\"article:modified_time\" content=\"2025-03-05T16:32:58+00:00\" \/>\n<meta property=\"og:image\" content=\"https:\/\/quehacerpolitico.mx\/wp-content\/uploads\/2025\/03\/IMG_0997.jpeg\" \/>\n\t<meta property=\"og:image:width\" content=\"1284\" \/>\n\t<meta property=\"og:image:height\" content=\"714\" \/>\n\t<meta property=\"og:image:type\" content=\"image\/jpeg\" \/>\n<meta name=\"author\" content=\"Redacci\u00f3n QP\" \/>\n<meta name=\"twitter:card\" content=\"summary_large_image\" \/>\n<meta name=\"twitter:label1\" content=\"Escrito por\" \/>\n\t<meta name=\"twitter:data1\" content=\"Redacci\u00f3n QP\" \/>\n\t<meta name=\"twitter:label2\" content=\"Tiempo de lectura\" \/>\n\t<meta name=\"twitter:data2\" content=\"2 minutos\" \/>\n<script type=\"application\/ld+json\" class=\"yoast-schema-graph\">{\"@context\":\"https:\\\/\\\/schema.org\",\"@graph\":[{\"@type\":\"Article\",\"@id\":\"https:\\\/\\\/quehacerpolitico.mx\\\/?p=115165#article\",\"isPartOf\":{\"@id\":\"https:\\\/\\\/quehacerpolitico.mx\\\/?p=115165\"},\"author\":{\"name\":\"Redacci\u00f3n QP\",\"@id\":\"https:\\\/\\\/quehacerpolitico.mx\\\/#\\\/schema\\\/person\\\/496d8ad2d1d3f8036101dca7ee39e585\"},\"headline\":\"M\u00e9xico har\u00eda ESTO si siguen aranceles de Trump\",\"datePublished\":\"2025-03-05T16:32:55+00:00\",\"dateModified\":\"2025-03-05T16:32:58+00:00\",\"mainEntityOfPage\":{\"@id\":\"https:\\\/\\\/quehacerpolitico.mx\\\/?p=115165\"},\"wordCount\":435,\"commentCount\":0,\"image\":{\"@id\":\"https:\\\/\\\/quehacerpolitico.mx\\\/?p=115165#primaryimage\"},\"thumbnailUrl\":\"https:\\\/\\\/quehacerpolitico.mx\\\/wp-content\\\/uploads\\\/2025\\\/03\\\/IMG_0997.jpeg\",\"articleSection\":[\"Nacionales\",\"Noticias\"],\"inLanguage\":\"es\",\"potentialAction\":[{\"@type\":\"CommentAction\",\"name\":\"Comment\",\"target\":[\"https:\\\/\\\/quehacerpolitico.mx\\\/?p=115165#respond\"]}]},{\"@type\":\"WebPage\",\"@id\":\"https:\\\/\\\/quehacerpolitico.mx\\\/?p=115165\",\"url\":\"https:\\\/\\\/quehacerpolitico.mx\\\/?p=115165\",\"name\":\"M\u00e9xico har\u00eda ESTO si siguen aranceles de Trump -\",\"isPartOf\":{\"@id\":\"https:\\\/\\\/quehacerpolitico.mx\\\/#website\"},\"primaryImageOfPage\":{\"@id\":\"https:\\\/\\\/quehacerpolitico.mx\\\/?p=115165#primaryimage\"},\"image\":{\"@id\":\"https:\\\/\\\/quehacerpolitico.mx\\\/?p=115165#primaryimage\"},\"thumbnailUrl\":\"https:\\\/\\\/quehacerpolitico.mx\\\/wp-content\\\/uploads\\\/2025\\\/03\\\/IMG_0997.jpeg\",\"datePublished\":\"2025-03-05T16:32:55+00:00\",\"dateModified\":\"2025-03-05T16:32:58+00:00\",\"author\":{\"@id\":\"https:\\\/\\\/quehacerpolitico.mx\\\/#\\\/schema\\\/person\\\/496d8ad2d1d3f8036101dca7ee39e585\"},\"breadcrumb\":{\"@id\":\"https:\\\/\\\/quehacerpolitico.mx\\\/?p=115165#breadcrumb\"},\"inLanguage\":\"es\",\"potentialAction\":[{\"@type\":\"ReadAction\",\"target\":[\"https:\\\/\\\/quehacerpolitico.mx\\\/?p=115165\"]}]},{\"@type\":\"ImageObject\",\"inLanguage\":\"es\",\"@id\":\"https:\\\/\\\/quehacerpolitico.mx\\\/?p=115165#primaryimage\",\"url\":\"https:\\\/\\\/quehacerpolitico.mx\\\/wp-content\\\/uploads\\\/2025\\\/03\\\/IMG_0997.jpeg\",\"contentUrl\":\"https:\\\/\\\/quehacerpolitico.mx\\\/wp-content\\\/uploads\\\/2025\\\/03\\\/IMG_0997.jpeg\",\"width\":1284,\"height\":714,\"caption\":\"Screenshot\"},{\"@type\":\"BreadcrumbList\",\"@id\":\"https:\\\/\\\/quehacerpolitico.mx\\\/?p=115165#breadcrumb\",\"itemListElement\":[{\"@type\":\"ListItem\",\"position\":1,\"name\":\"Inicio\",\"item\":\"https:\\\/\\\/quehacerpolitico.mx\\\/\"},{\"@type\":\"ListItem\",\"position\":2,\"name\":\"M\u00e9xico har\u00eda ESTO si siguen aranceles de Trump\"}]},{\"@type\":\"WebSite\",\"@id\":\"https:\\\/\\\/quehacerpolitico.mx\\\/#website\",\"url\":\"https:\\\/\\\/quehacerpolitico.mx\\\/\",\"name\":\"\",\"description\":\"\",\"potentialAction\":[{\"@type\":\"SearchAction\",\"target\":{\"@type\":\"EntryPoint\",\"urlTemplate\":\"https:\\\/\\\/quehacerpolitico.mx\\\/?s={search_term_string}\"},\"query-input\":{\"@type\":\"PropertyValueSpecification\",\"valueRequired\":true,\"valueName\":\"search_term_string\"}}],\"inLanguage\":\"es\"},{\"@type\":\"Person\",\"@id\":\"https:\\\/\\\/quehacerpolitico.mx\\\/#\\\/schema\\\/person\\\/496d8ad2d1d3f8036101dca7ee39e585\",\"name\":\"Redacci\u00f3n QP\",\"image\":{\"@type\":\"ImageObject\",\"inLanguage\":\"es\",\"@id\":\"https:\\\/\\\/secure.gravatar.com\\\/avatar\\\/c7164ed6fdec453195284ad24a5ae5b6e1eed2b848477fa2a4787ba9adf39a41?s=96&d=mm&r=g\",\"url\":\"https:\\\/\\\/secure.gravatar.com\\\/avatar\\\/c7164ed6fdec453195284ad24a5ae5b6e1eed2b848477fa2a4787ba9adf39a41?s=96&d=mm&r=g\",\"contentUrl\":\"https:\\\/\\\/secure.gravatar.com\\\/avatar\\\/c7164ed6fdec453195284ad24a5ae5b6e1eed2b848477fa2a4787ba9adf39a41?s=96&d=mm&r=g\",\"caption\":\"Redacci\u00f3n QP\"},\"url\":\"https:\\\/\\\/quehacerpolitico.mx\\\/?author=2\"}]}<\/script>\n<!-- \/ Yoast SEO plugin. -->","yoast_head_json":{"title":"M\u00e9xico har\u00eda ESTO si siguen aranceles de Trump -","robots":{"index":"index","follow":"follow","max-snippet":"max-snippet:-1","max-image-preview":"max-image-preview:large","max-video-preview":"max-video-preview:-1"},"canonical":"https:\/\/quehacerpolitico.mx\/?p=115165","og_locale":"es_MX","og_type":"article","og_title":"M\u00e9xico har\u00eda ESTO si siguen aranceles de Trump -","og_description":"Por Redacci\u00f3n QP La Presidenta Claudia Sheinbaum se\u00f1ala que su gobierno no se ha cerrado...","og_url":"https:\/\/quehacerpolitico.mx\/?p=115165","article_published_time":"2025-03-05T16:32:55+00:00","article_modified_time":"2025-03-05T16:32:58+00:00","og_image":[{"width":1284,"height":714,"url":"https:\/\/quehacerpolitico.mx\/wp-content\/uploads\/2025\/03\/IMG_0997.jpeg","type":"image\/jpeg"}],"author":"Redacci\u00f3n QP","twitter_card":"summary_large_image","twitter_misc":{"Escrito por":"Redacci\u00f3n QP","Tiempo de lectura":"2 minutos"},"schema":{"@context":"https:\/\/schema.org","@graph":[{"@type":"Article","@id":"https:\/\/quehacerpolitico.mx\/?p=115165#article","isPartOf":{"@id":"https:\/\/quehacerpolitico.mx\/?p=115165"},"author":{"name":"Redacci\u00f3n QP","@id":"https:\/\/quehacerpolitico.mx\/#\/schema\/person\/496d8ad2d1d3f8036101dca7ee39e585"},"headline":"M\u00e9xico har\u00eda ESTO si siguen aranceles de Trump","datePublished":"2025-03-05T16:32:55+00:00","dateModified":"2025-03-05T16:32:58+00:00","mainEntityOfPage":{"@id":"https:\/\/quehacerpolitico.mx\/?p=115165"},"wordCount":435,"commentCount":0,"image":{"@id":"https:\/\/quehacerpolitico.mx\/?p=115165#primaryimage"},"thumbnailUrl":"https:\/\/quehacerpolitico.mx\/wp-content\/uploads\/2025\/03\/IMG_0997.jpeg","articleSection":["Nacionales","Noticias"],"inLanguage":"es","potentialAction":[{"@type":"CommentAction","name":"Comment","target":["https:\/\/quehacerpolitico.mx\/?p=115165#respond"]}]},{"@type":"WebPage","@id":"https:\/\/quehacerpolitico.mx\/?p=115165","url":"https:\/\/quehacerpolitico.mx\/?p=115165","name":"M\u00e9xico har\u00eda ESTO si siguen aranceles de Trump -","isPartOf":{"@id":"https:\/\/quehacerpolitico.mx\/#website"},"primaryImageOfPage":{"@id":"https:\/\/quehacerpolitico.mx\/?p=115165#primaryimage"},"image":{"@id":"https:\/\/quehacerpolitico.mx\/?p=115165#primaryimage"},"thumbnailUrl":"https:\/\/quehacerpolitico.mx\/wp-content\/uploads\/2025\/03\/IMG_0997.jpeg","datePublished":"2025-03-05T16:32:55+00:00","dateModified":"2025-03-05T16:32:58+00:00","author":{"@id":"https:\/\/quehacerpolitico.mx\/#\/schema\/person\/496d8ad2d1d3f8036101dca7ee39e585"},"breadcrumb":{"@id":"https:\/\/quehacerpolitico.mx\/?p=115165#breadcrumb"},"inLanguage":"es","potentialAction":[{"@type":"ReadAction","target":["https:\/\/quehacerpolitico.mx\/?p=115165"]}]},{"@type":"ImageObject","inLanguage":"es","@id":"https:\/\/quehacerpolitico.mx\/?p=115165#primaryimage","url":"https:\/\/quehacerpolitico.mx\/wp-content\/uploads\/2025\/03\/IMG_0997.jpeg","contentUrl":"https:\/\/quehacerpolitico.mx\/wp-content\/uploads\/2025\/03\/IMG_0997.jpeg","width":1284,"height":714,"caption":"Screenshot"},{"@type":"BreadcrumbList","@id":"https:\/\/quehacerpolitico.mx\/?p=115165#breadcrumb","itemListElement":[{"@type":"ListItem","position":1,"name":"Inicio","item":"https:\/\/quehacerpolitico.mx\/"},{"@type":"ListItem","position":2,"name":"M\u00e9xico har\u00eda ESTO si siguen aranceles de Trump"}]},{"@type":"WebSite","@id":"https:\/\/quehacerpolitico.mx\/#website","url":"https:\/\/quehacerpolitico.mx\/","name":"","description":"","potentialAction":[{"@type":"SearchAction","target":{"@type":"EntryPoint","urlTemplate":"https:\/\/quehacerpolitico.mx\/?s={search_term_string}"},"query-input":{"@type":"PropertyValueSpecification","valueRequired":true,"valueName":"search_term_string"}}],"inLanguage":"es"},{"@type":"Person","@id":"https:\/\/quehacerpolitico.mx\/#\/schema\/person\/496d8ad2d1d3f8036101dca7ee39e585","name":"Redacci\u00f3n QP","image":{"@type":"ImageObject","inLanguage":"es","@id":"https:\/\/secure.gravatar.com\/avatar\/c7164ed6fdec453195284ad24a5ae5b6e1eed2b848477fa2a4787ba9adf39a41?s=96&d=mm&r=g","url":"https:\/\/secure.gravatar.com\/avatar\/c7164ed6fdec453195284ad24a5ae5b6e1eed2b848477fa2a4787ba9adf39a41?s=96&d=mm&r=g","contentUrl":"https:\/\/secure.gravatar.com\/avatar\/c7164ed6fdec453195284ad24a5ae5b6e1eed2b848477fa2a4787ba9adf39a41?s=96&d=mm&r=g","caption":"Redacci\u00f3n QP"},"url":"https:\/\/quehacerpolitico.mx\/?author=2"}]}},"featured_image_urls":{"full":["https:\/\/quehacerpolitico.mx\/wp-content\/uploads\/2025\/03\/IMG_0997.jpeg",1284,714,false],"thumbnail":["https:\/\/quehacerpolitico.mx\/wp-content\/uploads\/2025\/03\/IMG_0997-150x150.jpeg",150,150,true],"medium":["https:\/\/quehacerpolitico.mx\/wp-content\/uploads\/2025\/03\/IMG_0997-300x167.jpeg",300,167,true],"medium_large":["https:\/\/quehacerpolitico.mx\/wp-content\/uploads\/2025\/03\/IMG_0997-768x427.jpeg",640,356,true],"large":["https:\/\/quehacerpolitico.mx\/wp-content\/uploads\/2025\/03\/IMG_0997-1024x569.jpeg",640,356,true],"1536x1536":["https:\/\/quehacerpolitico.mx\/wp-content\/uploads\/2025\/03\/IMG_0997.jpeg",1284,714,false],"2048x2048":["https:\/\/quehacerpolitico.mx\/wp-content\/uploads\/2025\/03\/IMG_0997.jpeg",1284,714,false],"covernews-featured":["https:\/\/quehacerpolitico.mx\/wp-content\/uploads\/2025\/03\/IMG_0997-1024x569.jpeg",1024,569,true],"covernews-medium":["https:\/\/quehacerpolitico.mx\/wp-content\/uploads\/2025\/03\/IMG_0997-540x340.jpeg",540,340,true]},"author_info":{"display_name":"Redacci\u00f3n QP","author_link":"https:\/\/quehacerpolitico.mx\/?author=2"},"category_info":"<a href=\"https:\/\/quehacerpolitico.mx\/?cat=280\" rel=\"category\">Nacionales<\/a> <a href=\"https:\/\/quehacerpolitico.mx\/?cat=2\" rel=\"category\">Noticias<\/a>","tag_info":"Noticias","comment_count":"0","_links":{"self":[{"href":"https:\/\/quehacerpolitico.mx\/index.php?rest_route=\/wp\/v2\/posts\/115165","targetHints":{"allow":["GET"]}}],"collection":[{"href":"https:\/\/quehacerpolitico.mx\/index.php?rest_route=\/wp\/v2\/posts"}],"about":[{"href":"https:\/\/quehacerpolitico.mx\/index.php?rest_route=\/wp\/v2\/types\/post"}],"author":[{"embeddable":true,"href":"https:\/\/quehacerpolitico.mx\/index.php?rest_route=\/wp\/v2\/users\/2"}],"replies":[{"embeddable":true,"href":"https:\/\/quehacerpolitico.mx\/index.php?rest_route=%2Fwp%2Fv2%2Fcomments&post=115165"}],"version-history":[{"count":1,"href":"https:\/\/quehacerpolitico.mx\/index.php?rest_route=\/wp\/v2\/posts\/115165\/revisions"}],"predecessor-version":[{"id":115167,"href":"https:\/\/quehacerpolitico.mx\/index.php?rest_route=\/wp\/v2\/posts\/115165\/revisions\/115167"}],"wp:featuredmedia":[{"embeddable":true,"href":"https:\/\/quehacerpolitico.mx\/index.php?rest_route=\/wp\/v2\/media\/115166"}],"wp:attachment":[{"href":"https:\/\/quehacerpolitico.mx\/index.php?rest_route=%2Fwp%2Fv2%2Fmedia&parent=115165"}],"wp:term":[{"taxonomy":"category","embeddable":true,"href":"https:\/\/quehacerpolitico.mx\/index.php?rest_route=%2Fwp%2Fv2%2Fcategories&post=115165"},{"taxonomy":"post_tag","embeddable":true,"href":"https:\/\/quehacerpolitico.mx\/index.php?rest_route=%2Fwp%2Fv2%2Ftags&post=115165"}],"curies":[{"name":"wp","href":"https:\/\/api.w.org\/{rel}","templated":true}]}}