{"id":115141,"date":"2025-03-03T15:10:34","date_gmt":"2025-03-03T21:10:34","guid":{"rendered":"https:\/\/quehacerpolitico.mx\/?p=115141"},"modified":"2025-03-03T15:10:37","modified_gmt":"2025-03-03T21:10:37","slug":"octavos-de-final-de-la-champions-empieza-lo-bueno","status":"publish","type":"post","link":"https:\/\/quehacerpolitico.mx\/?p=115141","title":{"rendered":"Octavos de final de la Champions, \u00a1empieza lo bueno!"},"content":{"rendered":"\n<p>Por Alberto del Arco M\u00e9ndez <\/p>\n\n\n\n<p><em>Analista deportivo titular del programa \u201cDel arco a la tribuna\u201d<\/em><\/p>\n\n\n\n<p>La UEFA Champions League es el torneo de clubes m\u00e1s prestigioso de Europa, con una rica historia que data desde su creaci\u00f3n en 1955. Originalmente conocido como la Copa de Europa, el torneo ha evolucionado a lo largo de las d\u00e9cadas, adoptando su nombre actual en 1992 y ampliando su formato para incluir m\u00e1s equipos y fases eliminatorias<\/p>\n\n\n\n<p>La UEFA Champions League comenz\u00f3 como la Copa de Europa en 1955, con un formato que permit\u00eda solo a los campeones de las ligas nacionales participar. El Real Madrid fue el primer campe\u00f3n, estableciendo un legado que lo convertir\u00eda en el club m\u00e1s exitoso del torneo. A lo largo de los a\u00f1os, la competici\u00f3n se expandi\u00f3 para incluir a equipos que no eran campeones nacionales, lo que permiti\u00f3 la inclusi\u00f3n de clubes&nbsp;no menos competitivos.<\/p>\n\n\n\n<p>En 1992, el torneo fue renombrado como UEFA Champions League, introduciendo una fase de grupos que aument\u00f3 el n\u00famero de partidos y oportunidades para los clubes. Este cambio no solo aument\u00f3 la competitividad, sino que tambi\u00e9n atrajo a m\u00e1s aficionados y patrocinadores. Desde entonces, la Champions League ha visto momentos ic\u00f3nicos, como la remontada del Liverpool contra el AC Milan en 2005 y la victoria del Barcelona en 2009 bajo la direcci\u00f3n de Pep Guardiola.<\/p>\n\n\n\n<p>Hoy en d\u00eda, la Champions League es un fen\u00f3meno global, con millones de aficionados que siguen cada partidoen los cinco continentes. La final se ha convertido en un evento destacado en el calendario deportivo mundial, atrayendo a audiencias masivas y generando ingresos significativos para los clubes participantes.<\/p>\n\n\n\n<figure class=\"wp-block-image size-full\"><img loading=\"lazy\" decoding=\"async\" width=\"678\" height=\"452\" src=\"https:\/\/quehacerpolitico.mx\/wp-content\/uploads\/2025\/03\/image-2.jpeg\" alt=\"\" class=\"wp-image-115144\" srcset=\"https:\/\/quehacerpolitico.mx\/wp-content\/uploads\/2025\/03\/image-2.jpeg 678w, https:\/\/quehacerpolitico.mx\/wp-content\/uploads\/2025\/03\/image-2-300x200.jpeg 300w\" sizes=\"auto, (max-width: 678px) 100vw, 678px\" \/><\/figure>\n\n\n\n<p>Para muchos expertos este es el torneo donde se despliega la m\u00e1xima calidad&nbsp;y donde participan los mejores equipos a nivel mundial, aunque el torneo es europeo, en realidad es una justa mundial ya que participan los mejores jugadores de todos los rincones del mundo y son precisamente los no europeos los que aportan la m\u00e1xima cuota de calidad.<\/p>\n\n\n\n<p>A lo largo se su historia, este torneo ha visto pasar a los mejores conjuntos conformados por las mas grandes estrellas internacionales, sin duda el equipo mas ganador y que en buena medida, debe mucho de su prestigio internacional a este torneo, es el Real Madrid, quien encabeza la tabla de ganadores, como se puede apreciar a continuaci\u00f3n:<\/p>\n\n\n\n<p>Real Madrid\u200b15<\/p>\n\n\n\n<p>Milan&nbsp;\u200b\u200b7<\/p>\n\n\n\n<p>Bayern\u200b\u200b6<\/p>\n\n\n\n<p>Liverpool\u200b6<\/p>\n\n\n\n<p>Barcelona&nbsp;\u200b5<\/p>\n\n\n\n<p>Ajax\u200b\u200b4<\/p>\n\n\n\n<p>Inter Milan\u200b3<\/p>\n\n\n\n<p>M. United\u200b3<\/p>\n\n\n\n<p>Benfica&nbsp;\u200b2<\/p>\n\n\n\n<p>Chelsea\u200b2<\/p>\n\n\n\n<p>Juventus\u200b2<\/p>\n\n\n\n<p>Nottingham\u200b2<\/p>\n\n\n\n<p>Porto\u200b\u200b2<\/p>\n\n\n\n<p>Aston Villa\u200b1<\/p>\n\n\n\n<p>Borussia\u200b1<\/p>\n\n\n\n<p>Celtic\u200b\u200b1<\/p>\n\n\n\n<p>Feyenord\u200b1<\/p>\n\n\n\n<p>Hamburgo\u200b1<\/p>\n\n\n\n<p>Ahora bien, en cuanto a Naciones se refiere, por supuesto los 15 titulos del Madrid marcan una pauta dificil de igualar, el Madrid por si solo tendr\u00eda mas titulos que cualquier pa\u00eds, la tabla quedar\u00eda de la siguiente forma<\/p>\n\n\n\n<p>Espa\u00f1a\u200b\u200b20<\/p>\n\n\n\n<p>Inglaterra\u200b14<\/p>\n\n\n\n<p>Italia\u200b\u200b12<\/p>\n\n\n\n<p>Alemania\u200b8<\/p>\n\n\n\n<p>Holanda\u200b5<\/p>\n\n\n\n<p>Portugal\u200b4<\/p>\n\n\n\n<p>Escocia\u200b1<\/p>\n\n\n\n<p>Para esta competici\u00f3n, se conocer\u00e1 al campe\u00f3n n\u00famero 65 y los duelos se dar\u00e1n de la siguiente forma:<\/p>\n\n\n\n<p>1.-&nbsp;Paris Saint Germain vs. Liverpool<\/p>\n\n\n\n<p>An\u00e1lisis: El PSG ha mostrado un rendimiento s\u00f3lido, destac\u00e1ndose con una victoria global de 10-0 en la fase de playoffs. Sin embargo, Liverpool ha sido fuerte en la fase de grupos, terminando en la cima con un r\u00e9cord impresionante.<\/p>\n\n\n\n<p>Pron\u00f3stico: PSG podr\u00eda tener la ventaja en este enfrentamiento, aunque ser\u00e1 re\u00f1ido.<\/p>\n\n\n\n<p>Ganador: PSG.<\/p>\n\n\n\n<p>2.-&nbsp;Brujas vs. Aston Villa<\/p>\n\n\n\n<p>An\u00e1lisis: Brujas ha sido una sorpresa, superando a un equipo fuerte como el Atalanta. Aston Villa, bajo la direcci\u00f3n de Unai Emery, busca revivir su gloria pasada.<\/p>\n\n\n\n<p>Pron\u00f3stico: Aston Villa es el favorito para avanzar, especialmente por su experiencia y calidad.<\/p>\n\n\n\n<p>Ganador: Aston Villa.<\/p>\n\n\n\n<p>3.-&nbsp;PSV vs. Arsenal<\/p>\n\n\n\n<p>An\u00e1lisis: PSV ha demostrado ser un adversario peligroso al eliminar a la Juventus. Arsenal, aunque lidiando con lesiones clave, tiene una plantilla talentosa.<\/p>\n\n\n\n<p>Pron\u00f3stico: Arsenal deber\u00eda superar a PSV gracias a su calidad general. Ganador: Arsenal.<\/p>\n\n\n\n<p>4.-&nbsp;Real Madrid vs. Atl\u00e9tico de Madrid<\/p>\n\n\n\n<p>An\u00e1lisis: Este es un cl\u00e1sico del f\u00fatbol espa\u00f1ol. Real Madrid es el campe\u00f3n defensor y tiene una rica historia en la competici\u00f3n, mientras que Atl\u00e9tico es conocido por su solidez defensiva.<\/p>\n\n\n\n<p>Pron\u00f3stico: La experiencia de Real Madrid podr\u00eda ser decisiva.<\/p>\n\n\n\n<p>Ganador: Real Madrid.<\/p>\n\n\n\n<p>5.-&nbsp;Benfica vs. Barcelona<\/p>\n\n\n\n<p>An\u00e1lisis: Barcelona ha mostrado un buen rendimiento en la fase de grupos y tiene una plantilla fuerte. Benfica, aunque competitivo, podr\u00eda tener dificultades contra un gigante como el Bar\u00e7a.<\/p>\n\n\n\n<p>Pron\u00f3stico: Barcelona es el claro favorito para avanzar.<\/p>\n\n\n\n<p>Ganador: Barcelona.<\/p>\n\n\n\n<p>6.-&nbsp;Borussia Dortmund vs. Lille<\/p>\n\n\n\n<p>An\u00e1lisis: Dortmund ha tenido un desempe\u00f1o s\u00f3lido en competiciones europeas y Lille es menos experimentado a este nivel.<\/p>\n\n\n\n<p>Pron\u00f3stico: Dortmund deber\u00eda avanzar sin demasiados problemas.<\/p>\n\n\n\n<p>Ganador: Borussia Dortmund.<\/p>\n\n\n\n<p>7.-&nbsp;Bayern Munich vs. Bayer Leverkusen<\/p>\n\n\n\n<p>An\u00e1lisis: Bayern sigue siendo uno de los favoritos en Europa, mientras que Leverkusen ha tenido altibajos esta temporada.<\/p>\n\n\n\n<p>Pron\u00f3stico: Bayern Munich es el favorito indiscutible para pasar a cuartos. Ganador: Bayern Munich.<\/p>\n\n\n\n<p>8.-&nbsp;Feyenoord vs. Inter de Mil\u00e1n<\/p>\n\n\n\n<p>An\u00e1lisis: Feyenoord ha tenido un buen desempe\u00f1o local, pero Inter tiene m\u00e1s experiencia en competiciones europeas.<\/p>\n\n\n\n<p>Pron\u00f3stico: Inter deber\u00eda llevarse la victoria en este encuentro.<\/p>\n\n\n\n<p>Ganador: Inter de Mil\u00e1n.<\/p>\n\n\n\n<p>Si usted es seguidor de nuestra columna, sabr\u00e1 que los pron\u00f3sticos no son nuestro fuerte, sin embargo, siempre es agradable analizar las posibilidades y arriesgarse a dar un pron\u00f3stico, le invitamos a hacer lo propio en casa.<\/p>\n","protected":false},"excerpt":{"rendered":"<p>Por Alberto del Arco M\u00e9ndez Analista deportivo titular del programa \u201cDel arco a la tribuna\u201d&#8230;<\/p>\n","protected":false},"author":2,"featured_media":115143,"comment_status":"open","ping_status":"open","sticky":false,"template":"","format":"standard","meta":{"_monsterinsights_skip_tracking":false,"_monsterinsights_sitenote_active":false,"_monsterinsights_sitenote_note":"","_monsterinsights_sitenote_category":0,"footnotes":""},"categories":[54],"tags":[],"class_list":["post-115141","post","type-post","status-publish","format-standard","has-post-thumbnail","hentry","category-deportes"],"yoast_head":"<!-- This site is optimized with the Yoast SEO plugin v27.3 - https:\/\/yoast.com\/product\/yoast-seo-wordpress\/ -->\n<title>Octavos de final de la Champions, \u00a1empieza lo bueno! -<\/title>\n<meta name=\"robots\" content=\"index, follow, max-snippet:-1, max-image-preview:large, max-video-preview:-1\" \/>\n<link rel=\"canonical\" href=\"https:\/\/quehacerpolitico.mx\/?p=115141\" \/>\n<meta property=\"og:locale\" content=\"es_MX\" \/>\n<meta property=\"og:type\" content=\"article\" \/>\n<meta property=\"og:title\" content=\"Octavos de final de la Champions, \u00a1empieza lo bueno! -\" \/>\n<meta property=\"og:description\" content=\"Por Alberto del Arco M\u00e9ndez Analista deportivo titular del programa \u201cDel arco a la tribuna\u201d...\" \/>\n<meta property=\"og:url\" content=\"https:\/\/quehacerpolitico.mx\/?p=115141\" \/>\n<meta property=\"article:published_time\" content=\"2025-03-03T21:10:34+00:00\" \/>\n<meta property=\"article:modified_time\" content=\"2025-03-03T21:10:37+00:00\" \/>\n<meta property=\"og:image\" content=\"https:\/\/quehacerpolitico.mx\/wp-content\/uploads\/2025\/03\/56198866-60c0-4f15-93a8-989c72aa5bc4.jpeg\" \/>\n\t<meta property=\"og:image:width\" content=\"963\" \/>\n\t<meta property=\"og:image:height\" content=\"493\" \/>\n\t<meta property=\"og:image:type\" content=\"image\/jpeg\" \/>\n<meta name=\"author\" content=\"Redacci\u00f3n QP\" \/>\n<meta name=\"twitter:card\" content=\"summary_large_image\" \/>\n<meta name=\"twitter:label1\" content=\"Escrito por\" \/>\n\t<meta name=\"twitter:data1\" content=\"Redacci\u00f3n QP\" \/>\n\t<meta name=\"twitter:label2\" content=\"Tiempo de lectura\" \/>\n\t<meta name=\"twitter:data2\" content=\"5 minutos\" \/>\n<script type=\"application\/ld+json\" class=\"yoast-schema-graph\">{\"@context\":\"https:\\\/\\\/schema.org\",\"@graph\":[{\"@type\":\"Article\",\"@id\":\"https:\\\/\\\/quehacerpolitico.mx\\\/?p=115141#article\",\"isPartOf\":{\"@id\":\"https:\\\/\\\/quehacerpolitico.mx\\\/?p=115141\"},\"author\":{\"name\":\"Redacci\u00f3n QP\",\"@id\":\"https:\\\/\\\/quehacerpolitico.mx\\\/#\\\/schema\\\/person\\\/496d8ad2d1d3f8036101dca7ee39e585\"},\"headline\":\"Octavos de final de la Champions, \u00a1empieza lo bueno!\",\"datePublished\":\"2025-03-03T21:10:34+00:00\",\"dateModified\":\"2025-03-03T21:10:37+00:00\",\"mainEntityOfPage\":{\"@id\":\"https:\\\/\\\/quehacerpolitico.mx\\\/?p=115141\"},\"wordCount\":944,\"commentCount\":0,\"image\":{\"@id\":\"https:\\\/\\\/quehacerpolitico.mx\\\/?p=115141#primaryimage\"},\"thumbnailUrl\":\"https:\\\/\\\/quehacerpolitico.mx\\\/wp-content\\\/uploads\\\/2025\\\/03\\\/56198866-60c0-4f15-93a8-989c72aa5bc4.jpeg\",\"articleSection\":[\"Deportes\"],\"inLanguage\":\"es\",\"potentialAction\":[{\"@type\":\"CommentAction\",\"name\":\"Comment\",\"target\":[\"https:\\\/\\\/quehacerpolitico.mx\\\/?p=115141#respond\"]}]},{\"@type\":\"WebPage\",\"@id\":\"https:\\\/\\\/quehacerpolitico.mx\\\/?p=115141\",\"url\":\"https:\\\/\\\/quehacerpolitico.mx\\\/?p=115141\",\"name\":\"Octavos de final de la Champions, \u00a1empieza lo bueno! -\",\"isPartOf\":{\"@id\":\"https:\\\/\\\/quehacerpolitico.mx\\\/#website\"},\"primaryImageOfPage\":{\"@id\":\"https:\\\/\\\/quehacerpolitico.mx\\\/?p=115141#primaryimage\"},\"image\":{\"@id\":\"https:\\\/\\\/quehacerpolitico.mx\\\/?p=115141#primaryimage\"},\"thumbnailUrl\":\"https:\\\/\\\/quehacerpolitico.mx\\\/wp-content\\\/uploads\\\/2025\\\/03\\\/56198866-60c0-4f15-93a8-989c72aa5bc4.jpeg\",\"datePublished\":\"2025-03-03T21:10:34+00:00\",\"dateModified\":\"2025-03-03T21:10:37+00:00\",\"author\":{\"@id\":\"https:\\\/\\\/quehacerpolitico.mx\\\/#\\\/schema\\\/person\\\/496d8ad2d1d3f8036101dca7ee39e585\"},\"breadcrumb\":{\"@id\":\"https:\\\/\\\/quehacerpolitico.mx\\\/?p=115141#breadcrumb\"},\"inLanguage\":\"es\",\"potentialAction\":[{\"@type\":\"ReadAction\",\"target\":[\"https:\\\/\\\/quehacerpolitico.mx\\\/?p=115141\"]}]},{\"@type\":\"ImageObject\",\"inLanguage\":\"es\",\"@id\":\"https:\\\/\\\/quehacerpolitico.mx\\\/?p=115141#primaryimage\",\"url\":\"https:\\\/\\\/quehacerpolitico.mx\\\/wp-content\\\/uploads\\\/2025\\\/03\\\/56198866-60c0-4f15-93a8-989c72aa5bc4.jpeg\",\"contentUrl\":\"https:\\\/\\\/quehacerpolitico.mx\\\/wp-content\\\/uploads\\\/2025\\\/03\\\/56198866-60c0-4f15-93a8-989c72aa5bc4.jpeg\",\"width\":963,\"height\":493},{\"@type\":\"BreadcrumbList\",\"@id\":\"https:\\\/\\\/quehacerpolitico.mx\\\/?p=115141#breadcrumb\",\"itemListElement\":[{\"@type\":\"ListItem\",\"position\":1,\"name\":\"Inicio\",\"item\":\"https:\\\/\\\/quehacerpolitico.mx\\\/\"},{\"@type\":\"ListItem\",\"position\":2,\"name\":\"Octavos de final de la Champions, \u00a1empieza lo bueno!\"}]},{\"@type\":\"WebSite\",\"@id\":\"https:\\\/\\\/quehacerpolitico.mx\\\/#website\",\"url\":\"https:\\\/\\\/quehacerpolitico.mx\\\/\",\"name\":\"\",\"description\":\"\",\"potentialAction\":[{\"@type\":\"SearchAction\",\"target\":{\"@type\":\"EntryPoint\",\"urlTemplate\":\"https:\\\/\\\/quehacerpolitico.mx\\\/?s={search_term_string}\"},\"query-input\":{\"@type\":\"PropertyValueSpecification\",\"valueRequired\":true,\"valueName\":\"search_term_string\"}}],\"inLanguage\":\"es\"},{\"@type\":\"Person\",\"@id\":\"https:\\\/\\\/quehacerpolitico.mx\\\/#\\\/schema\\\/person\\\/496d8ad2d1d3f8036101dca7ee39e585\",\"name\":\"Redacci\u00f3n QP\",\"image\":{\"@type\":\"ImageObject\",\"inLanguage\":\"es\",\"@id\":\"https:\\\/\\\/secure.gravatar.com\\\/avatar\\\/c7164ed6fdec453195284ad24a5ae5b6e1eed2b848477fa2a4787ba9adf39a41?s=96&d=mm&r=g\",\"url\":\"https:\\\/\\\/secure.gravatar.com\\\/avatar\\\/c7164ed6fdec453195284ad24a5ae5b6e1eed2b848477fa2a4787ba9adf39a41?s=96&d=mm&r=g\",\"contentUrl\":\"https:\\\/\\\/secure.gravatar.com\\\/avatar\\\/c7164ed6fdec453195284ad24a5ae5b6e1eed2b848477fa2a4787ba9adf39a41?s=96&d=mm&r=g\",\"caption\":\"Redacci\u00f3n QP\"},\"url\":\"https:\\\/\\\/quehacerpolitico.mx\\\/?author=2\"}]}<\/script>\n<!-- \/ Yoast SEO plugin. -->","yoast_head_json":{"title":"Octavos de final de la Champions, \u00a1empieza lo bueno! -","robots":{"index":"index","follow":"follow","max-snippet":"max-snippet:-1","max-image-preview":"max-image-preview:large","max-video-preview":"max-video-preview:-1"},"canonical":"https:\/\/quehacerpolitico.mx\/?p=115141","og_locale":"es_MX","og_type":"article","og_title":"Octavos de final de la Champions, \u00a1empieza lo bueno! -","og_description":"Por Alberto del Arco M\u00e9ndez Analista deportivo titular del programa \u201cDel arco a la tribuna\u201d...","og_url":"https:\/\/quehacerpolitico.mx\/?p=115141","article_published_time":"2025-03-03T21:10:34+00:00","article_modified_time":"2025-03-03T21:10:37+00:00","og_image":[{"width":963,"height":493,"url":"https:\/\/quehacerpolitico.mx\/wp-content\/uploads\/2025\/03\/56198866-60c0-4f15-93a8-989c72aa5bc4.jpeg","type":"image\/jpeg"}],"author":"Redacci\u00f3n QP","twitter_card":"summary_large_image","twitter_misc":{"Escrito por":"Redacci\u00f3n QP","Tiempo de lectura":"5 minutos"},"schema":{"@context":"https:\/\/schema.org","@graph":[{"@type":"Article","@id":"https:\/\/quehacerpolitico.mx\/?p=115141#article","isPartOf":{"@id":"https:\/\/quehacerpolitico.mx\/?p=115141"},"author":{"name":"Redacci\u00f3n QP","@id":"https:\/\/quehacerpolitico.mx\/#\/schema\/person\/496d8ad2d1d3f8036101dca7ee39e585"},"headline":"Octavos de final de la Champions, \u00a1empieza lo bueno!","datePublished":"2025-03-03T21:10:34+00:00","dateModified":"2025-03-03T21:10:37+00:00","mainEntityOfPage":{"@id":"https:\/\/quehacerpolitico.mx\/?p=115141"},"wordCount":944,"commentCount":0,"image":{"@id":"https:\/\/quehacerpolitico.mx\/?p=115141#primaryimage"},"thumbnailUrl":"https:\/\/quehacerpolitico.mx\/wp-content\/uploads\/2025\/03\/56198866-60c0-4f15-93a8-989c72aa5bc4.jpeg","articleSection":["Deportes"],"inLanguage":"es","potentialAction":[{"@type":"CommentAction","name":"Comment","target":["https:\/\/quehacerpolitico.mx\/?p=115141#respond"]}]},{"@type":"WebPage","@id":"https:\/\/quehacerpolitico.mx\/?p=115141","url":"https:\/\/quehacerpolitico.mx\/?p=115141","name":"Octavos de final de la Champions, \u00a1empieza lo bueno! -","isPartOf":{"@id":"https:\/\/quehacerpolitico.mx\/#website"},"primaryImageOfPage":{"@id":"https:\/\/quehacerpolitico.mx\/?p=115141#primaryimage"},"image":{"@id":"https:\/\/quehacerpolitico.mx\/?p=115141#primaryimage"},"thumbnailUrl":"https:\/\/quehacerpolitico.mx\/wp-content\/uploads\/2025\/03\/56198866-60c0-4f15-93a8-989c72aa5bc4.jpeg","datePublished":"2025-03-03T21:10:34+00:00","dateModified":"2025-03-03T21:10:37+00:00","author":{"@id":"https:\/\/quehacerpolitico.mx\/#\/schema\/person\/496d8ad2d1d3f8036101dca7ee39e585"},"breadcrumb":{"@id":"https:\/\/quehacerpolitico.mx\/?p=115141#breadcrumb"},"inLanguage":"es","potentialAction":[{"@type":"ReadAction","target":["https:\/\/quehacerpolitico.mx\/?p=115141"]}]},{"@type":"ImageObject","inLanguage":"es","@id":"https:\/\/quehacerpolitico.mx\/?p=115141#primaryimage","url":"https:\/\/quehacerpolitico.mx\/wp-content\/uploads\/2025\/03\/56198866-60c0-4f15-93a8-989c72aa5bc4.jpeg","contentUrl":"https:\/\/quehacerpolitico.mx\/wp-content\/uploads\/2025\/03\/56198866-60c0-4f15-93a8-989c72aa5bc4.jpeg","width":963,"height":493},{"@type":"BreadcrumbList","@id":"https:\/\/quehacerpolitico.mx\/?p=115141#breadcrumb","itemListElement":[{"@type":"ListItem","position":1,"name":"Inicio","item":"https:\/\/quehacerpolitico.mx\/"},{"@type":"ListItem","position":2,"name":"Octavos de final de la Champions, \u00a1empieza lo bueno!"}]},{"@type":"WebSite","@id":"https:\/\/quehacerpolitico.mx\/#website","url":"https:\/\/quehacerpolitico.mx\/","name":"","description":"","potentialAction":[{"@type":"SearchAction","target":{"@type":"EntryPoint","urlTemplate":"https:\/\/quehacerpolitico.mx\/?s={search_term_string}"},"query-input":{"@type":"PropertyValueSpecification","valueRequired":true,"valueName":"search_term_string"}}],"inLanguage":"es"},{"@type":"Person","@id":"https:\/\/quehacerpolitico.mx\/#\/schema\/person\/496d8ad2d1d3f8036101dca7ee39e585","name":"Redacci\u00f3n QP","image":{"@type":"ImageObject","inLanguage":"es","@id":"https:\/\/secure.gravatar.com\/avatar\/c7164ed6fdec453195284ad24a5ae5b6e1eed2b848477fa2a4787ba9adf39a41?s=96&d=mm&r=g","url":"https:\/\/secure.gravatar.com\/avatar\/c7164ed6fdec453195284ad24a5ae5b6e1eed2b848477fa2a4787ba9adf39a41?s=96&d=mm&r=g","contentUrl":"https:\/\/secure.gravatar.com\/avatar\/c7164ed6fdec453195284ad24a5ae5b6e1eed2b848477fa2a4787ba9adf39a41?s=96&d=mm&r=g","caption":"Redacci\u00f3n QP"},"url":"https:\/\/quehacerpolitico.mx\/?author=2"}]}},"featured_image_urls":{"full":["https:\/\/quehacerpolitico.mx\/wp-content\/uploads\/2025\/03\/56198866-60c0-4f15-93a8-989c72aa5bc4.jpeg",963,493,false],"thumbnail":["https:\/\/quehacerpolitico.mx\/wp-content\/uploads\/2025\/03\/56198866-60c0-4f15-93a8-989c72aa5bc4-150x150.jpeg",150,150,true],"medium":["https:\/\/quehacerpolitico.mx\/wp-content\/uploads\/2025\/03\/56198866-60c0-4f15-93a8-989c72aa5bc4-300x154.jpeg",300,154,true],"medium_large":["https:\/\/quehacerpolitico.mx\/wp-content\/uploads\/2025\/03\/56198866-60c0-4f15-93a8-989c72aa5bc4-768x393.jpeg",640,328,true],"large":["https:\/\/quehacerpolitico.mx\/wp-content\/uploads\/2025\/03\/56198866-60c0-4f15-93a8-989c72aa5bc4.jpeg",640,328,false],"1536x1536":["https:\/\/quehacerpolitico.mx\/wp-content\/uploads\/2025\/03\/56198866-60c0-4f15-93a8-989c72aa5bc4.jpeg",963,493,false],"2048x2048":["https:\/\/quehacerpolitico.mx\/wp-content\/uploads\/2025\/03\/56198866-60c0-4f15-93a8-989c72aa5bc4.jpeg",963,493,false],"covernews-featured":["https:\/\/quehacerpolitico.mx\/wp-content\/uploads\/2025\/03\/56198866-60c0-4f15-93a8-989c72aa5bc4.jpeg",963,493,false],"covernews-medium":["https:\/\/quehacerpolitico.mx\/wp-content\/uploads\/2025\/03\/56198866-60c0-4f15-93a8-989c72aa5bc4-540x340.jpeg",540,340,true]},"author_info":{"display_name":"Redacci\u00f3n QP","author_link":"https:\/\/quehacerpolitico.mx\/?author=2"},"category_info":"<a href=\"https:\/\/quehacerpolitico.mx\/?cat=54\" rel=\"category\">Deportes<\/a>","tag_info":"Deportes","comment_count":"0","_links":{"self":[{"href":"https:\/\/quehacerpolitico.mx\/index.php?rest_route=\/wp\/v2\/posts\/115141","targetHints":{"allow":["GET"]}}],"collection":[{"href":"https:\/\/quehacerpolitico.mx\/index.php?rest_route=\/wp\/v2\/posts"}],"about":[{"href":"https:\/\/quehacerpolitico.mx\/index.php?rest_route=\/wp\/v2\/types\/post"}],"author":[{"embeddable":true,"href":"https:\/\/quehacerpolitico.mx\/index.php?rest_route=\/wp\/v2\/users\/2"}],"replies":[{"embeddable":true,"href":"https:\/\/quehacerpolitico.mx\/index.php?rest_route=%2Fwp%2Fv2%2Fcomments&post=115141"}],"version-history":[{"count":1,"href":"https:\/\/quehacerpolitico.mx\/index.php?rest_route=\/wp\/v2\/posts\/115141\/revisions"}],"predecessor-version":[{"id":115145,"href":"https:\/\/quehacerpolitico.mx\/index.php?rest_route=\/wp\/v2\/posts\/115141\/revisions\/115145"}],"wp:featuredmedia":[{"embeddable":true,"href":"https:\/\/quehacerpolitico.mx\/index.php?rest_route=\/wp\/v2\/media\/115143"}],"wp:attachment":[{"href":"https:\/\/quehacerpolitico.mx\/index.php?rest_route=%2Fwp%2Fv2%2Fmedia&parent=115141"}],"wp:term":[{"taxonomy":"category","embeddable":true,"href":"https:\/\/quehacerpolitico.mx\/index.php?rest_route=%2Fwp%2Fv2%2Fcategories&post=115141"},{"taxonomy":"post_tag","embeddable":true,"href":"https:\/\/quehacerpolitico.mx\/index.php?rest_route=%2Fwp%2Fv2%2Ftags&post=115141"}],"curies":[{"name":"wp","href":"https:\/\/api.w.org\/{rel}","templated":true}]}}