{"id":115135,"date":"2025-03-03T13:44:14","date_gmt":"2025-03-03T19:44:14","guid":{"rendered":"https:\/\/quehacerpolitico.mx\/?p=115135"},"modified":"2025-03-03T13:48:40","modified_gmt":"2025-03-03T19:48:40","slug":"desaparece-en-cdmx-una-joven-de-zacatecas-despues-de-asistir-a-parlamento-juvenil-en-el-senado-organizado-por-saul-monreal","status":"publish","type":"post","link":"https:\/\/quehacerpolitico.mx\/?p=115135","title":{"rendered":"Desaparece en CDMX una joven de Zacatecas despu\u00e9s de asistir a parlamento juvenil en el Senado organizado por Sa\u00fal Monreal"},"content":{"rendered":"\n<p>Por Redacci\u00f3n QP<\/p>\n\n\n\n<p>De acuerdo con Jos\u00e9 Mar\u00eda, hermano de la joven, la \u00faltima comunicaci\u00f3n que tuvo con su hermana fue el s\u00e1bado cerca de las 6:30 de la tarde<\/p>\n\n\n\n<p>La joven zacatecana&nbsp;<strong>Zaida Edith Estrada Fraire<\/strong>, quien este fin de semana acudi\u00f3 a un evento en el&nbsp;<strong>Senado de la Rep\u00fablica<\/strong>, desapareci\u00f3 en la&nbsp;<strong>Ciudad de M\u00e9xico<\/strong>.&nbsp;<\/p>\n\n\n\n<p>Estrada asisti\u00f3 al Senado el&nbsp;<strong>28 de febrero y 1 de marzo&nbsp;<\/strong>junto con un grupo de&nbsp;j\u00f3venes, todos originarios de Zacatecas, al foro \u201c<strong>J\u00f3venes Conectados<\/strong>\u201d, como parte del&nbsp;<strong>Parlamento Juvenil<\/strong>, organizado&nbsp;por el senador morenista de esa entidad,&nbsp;<strong>Sa\u00fal Monreal<\/strong>.<\/p>\n\n\n\n<figure class=\"wp-block-image size-full\"><img loading=\"lazy\" decoding=\"async\" width=\"792\" height=\"707\" src=\"https:\/\/quehacerpolitico.mx\/wp-content\/uploads\/2025\/03\/image-1.jpeg\" alt=\"\" class=\"wp-image-115138\" srcset=\"https:\/\/quehacerpolitico.mx\/wp-content\/uploads\/2025\/03\/image-1.jpeg 792w, https:\/\/quehacerpolitico.mx\/wp-content\/uploads\/2025\/03\/image-1-300x268.jpeg 300w, https:\/\/quehacerpolitico.mx\/wp-content\/uploads\/2025\/03\/image-1-768x686.jpeg 768w\" sizes=\"auto, (max-width: 792px) 100vw, 792px\" \/><\/figure>\n\n\n\n<p>Los j\u00f3venes fueron trasladados en tres autobuses,&nbsp;<strong>a invitaci\u00f3n del legislador<\/strong>, quien cubri\u00f3 los gastos.<\/p>\n\n\n\n<p>De acuerdo con&nbsp;<strong>Jos\u00e9 Mar\u00eda<\/strong>, hermano de la joven, la \u00faltima comunicaci\u00f3n que tuvo con ella fue el s\u00e1bado cerca de las 6:30 de la tarde, cuando&nbsp;<strong>le coment\u00f3 que regresar\u00eda hasta este lunes a Zacatecas<\/strong>.&nbsp;<\/p>\n\n\n\n<p>Sin embargo, al percatarse de que los muchachos&nbsp;regresaron el domingo por la noche, Jos\u00e9 Mar\u00eda escribi\u00f3 un mensaje de texto a su hermana cerca de las 8:00 de la noche, pero ella no respondi\u00f3.<\/p>\n\n\n\n<p>Una de las amigas de Zaida Edith, que regres\u00f3 a Zacatecas ayer, coment\u00f3 a Jos\u00e9 Mar\u00eda que la joven le escribi\u00f3 un mensaje para decirle que se quedar\u00eda en la Ciudad de M\u00e9xico para&nbsp;<strong>atender una emergencia familiar<\/strong>, situaci\u00f3n que el hermano de la joven desaparecida dijo desconocer.&nbsp;<\/p>\n\n\n\n<p>Por ello, los familiares de Zaida Edith Estrada acudieron a las 10:00 de la noche de ayera la Fiscal\u00eda de Zacatecas para denunciar la desaparici\u00f3n.&nbsp;<\/p>\n\n\n\n<p>La Fiscal\u00eda General de Justicia de Zacatecas public\u00f3 este lunes, a las 7:26 de la ma\u00f1ana, la ficha de b\u00fasqueda \u201cProtocolo Alba\u201d de Zaida Edith Estrada Fraire, de 24 a\u00f1os, de tez blanca, ojos grandes color caf\u00e9, y como se\u00f1a particular tiene doble l\u00f3bulo en la oreja derecha.<\/p>\n\n\n\n<figure class=\"wp-block-embed is-type-rich is-provider-twitter wp-block-embed-twitter\"><div class=\"wp-block-embed__wrapper\">\n<blockquote class=\"twitter-tweet\" data-width=\"550\" data-dnt=\"true\"><p lang=\"es\" dir=\"ltr\">Solicitamos de tu valiosa colaboraci\u00f3n para encontrar a Zaida. <a href=\"https:\/\/t.co\/8lw51kxj3d\">pic.twitter.com\/8lw51kxj3d<\/a><\/p>&mdash; FGJE Zacatecas (@FiscaliaZac) <a href=\"https:\/\/twitter.com\/FiscaliaZac\/status\/1896552788785819930?ref_src=twsrc%5Etfw\">March 3, 2025<\/a><\/blockquote><script async src=\"https:\/\/platform.twitter.com\/widgets.js\" charset=\"utf-8\"><\/script>\n<\/div><\/figure>\n\n\n\n<p>Al momento de su&nbsp;<strong>desaparici\u00f3n<\/strong>, vest\u00eda un top color beige, saco color crema, pantal\u00f3n de vestir color negro y tenis color blanco.&nbsp;&nbsp;<\/p>\n\n\n\n<p>Jos\u00e9 Mar\u00eda Estrada indic\u00f3 que la ma\u00f1ana de este lunes, el senador Monreal se comunic\u00f3 con \u00e9l para decirle que la fiscal de la Ciudad de M\u00e9xico,&nbsp;Bertha Mar\u00eda Alcalde Luj\u00e1n, gir\u00f3 instrucciones para la&nbsp;<strong>b\u00fasqueda inmediata de la joven<\/strong>.&nbsp;&nbsp;&nbsp;<\/p>\n\n\n\n<p>\u201cLa verdad nuestra familia est\u00e1 desesperada, yo soy el que lleva las riendas del caso, le&nbsp;pedir\u00eda al senador, a todas las autoridades involucradas,&nbsp;<strong>estamos muy desesperados<\/strong>. Mi hermana es muy tranquila\u201d, dijo Jos\u00e9 Mar\u00eda.&nbsp;<\/p>\n\n\n\n<p>El foro \u201cJ\u00f3venes Conectados\u201d como anfitri\u00f3n al senador Sa\u00fal Monreal; se trat\u00f3 del segundo foro juvenil que organiza.&nbsp;&nbsp;<\/p>\n\n\n\n<p>\u201cTodos los j\u00f3venes de aqu\u00ed son de Zacatecas, puro zacatecano, unos de la Unir, de la UAZ, de la UTZAC\u201d, dijo Monreal el s\u00e1bado.&nbsp;&nbsp;<\/p>\n\n\n\n<p>Fuentes del Senado confirmaron a&nbsp;<em>Latinus&nbsp;<\/em>que el senador Monreal pag\u00f3 con recursos propios tanto el traslado como el hospedaje del grupo de j\u00f3venes desde Zacatecas.&nbsp;<\/p>\n\n\n\n<p>El foro juvenil comenz\u00f3 el 28 de febrero, cuando se llevaron a cabo&nbsp;<strong>actividades de preparaci\u00f3n de los j\u00f3venes rumbo al parlamento<\/strong>.<\/p>\n","protected":false},"excerpt":{"rendered":"<p>Por Redacci\u00f3n QP De acuerdo con Jos\u00e9 Mar\u00eda, hermano de la joven, la \u00faltima comunicaci\u00f3n&#8230;<\/p>\n","protected":false},"author":2,"featured_media":115136,"comment_status":"open","ping_status":"open","sticky":false,"template":"","format":"standard","meta":{"_monsterinsights_skip_tracking":false,"_monsterinsights_sitenote_active":false,"_monsterinsights_sitenote_note":"","_monsterinsights_sitenote_category":0,"footnotes":""},"categories":[55,280,2],"tags":[],"class_list":["post-115135","post","type-post","status-publish","format-standard","has-post-thumbnail","hentry","category-cdmx","category-nacionales","category-noticias"],"yoast_head":"<!-- This site is optimized with the Yoast SEO plugin v27.3 - https:\/\/yoast.com\/product\/yoast-seo-wordpress\/ -->\n<title>Desaparece en CDMX una joven de Zacatecas despu\u00e9s de asistir a parlamento juvenil en el Senado organizado por Sa\u00fal Monreal -<\/title>\n<meta name=\"robots\" content=\"index, follow, max-snippet:-1, max-image-preview:large, max-video-preview:-1\" \/>\n<link rel=\"canonical\" href=\"https:\/\/quehacerpolitico.mx\/?p=115135\" \/>\n<meta property=\"og:locale\" content=\"es_MX\" \/>\n<meta property=\"og:type\" content=\"article\" \/>\n<meta property=\"og:title\" content=\"Desaparece en CDMX una joven de Zacatecas despu\u00e9s de asistir a parlamento juvenil en el Senado organizado por Sa\u00fal Monreal -\" \/>\n<meta property=\"og:description\" content=\"Por Redacci\u00f3n QP De acuerdo con Jos\u00e9 Mar\u00eda, hermano de la joven, la \u00faltima comunicaci\u00f3n...\" \/>\n<meta property=\"og:url\" content=\"https:\/\/quehacerpolitico.mx\/?p=115135\" \/>\n<meta property=\"article:published_time\" content=\"2025-03-03T19:44:14+00:00\" \/>\n<meta property=\"article:modified_time\" content=\"2025-03-03T19:48:40+00:00\" \/>\n<meta property=\"og:image\" content=\"https:\/\/quehacerpolitico.mx\/wp-content\/uploads\/2025\/03\/IMG_0959.webp\" \/>\n\t<meta property=\"og:image:width\" content=\"960\" \/>\n\t<meta property=\"og:image:height\" content=\"540\" \/>\n\t<meta property=\"og:image:type\" content=\"image\/webp\" \/>\n<meta name=\"author\" content=\"Redacci\u00f3n QP\" \/>\n<meta name=\"twitter:card\" content=\"summary_large_image\" \/>\n<meta name=\"twitter:label1\" content=\"Escrito por\" \/>\n\t<meta name=\"twitter:data1\" content=\"Redacci\u00f3n QP\" \/>\n\t<meta name=\"twitter:label2\" content=\"Tiempo de lectura\" \/>\n\t<meta name=\"twitter:data2\" content=\"3 minutos\" \/>\n<script type=\"application\/ld+json\" class=\"yoast-schema-graph\">{\"@context\":\"https:\\\/\\\/schema.org\",\"@graph\":[{\"@type\":\"Article\",\"@id\":\"https:\\\/\\\/quehacerpolitico.mx\\\/?p=115135#article\",\"isPartOf\":{\"@id\":\"https:\\\/\\\/quehacerpolitico.mx\\\/?p=115135\"},\"author\":{\"name\":\"Redacci\u00f3n QP\",\"@id\":\"https:\\\/\\\/quehacerpolitico.mx\\\/#\\\/schema\\\/person\\\/496d8ad2d1d3f8036101dca7ee39e585\"},\"headline\":\"Desaparece en CDMX una joven de Zacatecas despu\u00e9s de asistir a parlamento juvenil en el Senado organizado por Sa\u00fal Monreal\",\"datePublished\":\"2025-03-03T19:44:14+00:00\",\"dateModified\":\"2025-03-03T19:48:40+00:00\",\"mainEntityOfPage\":{\"@id\":\"https:\\\/\\\/quehacerpolitico.mx\\\/?p=115135\"},\"wordCount\":601,\"commentCount\":0,\"image\":{\"@id\":\"https:\\\/\\\/quehacerpolitico.mx\\\/?p=115135#primaryimage\"},\"thumbnailUrl\":\"https:\\\/\\\/quehacerpolitico.mx\\\/wp-content\\\/uploads\\\/2025\\\/03\\\/IMG_0959.webp\",\"articleSection\":[\"CDMX\",\"Nacionales\",\"Noticias\"],\"inLanguage\":\"es\",\"potentialAction\":[{\"@type\":\"CommentAction\",\"name\":\"Comment\",\"target\":[\"https:\\\/\\\/quehacerpolitico.mx\\\/?p=115135#respond\"]}]},{\"@type\":\"WebPage\",\"@id\":\"https:\\\/\\\/quehacerpolitico.mx\\\/?p=115135\",\"url\":\"https:\\\/\\\/quehacerpolitico.mx\\\/?p=115135\",\"name\":\"Desaparece en CDMX una joven de Zacatecas despu\u00e9s de asistir a parlamento juvenil en el Senado organizado por Sa\u00fal Monreal -\",\"isPartOf\":{\"@id\":\"https:\\\/\\\/quehacerpolitico.mx\\\/#website\"},\"primaryImageOfPage\":{\"@id\":\"https:\\\/\\\/quehacerpolitico.mx\\\/?p=115135#primaryimage\"},\"image\":{\"@id\":\"https:\\\/\\\/quehacerpolitico.mx\\\/?p=115135#primaryimage\"},\"thumbnailUrl\":\"https:\\\/\\\/quehacerpolitico.mx\\\/wp-content\\\/uploads\\\/2025\\\/03\\\/IMG_0959.webp\",\"datePublished\":\"2025-03-03T19:44:14+00:00\",\"dateModified\":\"2025-03-03T19:48:40+00:00\",\"author\":{\"@id\":\"https:\\\/\\\/quehacerpolitico.mx\\\/#\\\/schema\\\/person\\\/496d8ad2d1d3f8036101dca7ee39e585\"},\"breadcrumb\":{\"@id\":\"https:\\\/\\\/quehacerpolitico.mx\\\/?p=115135#breadcrumb\"},\"inLanguage\":\"es\",\"potentialAction\":[{\"@type\":\"ReadAction\",\"target\":[\"https:\\\/\\\/quehacerpolitico.mx\\\/?p=115135\"]}]},{\"@type\":\"ImageObject\",\"inLanguage\":\"es\",\"@id\":\"https:\\\/\\\/quehacerpolitico.mx\\\/?p=115135#primaryimage\",\"url\":\"https:\\\/\\\/quehacerpolitico.mx\\\/wp-content\\\/uploads\\\/2025\\\/03\\\/IMG_0959.webp\",\"contentUrl\":\"https:\\\/\\\/quehacerpolitico.mx\\\/wp-content\\\/uploads\\\/2025\\\/03\\\/IMG_0959.webp\",\"width\":960,\"height\":540},{\"@type\":\"BreadcrumbList\",\"@id\":\"https:\\\/\\\/quehacerpolitico.mx\\\/?p=115135#breadcrumb\",\"itemListElement\":[{\"@type\":\"ListItem\",\"position\":1,\"name\":\"Inicio\",\"item\":\"https:\\\/\\\/quehacerpolitico.mx\\\/\"},{\"@type\":\"ListItem\",\"position\":2,\"name\":\"Desaparece en CDMX una joven de Zacatecas despu\u00e9s de asistir a parlamento juvenil en el Senado organizado por Sa\u00fal Monreal\"}]},{\"@type\":\"WebSite\",\"@id\":\"https:\\\/\\\/quehacerpolitico.mx\\\/#website\",\"url\":\"https:\\\/\\\/quehacerpolitico.mx\\\/\",\"name\":\"\",\"description\":\"\",\"potentialAction\":[{\"@type\":\"SearchAction\",\"target\":{\"@type\":\"EntryPoint\",\"urlTemplate\":\"https:\\\/\\\/quehacerpolitico.mx\\\/?s={search_term_string}\"},\"query-input\":{\"@type\":\"PropertyValueSpecification\",\"valueRequired\":true,\"valueName\":\"search_term_string\"}}],\"inLanguage\":\"es\"},{\"@type\":\"Person\",\"@id\":\"https:\\\/\\\/quehacerpolitico.mx\\\/#\\\/schema\\\/person\\\/496d8ad2d1d3f8036101dca7ee39e585\",\"name\":\"Redacci\u00f3n QP\",\"image\":{\"@type\":\"ImageObject\",\"inLanguage\":\"es\",\"@id\":\"https:\\\/\\\/secure.gravatar.com\\\/avatar\\\/c7164ed6fdec453195284ad24a5ae5b6e1eed2b848477fa2a4787ba9adf39a41?s=96&d=mm&r=g\",\"url\":\"https:\\\/\\\/secure.gravatar.com\\\/avatar\\\/c7164ed6fdec453195284ad24a5ae5b6e1eed2b848477fa2a4787ba9adf39a41?s=96&d=mm&r=g\",\"contentUrl\":\"https:\\\/\\\/secure.gravatar.com\\\/avatar\\\/c7164ed6fdec453195284ad24a5ae5b6e1eed2b848477fa2a4787ba9adf39a41?s=96&d=mm&r=g\",\"caption\":\"Redacci\u00f3n QP\"},\"url\":\"https:\\\/\\\/quehacerpolitico.mx\\\/?author=2\"}]}<\/script>\n<!-- \/ Yoast SEO plugin. -->","yoast_head_json":{"title":"Desaparece en CDMX una joven de Zacatecas despu\u00e9s de asistir a parlamento juvenil en el Senado organizado por Sa\u00fal Monreal -","robots":{"index":"index","follow":"follow","max-snippet":"max-snippet:-1","max-image-preview":"max-image-preview:large","max-video-preview":"max-video-preview:-1"},"canonical":"https:\/\/quehacerpolitico.mx\/?p=115135","og_locale":"es_MX","og_type":"article","og_title":"Desaparece en CDMX una joven de Zacatecas despu\u00e9s de asistir a parlamento juvenil en el Senado organizado por Sa\u00fal Monreal -","og_description":"Por Redacci\u00f3n QP De acuerdo con Jos\u00e9 Mar\u00eda, hermano de la joven, la \u00faltima comunicaci\u00f3n...","og_url":"https:\/\/quehacerpolitico.mx\/?p=115135","article_published_time":"2025-03-03T19:44:14+00:00","article_modified_time":"2025-03-03T19:48:40+00:00","og_image":[{"width":960,"height":540,"url":"https:\/\/quehacerpolitico.mx\/wp-content\/uploads\/2025\/03\/IMG_0959.webp","type":"image\/webp"}],"author":"Redacci\u00f3n QP","twitter_card":"summary_large_image","twitter_misc":{"Escrito por":"Redacci\u00f3n QP","Tiempo de lectura":"3 minutos"},"schema":{"@context":"https:\/\/schema.org","@graph":[{"@type":"Article","@id":"https:\/\/quehacerpolitico.mx\/?p=115135#article","isPartOf":{"@id":"https:\/\/quehacerpolitico.mx\/?p=115135"},"author":{"name":"Redacci\u00f3n QP","@id":"https:\/\/quehacerpolitico.mx\/#\/schema\/person\/496d8ad2d1d3f8036101dca7ee39e585"},"headline":"Desaparece en CDMX una joven de Zacatecas despu\u00e9s de asistir a parlamento juvenil en el Senado organizado por Sa\u00fal Monreal","datePublished":"2025-03-03T19:44:14+00:00","dateModified":"2025-03-03T19:48:40+00:00","mainEntityOfPage":{"@id":"https:\/\/quehacerpolitico.mx\/?p=115135"},"wordCount":601,"commentCount":0,"image":{"@id":"https:\/\/quehacerpolitico.mx\/?p=115135#primaryimage"},"thumbnailUrl":"https:\/\/quehacerpolitico.mx\/wp-content\/uploads\/2025\/03\/IMG_0959.webp","articleSection":["CDMX","Nacionales","Noticias"],"inLanguage":"es","potentialAction":[{"@type":"CommentAction","name":"Comment","target":["https:\/\/quehacerpolitico.mx\/?p=115135#respond"]}]},{"@type":"WebPage","@id":"https:\/\/quehacerpolitico.mx\/?p=115135","url":"https:\/\/quehacerpolitico.mx\/?p=115135","name":"Desaparece en CDMX una joven de Zacatecas despu\u00e9s de asistir a parlamento juvenil en el Senado organizado por Sa\u00fal Monreal -","isPartOf":{"@id":"https:\/\/quehacerpolitico.mx\/#website"},"primaryImageOfPage":{"@id":"https:\/\/quehacerpolitico.mx\/?p=115135#primaryimage"},"image":{"@id":"https:\/\/quehacerpolitico.mx\/?p=115135#primaryimage"},"thumbnailUrl":"https:\/\/quehacerpolitico.mx\/wp-content\/uploads\/2025\/03\/IMG_0959.webp","datePublished":"2025-03-03T19:44:14+00:00","dateModified":"2025-03-03T19:48:40+00:00","author":{"@id":"https:\/\/quehacerpolitico.mx\/#\/schema\/person\/496d8ad2d1d3f8036101dca7ee39e585"},"breadcrumb":{"@id":"https:\/\/quehacerpolitico.mx\/?p=115135#breadcrumb"},"inLanguage":"es","potentialAction":[{"@type":"ReadAction","target":["https:\/\/quehacerpolitico.mx\/?p=115135"]}]},{"@type":"ImageObject","inLanguage":"es","@id":"https:\/\/quehacerpolitico.mx\/?p=115135#primaryimage","url":"https:\/\/quehacerpolitico.mx\/wp-content\/uploads\/2025\/03\/IMG_0959.webp","contentUrl":"https:\/\/quehacerpolitico.mx\/wp-content\/uploads\/2025\/03\/IMG_0959.webp","width":960,"height":540},{"@type":"BreadcrumbList","@id":"https:\/\/quehacerpolitico.mx\/?p=115135#breadcrumb","itemListElement":[{"@type":"ListItem","position":1,"name":"Inicio","item":"https:\/\/quehacerpolitico.mx\/"},{"@type":"ListItem","position":2,"name":"Desaparece en CDMX una joven de Zacatecas despu\u00e9s de asistir a parlamento juvenil en el Senado organizado por Sa\u00fal Monreal"}]},{"@type":"WebSite","@id":"https:\/\/quehacerpolitico.mx\/#website","url":"https:\/\/quehacerpolitico.mx\/","name":"","description":"","potentialAction":[{"@type":"SearchAction","target":{"@type":"EntryPoint","urlTemplate":"https:\/\/quehacerpolitico.mx\/?s={search_term_string}"},"query-input":{"@type":"PropertyValueSpecification","valueRequired":true,"valueName":"search_term_string"}}],"inLanguage":"es"},{"@type":"Person","@id":"https:\/\/quehacerpolitico.mx\/#\/schema\/person\/496d8ad2d1d3f8036101dca7ee39e585","name":"Redacci\u00f3n QP","image":{"@type":"ImageObject","inLanguage":"es","@id":"https:\/\/secure.gravatar.com\/avatar\/c7164ed6fdec453195284ad24a5ae5b6e1eed2b848477fa2a4787ba9adf39a41?s=96&d=mm&r=g","url":"https:\/\/secure.gravatar.com\/avatar\/c7164ed6fdec453195284ad24a5ae5b6e1eed2b848477fa2a4787ba9adf39a41?s=96&d=mm&r=g","contentUrl":"https:\/\/secure.gravatar.com\/avatar\/c7164ed6fdec453195284ad24a5ae5b6e1eed2b848477fa2a4787ba9adf39a41?s=96&d=mm&r=g","caption":"Redacci\u00f3n QP"},"url":"https:\/\/quehacerpolitico.mx\/?author=2"}]}},"featured_image_urls":{"full":["https:\/\/quehacerpolitico.mx\/wp-content\/uploads\/2025\/03\/IMG_0959.webp",960,540,false],"thumbnail":["https:\/\/quehacerpolitico.mx\/wp-content\/uploads\/2025\/03\/IMG_0959-150x150.webp",150,150,true],"medium":["https:\/\/quehacerpolitico.mx\/wp-content\/uploads\/2025\/03\/IMG_0959-300x169.webp",300,169,true],"medium_large":["https:\/\/quehacerpolitico.mx\/wp-content\/uploads\/2025\/03\/IMG_0959-768x432.webp",640,360,true],"large":["https:\/\/quehacerpolitico.mx\/wp-content\/uploads\/2025\/03\/IMG_0959.webp",640,360,false],"1536x1536":["https:\/\/quehacerpolitico.mx\/wp-content\/uploads\/2025\/03\/IMG_0959.webp",960,540,false],"2048x2048":["https:\/\/quehacerpolitico.mx\/wp-content\/uploads\/2025\/03\/IMG_0959.webp",960,540,false],"covernews-featured":["https:\/\/quehacerpolitico.mx\/wp-content\/uploads\/2025\/03\/IMG_0959.webp",960,540,false],"covernews-medium":["https:\/\/quehacerpolitico.mx\/wp-content\/uploads\/2025\/03\/IMG_0959-540x340.webp",540,340,true]},"author_info":{"display_name":"Redacci\u00f3n QP","author_link":"https:\/\/quehacerpolitico.mx\/?author=2"},"category_info":"<a href=\"https:\/\/quehacerpolitico.mx\/?cat=55\" rel=\"category\">CDMX<\/a> <a href=\"https:\/\/quehacerpolitico.mx\/?cat=280\" rel=\"category\">Nacionales<\/a> <a href=\"https:\/\/quehacerpolitico.mx\/?cat=2\" rel=\"category\">Noticias<\/a>","tag_info":"Noticias","comment_count":"0","_links":{"self":[{"href":"https:\/\/quehacerpolitico.mx\/index.php?rest_route=\/wp\/v2\/posts\/115135","targetHints":{"allow":["GET"]}}],"collection":[{"href":"https:\/\/quehacerpolitico.mx\/index.php?rest_route=\/wp\/v2\/posts"}],"about":[{"href":"https:\/\/quehacerpolitico.mx\/index.php?rest_route=\/wp\/v2\/types\/post"}],"author":[{"embeddable":true,"href":"https:\/\/quehacerpolitico.mx\/index.php?rest_route=\/wp\/v2\/users\/2"}],"replies":[{"embeddable":true,"href":"https:\/\/quehacerpolitico.mx\/index.php?rest_route=%2Fwp%2Fv2%2Fcomments&post=115135"}],"version-history":[{"count":2,"href":"https:\/\/quehacerpolitico.mx\/index.php?rest_route=\/wp\/v2\/posts\/115135\/revisions"}],"predecessor-version":[{"id":115140,"href":"https:\/\/quehacerpolitico.mx\/index.php?rest_route=\/wp\/v2\/posts\/115135\/revisions\/115140"}],"wp:featuredmedia":[{"embeddable":true,"href":"https:\/\/quehacerpolitico.mx\/index.php?rest_route=\/wp\/v2\/media\/115136"}],"wp:attachment":[{"href":"https:\/\/quehacerpolitico.mx\/index.php?rest_route=%2Fwp%2Fv2%2Fmedia&parent=115135"}],"wp:term":[{"taxonomy":"category","embeddable":true,"href":"https:\/\/quehacerpolitico.mx\/index.php?rest_route=%2Fwp%2Fv2%2Fcategories&post=115135"},{"taxonomy":"post_tag","embeddable":true,"href":"https:\/\/quehacerpolitico.mx\/index.php?rest_route=%2Fwp%2Fv2%2Ftags&post=115135"}],"curies":[{"name":"wp","href":"https:\/\/api.w.org\/{rel}","templated":true}]}}