{"id":115131,"date":"2025-03-03T13:22:46","date_gmt":"2025-03-03T19:22:46","guid":{"rendered":"https:\/\/quehacerpolitico.mx\/?p=115131"},"modified":"2025-03-03T13:22:49","modified_gmt":"2025-03-03T19:22:49","slug":"denuncian-mujeres-de-la-anuee-exclusion-por-parte-csp-e-indiferencia-ante-demandas-de-usuarios-de-energia-electrica","status":"publish","type":"post","link":"https:\/\/quehacerpolitico.mx\/?p=115131","title":{"rendered":"Denuncian mujeres de la ANUEE exclusi\u00f3n por parte CSP e indiferencia ante demandas de usuarios de energ\u00eda el\u00e9ctrica"},"content":{"rendered":"\n<p>Por Redacci\u00f3n QP<\/p>\n\n\n\n<p>Las mujeres integrantes de la Asamblea Nacional de Usuarios de Energ\u00eda El\u00e9ctrica&nbsp;(ANUEE),&nbsp;aseguraron a pesar de ser tiempo de mujeres, con la llegada de Claudia&nbsp;Sheimbaum&nbsp;Pardo no llegaron a la presidencia todas las mujeres, al tiempo que denunciaron sentirse excluidas ya que sus demandas&nbsp;de la Asamblea&nbsp;no han sido atendidas y mucho menos resueltas&nbsp;por el actual gobierno.<\/p>\n\n\n\n<p>Aqu\u00ed el pronunciamiento entregado hoy a los medios y al gobierno federal despu\u00e9s de una marcha&nbsp;de la ANUEE&nbsp;que concluy\u00f3 en el Z\u00f3calo de la Ciudad de M\u00e9xico:<\/p>\n\n\n\n<p><em>Las mujeres participantes en la Asamblea Nacional de Usuarios de Energ\u00eda El\u00e9ctrica (ANUEE) marchan el 3 de marzo del 2025 con sus compa\u00f1eros de lucha, del edificio rojo de la Comisi\u00f3n Federal de Electricidad (CFE) a Palacio Nacional (Z\u00f3calo CDMX) consideramos que la lucha social, popular y pac\u00edfica, no es de g\u00e9neros, es de clases; acci\u00f3n en el marco del 8M para decirle a la presidenta Dra. Claudia&nbsp;<\/em><em>Sheinbaum<\/em><em>&nbsp;Pardo que en el llamado \u201ctiempo de las mujeres\u201d \u00a1no llegamos todas! faltamos las mujeres de la ANUEE, ya que nos sentimos excluidas en virtud de que nuestra solicitud y demandas no han sido resueltas, por tal raz\u00f3n nos movilizamos para demandar\/solicitar:&nbsp;<\/em><\/p>\n\n\n\n<p><strong><em>Reiterarle a la presidenta solicitud de audiencia, ya que anteriormente se solicit\u00f3, la respuesta fue canalizada por Atenci\u00f3n Ciudadana de Presidencia de la Rep\u00fablica al Instituto para Devolver al Pueblo lo Robado (INDEP). Mesa de negociaci\u00f3n con\/en presidencia con capacidad de resoluci\u00f3n a nuestras demandas: Borr\u00f3n y cuenta nueva con tarifa social justa, la energ\u00eda el\u00e9ctrica como derecho humano fundamental constitucionalizado y la renacionalizaci\u00f3n de la industria el\u00e9ctrica, ya que la mesa de negociaci\u00f3n instalada con\/en la Secretar\u00eda no responde ni resuelve nuestras demandas.<\/em><\/strong><\/p>\n\n\n\n<figure class=\"wp-block-image size-large\"><img loading=\"lazy\" decoding=\"async\" width=\"1024\" height=\"768\" src=\"https:\/\/quehacerpolitico.mx\/wp-content\/uploads\/2025\/03\/image-1024x768.jpeg\" alt=\"\" class=\"wp-image-115132\" srcset=\"https:\/\/quehacerpolitico.mx\/wp-content\/uploads\/2025\/03\/image-1024x768.jpeg 1024w, https:\/\/quehacerpolitico.mx\/wp-content\/uploads\/2025\/03\/image-300x225.jpeg 300w, https:\/\/quehacerpolitico.mx\/wp-content\/uploads\/2025\/03\/image-768x576.jpeg 768w, https:\/\/quehacerpolitico.mx\/wp-content\/uploads\/2025\/03\/image-1536x1152.jpeg 1536w, https:\/\/quehacerpolitico.mx\/wp-content\/uploads\/2025\/03\/image.jpeg 1600w\" sizes=\"auto, (max-width: 1024px) 100vw, 1024px\" \/><\/figure>\n\n\n\n<p><em>A catorce a\u00f1os de que el gobierno federal propici\u00f3 que usuarias y usuarios del sector el\u00e9ctrico dom\u00e9stico se organizaran en la ANUEE para defenderse de los abusos y arbitrariedades de la Comisi\u00f3n Federal de Electricidad (CFE), tales como: altos costos en las tarifas, cortes arbitrarios, cobros extrajudiciales, acoso telef\u00f3nico de despachos jur\u00eddicos de cobranza, imposici\u00f3n de la privatizaci\u00f3n\/modernizaci\u00f3n de medidores, no respeto a la queja de las usuarias y usuarios interpuesta ante la Procuradur\u00eda Federal del Consumidor, usar la&nbsp;<\/em><em>fuerza p\u00fablica y la Fiscal\u00eda General de la Rep\u00fablica como despachos de cobranza, de judicializar y criminalizar nuestra lucha social, popular y pac\u00edfica.&nbsp;<\/em><\/p>\n\n\n\n<p><em>Las mujeres ANUEE tenemos claro que la inclusi\u00f3n al llamado \u201ctiempo de las mujeres\u201d pasa por la resoluci\u00f3n a nuestras demandas por las que hemos venido luchando desde hace 14 a\u00f1os, solo de esa manera consideramos que formamos parte de \u201cllegamos todas las mujeres\u201d a Palacio Nacional y que dicha frase no quedar\u00e1 como una referencia simb\u00f3lica para la historia de la primera presidenta de M\u00e9xico.<\/em><\/p>\n\n\n\n<p><em>Sin m\u00e1s por el momento, reciban un cordial saludo de las mujeres de la ANUEE, deseando que el 8 de marzo quede como una fecha de resoluci\u00f3n a nuestras demandas y conflicto que el gobierno federal en turno (2009-2010) propici\u00f3 y los siguientes lo administraron para no resolverlo.&nbsp;<\/em><\/p>\n\n\n\n<p><em>La lucha es de todas y todos los olvidados, no podemos permitir que contin<\/em><em>\u00fae<\/em><em>&nbsp;el neoliberalismo disfrazado de bienestar y de la ilusi\u00f3n del \u201ctiempo de las mujeres\u201d y de \u201cllegamos todas\u201d.<\/em><\/p>\n","protected":false},"excerpt":{"rendered":"<p>Por Redacci\u00f3n QP Las mujeres integrantes de la Asamblea Nacional de Usuarios de Energ\u00eda El\u00e9ctrica&nbsp;(ANUEE),&nbsp;aseguraron&#8230;<\/p>\n","protected":false},"author":2,"featured_media":115133,"comment_status":"open","ping_status":"open","sticky":false,"template":"","format":"standard","meta":{"_monsterinsights_skip_tracking":false,"_monsterinsights_sitenote_active":false,"_monsterinsights_sitenote_note":"","_monsterinsights_sitenote_category":0,"footnotes":""},"categories":[55],"tags":[],"class_list":["post-115131","post","type-post","status-publish","format-standard","has-post-thumbnail","hentry","category-cdmx"],"yoast_head":"<!-- This site is optimized with the Yoast SEO plugin v27.3 - https:\/\/yoast.com\/product\/yoast-seo-wordpress\/ -->\n<title>Denuncian mujeres de la ANUEE exclusi\u00f3n por parte CSP e indiferencia ante demandas de usuarios de energ\u00eda el\u00e9ctrica -<\/title>\n<meta name=\"robots\" content=\"index, follow, max-snippet:-1, max-image-preview:large, max-video-preview:-1\" \/>\n<link rel=\"canonical\" href=\"https:\/\/quehacerpolitico.mx\/?p=115131\" \/>\n<meta property=\"og:locale\" content=\"es_MX\" \/>\n<meta property=\"og:type\" content=\"article\" \/>\n<meta property=\"og:title\" content=\"Denuncian mujeres de la ANUEE exclusi\u00f3n por parte CSP e indiferencia ante demandas de usuarios de energ\u00eda el\u00e9ctrica -\" \/>\n<meta property=\"og:description\" content=\"Por Redacci\u00f3n QP Las mujeres integrantes de la Asamblea Nacional de Usuarios de Energ\u00eda El\u00e9ctrica&nbsp;(ANUEE),&nbsp;aseguraron...\" \/>\n<meta property=\"og:url\" content=\"https:\/\/quehacerpolitico.mx\/?p=115131\" \/>\n<meta property=\"article:published_time\" content=\"2025-03-03T19:22:46+00:00\" \/>\n<meta property=\"article:modified_time\" content=\"2025-03-03T19:22:49+00:00\" \/>\n<meta property=\"og:image\" content=\"https:\/\/quehacerpolitico.mx\/wp-content\/uploads\/2025\/03\/Foto-marcha-ANUEE-hacia-el-Zocalo-1.jpeg\" \/>\n\t<meta property=\"og:image:width\" content=\"1600\" \/>\n\t<meta property=\"og:image:height\" content=\"1200\" \/>\n\t<meta property=\"og:image:type\" content=\"image\/jpeg\" \/>\n<meta name=\"author\" content=\"Redacci\u00f3n QP\" \/>\n<meta name=\"twitter:card\" content=\"summary_large_image\" \/>\n<meta name=\"twitter:label1\" content=\"Escrito por\" \/>\n\t<meta name=\"twitter:data1\" content=\"Redacci\u00f3n QP\" \/>\n\t<meta name=\"twitter:label2\" content=\"Tiempo de lectura\" \/>\n\t<meta name=\"twitter:data2\" content=\"3 minutos\" \/>\n<script type=\"application\/ld+json\" class=\"yoast-schema-graph\">{\"@context\":\"https:\\\/\\\/schema.org\",\"@graph\":[{\"@type\":\"Article\",\"@id\":\"https:\\\/\\\/quehacerpolitico.mx\\\/?p=115131#article\",\"isPartOf\":{\"@id\":\"https:\\\/\\\/quehacerpolitico.mx\\\/?p=115131\"},\"author\":{\"name\":\"Redacci\u00f3n QP\",\"@id\":\"https:\\\/\\\/quehacerpolitico.mx\\\/#\\\/schema\\\/person\\\/496d8ad2d1d3f8036101dca7ee39e585\"},\"headline\":\"Denuncian mujeres de la ANUEE exclusi\u00f3n por parte CSP e indiferencia ante demandas de usuarios de energ\u00eda el\u00e9ctrica\",\"datePublished\":\"2025-03-03T19:22:46+00:00\",\"dateModified\":\"2025-03-03T19:22:49+00:00\",\"mainEntityOfPage\":{\"@id\":\"https:\\\/\\\/quehacerpolitico.mx\\\/?p=115131\"},\"wordCount\":622,\"commentCount\":0,\"image\":{\"@id\":\"https:\\\/\\\/quehacerpolitico.mx\\\/?p=115131#primaryimage\"},\"thumbnailUrl\":\"https:\\\/\\\/quehacerpolitico.mx\\\/wp-content\\\/uploads\\\/2025\\\/03\\\/Foto-marcha-ANUEE-hacia-el-Zocalo-1.jpeg\",\"articleSection\":[\"CDMX\"],\"inLanguage\":\"es\",\"potentialAction\":[{\"@type\":\"CommentAction\",\"name\":\"Comment\",\"target\":[\"https:\\\/\\\/quehacerpolitico.mx\\\/?p=115131#respond\"]}]},{\"@type\":\"WebPage\",\"@id\":\"https:\\\/\\\/quehacerpolitico.mx\\\/?p=115131\",\"url\":\"https:\\\/\\\/quehacerpolitico.mx\\\/?p=115131\",\"name\":\"Denuncian mujeres de la ANUEE exclusi\u00f3n por parte CSP e indiferencia ante demandas de usuarios de energ\u00eda el\u00e9ctrica -\",\"isPartOf\":{\"@id\":\"https:\\\/\\\/quehacerpolitico.mx\\\/#website\"},\"primaryImageOfPage\":{\"@id\":\"https:\\\/\\\/quehacerpolitico.mx\\\/?p=115131#primaryimage\"},\"image\":{\"@id\":\"https:\\\/\\\/quehacerpolitico.mx\\\/?p=115131#primaryimage\"},\"thumbnailUrl\":\"https:\\\/\\\/quehacerpolitico.mx\\\/wp-content\\\/uploads\\\/2025\\\/03\\\/Foto-marcha-ANUEE-hacia-el-Zocalo-1.jpeg\",\"datePublished\":\"2025-03-03T19:22:46+00:00\",\"dateModified\":\"2025-03-03T19:22:49+00:00\",\"author\":{\"@id\":\"https:\\\/\\\/quehacerpolitico.mx\\\/#\\\/schema\\\/person\\\/496d8ad2d1d3f8036101dca7ee39e585\"},\"breadcrumb\":{\"@id\":\"https:\\\/\\\/quehacerpolitico.mx\\\/?p=115131#breadcrumb\"},\"inLanguage\":\"es\",\"potentialAction\":[{\"@type\":\"ReadAction\",\"target\":[\"https:\\\/\\\/quehacerpolitico.mx\\\/?p=115131\"]}]},{\"@type\":\"ImageObject\",\"inLanguage\":\"es\",\"@id\":\"https:\\\/\\\/quehacerpolitico.mx\\\/?p=115131#primaryimage\",\"url\":\"https:\\\/\\\/quehacerpolitico.mx\\\/wp-content\\\/uploads\\\/2025\\\/03\\\/Foto-marcha-ANUEE-hacia-el-Zocalo-1.jpeg\",\"contentUrl\":\"https:\\\/\\\/quehacerpolitico.mx\\\/wp-content\\\/uploads\\\/2025\\\/03\\\/Foto-marcha-ANUEE-hacia-el-Zocalo-1.jpeg\",\"width\":1600,\"height\":1200},{\"@type\":\"BreadcrumbList\",\"@id\":\"https:\\\/\\\/quehacerpolitico.mx\\\/?p=115131#breadcrumb\",\"itemListElement\":[{\"@type\":\"ListItem\",\"position\":1,\"name\":\"Inicio\",\"item\":\"https:\\\/\\\/quehacerpolitico.mx\\\/\"},{\"@type\":\"ListItem\",\"position\":2,\"name\":\"Denuncian mujeres de la ANUEE exclusi\u00f3n por parte CSP e indiferencia ante demandas de usuarios de energ\u00eda el\u00e9ctrica\"}]},{\"@type\":\"WebSite\",\"@id\":\"https:\\\/\\\/quehacerpolitico.mx\\\/#website\",\"url\":\"https:\\\/\\\/quehacerpolitico.mx\\\/\",\"name\":\"\",\"description\":\"\",\"potentialAction\":[{\"@type\":\"SearchAction\",\"target\":{\"@type\":\"EntryPoint\",\"urlTemplate\":\"https:\\\/\\\/quehacerpolitico.mx\\\/?s={search_term_string}\"},\"query-input\":{\"@type\":\"PropertyValueSpecification\",\"valueRequired\":true,\"valueName\":\"search_term_string\"}}],\"inLanguage\":\"es\"},{\"@type\":\"Person\",\"@id\":\"https:\\\/\\\/quehacerpolitico.mx\\\/#\\\/schema\\\/person\\\/496d8ad2d1d3f8036101dca7ee39e585\",\"name\":\"Redacci\u00f3n QP\",\"image\":{\"@type\":\"ImageObject\",\"inLanguage\":\"es\",\"@id\":\"https:\\\/\\\/secure.gravatar.com\\\/avatar\\\/c7164ed6fdec453195284ad24a5ae5b6e1eed2b848477fa2a4787ba9adf39a41?s=96&d=mm&r=g\",\"url\":\"https:\\\/\\\/secure.gravatar.com\\\/avatar\\\/c7164ed6fdec453195284ad24a5ae5b6e1eed2b848477fa2a4787ba9adf39a41?s=96&d=mm&r=g\",\"contentUrl\":\"https:\\\/\\\/secure.gravatar.com\\\/avatar\\\/c7164ed6fdec453195284ad24a5ae5b6e1eed2b848477fa2a4787ba9adf39a41?s=96&d=mm&r=g\",\"caption\":\"Redacci\u00f3n QP\"},\"url\":\"https:\\\/\\\/quehacerpolitico.mx\\\/?author=2\"}]}<\/script>\n<!-- \/ Yoast SEO plugin. -->","yoast_head_json":{"title":"Denuncian mujeres de la ANUEE exclusi\u00f3n por parte CSP e indiferencia ante demandas de usuarios de energ\u00eda el\u00e9ctrica -","robots":{"index":"index","follow":"follow","max-snippet":"max-snippet:-1","max-image-preview":"max-image-preview:large","max-video-preview":"max-video-preview:-1"},"canonical":"https:\/\/quehacerpolitico.mx\/?p=115131","og_locale":"es_MX","og_type":"article","og_title":"Denuncian mujeres de la ANUEE exclusi\u00f3n por parte CSP e indiferencia ante demandas de usuarios de energ\u00eda el\u00e9ctrica -","og_description":"Por Redacci\u00f3n QP Las mujeres integrantes de la Asamblea Nacional de Usuarios de Energ\u00eda El\u00e9ctrica&nbsp;(ANUEE),&nbsp;aseguraron...","og_url":"https:\/\/quehacerpolitico.mx\/?p=115131","article_published_time":"2025-03-03T19:22:46+00:00","article_modified_time":"2025-03-03T19:22:49+00:00","og_image":[{"width":1600,"height":1200,"url":"https:\/\/quehacerpolitico.mx\/wp-content\/uploads\/2025\/03\/Foto-marcha-ANUEE-hacia-el-Zocalo-1.jpeg","type":"image\/jpeg"}],"author":"Redacci\u00f3n QP","twitter_card":"summary_large_image","twitter_misc":{"Escrito por":"Redacci\u00f3n QP","Tiempo de lectura":"3 minutos"},"schema":{"@context":"https:\/\/schema.org","@graph":[{"@type":"Article","@id":"https:\/\/quehacerpolitico.mx\/?p=115131#article","isPartOf":{"@id":"https:\/\/quehacerpolitico.mx\/?p=115131"},"author":{"name":"Redacci\u00f3n QP","@id":"https:\/\/quehacerpolitico.mx\/#\/schema\/person\/496d8ad2d1d3f8036101dca7ee39e585"},"headline":"Denuncian mujeres de la ANUEE exclusi\u00f3n por parte CSP e indiferencia ante demandas de usuarios de energ\u00eda el\u00e9ctrica","datePublished":"2025-03-03T19:22:46+00:00","dateModified":"2025-03-03T19:22:49+00:00","mainEntityOfPage":{"@id":"https:\/\/quehacerpolitico.mx\/?p=115131"},"wordCount":622,"commentCount":0,"image":{"@id":"https:\/\/quehacerpolitico.mx\/?p=115131#primaryimage"},"thumbnailUrl":"https:\/\/quehacerpolitico.mx\/wp-content\/uploads\/2025\/03\/Foto-marcha-ANUEE-hacia-el-Zocalo-1.jpeg","articleSection":["CDMX"],"inLanguage":"es","potentialAction":[{"@type":"CommentAction","name":"Comment","target":["https:\/\/quehacerpolitico.mx\/?p=115131#respond"]}]},{"@type":"WebPage","@id":"https:\/\/quehacerpolitico.mx\/?p=115131","url":"https:\/\/quehacerpolitico.mx\/?p=115131","name":"Denuncian mujeres de la ANUEE exclusi\u00f3n por parte CSP e indiferencia ante demandas de usuarios de energ\u00eda el\u00e9ctrica -","isPartOf":{"@id":"https:\/\/quehacerpolitico.mx\/#website"},"primaryImageOfPage":{"@id":"https:\/\/quehacerpolitico.mx\/?p=115131#primaryimage"},"image":{"@id":"https:\/\/quehacerpolitico.mx\/?p=115131#primaryimage"},"thumbnailUrl":"https:\/\/quehacerpolitico.mx\/wp-content\/uploads\/2025\/03\/Foto-marcha-ANUEE-hacia-el-Zocalo-1.jpeg","datePublished":"2025-03-03T19:22:46+00:00","dateModified":"2025-03-03T19:22:49+00:00","author":{"@id":"https:\/\/quehacerpolitico.mx\/#\/schema\/person\/496d8ad2d1d3f8036101dca7ee39e585"},"breadcrumb":{"@id":"https:\/\/quehacerpolitico.mx\/?p=115131#breadcrumb"},"inLanguage":"es","potentialAction":[{"@type":"ReadAction","target":["https:\/\/quehacerpolitico.mx\/?p=115131"]}]},{"@type":"ImageObject","inLanguage":"es","@id":"https:\/\/quehacerpolitico.mx\/?p=115131#primaryimage","url":"https:\/\/quehacerpolitico.mx\/wp-content\/uploads\/2025\/03\/Foto-marcha-ANUEE-hacia-el-Zocalo-1.jpeg","contentUrl":"https:\/\/quehacerpolitico.mx\/wp-content\/uploads\/2025\/03\/Foto-marcha-ANUEE-hacia-el-Zocalo-1.jpeg","width":1600,"height":1200},{"@type":"BreadcrumbList","@id":"https:\/\/quehacerpolitico.mx\/?p=115131#breadcrumb","itemListElement":[{"@type":"ListItem","position":1,"name":"Inicio","item":"https:\/\/quehacerpolitico.mx\/"},{"@type":"ListItem","position":2,"name":"Denuncian mujeres de la ANUEE exclusi\u00f3n por parte CSP e indiferencia ante demandas de usuarios de energ\u00eda el\u00e9ctrica"}]},{"@type":"WebSite","@id":"https:\/\/quehacerpolitico.mx\/#website","url":"https:\/\/quehacerpolitico.mx\/","name":"","description":"","potentialAction":[{"@type":"SearchAction","target":{"@type":"EntryPoint","urlTemplate":"https:\/\/quehacerpolitico.mx\/?s={search_term_string}"},"query-input":{"@type":"PropertyValueSpecification","valueRequired":true,"valueName":"search_term_string"}}],"inLanguage":"es"},{"@type":"Person","@id":"https:\/\/quehacerpolitico.mx\/#\/schema\/person\/496d8ad2d1d3f8036101dca7ee39e585","name":"Redacci\u00f3n QP","image":{"@type":"ImageObject","inLanguage":"es","@id":"https:\/\/secure.gravatar.com\/avatar\/c7164ed6fdec453195284ad24a5ae5b6e1eed2b848477fa2a4787ba9adf39a41?s=96&d=mm&r=g","url":"https:\/\/secure.gravatar.com\/avatar\/c7164ed6fdec453195284ad24a5ae5b6e1eed2b848477fa2a4787ba9adf39a41?s=96&d=mm&r=g","contentUrl":"https:\/\/secure.gravatar.com\/avatar\/c7164ed6fdec453195284ad24a5ae5b6e1eed2b848477fa2a4787ba9adf39a41?s=96&d=mm&r=g","caption":"Redacci\u00f3n QP"},"url":"https:\/\/quehacerpolitico.mx\/?author=2"}]}},"featured_image_urls":{"full":["https:\/\/quehacerpolitico.mx\/wp-content\/uploads\/2025\/03\/Foto-marcha-ANUEE-hacia-el-Zocalo-1.jpeg",1600,1200,false],"thumbnail":["https:\/\/quehacerpolitico.mx\/wp-content\/uploads\/2025\/03\/Foto-marcha-ANUEE-hacia-el-Zocalo-1-150x150.jpeg",150,150,true],"medium":["https:\/\/quehacerpolitico.mx\/wp-content\/uploads\/2025\/03\/Foto-marcha-ANUEE-hacia-el-Zocalo-1-300x225.jpeg",300,225,true],"medium_large":["https:\/\/quehacerpolitico.mx\/wp-content\/uploads\/2025\/03\/Foto-marcha-ANUEE-hacia-el-Zocalo-1-768x576.jpeg",640,480,true],"large":["https:\/\/quehacerpolitico.mx\/wp-content\/uploads\/2025\/03\/Foto-marcha-ANUEE-hacia-el-Zocalo-1-1024x768.jpeg",640,480,true],"1536x1536":["https:\/\/quehacerpolitico.mx\/wp-content\/uploads\/2025\/03\/Foto-marcha-ANUEE-hacia-el-Zocalo-1-1536x1152.jpeg",1536,1152,true],"2048x2048":["https:\/\/quehacerpolitico.mx\/wp-content\/uploads\/2025\/03\/Foto-marcha-ANUEE-hacia-el-Zocalo-1.jpeg",1600,1200,false],"covernews-featured":["https:\/\/quehacerpolitico.mx\/wp-content\/uploads\/2025\/03\/Foto-marcha-ANUEE-hacia-el-Zocalo-1-1024x768.jpeg",1024,768,true],"covernews-medium":["https:\/\/quehacerpolitico.mx\/wp-content\/uploads\/2025\/03\/Foto-marcha-ANUEE-hacia-el-Zocalo-1-540x340.jpeg",540,340,true]},"author_info":{"display_name":"Redacci\u00f3n QP","author_link":"https:\/\/quehacerpolitico.mx\/?author=2"},"category_info":"<a href=\"https:\/\/quehacerpolitico.mx\/?cat=55\" rel=\"category\">CDMX<\/a>","tag_info":"CDMX","comment_count":"0","_links":{"self":[{"href":"https:\/\/quehacerpolitico.mx\/index.php?rest_route=\/wp\/v2\/posts\/115131","targetHints":{"allow":["GET"]}}],"collection":[{"href":"https:\/\/quehacerpolitico.mx\/index.php?rest_route=\/wp\/v2\/posts"}],"about":[{"href":"https:\/\/quehacerpolitico.mx\/index.php?rest_route=\/wp\/v2\/types\/post"}],"author":[{"embeddable":true,"href":"https:\/\/quehacerpolitico.mx\/index.php?rest_route=\/wp\/v2\/users\/2"}],"replies":[{"embeddable":true,"href":"https:\/\/quehacerpolitico.mx\/index.php?rest_route=%2Fwp%2Fv2%2Fcomments&post=115131"}],"version-history":[{"count":1,"href":"https:\/\/quehacerpolitico.mx\/index.php?rest_route=\/wp\/v2\/posts\/115131\/revisions"}],"predecessor-version":[{"id":115134,"href":"https:\/\/quehacerpolitico.mx\/index.php?rest_route=\/wp\/v2\/posts\/115131\/revisions\/115134"}],"wp:featuredmedia":[{"embeddable":true,"href":"https:\/\/quehacerpolitico.mx\/index.php?rest_route=\/wp\/v2\/media\/115133"}],"wp:attachment":[{"href":"https:\/\/quehacerpolitico.mx\/index.php?rest_route=%2Fwp%2Fv2%2Fmedia&parent=115131"}],"wp:term":[{"taxonomy":"category","embeddable":true,"href":"https:\/\/quehacerpolitico.mx\/index.php?rest_route=%2Fwp%2Fv2%2Fcategories&post=115131"},{"taxonomy":"post_tag","embeddable":true,"href":"https:\/\/quehacerpolitico.mx\/index.php?rest_route=%2Fwp%2Fv2%2Ftags&post=115131"}],"curies":[{"name":"wp","href":"https:\/\/api.w.org\/{rel}","templated":true}]}}