{"id":115128,"date":"2025-03-03T13:07:07","date_gmt":"2025-03-03T19:07:07","guid":{"rendered":"https:\/\/quehacerpolitico.mx\/?p=115128"},"modified":"2025-03-03T13:07:10","modified_gmt":"2025-03-03T19:07:10","slug":"la-crisis-de-la-contaminacion-del-agua","status":"publish","type":"post","link":"https:\/\/quehacerpolitico.mx\/?p=115128","title":{"rendered":"LA CRISIS DE LA CONTAMINACI\u00d3N DEL AGUA"},"content":{"rendered":"\n<p>POR DR. ING. GILBERTO BALDERAS HERRERA y ING. RAUL ZARATE GONZ\u00c1LEZ<\/p>\n\n\n\n<p>Analistas<\/p>\n\n\n\n<p>El agua es un recurso natural, sin el agua ning\u00fan ser viviente puede sobrevivir. Es un recurso no renovable, el ciclo natural del agua o hidrol\u00f3gico en la actualidad y desde finales del siglo pasado se ha colapsado, en virtud de que el crecimiento exponencial de la poblaci\u00f3n ha generado una mayor demanda de agua, por lo que su manejo debe ser mas eficiente y productivo en todas sus etapas y es aqu\u00ed en donde se presenta uno de los &nbsp;aspectos mas cr\u00edticos: EL SANEAMIENTO, ya que todas las actividades del quehacer humano requieren de agua y desafortunadamente se generan aguas residuales con diferentes tipos y grados de contaminaci\u00f3n.<\/p>\n\n\n\n<p>En la pir\u00e1mide de los usos del agua se encuentra el del consumo humano, que debe ser a base de agua potabilizada, de lo contrario puede causar problemas muy graves a la salud.&nbsp; En estos \u00faltimos a\u00f1os se ha visto reflejado el problema del agua a nivel mundial, aunque en muchas zonas llueve demasiado y en otras poco o casi nada. Debemos estar comprometidos a cuidarla y hacer buen uso de la misma.&nbsp;<\/p>\n\n\n\n<p>En un futuro no muy lejano se pelear\u00e1 por este vital liquido que se considerar\u00e1 el oro blanco<\/p>\n\n\n\n<p>Veamos la situaci\u00f3n en M\u00e9xico. Seg\u00fan la Comisi\u00f3n Nacional del Agua (CONAGUA) ha dividido la superficie en 13 regiones Hidrol\u00f3gico \u2013 Administrativas. En la actualidad el 10% de la poblaci\u00f3n no tiene acceso al agua potable, lo cual representa entre 12.5 y 15 millones de habitantes, principalmente en las zonas rurales, pero tambi\u00e9n en las zonas marginadas de las ciudades.<\/p>\n\n\n\n<p>Las enfermedades gastrointestinales, la mal nutrici\u00f3n, la falta de agua potable y el saneamiento de la misma, son causa principalmente de muerte de la poblaci\u00f3n infantil.<\/p>\n\n\n\n<p>En el tema del&nbsp;<em>saneamiento<\/em>&nbsp;o&nbsp;<em>tratamiento de las aguas residuales<\/em>&nbsp;<strong>se tiene un grave rezago al respecto<\/strong>, lo que imposibilita que se pueda recuperar el agua y por consiguiente ser reutilizada en las diferentes actividades de la sociedad; existe un d\u00e9ficit de plantas de tratamiento y por otra parte la gran mayor\u00eda de las plantas existentes est\u00e1n fuera de operaci\u00f3n o en malas condiciones.<\/p>\n\n\n\n<p>La Secretaria de Medio Ambiente y Recursos Naturales (SEMARNAT), y la Comisi\u00f3n Nacional del Agua (CONAGUA) como organismos rectores del sector deber\u00edan estar mas comprometidos a que se cumplan las Normas Oficiales Mexicanas para descargas de agua tratada. En la actualidad son la NOM-001-SEMARNAT-2021 ya actualizada, la NOM-002-SEMARNAT-1996, LA NOM-003-SEMARNAT-1997 Y LA NOM-004-SEMARNAT- 2002<\/p>\n\n\n\n<p>La CONAGUA fue creada en 1989, a la fecha tiene 36 a\u00f1os y al respecto no presenta progreso en el cumplimiento de las Normas Oficiales Mexicanas.&nbsp;<\/p>\n\n\n\n<p>Seg\u00fan informaci\u00f3n de diferentes fuentes tales como: INEGI, CONAGUA y PRENSA, &nbsp;aproximadamente el 90 % de las plantas de tratamiento existentes en el pa\u00eds, no cumplen con las Normas Oficiales Mexicanas en cuanto a la descarga del agua tratada a los cuerpos receptores.<\/p>\n\n\n\n<p>Se ha detectado que uno de los problemas mas representativos en el abandono de las plantas de tratamiento son sus altos costos de operaci\u00f3n y mantenimiento. Cabe se\u00f1alar que hoy en d\u00eda se tienen tecnolog\u00edas de punta que logran tener ahorros muy significativos en energ\u00eda y operaci\u00f3n.<\/p>\n\n\n\n<p>Los gobiernos tanto Federal como Estatal y Municipal deben comprometerse seguir construyendo mas plantas de tratamiento con tecnolog\u00edas nuevas, donde se tengan ahorros econ\u00f3micos en la operaci\u00f3n y mantenimiento y rehabilitar las plantas de tratamiento actuales para reusar el agua tratada de acuerdo a las Normas Oficiales Mexicanas antes mencionadas y dar pie a la satisfacci\u00f3n de la demanda requerida de agua que se requiere para el desarrollo del pa\u00eds, tanto en cantidad como en calidad.<\/p>\n\n\n\n<p>El agua tratada se puede reusar en la agricultura o inyectarla al subsuelo para reactivar los mantos acu\u00edferos, continuara su filtraci\u00f3n hasta llegar a los mantos acu\u00edferos, para posteriormente extraerla, potabilizarla y entregar la dotaci\u00f3n requerida de agua a la poblaci\u00f3n y a la industria.<\/p>\n\n\n\n<p>Otro tema que genera la falta de saneamiento de las aguas es la&nbsp;<strong><em>contaminaci\u00f3n de los r\u00edos, arroyos, lagunas,<\/em><\/strong>&nbsp;etc. Estos cuerpos receptores se han convertido en cloacas de &nbsp;aguas residuales sin tratar.<\/p>\n\n\n\n<p>La descarga de aguas residuales municipales e industriales a los cuerpos receptores antes mencionados suman toneladas de contaminantes de diversa \u00edndole.&nbsp;<\/p>\n\n\n\n<p>Estas descargas colapsan la biodiversidad de la regi\u00f3n provocando que la cantidad de ox\u00edgeno sea m\u00ednima o nula. El peligro con este problema es la vida de la flora y la fauna, tanto terrestre como acu\u00e1tica y que muchas especies est\u00e1n en peligro de extinci\u00f3n.&nbsp;<\/p>\n\n\n\n<p>El saneamiento del agua de r\u00edos es mucho mas caro que el construir plantas de tratamiento.<\/p>\n\n\n\n<p>Debemos evitar la escasez de agua y el riesgo de conflictos sociales derivados de la competencia de esta.<\/p>\n\n\n\n<p>Recordemos&nbsp;<strong>QUE TODOS LOS SECTORES DE LA SOCIEDAD DEBEMOS ESTAR COMPROMETIDOS EN EL CUIDADO Y EL BUEN APROVECHAMIENTO DEL AGUA.<\/strong><\/p>\n","protected":false},"excerpt":{"rendered":"<p>POR DR. ING. GILBERTO BALDERAS HERRERA y ING. RAUL ZARATE GONZ\u00c1LEZ Analistas El agua es&#8230;<\/p>\n","protected":false},"author":2,"featured_media":115129,"comment_status":"open","ping_status":"open","sticky":false,"template":"","format":"standard","meta":{"_monsterinsights_skip_tracking":false,"_monsterinsights_sitenote_active":false,"_monsterinsights_sitenote_note":"","_monsterinsights_sitenote_category":0,"footnotes":""},"categories":[280,2],"tags":[],"class_list":["post-115128","post","type-post","status-publish","format-standard","has-post-thumbnail","hentry","category-nacionales","category-noticias"],"yoast_head":"<!-- This site is optimized with the Yoast SEO plugin v27.3 - https:\/\/yoast.com\/product\/yoast-seo-wordpress\/ -->\n<title>LA CRISIS DE LA CONTAMINACI\u00d3N DEL AGUA -<\/title>\n<meta name=\"robots\" content=\"index, follow, max-snippet:-1, max-image-preview:large, max-video-preview:-1\" \/>\n<link rel=\"canonical\" href=\"https:\/\/quehacerpolitico.mx\/?p=115128\" \/>\n<meta property=\"og:locale\" content=\"es_MX\" \/>\n<meta property=\"og:type\" content=\"article\" \/>\n<meta property=\"og:title\" content=\"LA CRISIS DE LA CONTAMINACI\u00d3N DEL AGUA -\" \/>\n<meta property=\"og:description\" content=\"POR DR. ING. GILBERTO BALDERAS HERRERA y ING. RAUL ZARATE GONZ\u00c1LEZ Analistas El agua es...\" \/>\n<meta property=\"og:url\" content=\"https:\/\/quehacerpolitico.mx\/?p=115128\" \/>\n<meta property=\"article:published_time\" content=\"2025-03-03T19:07:07+00:00\" \/>\n<meta property=\"article:modified_time\" content=\"2025-03-03T19:07:10+00:00\" \/>\n<meta property=\"og:image\" content=\"https:\/\/quehacerpolitico.mx\/wp-content\/uploads\/2025\/03\/IMG_0956.jpeg\" \/>\n\t<meta property=\"og:image:width\" content=\"690\" \/>\n\t<meta property=\"og:image:height\" content=\"291\" \/>\n\t<meta property=\"og:image:type\" content=\"image\/jpeg\" \/>\n<meta name=\"author\" content=\"Redacci\u00f3n QP\" \/>\n<meta name=\"twitter:card\" content=\"summary_large_image\" \/>\n<meta name=\"twitter:label1\" content=\"Escrito por\" \/>\n\t<meta name=\"twitter:data1\" content=\"Redacci\u00f3n QP\" \/>\n\t<meta name=\"twitter:label2\" content=\"Tiempo de lectura\" \/>\n\t<meta name=\"twitter:data2\" content=\"4 minutos\" \/>\n<script type=\"application\/ld+json\" class=\"yoast-schema-graph\">{\"@context\":\"https:\\\/\\\/schema.org\",\"@graph\":[{\"@type\":\"Article\",\"@id\":\"https:\\\/\\\/quehacerpolitico.mx\\\/?p=115128#article\",\"isPartOf\":{\"@id\":\"https:\\\/\\\/quehacerpolitico.mx\\\/?p=115128\"},\"author\":{\"name\":\"Redacci\u00f3n QP\",\"@id\":\"https:\\\/\\\/quehacerpolitico.mx\\\/#\\\/schema\\\/person\\\/496d8ad2d1d3f8036101dca7ee39e585\"},\"headline\":\"LA CRISIS DE LA CONTAMINACI\u00d3N DEL AGUA\",\"datePublished\":\"2025-03-03T19:07:07+00:00\",\"dateModified\":\"2025-03-03T19:07:10+00:00\",\"mainEntityOfPage\":{\"@id\":\"https:\\\/\\\/quehacerpolitico.mx\\\/?p=115128\"},\"wordCount\":876,\"commentCount\":0,\"image\":{\"@id\":\"https:\\\/\\\/quehacerpolitico.mx\\\/?p=115128#primaryimage\"},\"thumbnailUrl\":\"https:\\\/\\\/quehacerpolitico.mx\\\/wp-content\\\/uploads\\\/2025\\\/03\\\/IMG_0956.jpeg\",\"articleSection\":[\"Nacionales\",\"Noticias\"],\"inLanguage\":\"es\",\"potentialAction\":[{\"@type\":\"CommentAction\",\"name\":\"Comment\",\"target\":[\"https:\\\/\\\/quehacerpolitico.mx\\\/?p=115128#respond\"]}]},{\"@type\":\"WebPage\",\"@id\":\"https:\\\/\\\/quehacerpolitico.mx\\\/?p=115128\",\"url\":\"https:\\\/\\\/quehacerpolitico.mx\\\/?p=115128\",\"name\":\"LA CRISIS DE LA CONTAMINACI\u00d3N DEL AGUA -\",\"isPartOf\":{\"@id\":\"https:\\\/\\\/quehacerpolitico.mx\\\/#website\"},\"primaryImageOfPage\":{\"@id\":\"https:\\\/\\\/quehacerpolitico.mx\\\/?p=115128#primaryimage\"},\"image\":{\"@id\":\"https:\\\/\\\/quehacerpolitico.mx\\\/?p=115128#primaryimage\"},\"thumbnailUrl\":\"https:\\\/\\\/quehacerpolitico.mx\\\/wp-content\\\/uploads\\\/2025\\\/03\\\/IMG_0956.jpeg\",\"datePublished\":\"2025-03-03T19:07:07+00:00\",\"dateModified\":\"2025-03-03T19:07:10+00:00\",\"author\":{\"@id\":\"https:\\\/\\\/quehacerpolitico.mx\\\/#\\\/schema\\\/person\\\/496d8ad2d1d3f8036101dca7ee39e585\"},\"breadcrumb\":{\"@id\":\"https:\\\/\\\/quehacerpolitico.mx\\\/?p=115128#breadcrumb\"},\"inLanguage\":\"es\",\"potentialAction\":[{\"@type\":\"ReadAction\",\"target\":[\"https:\\\/\\\/quehacerpolitico.mx\\\/?p=115128\"]}]},{\"@type\":\"ImageObject\",\"inLanguage\":\"es\",\"@id\":\"https:\\\/\\\/quehacerpolitico.mx\\\/?p=115128#primaryimage\",\"url\":\"https:\\\/\\\/quehacerpolitico.mx\\\/wp-content\\\/uploads\\\/2025\\\/03\\\/IMG_0956.jpeg\",\"contentUrl\":\"https:\\\/\\\/quehacerpolitico.mx\\\/wp-content\\\/uploads\\\/2025\\\/03\\\/IMG_0956.jpeg\",\"width\":690,\"height\":291,\"caption\":\"Screenshot\"},{\"@type\":\"BreadcrumbList\",\"@id\":\"https:\\\/\\\/quehacerpolitico.mx\\\/?p=115128#breadcrumb\",\"itemListElement\":[{\"@type\":\"ListItem\",\"position\":1,\"name\":\"Inicio\",\"item\":\"https:\\\/\\\/quehacerpolitico.mx\\\/\"},{\"@type\":\"ListItem\",\"position\":2,\"name\":\"LA CRISIS DE LA CONTAMINACI\u00d3N DEL AGUA\"}]},{\"@type\":\"WebSite\",\"@id\":\"https:\\\/\\\/quehacerpolitico.mx\\\/#website\",\"url\":\"https:\\\/\\\/quehacerpolitico.mx\\\/\",\"name\":\"\",\"description\":\"\",\"potentialAction\":[{\"@type\":\"SearchAction\",\"target\":{\"@type\":\"EntryPoint\",\"urlTemplate\":\"https:\\\/\\\/quehacerpolitico.mx\\\/?s={search_term_string}\"},\"query-input\":{\"@type\":\"PropertyValueSpecification\",\"valueRequired\":true,\"valueName\":\"search_term_string\"}}],\"inLanguage\":\"es\"},{\"@type\":\"Person\",\"@id\":\"https:\\\/\\\/quehacerpolitico.mx\\\/#\\\/schema\\\/person\\\/496d8ad2d1d3f8036101dca7ee39e585\",\"name\":\"Redacci\u00f3n QP\",\"image\":{\"@type\":\"ImageObject\",\"inLanguage\":\"es\",\"@id\":\"https:\\\/\\\/secure.gravatar.com\\\/avatar\\\/c7164ed6fdec453195284ad24a5ae5b6e1eed2b848477fa2a4787ba9adf39a41?s=96&d=mm&r=g\",\"url\":\"https:\\\/\\\/secure.gravatar.com\\\/avatar\\\/c7164ed6fdec453195284ad24a5ae5b6e1eed2b848477fa2a4787ba9adf39a41?s=96&d=mm&r=g\",\"contentUrl\":\"https:\\\/\\\/secure.gravatar.com\\\/avatar\\\/c7164ed6fdec453195284ad24a5ae5b6e1eed2b848477fa2a4787ba9adf39a41?s=96&d=mm&r=g\",\"caption\":\"Redacci\u00f3n QP\"},\"url\":\"https:\\\/\\\/quehacerpolitico.mx\\\/?author=2\"}]}<\/script>\n<!-- \/ Yoast SEO plugin. -->","yoast_head_json":{"title":"LA CRISIS DE LA CONTAMINACI\u00d3N DEL AGUA -","robots":{"index":"index","follow":"follow","max-snippet":"max-snippet:-1","max-image-preview":"max-image-preview:large","max-video-preview":"max-video-preview:-1"},"canonical":"https:\/\/quehacerpolitico.mx\/?p=115128","og_locale":"es_MX","og_type":"article","og_title":"LA CRISIS DE LA CONTAMINACI\u00d3N DEL AGUA -","og_description":"POR DR. ING. GILBERTO BALDERAS HERRERA y ING. RAUL ZARATE GONZ\u00c1LEZ Analistas El agua es...","og_url":"https:\/\/quehacerpolitico.mx\/?p=115128","article_published_time":"2025-03-03T19:07:07+00:00","article_modified_time":"2025-03-03T19:07:10+00:00","og_image":[{"width":690,"height":291,"url":"https:\/\/quehacerpolitico.mx\/wp-content\/uploads\/2025\/03\/IMG_0956.jpeg","type":"image\/jpeg"}],"author":"Redacci\u00f3n QP","twitter_card":"summary_large_image","twitter_misc":{"Escrito por":"Redacci\u00f3n QP","Tiempo de lectura":"4 minutos"},"schema":{"@context":"https:\/\/schema.org","@graph":[{"@type":"Article","@id":"https:\/\/quehacerpolitico.mx\/?p=115128#article","isPartOf":{"@id":"https:\/\/quehacerpolitico.mx\/?p=115128"},"author":{"name":"Redacci\u00f3n QP","@id":"https:\/\/quehacerpolitico.mx\/#\/schema\/person\/496d8ad2d1d3f8036101dca7ee39e585"},"headline":"LA CRISIS DE LA CONTAMINACI\u00d3N DEL AGUA","datePublished":"2025-03-03T19:07:07+00:00","dateModified":"2025-03-03T19:07:10+00:00","mainEntityOfPage":{"@id":"https:\/\/quehacerpolitico.mx\/?p=115128"},"wordCount":876,"commentCount":0,"image":{"@id":"https:\/\/quehacerpolitico.mx\/?p=115128#primaryimage"},"thumbnailUrl":"https:\/\/quehacerpolitico.mx\/wp-content\/uploads\/2025\/03\/IMG_0956.jpeg","articleSection":["Nacionales","Noticias"],"inLanguage":"es","potentialAction":[{"@type":"CommentAction","name":"Comment","target":["https:\/\/quehacerpolitico.mx\/?p=115128#respond"]}]},{"@type":"WebPage","@id":"https:\/\/quehacerpolitico.mx\/?p=115128","url":"https:\/\/quehacerpolitico.mx\/?p=115128","name":"LA CRISIS DE LA CONTAMINACI\u00d3N DEL AGUA -","isPartOf":{"@id":"https:\/\/quehacerpolitico.mx\/#website"},"primaryImageOfPage":{"@id":"https:\/\/quehacerpolitico.mx\/?p=115128#primaryimage"},"image":{"@id":"https:\/\/quehacerpolitico.mx\/?p=115128#primaryimage"},"thumbnailUrl":"https:\/\/quehacerpolitico.mx\/wp-content\/uploads\/2025\/03\/IMG_0956.jpeg","datePublished":"2025-03-03T19:07:07+00:00","dateModified":"2025-03-03T19:07:10+00:00","author":{"@id":"https:\/\/quehacerpolitico.mx\/#\/schema\/person\/496d8ad2d1d3f8036101dca7ee39e585"},"breadcrumb":{"@id":"https:\/\/quehacerpolitico.mx\/?p=115128#breadcrumb"},"inLanguage":"es","potentialAction":[{"@type":"ReadAction","target":["https:\/\/quehacerpolitico.mx\/?p=115128"]}]},{"@type":"ImageObject","inLanguage":"es","@id":"https:\/\/quehacerpolitico.mx\/?p=115128#primaryimage","url":"https:\/\/quehacerpolitico.mx\/wp-content\/uploads\/2025\/03\/IMG_0956.jpeg","contentUrl":"https:\/\/quehacerpolitico.mx\/wp-content\/uploads\/2025\/03\/IMG_0956.jpeg","width":690,"height":291,"caption":"Screenshot"},{"@type":"BreadcrumbList","@id":"https:\/\/quehacerpolitico.mx\/?p=115128#breadcrumb","itemListElement":[{"@type":"ListItem","position":1,"name":"Inicio","item":"https:\/\/quehacerpolitico.mx\/"},{"@type":"ListItem","position":2,"name":"LA CRISIS DE LA CONTAMINACI\u00d3N DEL AGUA"}]},{"@type":"WebSite","@id":"https:\/\/quehacerpolitico.mx\/#website","url":"https:\/\/quehacerpolitico.mx\/","name":"","description":"","potentialAction":[{"@type":"SearchAction","target":{"@type":"EntryPoint","urlTemplate":"https:\/\/quehacerpolitico.mx\/?s={search_term_string}"},"query-input":{"@type":"PropertyValueSpecification","valueRequired":true,"valueName":"search_term_string"}}],"inLanguage":"es"},{"@type":"Person","@id":"https:\/\/quehacerpolitico.mx\/#\/schema\/person\/496d8ad2d1d3f8036101dca7ee39e585","name":"Redacci\u00f3n QP","image":{"@type":"ImageObject","inLanguage":"es","@id":"https:\/\/secure.gravatar.com\/avatar\/c7164ed6fdec453195284ad24a5ae5b6e1eed2b848477fa2a4787ba9adf39a41?s=96&d=mm&r=g","url":"https:\/\/secure.gravatar.com\/avatar\/c7164ed6fdec453195284ad24a5ae5b6e1eed2b848477fa2a4787ba9adf39a41?s=96&d=mm&r=g","contentUrl":"https:\/\/secure.gravatar.com\/avatar\/c7164ed6fdec453195284ad24a5ae5b6e1eed2b848477fa2a4787ba9adf39a41?s=96&d=mm&r=g","caption":"Redacci\u00f3n QP"},"url":"https:\/\/quehacerpolitico.mx\/?author=2"}]}},"featured_image_urls":{"full":["https:\/\/quehacerpolitico.mx\/wp-content\/uploads\/2025\/03\/IMG_0956.jpeg",690,291,false],"thumbnail":["https:\/\/quehacerpolitico.mx\/wp-content\/uploads\/2025\/03\/IMG_0956-150x150.jpeg",150,150,true],"medium":["https:\/\/quehacerpolitico.mx\/wp-content\/uploads\/2025\/03\/IMG_0956-300x127.jpeg",300,127,true],"medium_large":["https:\/\/quehacerpolitico.mx\/wp-content\/uploads\/2025\/03\/IMG_0956.jpeg",640,270,false],"large":["https:\/\/quehacerpolitico.mx\/wp-content\/uploads\/2025\/03\/IMG_0956.jpeg",640,270,false],"1536x1536":["https:\/\/quehacerpolitico.mx\/wp-content\/uploads\/2025\/03\/IMG_0956.jpeg",690,291,false],"2048x2048":["https:\/\/quehacerpolitico.mx\/wp-content\/uploads\/2025\/03\/IMG_0956.jpeg",690,291,false],"covernews-featured":["https:\/\/quehacerpolitico.mx\/wp-content\/uploads\/2025\/03\/IMG_0956.jpeg",690,291,false],"covernews-medium":["https:\/\/quehacerpolitico.mx\/wp-content\/uploads\/2025\/03\/IMG_0956-540x291.jpeg",540,291,true]},"author_info":{"display_name":"Redacci\u00f3n QP","author_link":"https:\/\/quehacerpolitico.mx\/?author=2"},"category_info":"<a href=\"https:\/\/quehacerpolitico.mx\/?cat=280\" rel=\"category\">Nacionales<\/a> <a href=\"https:\/\/quehacerpolitico.mx\/?cat=2\" rel=\"category\">Noticias<\/a>","tag_info":"Noticias","comment_count":"0","_links":{"self":[{"href":"https:\/\/quehacerpolitico.mx\/index.php?rest_route=\/wp\/v2\/posts\/115128","targetHints":{"allow":["GET"]}}],"collection":[{"href":"https:\/\/quehacerpolitico.mx\/index.php?rest_route=\/wp\/v2\/posts"}],"about":[{"href":"https:\/\/quehacerpolitico.mx\/index.php?rest_route=\/wp\/v2\/types\/post"}],"author":[{"embeddable":true,"href":"https:\/\/quehacerpolitico.mx\/index.php?rest_route=\/wp\/v2\/users\/2"}],"replies":[{"embeddable":true,"href":"https:\/\/quehacerpolitico.mx\/index.php?rest_route=%2Fwp%2Fv2%2Fcomments&post=115128"}],"version-history":[{"count":1,"href":"https:\/\/quehacerpolitico.mx\/index.php?rest_route=\/wp\/v2\/posts\/115128\/revisions"}],"predecessor-version":[{"id":115130,"href":"https:\/\/quehacerpolitico.mx\/index.php?rest_route=\/wp\/v2\/posts\/115128\/revisions\/115130"}],"wp:featuredmedia":[{"embeddable":true,"href":"https:\/\/quehacerpolitico.mx\/index.php?rest_route=\/wp\/v2\/media\/115129"}],"wp:attachment":[{"href":"https:\/\/quehacerpolitico.mx\/index.php?rest_route=%2Fwp%2Fv2%2Fmedia&parent=115128"}],"wp:term":[{"taxonomy":"category","embeddable":true,"href":"https:\/\/quehacerpolitico.mx\/index.php?rest_route=%2Fwp%2Fv2%2Fcategories&post=115128"},{"taxonomy":"post_tag","embeddable":true,"href":"https:\/\/quehacerpolitico.mx\/index.php?rest_route=%2Fwp%2Fv2%2Ftags&post=115128"}],"curies":[{"name":"wp","href":"https:\/\/api.w.org\/{rel}","templated":true}]}}