{"id":115125,"date":"2025-03-03T12:40:27","date_gmt":"2025-03-03T18:40:27","guid":{"rendered":"https:\/\/quehacerpolitico.mx\/?p=115125"},"modified":"2025-03-03T12:40:30","modified_gmt":"2025-03-03T18:40:30","slug":"tenemos-plan-a-plan-b-plan-c-y-plan-d-afirmo-la-presidenta-sheinbaum-no-concreto-su-llamada-con-trump-por-aranceles-vamos-a-esperar-cual-es-la-decision","status":"publish","type":"post","link":"https:\/\/quehacerpolitico.mx\/?p=115125","title":{"rendered":"\u201cTenemos Plan A, Plan B, Plan C y Plan D\u201d, afirm\u00f3 La Presidenta Sheinbaum no concret\u00f3 su llamada con Trump por aranceles: &#8220;Vamos a esperar cu\u00e1l es la decisi\u00f3n&#8221;"},"content":{"rendered":"\n<p>Por Redacci\u00f3n QP<\/p>\n\n\n\n<p>El presidente de Estados Unidos, Donald Trump, decidir\u00e1 el porcentaje de aranceles que impondr\u00e1 el martes tanto a M\u00e9xico como a Canad\u00e1, mientras que la mandataria pidi\u00f3 no generar incertidumbre<\/p>\n\n\n\n<p>La presidenta<strong>&nbsp;Claudia Sheinbaum&nbsp;<\/strong>no descart\u00f3 la posibilidad de tener una<strong>&nbsp;reuni\u00f3n con el presidente estadounidense Donald Trump<\/strong>&nbsp;antes de que los&nbsp;<strong>aranceles<\/strong>&nbsp;a productos mexicanos entren en vigor este martes 4 de marzo y afirm\u00f3 que esperar\u00e1 la decisi\u00f3n del gobierno de Estados Unidos.&nbsp;<\/p>\n\n\n\n<p>&#8220;Todo es posible, todo es posible. Serenidad y paciencia&#8221;, contest\u00f3 la mandataria en conferencia de prensa despu\u00e9s de que le preguntaran sobre una posible llamada con Trump.<\/p>\n\n\n\n<figure class=\"wp-block-embed is-type-rich is-provider-twitter wp-block-embed-twitter\"><div class=\"wp-block-embed__wrapper\">\n<blockquote class=\"twitter-tweet\" data-width=\"550\" data-dnt=\"true\"><p lang=\"es\" dir=\"ltr\">\u201cTenemos Plan A, Plan B, Plan C y Plan D\u201d, afirm\u00f3 la presidenta Claudia Sheinbaum ante el amago del gobierno de EUA de que este martes entrar\u00e1 en vigor el plan de aranceles a los productos mexicanos, dijo que \u201chay que esperar\u201d, tambi\u00e9n se\u00f1al\u00f3 que a\u00fan es posible una llamada\u2026 <a href=\"https:\/\/t.co\/CnGcrzjeO8\">pic.twitter.com\/CnGcrzjeO8<\/a><\/p>&mdash; Azucena Uresti (@azucenau) <a href=\"https:\/\/twitter.com\/azucenau\/status\/1896578048818106815?ref_src=twsrc%5Etfw\">March 3, 2025<\/a><\/blockquote><script async src=\"https:\/\/platform.twitter.com\/widgets.js\" charset=\"utf-8\"><\/script>\n<\/div><\/figure>\n\n\n\n<p>El pasado viernes, Claudia Sheinbaum hab\u00eda declarado que los equipos de ambos estaban en\u00a0<strong>contacto<\/strong>\u00a0y que ese d\u00eda se determinar\u00edan los detalles de la llamada telef\u00f3nica para\u00a0<strong>discutir el tema de los aranceles.<\/strong><\/p>\n\n\n\n<p><br>La presidenta<strong>&nbsp;Claudia Sheinbaum&nbsp;<\/strong>no descart\u00f3 la posibilidad de tener una<strong>&nbsp;reuni\u00f3n con el presidente estadounidense Donald Trump<\/strong>&nbsp;antes de que los&nbsp;<strong>aranceles<\/strong>&nbsp;a productos mexicanos entren en vigor este martes 4 de marzo y afirm\u00f3 que esperar\u00e1 la decisi\u00f3n del gobierno de Estados Unidos.&nbsp;<\/p>\n\n\n\n<p>&#8220;Todo es posible, todo es posible. Serenidad y paciencia&#8221;, contest\u00f3 la mandataria en conferencia de prensa despu\u00e9s de que le preguntaran sobre una posible llamada con Trump.&nbsp;<\/p>\n\n\n\n<p>El pasado viernes, Claudia Sheinbaum hab\u00eda declarado que los equipos de ambos estaban en&nbsp;<strong>contacto<\/strong>&nbsp;y que ese d\u00eda se determinar\u00edan los detalles de la llamada telef\u00f3nica para&nbsp;<strong>discutir el tema de los aranceles.&nbsp;<\/strong><\/p>\n\n\n\n<h3 class=\"wp-block-heading\">TE PODR\u00cdA INTERESAR<\/h3>\n\n\n\n<ul class=\"wp-block-list\">\n<li><a href=\"https:\/\/latinus.us\/economia\/2025\/3\/3\/honda-ya-no-fabricara-el-civic-hibrido-en-mexico-elige-indiana-por-aranceles-de-trump-136403.html\"><em>EMPRESA AUTOMOTRIZ\u00a0<\/em>Honda ya no fabricar\u00e1 el Civic h\u00edbrido en M\u00e9xico: elige Indiana por aranceles de Trump<\/a><\/li>\n\n\n\n<li><a href=\"https:\/\/latinus.us\/economia\/2025\/3\/1\/consejo-nacional-agropecuario-descarta-que-trump-vaya-imponer-los-aranceles-del-25-136284.html\"><em>RELACIONES COMERCIALES\u00a0<\/em>Consejo Nacional Agropecuario descarta que Trump vaya a imponer los aranceles del 25%<\/a><\/li>\n<\/ul>\n\n\n\n<p>Sin embargo,&nbsp;<strong>hasta el momento no se ha concretado la llamada<\/strong>, en la que se hablar\u00eda de los avances que M\u00e9xico ha tenido sobre la disminuci\u00f3n del&nbsp;tr\u00e1fico de migrantes y de fentanilo.&nbsp;<\/p>\n\n\n\n<p>La presidenta afirm\u00f3 este lunes que las reuniones con Estados Unidos han sido&nbsp;<strong>buenas<\/strong>&nbsp;y que mantiene&nbsp;comunicaci\u00f3n permanente en las \u00e1reas de seguridad, comercio y migraci\u00f3n.&nbsp;<\/p>\n\n\n\n<p>&#8220;Vamos a esperar, vamos a esperar, no generemos incertidumbre, digamos. Entonces vamos a esperar cu\u00e1l es la decisi\u00f3n, que es una decisi\u00f3n que depende del gobierno de Estados Unidos, eso es muy importante&#8221;, a\u00f1adi\u00f3.&nbsp;<\/p>\n\n\n\n<p>Sheinbaum hizo un llamado a la templitud, serenidad y paciencia, a la vez que afirm\u00f3 tener un &#8220;plan&nbsp;A, plan B, plan C, plan D&#8221; para cualquier decisi\u00f3n que tome Trump.&nbsp;<\/p>\n\n\n\n<p>La mandataria&nbsp;afirm\u00f3 que desde que entr\u00f3 al gobierno ha&nbsp;<strong>combatido el tr\u00e1fico de fentanilo<\/strong>&nbsp;y argument\u00f3 que desde octubre de 2024 el flujo de la droga sint\u00e9tica ha disminuido porque las incautaciones en la frontera cayeron un 49.94%.&nbsp;&nbsp;<\/p>\n\n\n\n<p>Por su parte, en el tema migratorio dijo que el<strong>&nbsp;tr\u00e1fico de migrantes<\/strong>&nbsp;ha disminuido gracias a su estrategia de persuadir a los migrantes a buscar otras maneras de llegar a Estados Unidos.&nbsp;&nbsp;<\/p>\n\n\n\n<p><strong>Donald<\/strong>&nbsp;<strong>Trump<\/strong>&nbsp;decidir\u00e1 este lunes el&nbsp;<strong>porcentaje de aranceles&nbsp;<\/strong>que impondr\u00e1 el martes a primera hora del d\u00eda,&nbsp;tanto a M\u00e9xico como a Canad\u00e1.&nbsp;<\/p>\n\n\n\n<p>Expertos afirman que esta medida podr\u00eda&nbsp;<strong>afectar las importaciones estadounidenses&nbsp;<\/strong>de sus vecinos del sur y del norte por un valor de m\u00e1s de 900 mil millones de d\u00f3lares, lo que afectar\u00eda a la econom\u00eda norteamericana.&nbsp;&nbsp;<\/p>\n\n\n\n<p>El secretario de Comercio de Estados Unidos,&nbsp;<strong>Howard<\/strong>&nbsp;<strong>Lutnick<\/strong>, declar\u00f3 el domingo que Trump podr\u00eda no imponer la totalidad de los aranceles, diciendo que el presidente determinar\u00eda sus niveles exactos.&nbsp;<\/p>\n\n\n\n<p>M\u00e9xico y Canad\u00e1 &#8220;han hecho un trabajo razonable&#8221; asegurando sus fronteras estadounidenses y Trump est\u00e1 considerando cu\u00e1les deber\u00edan ser los niveles finales de los aranceles, dijo Lutnick a&nbsp;<em>Fox News.<\/em><\/p>\n\n\n\n<p>Tambi\u00e9n se espera que Trump eleve el martes los aranceles relacionados con el fentanilo a las&nbsp;<strong>importaciones<\/strong>&nbsp;<strong>chinas<\/strong>&nbsp;al 20% desde el 10% actual, a menos que Beijing ponga fin al&nbsp;<strong>tr\u00e1fico de fentanilo<\/strong>&nbsp;a Estados Unidos, dijo Lutnick.&nbsp;<\/p>\n\n\n\n<p><em>Con informaci\u00f3n de Reuters<\/em><\/p>\n","protected":false},"excerpt":{"rendered":"<p>Por Redacci\u00f3n QP El presidente de Estados Unidos, Donald Trump, decidir\u00e1 el porcentaje de aranceles&#8230;<\/p>\n","protected":false},"author":2,"featured_media":115126,"comment_status":"open","ping_status":"open","sticky":false,"template":"","format":"standard","meta":{"_monsterinsights_skip_tracking":false,"_monsterinsights_sitenote_active":false,"_monsterinsights_sitenote_note":"","_monsterinsights_sitenote_category":0,"footnotes":""},"categories":[280,2],"tags":[],"class_list":["post-115125","post","type-post","status-publish","format-standard","has-post-thumbnail","hentry","category-nacionales","category-noticias"],"yoast_head":"<!-- This site is optimized with the Yoast SEO plugin v27.3 - https:\/\/yoast.com\/product\/yoast-seo-wordpress\/ -->\n<title>\u201cTenemos Plan A, Plan B, Plan C y Plan D\u201d, afirm\u00f3 La Presidenta Sheinbaum no concret\u00f3 su llamada con Trump por aranceles: &quot;Vamos a esperar cu\u00e1l es la decisi\u00f3n&quot; -<\/title>\n<meta name=\"robots\" content=\"index, follow, max-snippet:-1, max-image-preview:large, max-video-preview:-1\" \/>\n<link rel=\"canonical\" href=\"https:\/\/quehacerpolitico.mx\/?p=115125\" \/>\n<meta property=\"og:locale\" content=\"es_MX\" \/>\n<meta property=\"og:type\" content=\"article\" \/>\n<meta property=\"og:title\" content=\"\u201cTenemos Plan A, Plan B, Plan C y Plan D\u201d, afirm\u00f3 La Presidenta Sheinbaum no concret\u00f3 su llamada con Trump por aranceles: &quot;Vamos a esperar cu\u00e1l es la decisi\u00f3n&quot; -\" \/>\n<meta property=\"og:description\" content=\"Por Redacci\u00f3n QP El presidente de Estados Unidos, Donald Trump, decidir\u00e1 el porcentaje de aranceles...\" \/>\n<meta property=\"og:url\" content=\"https:\/\/quehacerpolitico.mx\/?p=115125\" \/>\n<meta property=\"article:published_time\" content=\"2025-03-03T18:40:27+00:00\" \/>\n<meta property=\"article:modified_time\" content=\"2025-03-03T18:40:30+00:00\" \/>\n<meta property=\"og:image\" content=\"https:\/\/quehacerpolitico.mx\/wp-content\/uploads\/2025\/03\/IMG_0949.jpeg\" \/>\n\t<meta property=\"og:image:width\" content=\"1284\" \/>\n\t<meta property=\"og:image:height\" content=\"716\" \/>\n\t<meta property=\"og:image:type\" content=\"image\/jpeg\" \/>\n<meta name=\"author\" content=\"Redacci\u00f3n QP\" \/>\n<meta name=\"twitter:card\" content=\"summary_large_image\" \/>\n<meta name=\"twitter:label1\" content=\"Escrito por\" \/>\n\t<meta name=\"twitter:data1\" content=\"Redacci\u00f3n QP\" \/>\n\t<meta name=\"twitter:label2\" content=\"Tiempo de lectura\" \/>\n\t<meta name=\"twitter:data2\" content=\"4 minutos\" \/>\n<script type=\"application\/ld+json\" class=\"yoast-schema-graph\">{\"@context\":\"https:\\\/\\\/schema.org\",\"@graph\":[{\"@type\":\"Article\",\"@id\":\"https:\\\/\\\/quehacerpolitico.mx\\\/?p=115125#article\",\"isPartOf\":{\"@id\":\"https:\\\/\\\/quehacerpolitico.mx\\\/?p=115125\"},\"author\":{\"name\":\"Redacci\u00f3n QP\",\"@id\":\"https:\\\/\\\/quehacerpolitico.mx\\\/#\\\/schema\\\/person\\\/496d8ad2d1d3f8036101dca7ee39e585\"},\"headline\":\"\u201cTenemos Plan A, Plan B, Plan C y Plan D\u201d, afirm\u00f3 La Presidenta Sheinbaum no concret\u00f3 su llamada con Trump por aranceles: &#8220;Vamos a esperar cu\u00e1l es la decisi\u00f3n&#8221;\",\"datePublished\":\"2025-03-03T18:40:27+00:00\",\"dateModified\":\"2025-03-03T18:40:30+00:00\",\"mainEntityOfPage\":{\"@id\":\"https:\\\/\\\/quehacerpolitico.mx\\\/?p=115125\"},\"wordCount\":780,\"commentCount\":0,\"image\":{\"@id\":\"https:\\\/\\\/quehacerpolitico.mx\\\/?p=115125#primaryimage\"},\"thumbnailUrl\":\"https:\\\/\\\/quehacerpolitico.mx\\\/wp-content\\\/uploads\\\/2025\\\/03\\\/IMG_0949.jpeg\",\"articleSection\":[\"Nacionales\",\"Noticias\"],\"inLanguage\":\"es\",\"potentialAction\":[{\"@type\":\"CommentAction\",\"name\":\"Comment\",\"target\":[\"https:\\\/\\\/quehacerpolitico.mx\\\/?p=115125#respond\"]}]},{\"@type\":\"WebPage\",\"@id\":\"https:\\\/\\\/quehacerpolitico.mx\\\/?p=115125\",\"url\":\"https:\\\/\\\/quehacerpolitico.mx\\\/?p=115125\",\"name\":\"\u201cTenemos Plan A, Plan B, Plan C y Plan D\u201d, afirm\u00f3 La Presidenta Sheinbaum no concret\u00f3 su llamada con Trump por aranceles: \\\"Vamos a esperar cu\u00e1l es la decisi\u00f3n\\\" -\",\"isPartOf\":{\"@id\":\"https:\\\/\\\/quehacerpolitico.mx\\\/#website\"},\"primaryImageOfPage\":{\"@id\":\"https:\\\/\\\/quehacerpolitico.mx\\\/?p=115125#primaryimage\"},\"image\":{\"@id\":\"https:\\\/\\\/quehacerpolitico.mx\\\/?p=115125#primaryimage\"},\"thumbnailUrl\":\"https:\\\/\\\/quehacerpolitico.mx\\\/wp-content\\\/uploads\\\/2025\\\/03\\\/IMG_0949.jpeg\",\"datePublished\":\"2025-03-03T18:40:27+00:00\",\"dateModified\":\"2025-03-03T18:40:30+00:00\",\"author\":{\"@id\":\"https:\\\/\\\/quehacerpolitico.mx\\\/#\\\/schema\\\/person\\\/496d8ad2d1d3f8036101dca7ee39e585\"},\"breadcrumb\":{\"@id\":\"https:\\\/\\\/quehacerpolitico.mx\\\/?p=115125#breadcrumb\"},\"inLanguage\":\"es\",\"potentialAction\":[{\"@type\":\"ReadAction\",\"target\":[\"https:\\\/\\\/quehacerpolitico.mx\\\/?p=115125\"]}]},{\"@type\":\"ImageObject\",\"inLanguage\":\"es\",\"@id\":\"https:\\\/\\\/quehacerpolitico.mx\\\/?p=115125#primaryimage\",\"url\":\"https:\\\/\\\/quehacerpolitico.mx\\\/wp-content\\\/uploads\\\/2025\\\/03\\\/IMG_0949.jpeg\",\"contentUrl\":\"https:\\\/\\\/quehacerpolitico.mx\\\/wp-content\\\/uploads\\\/2025\\\/03\\\/IMG_0949.jpeg\",\"width\":1284,\"height\":716,\"caption\":\"Screenshot\"},{\"@type\":\"BreadcrumbList\",\"@id\":\"https:\\\/\\\/quehacerpolitico.mx\\\/?p=115125#breadcrumb\",\"itemListElement\":[{\"@type\":\"ListItem\",\"position\":1,\"name\":\"Inicio\",\"item\":\"https:\\\/\\\/quehacerpolitico.mx\\\/\"},{\"@type\":\"ListItem\",\"position\":2,\"name\":\"\u201cTenemos Plan A, Plan B, Plan C y Plan D\u201d, afirm\u00f3 La Presidenta Sheinbaum no concret\u00f3 su llamada con Trump por aranceles: &#8220;Vamos a esperar cu\u00e1l es la decisi\u00f3n&#8221;\"}]},{\"@type\":\"WebSite\",\"@id\":\"https:\\\/\\\/quehacerpolitico.mx\\\/#website\",\"url\":\"https:\\\/\\\/quehacerpolitico.mx\\\/\",\"name\":\"\",\"description\":\"\",\"potentialAction\":[{\"@type\":\"SearchAction\",\"target\":{\"@type\":\"EntryPoint\",\"urlTemplate\":\"https:\\\/\\\/quehacerpolitico.mx\\\/?s={search_term_string}\"},\"query-input\":{\"@type\":\"PropertyValueSpecification\",\"valueRequired\":true,\"valueName\":\"search_term_string\"}}],\"inLanguage\":\"es\"},{\"@type\":\"Person\",\"@id\":\"https:\\\/\\\/quehacerpolitico.mx\\\/#\\\/schema\\\/person\\\/496d8ad2d1d3f8036101dca7ee39e585\",\"name\":\"Redacci\u00f3n QP\",\"image\":{\"@type\":\"ImageObject\",\"inLanguage\":\"es\",\"@id\":\"https:\\\/\\\/secure.gravatar.com\\\/avatar\\\/c7164ed6fdec453195284ad24a5ae5b6e1eed2b848477fa2a4787ba9adf39a41?s=96&d=mm&r=g\",\"url\":\"https:\\\/\\\/secure.gravatar.com\\\/avatar\\\/c7164ed6fdec453195284ad24a5ae5b6e1eed2b848477fa2a4787ba9adf39a41?s=96&d=mm&r=g\",\"contentUrl\":\"https:\\\/\\\/secure.gravatar.com\\\/avatar\\\/c7164ed6fdec453195284ad24a5ae5b6e1eed2b848477fa2a4787ba9adf39a41?s=96&d=mm&r=g\",\"caption\":\"Redacci\u00f3n QP\"},\"url\":\"https:\\\/\\\/quehacerpolitico.mx\\\/?author=2\"}]}<\/script>\n<!-- \/ Yoast SEO plugin. -->","yoast_head_json":{"title":"\u201cTenemos Plan A, Plan B, Plan C y Plan D\u201d, afirm\u00f3 La Presidenta Sheinbaum no concret\u00f3 su llamada con Trump por aranceles: \"Vamos a esperar cu\u00e1l es la decisi\u00f3n\" -","robots":{"index":"index","follow":"follow","max-snippet":"max-snippet:-1","max-image-preview":"max-image-preview:large","max-video-preview":"max-video-preview:-1"},"canonical":"https:\/\/quehacerpolitico.mx\/?p=115125","og_locale":"es_MX","og_type":"article","og_title":"\u201cTenemos Plan A, Plan B, Plan C y Plan D\u201d, afirm\u00f3 La Presidenta Sheinbaum no concret\u00f3 su llamada con Trump por aranceles: \"Vamos a esperar cu\u00e1l es la decisi\u00f3n\" -","og_description":"Por Redacci\u00f3n QP El presidente de Estados Unidos, Donald Trump, decidir\u00e1 el porcentaje de aranceles...","og_url":"https:\/\/quehacerpolitico.mx\/?p=115125","article_published_time":"2025-03-03T18:40:27+00:00","article_modified_time":"2025-03-03T18:40:30+00:00","og_image":[{"width":1284,"height":716,"url":"https:\/\/quehacerpolitico.mx\/wp-content\/uploads\/2025\/03\/IMG_0949.jpeg","type":"image\/jpeg"}],"author":"Redacci\u00f3n QP","twitter_card":"summary_large_image","twitter_misc":{"Escrito por":"Redacci\u00f3n QP","Tiempo de lectura":"4 minutos"},"schema":{"@context":"https:\/\/schema.org","@graph":[{"@type":"Article","@id":"https:\/\/quehacerpolitico.mx\/?p=115125#article","isPartOf":{"@id":"https:\/\/quehacerpolitico.mx\/?p=115125"},"author":{"name":"Redacci\u00f3n QP","@id":"https:\/\/quehacerpolitico.mx\/#\/schema\/person\/496d8ad2d1d3f8036101dca7ee39e585"},"headline":"\u201cTenemos Plan A, Plan B, Plan C y Plan D\u201d, afirm\u00f3 La Presidenta Sheinbaum no concret\u00f3 su llamada con Trump por aranceles: &#8220;Vamos a esperar cu\u00e1l es la decisi\u00f3n&#8221;","datePublished":"2025-03-03T18:40:27+00:00","dateModified":"2025-03-03T18:40:30+00:00","mainEntityOfPage":{"@id":"https:\/\/quehacerpolitico.mx\/?p=115125"},"wordCount":780,"commentCount":0,"image":{"@id":"https:\/\/quehacerpolitico.mx\/?p=115125#primaryimage"},"thumbnailUrl":"https:\/\/quehacerpolitico.mx\/wp-content\/uploads\/2025\/03\/IMG_0949.jpeg","articleSection":["Nacionales","Noticias"],"inLanguage":"es","potentialAction":[{"@type":"CommentAction","name":"Comment","target":["https:\/\/quehacerpolitico.mx\/?p=115125#respond"]}]},{"@type":"WebPage","@id":"https:\/\/quehacerpolitico.mx\/?p=115125","url":"https:\/\/quehacerpolitico.mx\/?p=115125","name":"\u201cTenemos Plan A, Plan B, Plan C y Plan D\u201d, afirm\u00f3 La Presidenta Sheinbaum no concret\u00f3 su llamada con Trump por aranceles: \"Vamos a esperar cu\u00e1l es la decisi\u00f3n\" -","isPartOf":{"@id":"https:\/\/quehacerpolitico.mx\/#website"},"primaryImageOfPage":{"@id":"https:\/\/quehacerpolitico.mx\/?p=115125#primaryimage"},"image":{"@id":"https:\/\/quehacerpolitico.mx\/?p=115125#primaryimage"},"thumbnailUrl":"https:\/\/quehacerpolitico.mx\/wp-content\/uploads\/2025\/03\/IMG_0949.jpeg","datePublished":"2025-03-03T18:40:27+00:00","dateModified":"2025-03-03T18:40:30+00:00","author":{"@id":"https:\/\/quehacerpolitico.mx\/#\/schema\/person\/496d8ad2d1d3f8036101dca7ee39e585"},"breadcrumb":{"@id":"https:\/\/quehacerpolitico.mx\/?p=115125#breadcrumb"},"inLanguage":"es","potentialAction":[{"@type":"ReadAction","target":["https:\/\/quehacerpolitico.mx\/?p=115125"]}]},{"@type":"ImageObject","inLanguage":"es","@id":"https:\/\/quehacerpolitico.mx\/?p=115125#primaryimage","url":"https:\/\/quehacerpolitico.mx\/wp-content\/uploads\/2025\/03\/IMG_0949.jpeg","contentUrl":"https:\/\/quehacerpolitico.mx\/wp-content\/uploads\/2025\/03\/IMG_0949.jpeg","width":1284,"height":716,"caption":"Screenshot"},{"@type":"BreadcrumbList","@id":"https:\/\/quehacerpolitico.mx\/?p=115125#breadcrumb","itemListElement":[{"@type":"ListItem","position":1,"name":"Inicio","item":"https:\/\/quehacerpolitico.mx\/"},{"@type":"ListItem","position":2,"name":"\u201cTenemos Plan A, Plan B, Plan C y Plan D\u201d, afirm\u00f3 La Presidenta Sheinbaum no concret\u00f3 su llamada con Trump por aranceles: &#8220;Vamos a esperar cu\u00e1l es la decisi\u00f3n&#8221;"}]},{"@type":"WebSite","@id":"https:\/\/quehacerpolitico.mx\/#website","url":"https:\/\/quehacerpolitico.mx\/","name":"","description":"","potentialAction":[{"@type":"SearchAction","target":{"@type":"EntryPoint","urlTemplate":"https:\/\/quehacerpolitico.mx\/?s={search_term_string}"},"query-input":{"@type":"PropertyValueSpecification","valueRequired":true,"valueName":"search_term_string"}}],"inLanguage":"es"},{"@type":"Person","@id":"https:\/\/quehacerpolitico.mx\/#\/schema\/person\/496d8ad2d1d3f8036101dca7ee39e585","name":"Redacci\u00f3n QP","image":{"@type":"ImageObject","inLanguage":"es","@id":"https:\/\/secure.gravatar.com\/avatar\/c7164ed6fdec453195284ad24a5ae5b6e1eed2b848477fa2a4787ba9adf39a41?s=96&d=mm&r=g","url":"https:\/\/secure.gravatar.com\/avatar\/c7164ed6fdec453195284ad24a5ae5b6e1eed2b848477fa2a4787ba9adf39a41?s=96&d=mm&r=g","contentUrl":"https:\/\/secure.gravatar.com\/avatar\/c7164ed6fdec453195284ad24a5ae5b6e1eed2b848477fa2a4787ba9adf39a41?s=96&d=mm&r=g","caption":"Redacci\u00f3n QP"},"url":"https:\/\/quehacerpolitico.mx\/?author=2"}]}},"featured_image_urls":{"full":["https:\/\/quehacerpolitico.mx\/wp-content\/uploads\/2025\/03\/IMG_0949.jpeg",1284,716,false],"thumbnail":["https:\/\/quehacerpolitico.mx\/wp-content\/uploads\/2025\/03\/IMG_0949-150x150.jpeg",150,150,true],"medium":["https:\/\/quehacerpolitico.mx\/wp-content\/uploads\/2025\/03\/IMG_0949-300x167.jpeg",300,167,true],"medium_large":["https:\/\/quehacerpolitico.mx\/wp-content\/uploads\/2025\/03\/IMG_0949-768x428.jpeg",640,357,true],"large":["https:\/\/quehacerpolitico.mx\/wp-content\/uploads\/2025\/03\/IMG_0949-1024x571.jpeg",640,357,true],"1536x1536":["https:\/\/quehacerpolitico.mx\/wp-content\/uploads\/2025\/03\/IMG_0949.jpeg",1284,716,false],"2048x2048":["https:\/\/quehacerpolitico.mx\/wp-content\/uploads\/2025\/03\/IMG_0949.jpeg",1284,716,false],"covernews-featured":["https:\/\/quehacerpolitico.mx\/wp-content\/uploads\/2025\/03\/IMG_0949-1024x571.jpeg",1024,571,true],"covernews-medium":["https:\/\/quehacerpolitico.mx\/wp-content\/uploads\/2025\/03\/IMG_0949-540x340.jpeg",540,340,true]},"author_info":{"display_name":"Redacci\u00f3n QP","author_link":"https:\/\/quehacerpolitico.mx\/?author=2"},"category_info":"<a href=\"https:\/\/quehacerpolitico.mx\/?cat=280\" rel=\"category\">Nacionales<\/a> <a href=\"https:\/\/quehacerpolitico.mx\/?cat=2\" rel=\"category\">Noticias<\/a>","tag_info":"Noticias","comment_count":"0","_links":{"self":[{"href":"https:\/\/quehacerpolitico.mx\/index.php?rest_route=\/wp\/v2\/posts\/115125","targetHints":{"allow":["GET"]}}],"collection":[{"href":"https:\/\/quehacerpolitico.mx\/index.php?rest_route=\/wp\/v2\/posts"}],"about":[{"href":"https:\/\/quehacerpolitico.mx\/index.php?rest_route=\/wp\/v2\/types\/post"}],"author":[{"embeddable":true,"href":"https:\/\/quehacerpolitico.mx\/index.php?rest_route=\/wp\/v2\/users\/2"}],"replies":[{"embeddable":true,"href":"https:\/\/quehacerpolitico.mx\/index.php?rest_route=%2Fwp%2Fv2%2Fcomments&post=115125"}],"version-history":[{"count":1,"href":"https:\/\/quehacerpolitico.mx\/index.php?rest_route=\/wp\/v2\/posts\/115125\/revisions"}],"predecessor-version":[{"id":115127,"href":"https:\/\/quehacerpolitico.mx\/index.php?rest_route=\/wp\/v2\/posts\/115125\/revisions\/115127"}],"wp:featuredmedia":[{"embeddable":true,"href":"https:\/\/quehacerpolitico.mx\/index.php?rest_route=\/wp\/v2\/media\/115126"}],"wp:attachment":[{"href":"https:\/\/quehacerpolitico.mx\/index.php?rest_route=%2Fwp%2Fv2%2Fmedia&parent=115125"}],"wp:term":[{"taxonomy":"category","embeddable":true,"href":"https:\/\/quehacerpolitico.mx\/index.php?rest_route=%2Fwp%2Fv2%2Fcategories&post=115125"},{"taxonomy":"post_tag","embeddable":true,"href":"https:\/\/quehacerpolitico.mx\/index.php?rest_route=%2Fwp%2Fv2%2Ftags&post=115125"}],"curies":[{"name":"wp","href":"https:\/\/api.w.org\/{rel}","templated":true}]}}