{"id":115097,"date":"2025-03-01T16:34:08","date_gmt":"2025-03-01T22:34:08","guid":{"rendered":"https:\/\/quehacerpolitico.mx\/?p=115097"},"modified":"2025-03-01T16:34:10","modified_gmt":"2025-03-01T22:34:10","slug":"confirman-detencion-del-exgobernador-michoacano-silvano-aureoles","status":"publish","type":"post","link":"https:\/\/quehacerpolitico.mx\/?p=115097","title":{"rendered":"Confirman detenci\u00f3n del exgobernador michoacano Silvano Aureoles"},"content":{"rendered":"\n<p>Por Redacci\u00f3n QP<\/p>\n\n\n\n<p>El gobernador Alfredo Ram\u00edrez Bedolla interpuso m\u00e1s de 13 denuncias en contra de Aureoles Conejo y varios exfuncionarios m\u00e1s por el sobreprecio en el pago de al menos siete cuarteles regionales de la Polic\u00eda Estatal<\/p>\n\n\n\n<p>La orden de aprehensi\u00f3n en contra de\u00a0<strong>Silvano<\/strong>\u00a0<strong>Aureoles<\/strong>, exgobernador de Michoac\u00e1n, se gir\u00f3 el 27 de febrero y fue cumplimentada este s\u00e1bado 1 de marzo a las 11:00 de la ma\u00f1ana en Zapopan, Jalisco, de acuerdo con fuentes de la FGR<\/p>\n\n\n\n<figure class=\"wp-block-embed is-type-video is-provider-youtube wp-block-embed-youtube wp-embed-aspect-16-9 wp-has-aspect-ratio\"><div class=\"wp-block-embed__wrapper\">\n<iframe loading=\"lazy\" title=\"\u00a1Es oficial! Detienen a Silvano Aureoles, exgobernador de Michoac\u00e1n, por desv\u00edo de recursos\" width=\"640\" height=\"360\" src=\"https:\/\/www.youtube.com\/embed\/fFpULIaaN8s?feature=oembed\" frameborder=\"0\" allow=\"accelerometer; autoplay; clipboard-write; encrypted-media; gyroscope; picture-in-picture; web-share\" referrerpolicy=\"strict-origin-when-cross-origin\" allowfullscreen><\/iframe>\n<\/div><\/figure>\n\n\n\n<p>La Fiscal\u00eda Especializada en Combate a la Corrupci\u00f3n de la Fiscal\u00eda General de la Rep\u00fablica (FGR) lo se\u00f1ala por cometer los delitos que se le imputan de&nbsp;<strong>peculado<\/strong>,&nbsp;<strong>administraci\u00f3n<\/strong>&nbsp;<strong>fraudulenta<\/strong>,<strong>&nbsp;operaci\u00f3n con recursos de procedencia il\u00edcita&nbsp;<\/strong>y&nbsp;<strong>asociaci\u00f3n<\/strong><strong>delictuosa<\/strong>.&nbsp;<\/p>\n\n\n\n<p>La orden de aprehensi\u00f3n fue girada por la juez,<strong>\u00a0Patricia S\u00e1nchez Nava<\/strong>, juez de distrito especializado en el Sistema Penal\u00a0Acusatorio del Centro de Justicia Penal Federal en la Ciudad de M\u00e9xico, con sede en el Reclusorio Oriente, bajo la causa penal 118\/2025.<\/p>\n\n\n\n<p>Quien cumpliment\u00f3 la orden de aprehensi\u00f3n en contra de Silvano Aureoles Conejo y logr\u00f3 su detenci\u00f3n fue el comandante,&nbsp;<strong>Israel<\/strong><strong>Reyes<\/strong>&nbsp;<strong>Garc\u00eda<\/strong>, de la Unidad de Operaciones de Alto Impacto de la FGR.<\/p>\n\n\n\n<p>Este mismo d\u00eda tambi\u00e9n fue detenido<strong>&nbsp;Carlos Maldonado Mendoza<\/strong>, exsecretario de Finanzas de Michoac\u00e1n; su primer secretario de Seguridad P\u00fablica,&nbsp;<strong>Jos\u00e9 Antonio Bernal;&nbsp;<\/strong>Guillermo Loaiza G\u00f3mez, exsecretario de Finanzas;&nbsp;<strong>Mario<\/strong>&nbsp;<strong>Delgado<\/strong><strong>Murillo<\/strong>, Exdelegado de Finanzas y&nbsp;<strong>Elizabeth<\/strong><strong>Villegas<\/strong>&nbsp;<strong>Pineda,<\/strong>&nbsp;exdelegada administrativa de la secretar\u00eda de seguridad de Michoac\u00e1n.<\/p>\n\n\n\n<p>Maldonado Mendoza fue detenido por la Interpol en la ciudad de&nbsp;Miami, Florida, donde radica desde hace una d\u00e9cada, inclusive cuando se desempe\u00f1aba como funcionario de Aureoles.<\/p>\n\n\n\n<p>La Interpol detuvo a Maldonado Mendoza a solicitud de la&nbsp;Fiscal\u00eda General de la Rep\u00fablica&nbsp;(FGR), la cual lo investiga a \u00e9l y a otros funcionarios con la&nbsp;Unidad de Inteligencia Financiera&nbsp;(UIF) por e<strong>l desv\u00edo&nbsp;de&nbsp;4 mil millones de pesos<\/strong>, aunque esta orden de aprehensi\u00f3n se deriva s\u00f3lo por el delito de peculado por el orden de&nbsp;4 millones de pesos.<\/p>\n\n\n\n<p>Seg\u00fan la FGR, tres colaboradores de Aureoles autorizaron la entrega de 4 millones de pesos a una empresa para realizar una&nbsp;obra p\u00fablica en el municipio de&nbsp;<strong>Zit\u00e1cuaro<\/strong>, de la cual no existe evidencia de que se haya realizado.&nbsp;<\/p>\n\n\n\n<p>El actual gobernador de Michoac\u00e1n, el morenista&nbsp;<strong>Alfredo Ram\u00edrez Bedolla<\/strong>, interpuso m\u00e1s de 13 denuncias en contra de Aureoles Conejo y varios exfuncionarios m\u00e1s por el sobreprecio en el pago de al menos siete cuarteles regionales de la Polic\u00eda Estatal (hoy Guardia Civil), los cuales, de acuerdo a aval\u00faos, no sobrepasar\u00edan un costo de&nbsp;100 millones de pesos&nbsp;cada uno, pero el pago final ascendi\u00f3 a&nbsp;4 mil millones de pesos.&nbsp;<\/p>\n\n\n\n<p>De acuerdo con informaci\u00f3n de la FGR, los detenidos hasta ahora son:&nbsp;<\/p>\n\n\n\n<ul class=\"wp-block-list\">\n<li>Silvano Aureoles, exgobernador de Michoac\u00e1n<\/li>\n\n\n\n<li>Juan Bernardo Corona Mart\u00ednez, exsecretario de seguridad p\u00fablica<\/li>\n\n\n\n<li>Carlos Maldonado, exsecretario de Finanzas y Administraci\u00f3n<\/li>\n\n\n\n<li>Jos\u00e9 Antonio Bernal Bustamente, exsecretario de seguridad p\u00fablica<\/li>\n\n\n\n<li>Mario Delgado Murilllo, exdelegado administrativo de finanzas de la SSP y actual delegado administrativo de finanzas<\/li>\n\n\n\n<li>Elizabeth Villegas Pineda, exdelegada administrativa de la SSPE<\/li>\n\n\n\n<li>Guillermo Loaiza G\u00f3mez, exdirector de CADPE<\/li>\n<\/ul>\n","protected":false},"excerpt":{"rendered":"<p>Por Redacci\u00f3n QP El gobernador Alfredo Ram\u00edrez Bedolla interpuso m\u00e1s de 13 denuncias en contra&#8230;<\/p>\n","protected":false},"author":2,"featured_media":115098,"comment_status":"open","ping_status":"open","sticky":false,"template":"","format":"standard","meta":{"_monsterinsights_skip_tracking":false,"_monsterinsights_sitenote_active":false,"_monsterinsights_sitenote_note":"","_monsterinsights_sitenote_category":0,"footnotes":""},"categories":[280,2],"tags":[],"class_list":["post-115097","post","type-post","status-publish","format-standard","has-post-thumbnail","hentry","category-nacionales","category-noticias"],"yoast_head":"<!-- This site is optimized with the Yoast SEO plugin v27.3 - https:\/\/yoast.com\/product\/yoast-seo-wordpress\/ -->\n<title>Confirman detenci\u00f3n del exgobernador michoacano Silvano Aureoles -<\/title>\n<meta name=\"robots\" content=\"index, follow, max-snippet:-1, max-image-preview:large, max-video-preview:-1\" \/>\n<link rel=\"canonical\" href=\"https:\/\/quehacerpolitico.mx\/?p=115097\" \/>\n<meta property=\"og:locale\" content=\"es_MX\" \/>\n<meta property=\"og:type\" content=\"article\" \/>\n<meta property=\"og:title\" content=\"Confirman detenci\u00f3n del exgobernador michoacano Silvano Aureoles -\" \/>\n<meta property=\"og:description\" content=\"Por Redacci\u00f3n QP El gobernador Alfredo Ram\u00edrez Bedolla interpuso m\u00e1s de 13 denuncias en contra...\" \/>\n<meta property=\"og:url\" content=\"https:\/\/quehacerpolitico.mx\/?p=115097\" \/>\n<meta property=\"article:published_time\" content=\"2025-03-01T22:34:08+00:00\" \/>\n<meta property=\"article:modified_time\" content=\"2025-03-01T22:34:10+00:00\" \/>\n<meta property=\"og:image\" content=\"https:\/\/quehacerpolitico.mx\/wp-content\/uploads\/2025\/03\/IMG_0928.jpeg\" \/>\n\t<meta property=\"og:image:width\" content=\"1320\" \/>\n\t<meta property=\"og:image:height\" content=\"654\" \/>\n\t<meta property=\"og:image:type\" content=\"image\/jpeg\" \/>\n<meta name=\"author\" content=\"Redacci\u00f3n QP\" \/>\n<meta name=\"twitter:card\" content=\"summary_large_image\" \/>\n<meta name=\"twitter:label1\" content=\"Escrito por\" \/>\n\t<meta name=\"twitter:data1\" content=\"Redacci\u00f3n QP\" \/>\n\t<meta name=\"twitter:label2\" content=\"Tiempo de lectura\" \/>\n\t<meta name=\"twitter:data2\" content=\"3 minutos\" \/>\n<script type=\"application\/ld+json\" class=\"yoast-schema-graph\">{\"@context\":\"https:\\\/\\\/schema.org\",\"@graph\":[{\"@type\":\"Article\",\"@id\":\"https:\\\/\\\/quehacerpolitico.mx\\\/?p=115097#article\",\"isPartOf\":{\"@id\":\"https:\\\/\\\/quehacerpolitico.mx\\\/?p=115097\"},\"author\":{\"name\":\"Redacci\u00f3n QP\",\"@id\":\"https:\\\/\\\/quehacerpolitico.mx\\\/#\\\/schema\\\/person\\\/496d8ad2d1d3f8036101dca7ee39e585\"},\"headline\":\"Confirman detenci\u00f3n del exgobernador michoacano Silvano Aureoles\",\"datePublished\":\"2025-03-01T22:34:08+00:00\",\"dateModified\":\"2025-03-01T22:34:10+00:00\",\"mainEntityOfPage\":{\"@id\":\"https:\\\/\\\/quehacerpolitico.mx\\\/?p=115097\"},\"wordCount\":608,\"commentCount\":0,\"image\":{\"@id\":\"https:\\\/\\\/quehacerpolitico.mx\\\/?p=115097#primaryimage\"},\"thumbnailUrl\":\"https:\\\/\\\/quehacerpolitico.mx\\\/wp-content\\\/uploads\\\/2025\\\/03\\\/IMG_0928.jpeg\",\"articleSection\":[\"Nacionales\",\"Noticias\"],\"inLanguage\":\"es\",\"potentialAction\":[{\"@type\":\"CommentAction\",\"name\":\"Comment\",\"target\":[\"https:\\\/\\\/quehacerpolitico.mx\\\/?p=115097#respond\"]}]},{\"@type\":\"WebPage\",\"@id\":\"https:\\\/\\\/quehacerpolitico.mx\\\/?p=115097\",\"url\":\"https:\\\/\\\/quehacerpolitico.mx\\\/?p=115097\",\"name\":\"Confirman detenci\u00f3n del exgobernador michoacano Silvano Aureoles -\",\"isPartOf\":{\"@id\":\"https:\\\/\\\/quehacerpolitico.mx\\\/#website\"},\"primaryImageOfPage\":{\"@id\":\"https:\\\/\\\/quehacerpolitico.mx\\\/?p=115097#primaryimage\"},\"image\":{\"@id\":\"https:\\\/\\\/quehacerpolitico.mx\\\/?p=115097#primaryimage\"},\"thumbnailUrl\":\"https:\\\/\\\/quehacerpolitico.mx\\\/wp-content\\\/uploads\\\/2025\\\/03\\\/IMG_0928.jpeg\",\"datePublished\":\"2025-03-01T22:34:08+00:00\",\"dateModified\":\"2025-03-01T22:34:10+00:00\",\"author\":{\"@id\":\"https:\\\/\\\/quehacerpolitico.mx\\\/#\\\/schema\\\/person\\\/496d8ad2d1d3f8036101dca7ee39e585\"},\"breadcrumb\":{\"@id\":\"https:\\\/\\\/quehacerpolitico.mx\\\/?p=115097#breadcrumb\"},\"inLanguage\":\"es\",\"potentialAction\":[{\"@type\":\"ReadAction\",\"target\":[\"https:\\\/\\\/quehacerpolitico.mx\\\/?p=115097\"]}]},{\"@type\":\"ImageObject\",\"inLanguage\":\"es\",\"@id\":\"https:\\\/\\\/quehacerpolitico.mx\\\/?p=115097#primaryimage\",\"url\":\"https:\\\/\\\/quehacerpolitico.mx\\\/wp-content\\\/uploads\\\/2025\\\/03\\\/IMG_0928.jpeg\",\"contentUrl\":\"https:\\\/\\\/quehacerpolitico.mx\\\/wp-content\\\/uploads\\\/2025\\\/03\\\/IMG_0928.jpeg\",\"width\":1320,\"height\":654},{\"@type\":\"BreadcrumbList\",\"@id\":\"https:\\\/\\\/quehacerpolitico.mx\\\/?p=115097#breadcrumb\",\"itemListElement\":[{\"@type\":\"ListItem\",\"position\":1,\"name\":\"Inicio\",\"item\":\"https:\\\/\\\/quehacerpolitico.mx\\\/\"},{\"@type\":\"ListItem\",\"position\":2,\"name\":\"Confirman detenci\u00f3n del exgobernador michoacano Silvano Aureoles\"}]},{\"@type\":\"WebSite\",\"@id\":\"https:\\\/\\\/quehacerpolitico.mx\\\/#website\",\"url\":\"https:\\\/\\\/quehacerpolitico.mx\\\/\",\"name\":\"\",\"description\":\"\",\"potentialAction\":[{\"@type\":\"SearchAction\",\"target\":{\"@type\":\"EntryPoint\",\"urlTemplate\":\"https:\\\/\\\/quehacerpolitico.mx\\\/?s={search_term_string}\"},\"query-input\":{\"@type\":\"PropertyValueSpecification\",\"valueRequired\":true,\"valueName\":\"search_term_string\"}}],\"inLanguage\":\"es\"},{\"@type\":\"Person\",\"@id\":\"https:\\\/\\\/quehacerpolitico.mx\\\/#\\\/schema\\\/person\\\/496d8ad2d1d3f8036101dca7ee39e585\",\"name\":\"Redacci\u00f3n QP\",\"image\":{\"@type\":\"ImageObject\",\"inLanguage\":\"es\",\"@id\":\"https:\\\/\\\/secure.gravatar.com\\\/avatar\\\/c7164ed6fdec453195284ad24a5ae5b6e1eed2b848477fa2a4787ba9adf39a41?s=96&d=mm&r=g\",\"url\":\"https:\\\/\\\/secure.gravatar.com\\\/avatar\\\/c7164ed6fdec453195284ad24a5ae5b6e1eed2b848477fa2a4787ba9adf39a41?s=96&d=mm&r=g\",\"contentUrl\":\"https:\\\/\\\/secure.gravatar.com\\\/avatar\\\/c7164ed6fdec453195284ad24a5ae5b6e1eed2b848477fa2a4787ba9adf39a41?s=96&d=mm&r=g\",\"caption\":\"Redacci\u00f3n QP\"},\"url\":\"https:\\\/\\\/quehacerpolitico.mx\\\/?author=2\"}]}<\/script>\n<!-- \/ Yoast SEO plugin. -->","yoast_head_json":{"title":"Confirman detenci\u00f3n del exgobernador michoacano Silvano Aureoles -","robots":{"index":"index","follow":"follow","max-snippet":"max-snippet:-1","max-image-preview":"max-image-preview:large","max-video-preview":"max-video-preview:-1"},"canonical":"https:\/\/quehacerpolitico.mx\/?p=115097","og_locale":"es_MX","og_type":"article","og_title":"Confirman detenci\u00f3n del exgobernador michoacano Silvano Aureoles -","og_description":"Por Redacci\u00f3n QP El gobernador Alfredo Ram\u00edrez Bedolla interpuso m\u00e1s de 13 denuncias en contra...","og_url":"https:\/\/quehacerpolitico.mx\/?p=115097","article_published_time":"2025-03-01T22:34:08+00:00","article_modified_time":"2025-03-01T22:34:10+00:00","og_image":[{"width":1320,"height":654,"url":"https:\/\/quehacerpolitico.mx\/wp-content\/uploads\/2025\/03\/IMG_0928.jpeg","type":"image\/jpeg"}],"author":"Redacci\u00f3n QP","twitter_card":"summary_large_image","twitter_misc":{"Escrito por":"Redacci\u00f3n QP","Tiempo de lectura":"3 minutos"},"schema":{"@context":"https:\/\/schema.org","@graph":[{"@type":"Article","@id":"https:\/\/quehacerpolitico.mx\/?p=115097#article","isPartOf":{"@id":"https:\/\/quehacerpolitico.mx\/?p=115097"},"author":{"name":"Redacci\u00f3n QP","@id":"https:\/\/quehacerpolitico.mx\/#\/schema\/person\/496d8ad2d1d3f8036101dca7ee39e585"},"headline":"Confirman detenci\u00f3n del exgobernador michoacano Silvano Aureoles","datePublished":"2025-03-01T22:34:08+00:00","dateModified":"2025-03-01T22:34:10+00:00","mainEntityOfPage":{"@id":"https:\/\/quehacerpolitico.mx\/?p=115097"},"wordCount":608,"commentCount":0,"image":{"@id":"https:\/\/quehacerpolitico.mx\/?p=115097#primaryimage"},"thumbnailUrl":"https:\/\/quehacerpolitico.mx\/wp-content\/uploads\/2025\/03\/IMG_0928.jpeg","articleSection":["Nacionales","Noticias"],"inLanguage":"es","potentialAction":[{"@type":"CommentAction","name":"Comment","target":["https:\/\/quehacerpolitico.mx\/?p=115097#respond"]}]},{"@type":"WebPage","@id":"https:\/\/quehacerpolitico.mx\/?p=115097","url":"https:\/\/quehacerpolitico.mx\/?p=115097","name":"Confirman detenci\u00f3n del exgobernador michoacano Silvano Aureoles -","isPartOf":{"@id":"https:\/\/quehacerpolitico.mx\/#website"},"primaryImageOfPage":{"@id":"https:\/\/quehacerpolitico.mx\/?p=115097#primaryimage"},"image":{"@id":"https:\/\/quehacerpolitico.mx\/?p=115097#primaryimage"},"thumbnailUrl":"https:\/\/quehacerpolitico.mx\/wp-content\/uploads\/2025\/03\/IMG_0928.jpeg","datePublished":"2025-03-01T22:34:08+00:00","dateModified":"2025-03-01T22:34:10+00:00","author":{"@id":"https:\/\/quehacerpolitico.mx\/#\/schema\/person\/496d8ad2d1d3f8036101dca7ee39e585"},"breadcrumb":{"@id":"https:\/\/quehacerpolitico.mx\/?p=115097#breadcrumb"},"inLanguage":"es","potentialAction":[{"@type":"ReadAction","target":["https:\/\/quehacerpolitico.mx\/?p=115097"]}]},{"@type":"ImageObject","inLanguage":"es","@id":"https:\/\/quehacerpolitico.mx\/?p=115097#primaryimage","url":"https:\/\/quehacerpolitico.mx\/wp-content\/uploads\/2025\/03\/IMG_0928.jpeg","contentUrl":"https:\/\/quehacerpolitico.mx\/wp-content\/uploads\/2025\/03\/IMG_0928.jpeg","width":1320,"height":654},{"@type":"BreadcrumbList","@id":"https:\/\/quehacerpolitico.mx\/?p=115097#breadcrumb","itemListElement":[{"@type":"ListItem","position":1,"name":"Inicio","item":"https:\/\/quehacerpolitico.mx\/"},{"@type":"ListItem","position":2,"name":"Confirman detenci\u00f3n del exgobernador michoacano Silvano Aureoles"}]},{"@type":"WebSite","@id":"https:\/\/quehacerpolitico.mx\/#website","url":"https:\/\/quehacerpolitico.mx\/","name":"","description":"","potentialAction":[{"@type":"SearchAction","target":{"@type":"EntryPoint","urlTemplate":"https:\/\/quehacerpolitico.mx\/?s={search_term_string}"},"query-input":{"@type":"PropertyValueSpecification","valueRequired":true,"valueName":"search_term_string"}}],"inLanguage":"es"},{"@type":"Person","@id":"https:\/\/quehacerpolitico.mx\/#\/schema\/person\/496d8ad2d1d3f8036101dca7ee39e585","name":"Redacci\u00f3n QP","image":{"@type":"ImageObject","inLanguage":"es","@id":"https:\/\/secure.gravatar.com\/avatar\/c7164ed6fdec453195284ad24a5ae5b6e1eed2b848477fa2a4787ba9adf39a41?s=96&d=mm&r=g","url":"https:\/\/secure.gravatar.com\/avatar\/c7164ed6fdec453195284ad24a5ae5b6e1eed2b848477fa2a4787ba9adf39a41?s=96&d=mm&r=g","contentUrl":"https:\/\/secure.gravatar.com\/avatar\/c7164ed6fdec453195284ad24a5ae5b6e1eed2b848477fa2a4787ba9adf39a41?s=96&d=mm&r=g","caption":"Redacci\u00f3n QP"},"url":"https:\/\/quehacerpolitico.mx\/?author=2"}]}},"featured_image_urls":{"full":["https:\/\/quehacerpolitico.mx\/wp-content\/uploads\/2025\/03\/IMG_0928.jpeg",1320,654,false],"thumbnail":["https:\/\/quehacerpolitico.mx\/wp-content\/uploads\/2025\/03\/IMG_0928-150x150.jpeg",150,150,true],"medium":["https:\/\/quehacerpolitico.mx\/wp-content\/uploads\/2025\/03\/IMG_0928-300x149.jpeg",300,149,true],"medium_large":["https:\/\/quehacerpolitico.mx\/wp-content\/uploads\/2025\/03\/IMG_0928-768x381.jpeg",640,318,true],"large":["https:\/\/quehacerpolitico.mx\/wp-content\/uploads\/2025\/03\/IMG_0928-1024x507.jpeg",640,317,true],"1536x1536":["https:\/\/quehacerpolitico.mx\/wp-content\/uploads\/2025\/03\/IMG_0928.jpeg",1320,654,false],"2048x2048":["https:\/\/quehacerpolitico.mx\/wp-content\/uploads\/2025\/03\/IMG_0928.jpeg",1320,654,false],"covernews-featured":["https:\/\/quehacerpolitico.mx\/wp-content\/uploads\/2025\/03\/IMG_0928-1024x507.jpeg",1024,507,true],"covernews-medium":["https:\/\/quehacerpolitico.mx\/wp-content\/uploads\/2025\/03\/IMG_0928-540x340.jpeg",540,340,true]},"author_info":{"display_name":"Redacci\u00f3n QP","author_link":"https:\/\/quehacerpolitico.mx\/?author=2"},"category_info":"<a href=\"https:\/\/quehacerpolitico.mx\/?cat=280\" rel=\"category\">Nacionales<\/a> <a href=\"https:\/\/quehacerpolitico.mx\/?cat=2\" rel=\"category\">Noticias<\/a>","tag_info":"Noticias","comment_count":"0","_links":{"self":[{"href":"https:\/\/quehacerpolitico.mx\/index.php?rest_route=\/wp\/v2\/posts\/115097","targetHints":{"allow":["GET"]}}],"collection":[{"href":"https:\/\/quehacerpolitico.mx\/index.php?rest_route=\/wp\/v2\/posts"}],"about":[{"href":"https:\/\/quehacerpolitico.mx\/index.php?rest_route=\/wp\/v2\/types\/post"}],"author":[{"embeddable":true,"href":"https:\/\/quehacerpolitico.mx\/index.php?rest_route=\/wp\/v2\/users\/2"}],"replies":[{"embeddable":true,"href":"https:\/\/quehacerpolitico.mx\/index.php?rest_route=%2Fwp%2Fv2%2Fcomments&post=115097"}],"version-history":[{"count":1,"href":"https:\/\/quehacerpolitico.mx\/index.php?rest_route=\/wp\/v2\/posts\/115097\/revisions"}],"predecessor-version":[{"id":115099,"href":"https:\/\/quehacerpolitico.mx\/index.php?rest_route=\/wp\/v2\/posts\/115097\/revisions\/115099"}],"wp:featuredmedia":[{"embeddable":true,"href":"https:\/\/quehacerpolitico.mx\/index.php?rest_route=\/wp\/v2\/media\/115098"}],"wp:attachment":[{"href":"https:\/\/quehacerpolitico.mx\/index.php?rest_route=%2Fwp%2Fv2%2Fmedia&parent=115097"}],"wp:term":[{"taxonomy":"category","embeddable":true,"href":"https:\/\/quehacerpolitico.mx\/index.php?rest_route=%2Fwp%2Fv2%2Fcategories&post=115097"},{"taxonomy":"post_tag","embeddable":true,"href":"https:\/\/quehacerpolitico.mx\/index.php?rest_route=%2Fwp%2Fv2%2Ftags&post=115097"}],"curies":[{"name":"wp","href":"https:\/\/api.w.org\/{rel}","templated":true}]}}