{"id":115064,"date":"2025-02-28T20:17:54","date_gmt":"2025-03-01T02:17:54","guid":{"rendered":"https:\/\/quehacerpolitico.mx\/?p=115064"},"modified":"2025-02-28T20:17:58","modified_gmt":"2025-03-01T02:17:58","slug":"pan-critica-insaculacion-a-puerta-cerrada-y-con-dos-dias-de-retraso-para-eleccion-judicial-en-cdmx","status":"publish","type":"post","link":"https:\/\/quehacerpolitico.mx\/?p=115064","title":{"rendered":"PAN critica insaculaci\u00f3n a puerta cerrada y con dos d\u00edas de retraso para elecci\u00f3n judicial en CDMX"},"content":{"rendered":"\n<p>Por Redacci\u00f3n QP<\/p>\n\n\n\n<p>De acuerdo con lo que dijo el pasado 7 de enero, la propia jefa de Gobierno, Clara Brugada, el proceso de insaculaci\u00f3n en los tres poderes se tuvo que realizar el pasado 26 de febrero; sin embargo, ese d\u00eda el equipo de gobierno local no realiz\u00f3 ning\u00fan posicionamiento respecto al proceso<\/p>\n\n\n\n<p>La dirigente del&nbsp;<strong>Partido&nbsp;Acci\u00f3n Nacional&nbsp;<\/strong>(<strong>PAN<\/strong>) en la&nbsp;<strong>Ciudad de M\u00e9xico<\/strong>,&nbsp;<strong>Luisa Guti\u00e9rrez<\/strong>, critic\u00f3 qu\u00e9 el proceso de insaculaci\u00f3n del Poder Ejecutivo local para la selecci\u00f3n de candidatos a la&nbsp;<strong>elecci\u00f3n judicial&nbsp;<\/strong>se realice a puerta cerrada y con dos d\u00edas de retraso.<\/p>\n\n\n\n<p>De acuerdo con lo que dijo el pasado 7 de enero, la propia jefa de Gobierno,&nbsp;<strong>Clara Brugada<\/strong>, el proceso de insaculaci\u00f3n en los tres poderes se tuvo que realizar el pasado 26 de febrero; sin embargo, ese d\u00eda el equipo de gobierno local no realiz\u00f3 ning\u00fan posicionamiento respecto al proceso.<\/p>\n\n\n\n<p>El \u00fanico poder qu\u00e9 realiz\u00f3 la insaculaci\u00f3n fue el Legislativo, con un proceso que dur\u00f3 m\u00e1s de seis horas, de madrugada y con cr\u00edticas sobre su veracidad por parte de la oposici\u00f3n.<\/p>\n\n\n\n<p>&#8220;Lo que quer\u00edan era qu\u00e9 las y los capitalinos no nos di\u00e9ramos cuenta de lo que estaba pasando, hubo nombres repetidos, incluso tuvieron que parar la sesi\u00f3n en&nbsp;varias ocasiones porque les faltaba gente; hubo nombres insaculados qu\u00e9 en la lista del Congreso de la&nbsp;<strong>Ciudad de M\u00e9xico<\/strong>&nbsp;no sal\u00edan, imag\u00ednate el cochinero&#8221;, a\u00f1adi\u00f3 al respecto la dirigente del&nbsp;<strong>PAN<\/strong>.<\/p>\n\n\n\n<p>Los cargos sujetos a elecci\u00f3n en la Ciudad de M\u00e9xico ser\u00e1n 3 cargos de mujeres magistradas, 2 cargos de hombres magistrados, integrantes del Tribunal de Disciplina Judicial. 33 cargos de Magistratura y 95 cargos para el Tribunal Superior de Justicia de la&nbsp;<strong>Ciudad de M\u00e9xico.<\/strong><\/p>\n\n\n\n<p>La tarde de este viernes 28 de febrero se realiza la insaculaci\u00f3n de los nombres elegidos del Comit\u00e9 de Evaluaci\u00f3n del Poder Ejecutivo local.<\/p>\n\n\n\n<p>La siguiente etapa, de acuerdo al cronograma qu\u00e9 han presentado las autoridades locales es conjuntar los nombres qu\u00e9 fueron insaculados en cada una de las instancias para finalmente enviar esa lista al&nbsp;<strong>Instituto Electoral de la Ciudad de M\u00e9xico (IECM)&nbsp;<\/strong>para registrar las candidaturas y con ello dar pie a las campa\u00f1as qu\u00e9 iniciar\u00e1n el pr\u00f3ximo 14 de abril.<\/p>\n","protected":false},"excerpt":{"rendered":"<p>Por Redacci\u00f3n QP De acuerdo con lo que dijo el pasado 7 de enero, la&#8230;<\/p>\n","protected":false},"author":2,"featured_media":115066,"comment_status":"open","ping_status":"open","sticky":false,"template":"","format":"standard","meta":{"_monsterinsights_skip_tracking":false,"_monsterinsights_sitenote_active":false,"_monsterinsights_sitenote_note":"","_monsterinsights_sitenote_category":0,"footnotes":""},"categories":[55],"tags":[],"class_list":["post-115064","post","type-post","status-publish","format-standard","has-post-thumbnail","hentry","category-cdmx"],"yoast_head":"<!-- This site is optimized with the Yoast SEO plugin v27.3 - https:\/\/yoast.com\/product\/yoast-seo-wordpress\/ -->\n<title>PAN critica insaculaci\u00f3n a puerta cerrada y con dos d\u00edas de retraso para elecci\u00f3n judicial en CDMX -<\/title>\n<meta name=\"robots\" content=\"index, follow, max-snippet:-1, max-image-preview:large, max-video-preview:-1\" \/>\n<link rel=\"canonical\" href=\"https:\/\/quehacerpolitico.mx\/?p=115064\" \/>\n<meta property=\"og:locale\" content=\"es_MX\" \/>\n<meta property=\"og:type\" content=\"article\" \/>\n<meta property=\"og:title\" content=\"PAN critica insaculaci\u00f3n a puerta cerrada y con dos d\u00edas de retraso para elecci\u00f3n judicial en CDMX -\" \/>\n<meta property=\"og:description\" content=\"Por Redacci\u00f3n QP De acuerdo con lo que dijo el pasado 7 de enero, la...\" \/>\n<meta property=\"og:url\" content=\"https:\/\/quehacerpolitico.mx\/?p=115064\" \/>\n<meta property=\"article:published_time\" content=\"2025-03-01T02:17:54+00:00\" \/>\n<meta property=\"article:modified_time\" content=\"2025-03-01T02:17:58+00:00\" \/>\n<meta property=\"og:image\" content=\"https:\/\/quehacerpolitico.mx\/wp-content\/uploads\/2025\/02\/IMG_0902-1.jpeg\" \/>\n\t<meta property=\"og:image:width\" content=\"480\" \/>\n\t<meta property=\"og:image:height\" content=\"270\" \/>\n\t<meta property=\"og:image:type\" content=\"image\/jpeg\" \/>\n<meta name=\"author\" content=\"Redacci\u00f3n QP\" \/>\n<meta name=\"twitter:card\" content=\"summary_large_image\" \/>\n<meta name=\"twitter:label1\" content=\"Escrito por\" \/>\n\t<meta name=\"twitter:data1\" content=\"Redacci\u00f3n QP\" \/>\n\t<meta name=\"twitter:label2\" content=\"Tiempo de lectura\" \/>\n\t<meta name=\"twitter:data2\" content=\"2 minutos\" \/>\n<script type=\"application\/ld+json\" class=\"yoast-schema-graph\">{\"@context\":\"https:\\\/\\\/schema.org\",\"@graph\":[{\"@type\":\"Article\",\"@id\":\"https:\\\/\\\/quehacerpolitico.mx\\\/?p=115064#article\",\"isPartOf\":{\"@id\":\"https:\\\/\\\/quehacerpolitico.mx\\\/?p=115064\"},\"author\":{\"name\":\"Redacci\u00f3n QP\",\"@id\":\"https:\\\/\\\/quehacerpolitico.mx\\\/#\\\/schema\\\/person\\\/496d8ad2d1d3f8036101dca7ee39e585\"},\"headline\":\"PAN critica insaculaci\u00f3n a puerta cerrada y con dos d\u00edas de retraso para elecci\u00f3n judicial en CDMX\",\"datePublished\":\"2025-03-01T02:17:54+00:00\",\"dateModified\":\"2025-03-01T02:17:58+00:00\",\"mainEntityOfPage\":{\"@id\":\"https:\\\/\\\/quehacerpolitico.mx\\\/?p=115064\"},\"wordCount\":429,\"commentCount\":0,\"image\":{\"@id\":\"https:\\\/\\\/quehacerpolitico.mx\\\/?p=115064#primaryimage\"},\"thumbnailUrl\":\"https:\\\/\\\/quehacerpolitico.mx\\\/wp-content\\\/uploads\\\/2025\\\/02\\\/IMG_0902-1.jpeg\",\"articleSection\":[\"CDMX\"],\"inLanguage\":\"es\",\"potentialAction\":[{\"@type\":\"CommentAction\",\"name\":\"Comment\",\"target\":[\"https:\\\/\\\/quehacerpolitico.mx\\\/?p=115064#respond\"]}]},{\"@type\":\"WebPage\",\"@id\":\"https:\\\/\\\/quehacerpolitico.mx\\\/?p=115064\",\"url\":\"https:\\\/\\\/quehacerpolitico.mx\\\/?p=115064\",\"name\":\"PAN critica insaculaci\u00f3n a puerta cerrada y con dos d\u00edas de retraso para elecci\u00f3n judicial en CDMX -\",\"isPartOf\":{\"@id\":\"https:\\\/\\\/quehacerpolitico.mx\\\/#website\"},\"primaryImageOfPage\":{\"@id\":\"https:\\\/\\\/quehacerpolitico.mx\\\/?p=115064#primaryimage\"},\"image\":{\"@id\":\"https:\\\/\\\/quehacerpolitico.mx\\\/?p=115064#primaryimage\"},\"thumbnailUrl\":\"https:\\\/\\\/quehacerpolitico.mx\\\/wp-content\\\/uploads\\\/2025\\\/02\\\/IMG_0902-1.jpeg\",\"datePublished\":\"2025-03-01T02:17:54+00:00\",\"dateModified\":\"2025-03-01T02:17:58+00:00\",\"author\":{\"@id\":\"https:\\\/\\\/quehacerpolitico.mx\\\/#\\\/schema\\\/person\\\/496d8ad2d1d3f8036101dca7ee39e585\"},\"breadcrumb\":{\"@id\":\"https:\\\/\\\/quehacerpolitico.mx\\\/?p=115064#breadcrumb\"},\"inLanguage\":\"es\",\"potentialAction\":[{\"@type\":\"ReadAction\",\"target\":[\"https:\\\/\\\/quehacerpolitico.mx\\\/?p=115064\"]}]},{\"@type\":\"ImageObject\",\"inLanguage\":\"es\",\"@id\":\"https:\\\/\\\/quehacerpolitico.mx\\\/?p=115064#primaryimage\",\"url\":\"https:\\\/\\\/quehacerpolitico.mx\\\/wp-content\\\/uploads\\\/2025\\\/02\\\/IMG_0902-1.jpeg\",\"contentUrl\":\"https:\\\/\\\/quehacerpolitico.mx\\\/wp-content\\\/uploads\\\/2025\\\/02\\\/IMG_0902-1.jpeg\",\"width\":480,\"height\":270},{\"@type\":\"BreadcrumbList\",\"@id\":\"https:\\\/\\\/quehacerpolitico.mx\\\/?p=115064#breadcrumb\",\"itemListElement\":[{\"@type\":\"ListItem\",\"position\":1,\"name\":\"Inicio\",\"item\":\"https:\\\/\\\/quehacerpolitico.mx\\\/\"},{\"@type\":\"ListItem\",\"position\":2,\"name\":\"PAN critica insaculaci\u00f3n a puerta cerrada y con dos d\u00edas de retraso para elecci\u00f3n judicial en CDMX\"}]},{\"@type\":\"WebSite\",\"@id\":\"https:\\\/\\\/quehacerpolitico.mx\\\/#website\",\"url\":\"https:\\\/\\\/quehacerpolitico.mx\\\/\",\"name\":\"\",\"description\":\"\",\"potentialAction\":[{\"@type\":\"SearchAction\",\"target\":{\"@type\":\"EntryPoint\",\"urlTemplate\":\"https:\\\/\\\/quehacerpolitico.mx\\\/?s={search_term_string}\"},\"query-input\":{\"@type\":\"PropertyValueSpecification\",\"valueRequired\":true,\"valueName\":\"search_term_string\"}}],\"inLanguage\":\"es\"},{\"@type\":\"Person\",\"@id\":\"https:\\\/\\\/quehacerpolitico.mx\\\/#\\\/schema\\\/person\\\/496d8ad2d1d3f8036101dca7ee39e585\",\"name\":\"Redacci\u00f3n QP\",\"image\":{\"@type\":\"ImageObject\",\"inLanguage\":\"es\",\"@id\":\"https:\\\/\\\/secure.gravatar.com\\\/avatar\\\/c7164ed6fdec453195284ad24a5ae5b6e1eed2b848477fa2a4787ba9adf39a41?s=96&d=mm&r=g\",\"url\":\"https:\\\/\\\/secure.gravatar.com\\\/avatar\\\/c7164ed6fdec453195284ad24a5ae5b6e1eed2b848477fa2a4787ba9adf39a41?s=96&d=mm&r=g\",\"contentUrl\":\"https:\\\/\\\/secure.gravatar.com\\\/avatar\\\/c7164ed6fdec453195284ad24a5ae5b6e1eed2b848477fa2a4787ba9adf39a41?s=96&d=mm&r=g\",\"caption\":\"Redacci\u00f3n QP\"},\"url\":\"https:\\\/\\\/quehacerpolitico.mx\\\/?author=2\"}]}<\/script>\n<!-- \/ Yoast SEO plugin. -->","yoast_head_json":{"title":"PAN critica insaculaci\u00f3n a puerta cerrada y con dos d\u00edas de retraso para elecci\u00f3n judicial en CDMX -","robots":{"index":"index","follow":"follow","max-snippet":"max-snippet:-1","max-image-preview":"max-image-preview:large","max-video-preview":"max-video-preview:-1"},"canonical":"https:\/\/quehacerpolitico.mx\/?p=115064","og_locale":"es_MX","og_type":"article","og_title":"PAN critica insaculaci\u00f3n a puerta cerrada y con dos d\u00edas de retraso para elecci\u00f3n judicial en CDMX -","og_description":"Por Redacci\u00f3n QP De acuerdo con lo que dijo el pasado 7 de enero, la...","og_url":"https:\/\/quehacerpolitico.mx\/?p=115064","article_published_time":"2025-03-01T02:17:54+00:00","article_modified_time":"2025-03-01T02:17:58+00:00","og_image":[{"width":480,"height":270,"url":"https:\/\/quehacerpolitico.mx\/wp-content\/uploads\/2025\/02\/IMG_0902-1.jpeg","type":"image\/jpeg"}],"author":"Redacci\u00f3n QP","twitter_card":"summary_large_image","twitter_misc":{"Escrito por":"Redacci\u00f3n QP","Tiempo de lectura":"2 minutos"},"schema":{"@context":"https:\/\/schema.org","@graph":[{"@type":"Article","@id":"https:\/\/quehacerpolitico.mx\/?p=115064#article","isPartOf":{"@id":"https:\/\/quehacerpolitico.mx\/?p=115064"},"author":{"name":"Redacci\u00f3n QP","@id":"https:\/\/quehacerpolitico.mx\/#\/schema\/person\/496d8ad2d1d3f8036101dca7ee39e585"},"headline":"PAN critica insaculaci\u00f3n a puerta cerrada y con dos d\u00edas de retraso para elecci\u00f3n judicial en CDMX","datePublished":"2025-03-01T02:17:54+00:00","dateModified":"2025-03-01T02:17:58+00:00","mainEntityOfPage":{"@id":"https:\/\/quehacerpolitico.mx\/?p=115064"},"wordCount":429,"commentCount":0,"image":{"@id":"https:\/\/quehacerpolitico.mx\/?p=115064#primaryimage"},"thumbnailUrl":"https:\/\/quehacerpolitico.mx\/wp-content\/uploads\/2025\/02\/IMG_0902-1.jpeg","articleSection":["CDMX"],"inLanguage":"es","potentialAction":[{"@type":"CommentAction","name":"Comment","target":["https:\/\/quehacerpolitico.mx\/?p=115064#respond"]}]},{"@type":"WebPage","@id":"https:\/\/quehacerpolitico.mx\/?p=115064","url":"https:\/\/quehacerpolitico.mx\/?p=115064","name":"PAN critica insaculaci\u00f3n a puerta cerrada y con dos d\u00edas de retraso para elecci\u00f3n judicial en CDMX -","isPartOf":{"@id":"https:\/\/quehacerpolitico.mx\/#website"},"primaryImageOfPage":{"@id":"https:\/\/quehacerpolitico.mx\/?p=115064#primaryimage"},"image":{"@id":"https:\/\/quehacerpolitico.mx\/?p=115064#primaryimage"},"thumbnailUrl":"https:\/\/quehacerpolitico.mx\/wp-content\/uploads\/2025\/02\/IMG_0902-1.jpeg","datePublished":"2025-03-01T02:17:54+00:00","dateModified":"2025-03-01T02:17:58+00:00","author":{"@id":"https:\/\/quehacerpolitico.mx\/#\/schema\/person\/496d8ad2d1d3f8036101dca7ee39e585"},"breadcrumb":{"@id":"https:\/\/quehacerpolitico.mx\/?p=115064#breadcrumb"},"inLanguage":"es","potentialAction":[{"@type":"ReadAction","target":["https:\/\/quehacerpolitico.mx\/?p=115064"]}]},{"@type":"ImageObject","inLanguage":"es","@id":"https:\/\/quehacerpolitico.mx\/?p=115064#primaryimage","url":"https:\/\/quehacerpolitico.mx\/wp-content\/uploads\/2025\/02\/IMG_0902-1.jpeg","contentUrl":"https:\/\/quehacerpolitico.mx\/wp-content\/uploads\/2025\/02\/IMG_0902-1.jpeg","width":480,"height":270},{"@type":"BreadcrumbList","@id":"https:\/\/quehacerpolitico.mx\/?p=115064#breadcrumb","itemListElement":[{"@type":"ListItem","position":1,"name":"Inicio","item":"https:\/\/quehacerpolitico.mx\/"},{"@type":"ListItem","position":2,"name":"PAN critica insaculaci\u00f3n a puerta cerrada y con dos d\u00edas de retraso para elecci\u00f3n judicial en CDMX"}]},{"@type":"WebSite","@id":"https:\/\/quehacerpolitico.mx\/#website","url":"https:\/\/quehacerpolitico.mx\/","name":"","description":"","potentialAction":[{"@type":"SearchAction","target":{"@type":"EntryPoint","urlTemplate":"https:\/\/quehacerpolitico.mx\/?s={search_term_string}"},"query-input":{"@type":"PropertyValueSpecification","valueRequired":true,"valueName":"search_term_string"}}],"inLanguage":"es"},{"@type":"Person","@id":"https:\/\/quehacerpolitico.mx\/#\/schema\/person\/496d8ad2d1d3f8036101dca7ee39e585","name":"Redacci\u00f3n QP","image":{"@type":"ImageObject","inLanguage":"es","@id":"https:\/\/secure.gravatar.com\/avatar\/c7164ed6fdec453195284ad24a5ae5b6e1eed2b848477fa2a4787ba9adf39a41?s=96&d=mm&r=g","url":"https:\/\/secure.gravatar.com\/avatar\/c7164ed6fdec453195284ad24a5ae5b6e1eed2b848477fa2a4787ba9adf39a41?s=96&d=mm&r=g","contentUrl":"https:\/\/secure.gravatar.com\/avatar\/c7164ed6fdec453195284ad24a5ae5b6e1eed2b848477fa2a4787ba9adf39a41?s=96&d=mm&r=g","caption":"Redacci\u00f3n QP"},"url":"https:\/\/quehacerpolitico.mx\/?author=2"}]}},"featured_image_urls":{"full":["https:\/\/quehacerpolitico.mx\/wp-content\/uploads\/2025\/02\/IMG_0902-1.jpeg",480,270,false],"thumbnail":["https:\/\/quehacerpolitico.mx\/wp-content\/uploads\/2025\/02\/IMG_0902-1-150x150.jpeg",150,150,true],"medium":["https:\/\/quehacerpolitico.mx\/wp-content\/uploads\/2025\/02\/IMG_0902-1-300x169.jpeg",300,169,true],"medium_large":["https:\/\/quehacerpolitico.mx\/wp-content\/uploads\/2025\/02\/IMG_0902-1.jpeg",480,270,false],"large":["https:\/\/quehacerpolitico.mx\/wp-content\/uploads\/2025\/02\/IMG_0902-1.jpeg",480,270,false],"1536x1536":["https:\/\/quehacerpolitico.mx\/wp-content\/uploads\/2025\/02\/IMG_0902-1.jpeg",480,270,false],"2048x2048":["https:\/\/quehacerpolitico.mx\/wp-content\/uploads\/2025\/02\/IMG_0902-1.jpeg",480,270,false],"covernews-featured":["https:\/\/quehacerpolitico.mx\/wp-content\/uploads\/2025\/02\/IMG_0902-1.jpeg",480,270,false],"covernews-medium":["https:\/\/quehacerpolitico.mx\/wp-content\/uploads\/2025\/02\/IMG_0902-1.jpeg",480,270,false]},"author_info":{"display_name":"Redacci\u00f3n QP","author_link":"https:\/\/quehacerpolitico.mx\/?author=2"},"category_info":"<a href=\"https:\/\/quehacerpolitico.mx\/?cat=55\" rel=\"category\">CDMX<\/a>","tag_info":"CDMX","comment_count":"0","_links":{"self":[{"href":"https:\/\/quehacerpolitico.mx\/index.php?rest_route=\/wp\/v2\/posts\/115064","targetHints":{"allow":["GET"]}}],"collection":[{"href":"https:\/\/quehacerpolitico.mx\/index.php?rest_route=\/wp\/v2\/posts"}],"about":[{"href":"https:\/\/quehacerpolitico.mx\/index.php?rest_route=\/wp\/v2\/types\/post"}],"author":[{"embeddable":true,"href":"https:\/\/quehacerpolitico.mx\/index.php?rest_route=\/wp\/v2\/users\/2"}],"replies":[{"embeddable":true,"href":"https:\/\/quehacerpolitico.mx\/index.php?rest_route=%2Fwp%2Fv2%2Fcomments&post=115064"}],"version-history":[{"count":1,"href":"https:\/\/quehacerpolitico.mx\/index.php?rest_route=\/wp\/v2\/posts\/115064\/revisions"}],"predecessor-version":[{"id":115067,"href":"https:\/\/quehacerpolitico.mx\/index.php?rest_route=\/wp\/v2\/posts\/115064\/revisions\/115067"}],"wp:featuredmedia":[{"embeddable":true,"href":"https:\/\/quehacerpolitico.mx\/index.php?rest_route=\/wp\/v2\/media\/115066"}],"wp:attachment":[{"href":"https:\/\/quehacerpolitico.mx\/index.php?rest_route=%2Fwp%2Fv2%2Fmedia&parent=115064"}],"wp:term":[{"taxonomy":"category","embeddable":true,"href":"https:\/\/quehacerpolitico.mx\/index.php?rest_route=%2Fwp%2Fv2%2Fcategories&post=115064"},{"taxonomy":"post_tag","embeddable":true,"href":"https:\/\/quehacerpolitico.mx\/index.php?rest_route=%2Fwp%2Fv2%2Ftags&post=115064"}],"curies":[{"name":"wp","href":"https:\/\/api.w.org\/{rel}","templated":true}]}}