{"id":115041,"date":"2025-02-27T12:28:22","date_gmt":"2025-02-27T18:28:22","guid":{"rendered":"https:\/\/quehacerpolitico.mx\/?p=115041"},"modified":"2025-02-27T12:28:25","modified_gmt":"2025-02-27T18:28:25","slug":"estan-jovenes-que-se-esperen-a-otro-periodo-sheinbaum-luego-que-el-senado-prohibira-el-nepotismo-a-partir-de-2030-y-no-2027-como-ella-propuso-en-una-iniciativa","status":"publish","type":"post","link":"https:\/\/quehacerpolitico.mx\/?p=115041","title":{"rendered":"\u201cEst\u00e1n j\u00f3venes,\u00a0que se esperen a\u00a0otro periodo\u201d: Sheinbaum, luego que el Senado prohibir\u00e1 el\u00a0nepotismo\u00a0a partir de 2030 y no 2027 como ella propuso en una iniciativa"},"content":{"rendered":"\n<p>Por Redacci\u00f3n QP<\/p>\n\n\n\n<p>La mandataria reiter\u00f3 que no les ir\u00e1 bien a los familiares de gobernadores o alcaldes que decidan postularse en 2027 a un cargo de elecci\u00f3n popular<\/p>\n\n\n\n<p>La presidenta de M\u00e9xico,&nbsp;<strong>Claudia Sheinbaum<\/strong>,&nbsp;pidi\u00f3 a los&nbsp;<strong>aspirantes<\/strong>&nbsp;con&nbsp;<strong>familiares en gubernaturas<\/strong>&nbsp;o presidencias municipales que \u201c<strong>esperen<\/strong>\u201d otro periodo, ya que &#8220;a la gente no le gusta el nepotismo&#8221;.&nbsp;<\/p>\n\n\n\n<p>\u201c<strong>Est\u00e1n j\u00f3venes,\u00a0<\/strong>que se esperen a\u00a0<strong>otro periodo<\/strong>\u201d, dijo en dos ocasiones en su\u00a0<strong>conferencia matutina<\/strong>\u00a0a los aspirantes que celebraron que el S<strong>enado de la Rep\u00fablica<\/strong> aprob\u00f3 una ley que prohibir\u00e1 el\u00a0<strong>nepotismo<\/strong>\u00a0a partir de 2030 y no 2027 como ella propuso en una iniciativa.<\/p>\n\n\n\n<figure class=\"wp-block-embed is-type-rich is-provider-twitter wp-block-embed-twitter\"><div class=\"wp-block-embed__wrapper\">\n<blockquote class=\"twitter-tweet\" data-width=\"550\" data-dnt=\"true\"><p lang=\"es\" dir=\"ltr\">\u201cEst\u00e1n j\u00f3venes, que se esperen hasta el 2036\u201d, dijo la presidenta Claudia Sheinbaum a los legisladores de Morena y del PVEM que buscan suceder a alg\u00fan familiar en varias gubernaturas. <a href=\"https:\/\/t.co\/5byY32hgIQ\">pic.twitter.com\/5byY32hgIQ<\/a><\/p>&mdash; Azucena Uresti (@azucenau) <a href=\"https:\/\/twitter.com\/azucenau\/status\/1895130173516980309?ref_src=twsrc%5Etfw\">February 27, 2025<\/a><\/blockquote><script async src=\"https:\/\/platform.twitter.com\/widgets.js\" charset=\"utf-8\"><\/script>\n<\/div><\/figure>\n\n\n\n<p>\u201cAyer coment\u00e9,\u00a0le va a ir muy mal a los partidos que<strong>\u00a0propongan a familiares<\/strong>\u00a0para el 2027\u201d, sentenci\u00f3.<\/p>\n\n\n\n<p>Si bien la mandataria reconoci\u00f3 que fue una&nbsp;<strong>decisi\u00f3n del Senado<\/strong>, destac\u00f3 que la presidenta de Morena,&nbsp;<strong>Luisa Mar\u00eda Alcalde<\/strong>, ya se pronunci\u00f3 advirtiendo que no<strong>postular\u00e1 a familiares&nbsp;<\/strong>en las pr\u00f3ximas elecciones locales de<strong>&nbsp;Durango y Veracruz<\/strong>.<\/p>\n\n\n\n<p>\u201cTambi\u00e9n presentaremos ante el congreso nacional del partido Morena&nbsp;una propuesta de<strong>&nbsp;incorporaci\u00f3n estatutaria&nbsp;<\/strong>para que esta medida sea aplicable para el<strong>&nbsp;proceso electoral&nbsp;<\/strong>de 2026\u201d, dijo.&nbsp;<\/p>\n\n\n\n<p>La mandataria rechaz\u00f3 las cr\u00edticas de sus opositores pol\u00edticos porque su partido no aprob\u00f3 en el<strong>&nbsp;Senado<\/strong>&nbsp;la propuesta sin modificaciones.&nbsp;<\/p>\n\n\n\n<p>\u201cDicen que la presidenta no tiene fuerza, o sea, lo que quieren es que la<strong>&nbsp;presidenta imponga<\/strong>. No, una env\u00eda la propuesta y esperamos que los&nbsp;<strong>senadores y diputados<\/strong>, aun cuando sean de nuestro partido o de partidos aliados, est\u00e9n de acuerdo. Pues si no est\u00e1n de acuerdo, ellos tambi\u00e9n toman sus<strong>&nbsp;decisiones<\/strong>. Entonces, toman la decisi\u00f3n de que sea a partir del 2030\u201d, explic\u00f3.&nbsp;<\/p>\n\n\n\n<p>Reiter\u00f3 que en su gobierno no hay<strong>autoritarismo&nbsp;<\/strong>y expuso como ejemplo los acuerdos para llevar a cabo la&nbsp;reforma al Poder Judicial.&nbsp;<\/p>\n\n\n\n<p>&#8220;F\u00edjense la contradicci\u00f3n de estos personajes, porque dicen hay autoritarismo en M\u00e9xico,&nbsp;\u00bfno?, porque la presidenta decide todo. Con la reforma al&nbsp;<strong>Poder Judicial<\/strong>, autoritarismo porque se acab\u00f3 la democracia en el pa\u00eds, cuando quien va a elegir a los jueces, magistrados y ministros, pues es el pueblo\u201d, asegur\u00f3.<\/p>\n","protected":false},"excerpt":{"rendered":"<p>Por Redacci\u00f3n QP La mandataria reiter\u00f3 que no les ir\u00e1 bien a los familiares de&#8230;<\/p>\n","protected":false},"author":2,"featured_media":115042,"comment_status":"open","ping_status":"open","sticky":false,"template":"","format":"standard","meta":{"_monsterinsights_skip_tracking":false,"_monsterinsights_sitenote_active":false,"_monsterinsights_sitenote_note":"","_monsterinsights_sitenote_category":0,"footnotes":""},"categories":[280,2],"tags":[],"class_list":["post-115041","post","type-post","status-publish","format-standard","has-post-thumbnail","hentry","category-nacionales","category-noticias"],"yoast_head":"<!-- This site is optimized with the Yoast SEO plugin v27.3 - https:\/\/yoast.com\/product\/yoast-seo-wordpress\/ -->\n<title>\u201cEst\u00e1n j\u00f3venes,\u00a0que se esperen a\u00a0otro periodo\u201d: Sheinbaum, luego que el Senado prohibir\u00e1 el\u00a0nepotismo\u00a0a partir de 2030 y no 2027 como ella propuso en una iniciativa -<\/title>\n<meta name=\"robots\" content=\"index, follow, max-snippet:-1, max-image-preview:large, max-video-preview:-1\" \/>\n<link rel=\"canonical\" href=\"https:\/\/quehacerpolitico.mx\/?p=115041\" \/>\n<meta property=\"og:locale\" content=\"es_MX\" \/>\n<meta property=\"og:type\" content=\"article\" \/>\n<meta property=\"og:title\" content=\"\u201cEst\u00e1n j\u00f3venes,\u00a0que se esperen a\u00a0otro periodo\u201d: Sheinbaum, luego que el Senado prohibir\u00e1 el\u00a0nepotismo\u00a0a partir de 2030 y no 2027 como ella propuso en una iniciativa -\" \/>\n<meta property=\"og:description\" content=\"Por Redacci\u00f3n QP La mandataria reiter\u00f3 que no les ir\u00e1 bien a los familiares de...\" \/>\n<meta property=\"og:url\" content=\"https:\/\/quehacerpolitico.mx\/?p=115041\" \/>\n<meta property=\"article:published_time\" content=\"2025-02-27T18:28:22+00:00\" \/>\n<meta property=\"article:modified_time\" content=\"2025-02-27T18:28:25+00:00\" \/>\n<meta property=\"og:image\" content=\"https:\/\/quehacerpolitico.mx\/wp-content\/uploads\/2025\/02\/IMG_0861.jpeg\" \/>\n\t<meta property=\"og:image:width\" content=\"1060\" \/>\n\t<meta property=\"og:image:height\" content=\"702\" \/>\n\t<meta property=\"og:image:type\" content=\"image\/jpeg\" \/>\n<meta name=\"author\" content=\"Redacci\u00f3n QP\" \/>\n<meta name=\"twitter:card\" content=\"summary_large_image\" \/>\n<meta name=\"twitter:label1\" content=\"Escrito por\" \/>\n\t<meta name=\"twitter:data1\" content=\"Redacci\u00f3n QP\" \/>\n\t<meta name=\"twitter:label2\" content=\"Tiempo de lectura\" \/>\n\t<meta name=\"twitter:data2\" content=\"2 minutos\" \/>\n<script type=\"application\/ld+json\" class=\"yoast-schema-graph\">{\"@context\":\"https:\\\/\\\/schema.org\",\"@graph\":[{\"@type\":\"Article\",\"@id\":\"https:\\\/\\\/quehacerpolitico.mx\\\/?p=115041#article\",\"isPartOf\":{\"@id\":\"https:\\\/\\\/quehacerpolitico.mx\\\/?p=115041\"},\"author\":{\"name\":\"Redacci\u00f3n QP\",\"@id\":\"https:\\\/\\\/quehacerpolitico.mx\\\/#\\\/schema\\\/person\\\/496d8ad2d1d3f8036101dca7ee39e585\"},\"headline\":\"\u201cEst\u00e1n j\u00f3venes,\u00a0que se esperen a\u00a0otro periodo\u201d: Sheinbaum, luego que el Senado prohibir\u00e1 el\u00a0nepotismo\u00a0a partir de 2030 y no 2027 como ella propuso en una iniciativa\",\"datePublished\":\"2025-02-27T18:28:22+00:00\",\"dateModified\":\"2025-02-27T18:28:25+00:00\",\"mainEntityOfPage\":{\"@id\":\"https:\\\/\\\/quehacerpolitico.mx\\\/?p=115041\"},\"wordCount\":432,\"commentCount\":0,\"image\":{\"@id\":\"https:\\\/\\\/quehacerpolitico.mx\\\/?p=115041#primaryimage\"},\"thumbnailUrl\":\"https:\\\/\\\/quehacerpolitico.mx\\\/wp-content\\\/uploads\\\/2025\\\/02\\\/IMG_0861.jpeg\",\"articleSection\":[\"Nacionales\",\"Noticias\"],\"inLanguage\":\"es\",\"potentialAction\":[{\"@type\":\"CommentAction\",\"name\":\"Comment\",\"target\":[\"https:\\\/\\\/quehacerpolitico.mx\\\/?p=115041#respond\"]}]},{\"@type\":\"WebPage\",\"@id\":\"https:\\\/\\\/quehacerpolitico.mx\\\/?p=115041\",\"url\":\"https:\\\/\\\/quehacerpolitico.mx\\\/?p=115041\",\"name\":\"\u201cEst\u00e1n j\u00f3venes,\u00a0que se esperen a\u00a0otro periodo\u201d: Sheinbaum, luego que el Senado prohibir\u00e1 el\u00a0nepotismo\u00a0a partir de 2030 y no 2027 como ella propuso en una iniciativa -\",\"isPartOf\":{\"@id\":\"https:\\\/\\\/quehacerpolitico.mx\\\/#website\"},\"primaryImageOfPage\":{\"@id\":\"https:\\\/\\\/quehacerpolitico.mx\\\/?p=115041#primaryimage\"},\"image\":{\"@id\":\"https:\\\/\\\/quehacerpolitico.mx\\\/?p=115041#primaryimage\"},\"thumbnailUrl\":\"https:\\\/\\\/quehacerpolitico.mx\\\/wp-content\\\/uploads\\\/2025\\\/02\\\/IMG_0861.jpeg\",\"datePublished\":\"2025-02-27T18:28:22+00:00\",\"dateModified\":\"2025-02-27T18:28:25+00:00\",\"author\":{\"@id\":\"https:\\\/\\\/quehacerpolitico.mx\\\/#\\\/schema\\\/person\\\/496d8ad2d1d3f8036101dca7ee39e585\"},\"breadcrumb\":{\"@id\":\"https:\\\/\\\/quehacerpolitico.mx\\\/?p=115041#breadcrumb\"},\"inLanguage\":\"es\",\"potentialAction\":[{\"@type\":\"ReadAction\",\"target\":[\"https:\\\/\\\/quehacerpolitico.mx\\\/?p=115041\"]}]},{\"@type\":\"ImageObject\",\"inLanguage\":\"es\",\"@id\":\"https:\\\/\\\/quehacerpolitico.mx\\\/?p=115041#primaryimage\",\"url\":\"https:\\\/\\\/quehacerpolitico.mx\\\/wp-content\\\/uploads\\\/2025\\\/02\\\/IMG_0861.jpeg\",\"contentUrl\":\"https:\\\/\\\/quehacerpolitico.mx\\\/wp-content\\\/uploads\\\/2025\\\/02\\\/IMG_0861.jpeg\",\"width\":1060,\"height\":702,\"caption\":\"Screenshot\"},{\"@type\":\"BreadcrumbList\",\"@id\":\"https:\\\/\\\/quehacerpolitico.mx\\\/?p=115041#breadcrumb\",\"itemListElement\":[{\"@type\":\"ListItem\",\"position\":1,\"name\":\"Inicio\",\"item\":\"https:\\\/\\\/quehacerpolitico.mx\\\/\"},{\"@type\":\"ListItem\",\"position\":2,\"name\":\"\u201cEst\u00e1n j\u00f3venes,\u00a0que se esperen a\u00a0otro periodo\u201d: Sheinbaum, luego que el Senado prohibir\u00e1 el\u00a0nepotismo\u00a0a partir de 2030 y no 2027 como ella propuso en una iniciativa\"}]},{\"@type\":\"WebSite\",\"@id\":\"https:\\\/\\\/quehacerpolitico.mx\\\/#website\",\"url\":\"https:\\\/\\\/quehacerpolitico.mx\\\/\",\"name\":\"\",\"description\":\"\",\"potentialAction\":[{\"@type\":\"SearchAction\",\"target\":{\"@type\":\"EntryPoint\",\"urlTemplate\":\"https:\\\/\\\/quehacerpolitico.mx\\\/?s={search_term_string}\"},\"query-input\":{\"@type\":\"PropertyValueSpecification\",\"valueRequired\":true,\"valueName\":\"search_term_string\"}}],\"inLanguage\":\"es\"},{\"@type\":\"Person\",\"@id\":\"https:\\\/\\\/quehacerpolitico.mx\\\/#\\\/schema\\\/person\\\/496d8ad2d1d3f8036101dca7ee39e585\",\"name\":\"Redacci\u00f3n QP\",\"image\":{\"@type\":\"ImageObject\",\"inLanguage\":\"es\",\"@id\":\"https:\\\/\\\/secure.gravatar.com\\\/avatar\\\/c7164ed6fdec453195284ad24a5ae5b6e1eed2b848477fa2a4787ba9adf39a41?s=96&d=mm&r=g\",\"url\":\"https:\\\/\\\/secure.gravatar.com\\\/avatar\\\/c7164ed6fdec453195284ad24a5ae5b6e1eed2b848477fa2a4787ba9adf39a41?s=96&d=mm&r=g\",\"contentUrl\":\"https:\\\/\\\/secure.gravatar.com\\\/avatar\\\/c7164ed6fdec453195284ad24a5ae5b6e1eed2b848477fa2a4787ba9adf39a41?s=96&d=mm&r=g\",\"caption\":\"Redacci\u00f3n QP\"},\"url\":\"https:\\\/\\\/quehacerpolitico.mx\\\/?author=2\"}]}<\/script>\n<!-- \/ Yoast SEO plugin. -->","yoast_head_json":{"title":"\u201cEst\u00e1n j\u00f3venes,\u00a0que se esperen a\u00a0otro periodo\u201d: Sheinbaum, luego que el Senado prohibir\u00e1 el\u00a0nepotismo\u00a0a partir de 2030 y no 2027 como ella propuso en una iniciativa -","robots":{"index":"index","follow":"follow","max-snippet":"max-snippet:-1","max-image-preview":"max-image-preview:large","max-video-preview":"max-video-preview:-1"},"canonical":"https:\/\/quehacerpolitico.mx\/?p=115041","og_locale":"es_MX","og_type":"article","og_title":"\u201cEst\u00e1n j\u00f3venes,\u00a0que se esperen a\u00a0otro periodo\u201d: Sheinbaum, luego que el Senado prohibir\u00e1 el\u00a0nepotismo\u00a0a partir de 2030 y no 2027 como ella propuso en una iniciativa -","og_description":"Por Redacci\u00f3n QP La mandataria reiter\u00f3 que no les ir\u00e1 bien a los familiares de...","og_url":"https:\/\/quehacerpolitico.mx\/?p=115041","article_published_time":"2025-02-27T18:28:22+00:00","article_modified_time":"2025-02-27T18:28:25+00:00","og_image":[{"width":1060,"height":702,"url":"https:\/\/quehacerpolitico.mx\/wp-content\/uploads\/2025\/02\/IMG_0861.jpeg","type":"image\/jpeg"}],"author":"Redacci\u00f3n QP","twitter_card":"summary_large_image","twitter_misc":{"Escrito por":"Redacci\u00f3n QP","Tiempo de lectura":"2 minutos"},"schema":{"@context":"https:\/\/schema.org","@graph":[{"@type":"Article","@id":"https:\/\/quehacerpolitico.mx\/?p=115041#article","isPartOf":{"@id":"https:\/\/quehacerpolitico.mx\/?p=115041"},"author":{"name":"Redacci\u00f3n QP","@id":"https:\/\/quehacerpolitico.mx\/#\/schema\/person\/496d8ad2d1d3f8036101dca7ee39e585"},"headline":"\u201cEst\u00e1n j\u00f3venes,\u00a0que se esperen a\u00a0otro periodo\u201d: Sheinbaum, luego que el Senado prohibir\u00e1 el\u00a0nepotismo\u00a0a partir de 2030 y no 2027 como ella propuso en una iniciativa","datePublished":"2025-02-27T18:28:22+00:00","dateModified":"2025-02-27T18:28:25+00:00","mainEntityOfPage":{"@id":"https:\/\/quehacerpolitico.mx\/?p=115041"},"wordCount":432,"commentCount":0,"image":{"@id":"https:\/\/quehacerpolitico.mx\/?p=115041#primaryimage"},"thumbnailUrl":"https:\/\/quehacerpolitico.mx\/wp-content\/uploads\/2025\/02\/IMG_0861.jpeg","articleSection":["Nacionales","Noticias"],"inLanguage":"es","potentialAction":[{"@type":"CommentAction","name":"Comment","target":["https:\/\/quehacerpolitico.mx\/?p=115041#respond"]}]},{"@type":"WebPage","@id":"https:\/\/quehacerpolitico.mx\/?p=115041","url":"https:\/\/quehacerpolitico.mx\/?p=115041","name":"\u201cEst\u00e1n j\u00f3venes,\u00a0que se esperen a\u00a0otro periodo\u201d: Sheinbaum, luego que el Senado prohibir\u00e1 el\u00a0nepotismo\u00a0a partir de 2030 y no 2027 como ella propuso en una iniciativa -","isPartOf":{"@id":"https:\/\/quehacerpolitico.mx\/#website"},"primaryImageOfPage":{"@id":"https:\/\/quehacerpolitico.mx\/?p=115041#primaryimage"},"image":{"@id":"https:\/\/quehacerpolitico.mx\/?p=115041#primaryimage"},"thumbnailUrl":"https:\/\/quehacerpolitico.mx\/wp-content\/uploads\/2025\/02\/IMG_0861.jpeg","datePublished":"2025-02-27T18:28:22+00:00","dateModified":"2025-02-27T18:28:25+00:00","author":{"@id":"https:\/\/quehacerpolitico.mx\/#\/schema\/person\/496d8ad2d1d3f8036101dca7ee39e585"},"breadcrumb":{"@id":"https:\/\/quehacerpolitico.mx\/?p=115041#breadcrumb"},"inLanguage":"es","potentialAction":[{"@type":"ReadAction","target":["https:\/\/quehacerpolitico.mx\/?p=115041"]}]},{"@type":"ImageObject","inLanguage":"es","@id":"https:\/\/quehacerpolitico.mx\/?p=115041#primaryimage","url":"https:\/\/quehacerpolitico.mx\/wp-content\/uploads\/2025\/02\/IMG_0861.jpeg","contentUrl":"https:\/\/quehacerpolitico.mx\/wp-content\/uploads\/2025\/02\/IMG_0861.jpeg","width":1060,"height":702,"caption":"Screenshot"},{"@type":"BreadcrumbList","@id":"https:\/\/quehacerpolitico.mx\/?p=115041#breadcrumb","itemListElement":[{"@type":"ListItem","position":1,"name":"Inicio","item":"https:\/\/quehacerpolitico.mx\/"},{"@type":"ListItem","position":2,"name":"\u201cEst\u00e1n j\u00f3venes,\u00a0que se esperen a\u00a0otro periodo\u201d: Sheinbaum, luego que el Senado prohibir\u00e1 el\u00a0nepotismo\u00a0a partir de 2030 y no 2027 como ella propuso en una iniciativa"}]},{"@type":"WebSite","@id":"https:\/\/quehacerpolitico.mx\/#website","url":"https:\/\/quehacerpolitico.mx\/","name":"","description":"","potentialAction":[{"@type":"SearchAction","target":{"@type":"EntryPoint","urlTemplate":"https:\/\/quehacerpolitico.mx\/?s={search_term_string}"},"query-input":{"@type":"PropertyValueSpecification","valueRequired":true,"valueName":"search_term_string"}}],"inLanguage":"es"},{"@type":"Person","@id":"https:\/\/quehacerpolitico.mx\/#\/schema\/person\/496d8ad2d1d3f8036101dca7ee39e585","name":"Redacci\u00f3n QP","image":{"@type":"ImageObject","inLanguage":"es","@id":"https:\/\/secure.gravatar.com\/avatar\/c7164ed6fdec453195284ad24a5ae5b6e1eed2b848477fa2a4787ba9adf39a41?s=96&d=mm&r=g","url":"https:\/\/secure.gravatar.com\/avatar\/c7164ed6fdec453195284ad24a5ae5b6e1eed2b848477fa2a4787ba9adf39a41?s=96&d=mm&r=g","contentUrl":"https:\/\/secure.gravatar.com\/avatar\/c7164ed6fdec453195284ad24a5ae5b6e1eed2b848477fa2a4787ba9adf39a41?s=96&d=mm&r=g","caption":"Redacci\u00f3n QP"},"url":"https:\/\/quehacerpolitico.mx\/?author=2"}]}},"featured_image_urls":{"full":["https:\/\/quehacerpolitico.mx\/wp-content\/uploads\/2025\/02\/IMG_0861.jpeg",1060,702,false],"thumbnail":["https:\/\/quehacerpolitico.mx\/wp-content\/uploads\/2025\/02\/IMG_0861-150x150.jpeg",150,150,true],"medium":["https:\/\/quehacerpolitico.mx\/wp-content\/uploads\/2025\/02\/IMG_0861-300x199.jpeg",300,199,true],"medium_large":["https:\/\/quehacerpolitico.mx\/wp-content\/uploads\/2025\/02\/IMG_0861-768x509.jpeg",640,424,true],"large":["https:\/\/quehacerpolitico.mx\/wp-content\/uploads\/2025\/02\/IMG_0861-1024x678.jpeg",640,424,true],"1536x1536":["https:\/\/quehacerpolitico.mx\/wp-content\/uploads\/2025\/02\/IMG_0861.jpeg",1060,702,false],"2048x2048":["https:\/\/quehacerpolitico.mx\/wp-content\/uploads\/2025\/02\/IMG_0861.jpeg",1060,702,false],"covernews-featured":["https:\/\/quehacerpolitico.mx\/wp-content\/uploads\/2025\/02\/IMG_0861-1024x678.jpeg",1024,678,true],"covernews-medium":["https:\/\/quehacerpolitico.mx\/wp-content\/uploads\/2025\/02\/IMG_0861-540x340.jpeg",540,340,true]},"author_info":{"display_name":"Redacci\u00f3n QP","author_link":"https:\/\/quehacerpolitico.mx\/?author=2"},"category_info":"<a href=\"https:\/\/quehacerpolitico.mx\/?cat=280\" rel=\"category\">Nacionales<\/a> <a href=\"https:\/\/quehacerpolitico.mx\/?cat=2\" rel=\"category\">Noticias<\/a>","tag_info":"Noticias","comment_count":"0","_links":{"self":[{"href":"https:\/\/quehacerpolitico.mx\/index.php?rest_route=\/wp\/v2\/posts\/115041","targetHints":{"allow":["GET"]}}],"collection":[{"href":"https:\/\/quehacerpolitico.mx\/index.php?rest_route=\/wp\/v2\/posts"}],"about":[{"href":"https:\/\/quehacerpolitico.mx\/index.php?rest_route=\/wp\/v2\/types\/post"}],"author":[{"embeddable":true,"href":"https:\/\/quehacerpolitico.mx\/index.php?rest_route=\/wp\/v2\/users\/2"}],"replies":[{"embeddable":true,"href":"https:\/\/quehacerpolitico.mx\/index.php?rest_route=%2Fwp%2Fv2%2Fcomments&post=115041"}],"version-history":[{"count":1,"href":"https:\/\/quehacerpolitico.mx\/index.php?rest_route=\/wp\/v2\/posts\/115041\/revisions"}],"predecessor-version":[{"id":115043,"href":"https:\/\/quehacerpolitico.mx\/index.php?rest_route=\/wp\/v2\/posts\/115041\/revisions\/115043"}],"wp:featuredmedia":[{"embeddable":true,"href":"https:\/\/quehacerpolitico.mx\/index.php?rest_route=\/wp\/v2\/media\/115042"}],"wp:attachment":[{"href":"https:\/\/quehacerpolitico.mx\/index.php?rest_route=%2Fwp%2Fv2%2Fmedia&parent=115041"}],"wp:term":[{"taxonomy":"category","embeddable":true,"href":"https:\/\/quehacerpolitico.mx\/index.php?rest_route=%2Fwp%2Fv2%2Fcategories&post=115041"},{"taxonomy":"post_tag","embeddable":true,"href":"https:\/\/quehacerpolitico.mx\/index.php?rest_route=%2Fwp%2Fv2%2Ftags&post=115041"}],"curies":[{"name":"wp","href":"https:\/\/api.w.org\/{rel}","templated":true}]}}