{"id":115027,"date":"2025-02-27T10:51:59","date_gmt":"2025-02-27T16:51:59","guid":{"rendered":"https:\/\/quehacerpolitico.mx\/?p=115027"},"modified":"2025-02-27T10:52:01","modified_gmt":"2025-02-27T16:52:01","slug":"home-depot-anuncia-que-invertira-mil-300-millones-de-dolares-en-mexico-en-los-proximos-cuatro-anos","status":"publish","type":"post","link":"https:\/\/quehacerpolitico.mx\/?p=115027","title":{"rendered":"Home Depot anuncia que invertir\u00e1 mil 300 millones de d\u00f3lares en M\u00e9xico en los pr\u00f3ximos cuatro a\u00f1os"},"content":{"rendered":"\n<p>Por Redacci\u00f3n QP<\/p>\n\n\n\n<p>El presidente de la compa\u00f1\u00eda en el pa\u00eds indic\u00f3 que se planea abrir cinco tiendas por a\u00f1o e incrementar a 20 mil los empleos directos que generan<\/p>\n\n\n\n<p>La empresa&nbsp;<strong>Home Depot&nbsp;<\/strong>anunci\u00f3 este jueves durante la conferencia matutina de Claudia Sheinbaum que invertir\u00e1 mil 300 millones de d\u00f3lares en M\u00e9xico en los pr\u00f3ximos cuatro a\u00f1os, hasta 2028.&nbsp;<\/p>\n\n\n\n<p>Jos\u00e9 Antonio Rodr\u00edguez Garza, presidente y director general de<strong>\u00a0The Home Depot en M\u00e9xico<\/strong>, explic\u00f3 que el plan de la empresa es abrir alrededor de cinco tiendas por a\u00f1o hasta llegar a las 165 sucursales, destac\u00f3 que actualmente generan 18 mil empleos directos en el pa\u00eds, y se\u00f1al\u00f3 que esta cifra pretenden incrementarla hasta 20 mil.<\/p>\n\n\n\n<figure class=\"wp-block-embed is-type-video is-provider-youtube wp-block-embed-youtube wp-embed-aspect-16-9 wp-has-aspect-ratio\"><div class=\"wp-block-embed__wrapper\">\n<iframe loading=\"lazy\" title=\"Anuncia Home Depot inversi\u00f3n por mil 300 mdd\" width=\"640\" height=\"360\" src=\"https:\/\/www.youtube.com\/embed\/mph56Hokk1M?feature=oembed\" frameborder=\"0\" allow=\"accelerometer; autoplay; clipboard-write; encrypted-media; gyroscope; picture-in-picture; web-share\" referrerpolicy=\"strict-origin-when-cross-origin\" allowfullscreen><\/iframe>\n<\/div><\/figure>\n\n\n\n<p>&#8220;No s\u00f3lo se trata de abrir tiendas, como les comentaba, se trata de\u00a0<strong>generar oportunidades<\/strong>\u00a0y empleo&#8221;, a\u00f1adi\u00f3 desde Palacio Nacional.<\/p>\n\n\n\n<p>El director de la compa\u00f1\u00eda tambi\u00e9n explico que con esta inversi\u00f3n se podr\u00e1 incrementar la integraci\u00f3n&nbsp;de proveedores locales a su cadena de valor, con la intenci\u00f3n de integrarlos no s\u00f3lo a sus tiendas en el pa\u00eds, sino tambi\u00e9n a&nbsp;<strong>Estados Unidos y Canad\u00e1.&nbsp;<\/strong><\/p>\n\n\n\n<p>&#8220;Nuestra inversi\u00f3n no s\u00f3lo es en tema econ\u00f3mico, sino tambi\u00e9n contamos con uno de los programas de voluntariado m\u00e1s grandes en M\u00e9xico y hemos hecho m\u00e1s de 8 mil jornadas en todo el pa\u00eds, donde apoyamos a la mejora de escuelas, hospitales, centros comunitarios, parques y espacios p\u00fablicos&#8221;, a\u00f1adi\u00f3.<\/p>\n\n\n\n<p>Rodr\u00edguez Garza asever\u00f3 que esto contribuir\u00e1 \u201ca generar empleos de calidad\u201d y a que los mexicanos mejoren su calidad de vida&#8221;.<\/p>\n\n\n\n<p>&#8220;Estimamos que por cada empleo que generamos nosotros en nuestra en nuestra divisi\u00f3n de M\u00e9xico se generan cuatro adicionales en la econom\u00eda mexicana&#8221;, dijo.&nbsp;<\/p>\n","protected":false},"excerpt":{"rendered":"<p>Por Redacci\u00f3n QP El presidente de la compa\u00f1\u00eda en el pa\u00eds indic\u00f3 que se planea&#8230;<\/p>\n","protected":false},"author":2,"featured_media":115028,"comment_status":"open","ping_status":"open","sticky":false,"template":"","format":"standard","meta":{"_monsterinsights_skip_tracking":false,"_monsterinsights_sitenote_active":false,"_monsterinsights_sitenote_note":"","_monsterinsights_sitenote_category":0,"footnotes":""},"categories":[280,2],"tags":[],"class_list":["post-115027","post","type-post","status-publish","format-standard","has-post-thumbnail","hentry","category-nacionales","category-noticias"],"yoast_head":"<!-- This site is optimized with the Yoast SEO plugin v27.3 - https:\/\/yoast.com\/product\/yoast-seo-wordpress\/ -->\n<title>Home Depot anuncia que invertir\u00e1 mil 300 millones de d\u00f3lares en M\u00e9xico en los pr\u00f3ximos cuatro a\u00f1os -<\/title>\n<meta name=\"robots\" content=\"index, follow, max-snippet:-1, max-image-preview:large, max-video-preview:-1\" \/>\n<link rel=\"canonical\" href=\"https:\/\/quehacerpolitico.mx\/?p=115027\" \/>\n<meta property=\"og:locale\" content=\"es_MX\" \/>\n<meta property=\"og:type\" content=\"article\" \/>\n<meta property=\"og:title\" content=\"Home Depot anuncia que invertir\u00e1 mil 300 millones de d\u00f3lares en M\u00e9xico en los pr\u00f3ximos cuatro a\u00f1os -\" \/>\n<meta property=\"og:description\" content=\"Por Redacci\u00f3n QP El presidente de la compa\u00f1\u00eda en el pa\u00eds indic\u00f3 que se planea...\" \/>\n<meta property=\"og:url\" content=\"https:\/\/quehacerpolitico.mx\/?p=115027\" \/>\n<meta property=\"article:published_time\" content=\"2025-02-27T16:51:59+00:00\" \/>\n<meta property=\"article:modified_time\" content=\"2025-02-27T16:52:01+00:00\" \/>\n<meta property=\"og:image\" content=\"https:\/\/quehacerpolitico.mx\/wp-content\/uploads\/2025\/02\/IMG_0855.jpeg\" \/>\n\t<meta property=\"og:image:width\" content=\"2048\" \/>\n\t<meta property=\"og:image:height\" content=\"1260\" \/>\n\t<meta property=\"og:image:type\" content=\"image\/jpeg\" \/>\n<meta name=\"author\" content=\"Redacci\u00f3n QP\" \/>\n<meta name=\"twitter:card\" content=\"summary_large_image\" \/>\n<meta name=\"twitter:label1\" content=\"Escrito por\" \/>\n\t<meta name=\"twitter:data1\" content=\"Redacci\u00f3n QP\" \/>\n\t<meta name=\"twitter:label2\" content=\"Tiempo de lectura\" \/>\n\t<meta name=\"twitter:data2\" content=\"2 minutos\" \/>\n<script type=\"application\/ld+json\" class=\"yoast-schema-graph\">{\"@context\":\"https:\\\/\\\/schema.org\",\"@graph\":[{\"@type\":\"Article\",\"@id\":\"https:\\\/\\\/quehacerpolitico.mx\\\/?p=115027#article\",\"isPartOf\":{\"@id\":\"https:\\\/\\\/quehacerpolitico.mx\\\/?p=115027\"},\"author\":{\"name\":\"Redacci\u00f3n QP\",\"@id\":\"https:\\\/\\\/quehacerpolitico.mx\\\/#\\\/schema\\\/person\\\/496d8ad2d1d3f8036101dca7ee39e585\"},\"headline\":\"Home Depot anuncia que invertir\u00e1 mil 300 millones de d\u00f3lares en M\u00e9xico en los pr\u00f3ximos cuatro a\u00f1os\",\"datePublished\":\"2025-02-27T16:51:59+00:00\",\"dateModified\":\"2025-02-27T16:52:01+00:00\",\"mainEntityOfPage\":{\"@id\":\"https:\\\/\\\/quehacerpolitico.mx\\\/?p=115027\"},\"wordCount\":341,\"commentCount\":0,\"image\":{\"@id\":\"https:\\\/\\\/quehacerpolitico.mx\\\/?p=115027#primaryimage\"},\"thumbnailUrl\":\"https:\\\/\\\/quehacerpolitico.mx\\\/wp-content\\\/uploads\\\/2025\\\/02\\\/IMG_0855.jpeg\",\"articleSection\":[\"Nacionales\",\"Noticias\"],\"inLanguage\":\"es\",\"potentialAction\":[{\"@type\":\"CommentAction\",\"name\":\"Comment\",\"target\":[\"https:\\\/\\\/quehacerpolitico.mx\\\/?p=115027#respond\"]}]},{\"@type\":\"WebPage\",\"@id\":\"https:\\\/\\\/quehacerpolitico.mx\\\/?p=115027\",\"url\":\"https:\\\/\\\/quehacerpolitico.mx\\\/?p=115027\",\"name\":\"Home Depot anuncia que invertir\u00e1 mil 300 millones de d\u00f3lares en M\u00e9xico en los pr\u00f3ximos cuatro a\u00f1os -\",\"isPartOf\":{\"@id\":\"https:\\\/\\\/quehacerpolitico.mx\\\/#website\"},\"primaryImageOfPage\":{\"@id\":\"https:\\\/\\\/quehacerpolitico.mx\\\/?p=115027#primaryimage\"},\"image\":{\"@id\":\"https:\\\/\\\/quehacerpolitico.mx\\\/?p=115027#primaryimage\"},\"thumbnailUrl\":\"https:\\\/\\\/quehacerpolitico.mx\\\/wp-content\\\/uploads\\\/2025\\\/02\\\/IMG_0855.jpeg\",\"datePublished\":\"2025-02-27T16:51:59+00:00\",\"dateModified\":\"2025-02-27T16:52:01+00:00\",\"author\":{\"@id\":\"https:\\\/\\\/quehacerpolitico.mx\\\/#\\\/schema\\\/person\\\/496d8ad2d1d3f8036101dca7ee39e585\"},\"breadcrumb\":{\"@id\":\"https:\\\/\\\/quehacerpolitico.mx\\\/?p=115027#breadcrumb\"},\"inLanguage\":\"es\",\"potentialAction\":[{\"@type\":\"ReadAction\",\"target\":[\"https:\\\/\\\/quehacerpolitico.mx\\\/?p=115027\"]}]},{\"@type\":\"ImageObject\",\"inLanguage\":\"es\",\"@id\":\"https:\\\/\\\/quehacerpolitico.mx\\\/?p=115027#primaryimage\",\"url\":\"https:\\\/\\\/quehacerpolitico.mx\\\/wp-content\\\/uploads\\\/2025\\\/02\\\/IMG_0855.jpeg\",\"contentUrl\":\"https:\\\/\\\/quehacerpolitico.mx\\\/wp-content\\\/uploads\\\/2025\\\/02\\\/IMG_0855.jpeg\",\"width\":2048,\"height\":1260},{\"@type\":\"BreadcrumbList\",\"@id\":\"https:\\\/\\\/quehacerpolitico.mx\\\/?p=115027#breadcrumb\",\"itemListElement\":[{\"@type\":\"ListItem\",\"position\":1,\"name\":\"Inicio\",\"item\":\"https:\\\/\\\/quehacerpolitico.mx\\\/\"},{\"@type\":\"ListItem\",\"position\":2,\"name\":\"Home Depot anuncia que invertir\u00e1 mil 300 millones de d\u00f3lares en M\u00e9xico en los pr\u00f3ximos cuatro a\u00f1os\"}]},{\"@type\":\"WebSite\",\"@id\":\"https:\\\/\\\/quehacerpolitico.mx\\\/#website\",\"url\":\"https:\\\/\\\/quehacerpolitico.mx\\\/\",\"name\":\"\",\"description\":\"\",\"potentialAction\":[{\"@type\":\"SearchAction\",\"target\":{\"@type\":\"EntryPoint\",\"urlTemplate\":\"https:\\\/\\\/quehacerpolitico.mx\\\/?s={search_term_string}\"},\"query-input\":{\"@type\":\"PropertyValueSpecification\",\"valueRequired\":true,\"valueName\":\"search_term_string\"}}],\"inLanguage\":\"es\"},{\"@type\":\"Person\",\"@id\":\"https:\\\/\\\/quehacerpolitico.mx\\\/#\\\/schema\\\/person\\\/496d8ad2d1d3f8036101dca7ee39e585\",\"name\":\"Redacci\u00f3n QP\",\"image\":{\"@type\":\"ImageObject\",\"inLanguage\":\"es\",\"@id\":\"https:\\\/\\\/secure.gravatar.com\\\/avatar\\\/c7164ed6fdec453195284ad24a5ae5b6e1eed2b848477fa2a4787ba9adf39a41?s=96&d=mm&r=g\",\"url\":\"https:\\\/\\\/secure.gravatar.com\\\/avatar\\\/c7164ed6fdec453195284ad24a5ae5b6e1eed2b848477fa2a4787ba9adf39a41?s=96&d=mm&r=g\",\"contentUrl\":\"https:\\\/\\\/secure.gravatar.com\\\/avatar\\\/c7164ed6fdec453195284ad24a5ae5b6e1eed2b848477fa2a4787ba9adf39a41?s=96&d=mm&r=g\",\"caption\":\"Redacci\u00f3n QP\"},\"url\":\"https:\\\/\\\/quehacerpolitico.mx\\\/?author=2\"}]}<\/script>\n<!-- \/ Yoast SEO plugin. -->","yoast_head_json":{"title":"Home Depot anuncia que invertir\u00e1 mil 300 millones de d\u00f3lares en M\u00e9xico en los pr\u00f3ximos cuatro a\u00f1os -","robots":{"index":"index","follow":"follow","max-snippet":"max-snippet:-1","max-image-preview":"max-image-preview:large","max-video-preview":"max-video-preview:-1"},"canonical":"https:\/\/quehacerpolitico.mx\/?p=115027","og_locale":"es_MX","og_type":"article","og_title":"Home Depot anuncia que invertir\u00e1 mil 300 millones de d\u00f3lares en M\u00e9xico en los pr\u00f3ximos cuatro a\u00f1os -","og_description":"Por Redacci\u00f3n QP El presidente de la compa\u00f1\u00eda en el pa\u00eds indic\u00f3 que se planea...","og_url":"https:\/\/quehacerpolitico.mx\/?p=115027","article_published_time":"2025-02-27T16:51:59+00:00","article_modified_time":"2025-02-27T16:52:01+00:00","og_image":[{"width":2048,"height":1260,"url":"https:\/\/quehacerpolitico.mx\/wp-content\/uploads\/2025\/02\/IMG_0855.jpeg","type":"image\/jpeg"}],"author":"Redacci\u00f3n QP","twitter_card":"summary_large_image","twitter_misc":{"Escrito por":"Redacci\u00f3n QP","Tiempo de lectura":"2 minutos"},"schema":{"@context":"https:\/\/schema.org","@graph":[{"@type":"Article","@id":"https:\/\/quehacerpolitico.mx\/?p=115027#article","isPartOf":{"@id":"https:\/\/quehacerpolitico.mx\/?p=115027"},"author":{"name":"Redacci\u00f3n QP","@id":"https:\/\/quehacerpolitico.mx\/#\/schema\/person\/496d8ad2d1d3f8036101dca7ee39e585"},"headline":"Home Depot anuncia que invertir\u00e1 mil 300 millones de d\u00f3lares en M\u00e9xico en los pr\u00f3ximos cuatro a\u00f1os","datePublished":"2025-02-27T16:51:59+00:00","dateModified":"2025-02-27T16:52:01+00:00","mainEntityOfPage":{"@id":"https:\/\/quehacerpolitico.mx\/?p=115027"},"wordCount":341,"commentCount":0,"image":{"@id":"https:\/\/quehacerpolitico.mx\/?p=115027#primaryimage"},"thumbnailUrl":"https:\/\/quehacerpolitico.mx\/wp-content\/uploads\/2025\/02\/IMG_0855.jpeg","articleSection":["Nacionales","Noticias"],"inLanguage":"es","potentialAction":[{"@type":"CommentAction","name":"Comment","target":["https:\/\/quehacerpolitico.mx\/?p=115027#respond"]}]},{"@type":"WebPage","@id":"https:\/\/quehacerpolitico.mx\/?p=115027","url":"https:\/\/quehacerpolitico.mx\/?p=115027","name":"Home Depot anuncia que invertir\u00e1 mil 300 millones de d\u00f3lares en M\u00e9xico en los pr\u00f3ximos cuatro a\u00f1os -","isPartOf":{"@id":"https:\/\/quehacerpolitico.mx\/#website"},"primaryImageOfPage":{"@id":"https:\/\/quehacerpolitico.mx\/?p=115027#primaryimage"},"image":{"@id":"https:\/\/quehacerpolitico.mx\/?p=115027#primaryimage"},"thumbnailUrl":"https:\/\/quehacerpolitico.mx\/wp-content\/uploads\/2025\/02\/IMG_0855.jpeg","datePublished":"2025-02-27T16:51:59+00:00","dateModified":"2025-02-27T16:52:01+00:00","author":{"@id":"https:\/\/quehacerpolitico.mx\/#\/schema\/person\/496d8ad2d1d3f8036101dca7ee39e585"},"breadcrumb":{"@id":"https:\/\/quehacerpolitico.mx\/?p=115027#breadcrumb"},"inLanguage":"es","potentialAction":[{"@type":"ReadAction","target":["https:\/\/quehacerpolitico.mx\/?p=115027"]}]},{"@type":"ImageObject","inLanguage":"es","@id":"https:\/\/quehacerpolitico.mx\/?p=115027#primaryimage","url":"https:\/\/quehacerpolitico.mx\/wp-content\/uploads\/2025\/02\/IMG_0855.jpeg","contentUrl":"https:\/\/quehacerpolitico.mx\/wp-content\/uploads\/2025\/02\/IMG_0855.jpeg","width":2048,"height":1260},{"@type":"BreadcrumbList","@id":"https:\/\/quehacerpolitico.mx\/?p=115027#breadcrumb","itemListElement":[{"@type":"ListItem","position":1,"name":"Inicio","item":"https:\/\/quehacerpolitico.mx\/"},{"@type":"ListItem","position":2,"name":"Home Depot anuncia que invertir\u00e1 mil 300 millones de d\u00f3lares en M\u00e9xico en los pr\u00f3ximos cuatro a\u00f1os"}]},{"@type":"WebSite","@id":"https:\/\/quehacerpolitico.mx\/#website","url":"https:\/\/quehacerpolitico.mx\/","name":"","description":"","potentialAction":[{"@type":"SearchAction","target":{"@type":"EntryPoint","urlTemplate":"https:\/\/quehacerpolitico.mx\/?s={search_term_string}"},"query-input":{"@type":"PropertyValueSpecification","valueRequired":true,"valueName":"search_term_string"}}],"inLanguage":"es"},{"@type":"Person","@id":"https:\/\/quehacerpolitico.mx\/#\/schema\/person\/496d8ad2d1d3f8036101dca7ee39e585","name":"Redacci\u00f3n QP","image":{"@type":"ImageObject","inLanguage":"es","@id":"https:\/\/secure.gravatar.com\/avatar\/c7164ed6fdec453195284ad24a5ae5b6e1eed2b848477fa2a4787ba9adf39a41?s=96&d=mm&r=g","url":"https:\/\/secure.gravatar.com\/avatar\/c7164ed6fdec453195284ad24a5ae5b6e1eed2b848477fa2a4787ba9adf39a41?s=96&d=mm&r=g","contentUrl":"https:\/\/secure.gravatar.com\/avatar\/c7164ed6fdec453195284ad24a5ae5b6e1eed2b848477fa2a4787ba9adf39a41?s=96&d=mm&r=g","caption":"Redacci\u00f3n QP"},"url":"https:\/\/quehacerpolitico.mx\/?author=2"}]}},"featured_image_urls":{"full":["https:\/\/quehacerpolitico.mx\/wp-content\/uploads\/2025\/02\/IMG_0855.jpeg",2048,1260,false],"thumbnail":["https:\/\/quehacerpolitico.mx\/wp-content\/uploads\/2025\/02\/IMG_0855-150x150.jpeg",150,150,true],"medium":["https:\/\/quehacerpolitico.mx\/wp-content\/uploads\/2025\/02\/IMG_0855-300x185.jpeg",300,185,true],"medium_large":["https:\/\/quehacerpolitico.mx\/wp-content\/uploads\/2025\/02\/IMG_0855-768x473.jpeg",640,394,true],"large":["https:\/\/quehacerpolitico.mx\/wp-content\/uploads\/2025\/02\/IMG_0855-1024x630.jpeg",640,394,true],"1536x1536":["https:\/\/quehacerpolitico.mx\/wp-content\/uploads\/2025\/02\/IMG_0855-1536x945.jpeg",1536,945,true],"2048x2048":["https:\/\/quehacerpolitico.mx\/wp-content\/uploads\/2025\/02\/IMG_0855.jpeg",2048,1260,false],"covernews-featured":["https:\/\/quehacerpolitico.mx\/wp-content\/uploads\/2025\/02\/IMG_0855-1024x630.jpeg",1024,630,true],"covernews-medium":["https:\/\/quehacerpolitico.mx\/wp-content\/uploads\/2025\/02\/IMG_0855-540x340.jpeg",540,340,true]},"author_info":{"display_name":"Redacci\u00f3n QP","author_link":"https:\/\/quehacerpolitico.mx\/?author=2"},"category_info":"<a href=\"https:\/\/quehacerpolitico.mx\/?cat=280\" rel=\"category\">Nacionales<\/a> <a href=\"https:\/\/quehacerpolitico.mx\/?cat=2\" rel=\"category\">Noticias<\/a>","tag_info":"Noticias","comment_count":"0","_links":{"self":[{"href":"https:\/\/quehacerpolitico.mx\/index.php?rest_route=\/wp\/v2\/posts\/115027","targetHints":{"allow":["GET"]}}],"collection":[{"href":"https:\/\/quehacerpolitico.mx\/index.php?rest_route=\/wp\/v2\/posts"}],"about":[{"href":"https:\/\/quehacerpolitico.mx\/index.php?rest_route=\/wp\/v2\/types\/post"}],"author":[{"embeddable":true,"href":"https:\/\/quehacerpolitico.mx\/index.php?rest_route=\/wp\/v2\/users\/2"}],"replies":[{"embeddable":true,"href":"https:\/\/quehacerpolitico.mx\/index.php?rest_route=%2Fwp%2Fv2%2Fcomments&post=115027"}],"version-history":[{"count":1,"href":"https:\/\/quehacerpolitico.mx\/index.php?rest_route=\/wp\/v2\/posts\/115027\/revisions"}],"predecessor-version":[{"id":115029,"href":"https:\/\/quehacerpolitico.mx\/index.php?rest_route=\/wp\/v2\/posts\/115027\/revisions\/115029"}],"wp:featuredmedia":[{"embeddable":true,"href":"https:\/\/quehacerpolitico.mx\/index.php?rest_route=\/wp\/v2\/media\/115028"}],"wp:attachment":[{"href":"https:\/\/quehacerpolitico.mx\/index.php?rest_route=%2Fwp%2Fv2%2Fmedia&parent=115027"}],"wp:term":[{"taxonomy":"category","embeddable":true,"href":"https:\/\/quehacerpolitico.mx\/index.php?rest_route=%2Fwp%2Fv2%2Fcategories&post=115027"},{"taxonomy":"post_tag","embeddable":true,"href":"https:\/\/quehacerpolitico.mx\/index.php?rest_route=%2Fwp%2Fv2%2Ftags&post=115027"}],"curies":[{"name":"wp","href":"https:\/\/api.w.org\/{rel}","templated":true}]}}