{"id":11502,"date":"2018-12-12T19:56:26","date_gmt":"2018-12-12T19:56:26","guid":{"rendered":"http:\/\/quehacerpolitico.mx\/la-secretaria-de-gobernacion-renuncia-a-su-salario-en-el-gabinete-de-amlo-se-queda-la-pension\/"},"modified":"2018-12-12T19:56:26","modified_gmt":"2018-12-12T19:56:26","slug":"la-secretaria-de-gobernacion-renuncia-a-su-salario-en-el-gabinete-de-amlo-se-queda-la-pension","status":"publish","type":"post","link":"https:\/\/quehacerpolitico.mx\/?p=11502","title":{"rendered":"La Secretaria de Gobernaci\u00f3n renuncia a su salario en el Gabinete de AMLO; se queda la pensi\u00f3n"},"content":{"rendered":"<h1>La Secretaria de Gobernaci\u00f3n renuncia a su salario en el Gabinete de AMLO; se queda la pensi\u00f3n<\/h1>\n<p>Por Redacci\u00f3n QP<\/p>\n<p>La <strong>Secretaria de Gobernaci\u00f3n Olga S\u00e1nchez Cordero<\/strong> anunci\u00f3 que ha decidido no gozar de dos ingresos provenientes del <strong>Gobierno federal<\/strong>, por lo que conservar\u00e1 la pensi\u00f3n de la que goza por sus 21 a\u00f1os en la <strong>Suprema Corte<\/strong>, pero donar\u00e1 el <strong>sueldo<\/strong> que a partir del pr\u00f3ximo 15 de diciembre recibir\u00e1 por estar en el Gabinete de<strong>Andr\u00e9s Manuel L\u00f3pez Obrador<\/strong>.<\/p>\n<blockquote>\n<p>\u201cYo estoy aqu\u00ed por el proyecto de Andr\u00e9s Manuel, yo estoy convencida del proyecto de Naci\u00f3n del Presidente L\u00f3pez Obrador\u201d, dijo. \u201cHe decido no tener dos suelos o dos prestaciones, porque una es una pensi\u00f3n, y a partir del d\u00eda 15 que recibo mi primer sueldo ser\u00e1 donado a una casa hogar para ni\u00f1os con discapacidad en Quer\u00e9taro\u201d, anunci\u00f3.<\/p>\n<\/blockquote>\n<p>Detall\u00f3 que su salario ser\u00e1 de poco m\u00e1s de 107 mil pesos. Explic\u00f3 que este salario primero va a tener que entrar a su patrimonio, y en un segundo momento, de inmediato, har\u00e1 la transferencia a la casa hogar.<\/p>\n<p><strong>LA AUSTERIDAD ES FILOSOF\u00cdA DE VIDA DE AMLO<\/strong><\/p>\n<p>La Secretaria de Gobernaci\u00f3n dijo que se respetar\u00e1 a los tres niveles de Gobierno en el tema de ajuste salarial, que ha generado desencuentros entre los tres poderes. Y recalc\u00f3 que ser\u00e1 la C\u00e1mara de Diputados quien avale el presupuesto del Poder Legislativo.<\/p>\n<blockquote>\n<p>\u201cNosotros no, y que quede claro, no le ponemos ni le quitamos una sola coma al presupuesto que nos manda el Poder Judicial, somos \u00fanicamente el conducto que lo entrega de manera institucional a la C\u00e1mara de Diputados\u201d, indic\u00f3.<\/p>\n<p>Olga S\u00e1nchez tambi\u00e9n destac\u00f3 que para el Presidente L\u00f3pez Obrador es un filosof\u00eda de vida la austeridad, que los funcionarios p\u00fablicos se bajen el sueldo para que se pueda distribuir mejor la riqueza del pa\u00eds.<\/p>\n<blockquote>\n<p>\u201c\u00c9l ha vivido y ha visitado todo el territorio nacional, no una, dos, tres veces y se da cuenta de las condiciones que muchos de los mexicanos viven. Su tema de vida es que el Gobierno sea austero para que podamos dividir mejor la riqueza entre nuestros connacionales\u201d, dijo.<\/p>\n<blockquote>\n<p>\u201cEs su filosof\u00eda de vida, \u00e9l dice: tenemos tantos mexicanos en una situaci\u00f3n de pobreza y ganando sueldos precarios, que no les alcanza para satisfacer sus necesidades primarias. \u00c9l tiene esta idea de que todos los funcionarios deben hacer un esfuerzo para tener el dinero suficiente para tener desarrollo\u201d, agreg\u00f3.<\/p>\n<\/blockquote>\n<p>Sin embargo, reiter\u00f3 que \u201chay una divisi\u00f3n de poderes y respeto irrestricto de poderes\u201d.<\/p>\n<p><strong>TRABAJADORES DEL JUDICIAL, HONORABLES<\/strong><\/p>\n<p>Olga S\u00e1nchez asegur\u00f3 que la mayor\u00eda de las personas que trabaja en el Poder Judicial son gente honorable y gente capaz que vive de su salario y prestaciones, aunque, dijo, \u201chay sus negritos en el arroz\u201d.<\/p>\n<blockquote>\n<p>\u201cLos granitos negros habr\u00e1 que tomar decisiones fuertes contra estos personajes que hacen mucho mal al Poder Judicial\u201d, indic\u00f3.<\/p>\n<\/blockquote>\n<p>Asegur\u00f3 que su postura frente a la reducci\u00f3n de salarios es que se respete la divisi\u00f3n de poderes y exista un respeto institucional a la Constituci\u00f3n mexicana.<\/p>\n<p>\u201cLo que pedimos es que vayan en esta misma filosof\u00eda, no que se reduzcan los sueldos, pero que entiendan esta nueva filosof\u00eda, pol\u00edtica y social\u201d, indic\u00f3.<\/p>\n<p><strong>HABR\u00c1 NUEVA POL\u00cdTICA DE MIGRACI\u00d3N<\/strong><\/p>\n<p>S\u00e1nchez Cordero dijo tambi\u00e9n que M\u00e9xico va a cambiar su pol\u00edtica migratoria para que los migrantes sean tratados como personas con derechos plenos en las estaciones migratorias. Adem\u00e1s anunci\u00f3 el programa \u201cNavidad en tu casa\u201d para acelerar los tr\u00e1mites de las personas que quieran volver a sus hogares.<\/p>\n<p>La Ministra en retiro inform\u00f3 que visit\u00f3 de sorpresa la estaci\u00f3n migratoria de Iztapalapa, a cargo del Instituto Nacional de Migraci\u00f3n (INM), donde no le gustaron las condiciones en las que se tienen a las personas que ah\u00ed esperan.<\/p>\n<blockquote>\n<p>\u201cEn general las condiciones no me agradaron nada. Vamos a cambiar la pol\u00edtica, vamos a tener a los migrantes como una persona con derechos plenos\u201d, dijo.<\/p>\n<p>\u201cTenemos que ser un pa\u00eds hospitalario y lo tenemos que demostrar\u201d, a\u00f1adi\u00f3.<\/p>\n<\/blockquote>\n<p>Detall\u00f3 que con el programa se va a acelerar cualquier tr\u00e1mite que impida que no vuelvan a sus casas los migrantes y tambi\u00e9n los tr\u00e1mites de los que quieran pedir asilo.<\/p>\n<p>Anunci\u00f3 que continuar\u00e1 con las visitas sorpresa a las estaciones migratorias.<\/p>\n<\/blockquote>\n<\/blockquote>\n","protected":false},"excerpt":{"rendered":"<p>La Secretaria de Gobernaci\u00f3n renuncia a su salario en el Gabinete de AMLO; se queda la pensi\u00f3n<br \/>\nPor Redacci\u00f3n QP<\/p>\n","protected":false},"author":2,"featured_media":11501,"comment_status":"open","ping_status":"open","sticky":false,"template":"","format":"standard","meta":{"_monsterinsights_skip_tracking":false,"_monsterinsights_sitenote_active":false,"_monsterinsights_sitenote_note":"","_monsterinsights_sitenote_category":0,"footnotes":""},"categories":[2],"tags":[],"class_list":["post-11502","post","type-post","status-publish","format-standard","has-post-thumbnail","hentry","category-noticias"],"yoast_head":"<!-- This site is optimized with the Yoast SEO plugin v27.3 - https:\/\/yoast.com\/product\/yoast-seo-wordpress\/ -->\n<title>La Secretaria de Gobernaci\u00f3n renuncia a su salario en el Gabinete de AMLO; se queda la pensi\u00f3n -<\/title>\n<meta name=\"robots\" content=\"index, follow, max-snippet:-1, max-image-preview:large, max-video-preview:-1\" \/>\n<link rel=\"canonical\" href=\"https:\/\/quehacerpolitico.mx\/?p=11502\" \/>\n<meta property=\"og:locale\" content=\"es_MX\" \/>\n<meta property=\"og:type\" content=\"article\" \/>\n<meta property=\"og:title\" content=\"La Secretaria de Gobernaci\u00f3n renuncia a su salario en el Gabinete de AMLO; se queda la pensi\u00f3n -\" \/>\n<meta property=\"og:description\" content=\"La Secretaria de Gobernaci\u00f3n renuncia a su salario en el Gabinete de AMLO; se queda la pensi\u00f3n Por Redacci\u00f3n QP\" \/>\n<meta property=\"og:url\" content=\"https:\/\/quehacerpolitico.mx\/?p=11502\" \/>\n<meta property=\"article:published_time\" content=\"2018-12-12T19:56:26+00:00\" \/>\n<meta name=\"author\" content=\"Redacci\u00f3n QP\" \/>\n<meta name=\"twitter:card\" content=\"summary_large_image\" \/>\n<meta name=\"twitter:label1\" content=\"Escrito por\" \/>\n\t<meta name=\"twitter:data1\" content=\"Redacci\u00f3n QP\" \/>\n\t<meta name=\"twitter:label2\" content=\"Tiempo de lectura\" \/>\n\t<meta name=\"twitter:data2\" content=\"4 minutos\" \/>\n<script type=\"application\/ld+json\" class=\"yoast-schema-graph\">{\"@context\":\"https:\\\/\\\/schema.org\",\"@graph\":[{\"@type\":\"Article\",\"@id\":\"https:\\\/\\\/quehacerpolitico.mx\\\/?p=11502#article\",\"isPartOf\":{\"@id\":\"https:\\\/\\\/quehacerpolitico.mx\\\/?p=11502\"},\"author\":{\"name\":\"Redacci\u00f3n QP\",\"@id\":\"https:\\\/\\\/quehacerpolitico.mx\\\/#\\\/schema\\\/person\\\/496d8ad2d1d3f8036101dca7ee39e585\"},\"headline\":\"La Secretaria de Gobernaci\u00f3n renuncia a su salario en el Gabinete de AMLO; se queda la pensi\u00f3n\",\"datePublished\":\"2018-12-12T19:56:26+00:00\",\"mainEntityOfPage\":{\"@id\":\"https:\\\/\\\/quehacerpolitico.mx\\\/?p=11502\"},\"wordCount\":770,\"commentCount\":0,\"image\":{\"@id\":\"https:\\\/\\\/quehacerpolitico.mx\\\/?p=11502#primaryimage\"},\"thumbnailUrl\":\"\",\"articleSection\":[\"Noticias\"],\"inLanguage\":\"es\",\"potentialAction\":[{\"@type\":\"CommentAction\",\"name\":\"Comment\",\"target\":[\"https:\\\/\\\/quehacerpolitico.mx\\\/?p=11502#respond\"]}]},{\"@type\":\"WebPage\",\"@id\":\"https:\\\/\\\/quehacerpolitico.mx\\\/?p=11502\",\"url\":\"https:\\\/\\\/quehacerpolitico.mx\\\/?p=11502\",\"name\":\"La Secretaria de Gobernaci\u00f3n renuncia a su salario en el Gabinete de AMLO; se queda la pensi\u00f3n -\",\"isPartOf\":{\"@id\":\"https:\\\/\\\/quehacerpolitico.mx\\\/#website\"},\"primaryImageOfPage\":{\"@id\":\"https:\\\/\\\/quehacerpolitico.mx\\\/?p=11502#primaryimage\"},\"image\":{\"@id\":\"https:\\\/\\\/quehacerpolitico.mx\\\/?p=11502#primaryimage\"},\"thumbnailUrl\":\"\",\"datePublished\":\"2018-12-12T19:56:26+00:00\",\"author\":{\"@id\":\"https:\\\/\\\/quehacerpolitico.mx\\\/#\\\/schema\\\/person\\\/496d8ad2d1d3f8036101dca7ee39e585\"},\"breadcrumb\":{\"@id\":\"https:\\\/\\\/quehacerpolitico.mx\\\/?p=11502#breadcrumb\"},\"inLanguage\":\"es\",\"potentialAction\":[{\"@type\":\"ReadAction\",\"target\":[\"https:\\\/\\\/quehacerpolitico.mx\\\/?p=11502\"]}]},{\"@type\":\"ImageObject\",\"inLanguage\":\"es\",\"@id\":\"https:\\\/\\\/quehacerpolitico.mx\\\/?p=11502#primaryimage\",\"url\":\"\",\"contentUrl\":\"\"},{\"@type\":\"BreadcrumbList\",\"@id\":\"https:\\\/\\\/quehacerpolitico.mx\\\/?p=11502#breadcrumb\",\"itemListElement\":[{\"@type\":\"ListItem\",\"position\":1,\"name\":\"Inicio\",\"item\":\"https:\\\/\\\/quehacerpolitico.mx\\\/\"},{\"@type\":\"ListItem\",\"position\":2,\"name\":\"La Secretaria de Gobernaci\u00f3n renuncia a su salario en el Gabinete de AMLO; se queda la pensi\u00f3n\"}]},{\"@type\":\"WebSite\",\"@id\":\"https:\\\/\\\/quehacerpolitico.mx\\\/#website\",\"url\":\"https:\\\/\\\/quehacerpolitico.mx\\\/\",\"name\":\"\",\"description\":\"\",\"potentialAction\":[{\"@type\":\"SearchAction\",\"target\":{\"@type\":\"EntryPoint\",\"urlTemplate\":\"https:\\\/\\\/quehacerpolitico.mx\\\/?s={search_term_string}\"},\"query-input\":{\"@type\":\"PropertyValueSpecification\",\"valueRequired\":true,\"valueName\":\"search_term_string\"}}],\"inLanguage\":\"es\"},{\"@type\":\"Person\",\"@id\":\"https:\\\/\\\/quehacerpolitico.mx\\\/#\\\/schema\\\/person\\\/496d8ad2d1d3f8036101dca7ee39e585\",\"name\":\"Redacci\u00f3n QP\",\"image\":{\"@type\":\"ImageObject\",\"inLanguage\":\"es\",\"@id\":\"https:\\\/\\\/secure.gravatar.com\\\/avatar\\\/c7164ed6fdec453195284ad24a5ae5b6e1eed2b848477fa2a4787ba9adf39a41?s=96&d=mm&r=g\",\"url\":\"https:\\\/\\\/secure.gravatar.com\\\/avatar\\\/c7164ed6fdec453195284ad24a5ae5b6e1eed2b848477fa2a4787ba9adf39a41?s=96&d=mm&r=g\",\"contentUrl\":\"https:\\\/\\\/secure.gravatar.com\\\/avatar\\\/c7164ed6fdec453195284ad24a5ae5b6e1eed2b848477fa2a4787ba9adf39a41?s=96&d=mm&r=g\",\"caption\":\"Redacci\u00f3n QP\"},\"url\":\"https:\\\/\\\/quehacerpolitico.mx\\\/?author=2\"}]}<\/script>\n<!-- \/ Yoast SEO plugin. -->","yoast_head_json":{"title":"La Secretaria de Gobernaci\u00f3n renuncia a su salario en el Gabinete de AMLO; se queda la pensi\u00f3n -","robots":{"index":"index","follow":"follow","max-snippet":"max-snippet:-1","max-image-preview":"max-image-preview:large","max-video-preview":"max-video-preview:-1"},"canonical":"https:\/\/quehacerpolitico.mx\/?p=11502","og_locale":"es_MX","og_type":"article","og_title":"La Secretaria de Gobernaci\u00f3n renuncia a su salario en el Gabinete de AMLO; se queda la pensi\u00f3n -","og_description":"La Secretaria de Gobernaci\u00f3n renuncia a su salario en el Gabinete de AMLO; se queda la pensi\u00f3n Por Redacci\u00f3n QP","og_url":"https:\/\/quehacerpolitico.mx\/?p=11502","article_published_time":"2018-12-12T19:56:26+00:00","author":"Redacci\u00f3n QP","twitter_card":"summary_large_image","twitter_misc":{"Escrito por":"Redacci\u00f3n QP","Tiempo de lectura":"4 minutos"},"schema":{"@context":"https:\/\/schema.org","@graph":[{"@type":"Article","@id":"https:\/\/quehacerpolitico.mx\/?p=11502#article","isPartOf":{"@id":"https:\/\/quehacerpolitico.mx\/?p=11502"},"author":{"name":"Redacci\u00f3n QP","@id":"https:\/\/quehacerpolitico.mx\/#\/schema\/person\/496d8ad2d1d3f8036101dca7ee39e585"},"headline":"La Secretaria de Gobernaci\u00f3n renuncia a su salario en el Gabinete de AMLO; se queda la pensi\u00f3n","datePublished":"2018-12-12T19:56:26+00:00","mainEntityOfPage":{"@id":"https:\/\/quehacerpolitico.mx\/?p=11502"},"wordCount":770,"commentCount":0,"image":{"@id":"https:\/\/quehacerpolitico.mx\/?p=11502#primaryimage"},"thumbnailUrl":"","articleSection":["Noticias"],"inLanguage":"es","potentialAction":[{"@type":"CommentAction","name":"Comment","target":["https:\/\/quehacerpolitico.mx\/?p=11502#respond"]}]},{"@type":"WebPage","@id":"https:\/\/quehacerpolitico.mx\/?p=11502","url":"https:\/\/quehacerpolitico.mx\/?p=11502","name":"La Secretaria de Gobernaci\u00f3n renuncia a su salario en el Gabinete de AMLO; se queda la pensi\u00f3n -","isPartOf":{"@id":"https:\/\/quehacerpolitico.mx\/#website"},"primaryImageOfPage":{"@id":"https:\/\/quehacerpolitico.mx\/?p=11502#primaryimage"},"image":{"@id":"https:\/\/quehacerpolitico.mx\/?p=11502#primaryimage"},"thumbnailUrl":"","datePublished":"2018-12-12T19:56:26+00:00","author":{"@id":"https:\/\/quehacerpolitico.mx\/#\/schema\/person\/496d8ad2d1d3f8036101dca7ee39e585"},"breadcrumb":{"@id":"https:\/\/quehacerpolitico.mx\/?p=11502#breadcrumb"},"inLanguage":"es","potentialAction":[{"@type":"ReadAction","target":["https:\/\/quehacerpolitico.mx\/?p=11502"]}]},{"@type":"ImageObject","inLanguage":"es","@id":"https:\/\/quehacerpolitico.mx\/?p=11502#primaryimage","url":"","contentUrl":""},{"@type":"BreadcrumbList","@id":"https:\/\/quehacerpolitico.mx\/?p=11502#breadcrumb","itemListElement":[{"@type":"ListItem","position":1,"name":"Inicio","item":"https:\/\/quehacerpolitico.mx\/"},{"@type":"ListItem","position":2,"name":"La Secretaria de Gobernaci\u00f3n renuncia a su salario en el Gabinete de AMLO; se queda la pensi\u00f3n"}]},{"@type":"WebSite","@id":"https:\/\/quehacerpolitico.mx\/#website","url":"https:\/\/quehacerpolitico.mx\/","name":"","description":"","potentialAction":[{"@type":"SearchAction","target":{"@type":"EntryPoint","urlTemplate":"https:\/\/quehacerpolitico.mx\/?s={search_term_string}"},"query-input":{"@type":"PropertyValueSpecification","valueRequired":true,"valueName":"search_term_string"}}],"inLanguage":"es"},{"@type":"Person","@id":"https:\/\/quehacerpolitico.mx\/#\/schema\/person\/496d8ad2d1d3f8036101dca7ee39e585","name":"Redacci\u00f3n QP","image":{"@type":"ImageObject","inLanguage":"es","@id":"https:\/\/secure.gravatar.com\/avatar\/c7164ed6fdec453195284ad24a5ae5b6e1eed2b848477fa2a4787ba9adf39a41?s=96&d=mm&r=g","url":"https:\/\/secure.gravatar.com\/avatar\/c7164ed6fdec453195284ad24a5ae5b6e1eed2b848477fa2a4787ba9adf39a41?s=96&d=mm&r=g","contentUrl":"https:\/\/secure.gravatar.com\/avatar\/c7164ed6fdec453195284ad24a5ae5b6e1eed2b848477fa2a4787ba9adf39a41?s=96&d=mm&r=g","caption":"Redacci\u00f3n QP"},"url":"https:\/\/quehacerpolitico.mx\/?author=2"}]}},"featured_image_urls":{"full":"","thumbnail":"","medium":"","medium_large":"","large":"","1536x1536":"","2048x2048":"","covernews-featured":"","covernews-medium":""},"author_info":{"display_name":"Redacci\u00f3n QP","author_link":"https:\/\/quehacerpolitico.mx\/?author=2"},"category_info":"<a href=\"https:\/\/quehacerpolitico.mx\/?cat=2\" rel=\"category\">Noticias<\/a>","tag_info":"Noticias","comment_count":"0","_links":{"self":[{"href":"https:\/\/quehacerpolitico.mx\/index.php?rest_route=\/wp\/v2\/posts\/11502","targetHints":{"allow":["GET"]}}],"collection":[{"href":"https:\/\/quehacerpolitico.mx\/index.php?rest_route=\/wp\/v2\/posts"}],"about":[{"href":"https:\/\/quehacerpolitico.mx\/index.php?rest_route=\/wp\/v2\/types\/post"}],"author":[{"embeddable":true,"href":"https:\/\/quehacerpolitico.mx\/index.php?rest_route=\/wp\/v2\/users\/2"}],"replies":[{"embeddable":true,"href":"https:\/\/quehacerpolitico.mx\/index.php?rest_route=%2Fwp%2Fv2%2Fcomments&post=11502"}],"version-history":[{"count":0,"href":"https:\/\/quehacerpolitico.mx\/index.php?rest_route=\/wp\/v2\/posts\/11502\/revisions"}],"wp:featuredmedia":[{"embeddable":true,"href":"https:\/\/quehacerpolitico.mx\/index.php?rest_route=\/"}],"wp:attachment":[{"href":"https:\/\/quehacerpolitico.mx\/index.php?rest_route=%2Fwp%2Fv2%2Fmedia&parent=11502"}],"wp:term":[{"taxonomy":"category","embeddable":true,"href":"https:\/\/quehacerpolitico.mx\/index.php?rest_route=%2Fwp%2Fv2%2Fcategories&post=11502"},{"taxonomy":"post_tag","embeddable":true,"href":"https:\/\/quehacerpolitico.mx\/index.php?rest_route=%2Fwp%2Fv2%2Ftags&post=11502"}],"curies":[{"name":"wp","href":"https:\/\/api.w.org\/{rel}","templated":true}]}}