{"id":115016,"date":"2025-02-26T12:46:58","date_gmt":"2025-02-26T18:46:58","guid":{"rendered":"https:\/\/quehacerpolitico.mx\/?p=115016"},"modified":"2025-02-26T12:47:00","modified_gmt":"2025-02-26T18:47:00","slug":"el-quehacer-politico-internacional-a-traves-de-la-opinion-carolina-alonso-romei-no-voy-a-detener-los-aranceles-contra-mexico-y-canada-dice-trump-en-su-primera-reunion-de-gabinete","status":"publish","type":"post","link":"https:\/\/quehacerpolitico.mx\/?p=115016","title":{"rendered":"El Quehacer Pol\u00edtico Internacional a trav\u00e9s de la opini\u00f3n\/\/\/Carolina Alonso Romei\/\/\/&#8221;No voy a detener los aranceles contra M\u00e9xico y Canad\u00e1&#8221;, dice Trump en su primera reuni\u00f3n de gabinete"},"content":{"rendered":"\n<p>Por Carolina Alonso Romei<\/p>\n\n\n\n<p>Internacionalista <\/p>\n\n\n\n<p>El mandatario estadounidense indic\u00f3 que los aranceles no se aplicar\u00e1n el 1 de abril como ten\u00eda previsto porque es &#8220;supersticioso&#8221;, entonces ser\u00e1 hasta el d\u00eda siguiente, el 2 del mismo mes<\/p>\n\n\n\n<p>El presidente de Estados Unidos,&nbsp;<strong>Donald&nbsp;Trump<\/strong>, dijo el mi\u00e9rcoles que no detendr\u00e1 los aranceles a productos de Canad\u00e1 y M\u00e9xico, y agreg\u00f3 que no se impondr\u00e1n todos, pero s\u00ed muchos.<\/p>\n\n\n\n<p>En el marco de su primera reuni\u00f3n de gabinete, el mandatario estadounidense indic\u00f3 que los aranceles no se aplicar\u00e1n el 1 de abril, como ten\u00eda previsto porque es &#8220;supersticioso&#8221;, entonces ser\u00e1 hasta el d\u00eda siguiente,&nbsp;<strong>el 2 del mismo mes.&nbsp;<\/strong><\/p>\n\n\n\n<p>&#8220;No voy a detener los aranceles, millones de personas han muerto debido al fentanilo que entra por la frontera&#8221;, a\u00f1adi\u00f3 a la prensa.<\/p>\n\n\n\n<figure class=\"wp-block-embed is-type-rich is-provider-twitter wp-block-embed-twitter\"><div class=\"wp-block-embed__wrapper\">\n<blockquote class=\"twitter-tweet\" data-width=\"550\" data-dnt=\"true\"><p lang=\"es\" dir=\"ltr\">\ud83d\udea8 <a href=\"https:\/\/twitter.com\/hashtag\/DonaldTrump?src=hash&amp;ref_src=twsrc%5Etfw\">#DonaldTrump<\/a> dice que no detendr\u00e1 los aranceles a M\u00e9xico y Canad\u00e1, pese a reducci\u00f3n de cruces fronterizos.<br><br>[\ud83d\udcf9 <a href=\"https:\/\/twitter.com\/TelemundoNews?ref_src=twsrc%5Etfw\">@TelemundoNews<\/a>] <a href=\"https:\/\/t.co\/ohtAsIES59\">pic.twitter.com\/ohtAsIES59<\/a><\/p>&mdash; Manuel Lopez San Martin (@MLopezSanMartin) <a href=\"https:\/\/twitter.com\/MLopezSanMartin\/status\/1894805407022960912?ref_src=twsrc%5Etfw\">February 26, 2025<\/a><\/blockquote><script async src=\"https:\/\/platform.twitter.com\/widgets.js\" charset=\"utf-8\"><\/script>\n<\/div><\/figure>\n\n\n\n<p>El presidente insisti\u00f3 en que&nbsp;<strong>Estados Unidos &#8220;ha perdido&#8221; a millones<\/strong>&nbsp;por esta droga sint\u00e9tica que proviene principalmente de China, de M\u00e9xico y tambi\u00e9n llega a trav\u00e9s de Canad\u00e1.&nbsp;<\/p>\n\n\n\n<p>Trump record\u00f3 que&nbsp;<strong>Canad\u00e1 y M\u00e9xico<\/strong>\u201cdeber\u00e1n demostrar que han hecho un excelente trabajo\u201d para frenar el tr\u00e1fico de fentanilo antes del 2 de abril para que los pa\u00edses obtengan \u201cun respiro\u201d.&nbsp;<\/p>\n\n\n\n<p>&#8220;He visto personas que durante el resto de sus vidas no son las mismas personas (por el fentanilo). Son tan diferentes. Ni siquiera es cre\u00edble. Personas din\u00e1micas, personas felices que mueren de una muerte miserable. Y eso es por la basura que llega a trav\u00e9s de China, M\u00e9xico y Canad\u00e1&#8221;, puntualiz\u00f3.<\/p>\n\n\n\n<p>Este mi\u00e9rcoles, la presidenta Claudia Sheinbaum no descart\u00f3 una pr\u00f3xima llamada con su hom\u00f3logo estadounidense para abordar el tema de los aranceles.<\/p>\n\n\n\n<p>Con informaci\u00f3n de Reuters<\/p>\n","protected":false},"excerpt":{"rendered":"<p>Por Carolina Alonso Romei Internacionalista El mandatario estadounidense indic\u00f3 que los aranceles no se aplicar\u00e1n&#8230;<\/p>\n","protected":false},"author":2,"featured_media":115018,"comment_status":"open","ping_status":"open","sticky":false,"template":"","format":"standard","meta":{"_monsterinsights_skip_tracking":false,"_monsterinsights_sitenote_active":false,"_monsterinsights_sitenote_note":"","_monsterinsights_sitenote_category":0,"footnotes":""},"categories":[1],"tags":[],"class_list":["post-115016","post","type-post","status-publish","format-standard","has-post-thumbnail","hentry","category-sin-categoria"],"yoast_head":"<!-- This site is optimized with the Yoast SEO plugin v27.3 - https:\/\/yoast.com\/product\/yoast-seo-wordpress\/ -->\n<title>El Quehacer Pol\u00edtico Internacional a trav\u00e9s de la opini\u00f3n\/\/\/Carolina Alonso Romei\/\/\/&quot;No voy a detener los aranceles contra M\u00e9xico y Canad\u00e1&quot;, dice Trump en su primera reuni\u00f3n de gabinete -<\/title>\n<meta name=\"robots\" content=\"index, follow, max-snippet:-1, max-image-preview:large, max-video-preview:-1\" \/>\n<link rel=\"canonical\" href=\"https:\/\/quehacerpolitico.mx\/?p=115016\" \/>\n<meta property=\"og:locale\" content=\"es_MX\" \/>\n<meta property=\"og:type\" content=\"article\" \/>\n<meta property=\"og:title\" content=\"El Quehacer Pol\u00edtico Internacional a trav\u00e9s de la opini\u00f3n\/\/\/Carolina Alonso Romei\/\/\/&quot;No voy a detener los aranceles contra M\u00e9xico y Canad\u00e1&quot;, dice Trump en su primera reuni\u00f3n de gabinete -\" \/>\n<meta property=\"og:description\" content=\"Por Carolina Alonso Romei Internacionalista El mandatario estadounidense indic\u00f3 que los aranceles no se aplicar\u00e1n...\" \/>\n<meta property=\"og:url\" content=\"https:\/\/quehacerpolitico.mx\/?p=115016\" \/>\n<meta property=\"article:published_time\" content=\"2025-02-26T18:46:58+00:00\" \/>\n<meta property=\"article:modified_time\" content=\"2025-02-26T18:47:00+00:00\" \/>\n<meta property=\"og:image\" content=\"https:\/\/quehacerpolitico.mx\/wp-content\/uploads\/2025\/02\/03fa6135-c3fe-44b7-8e96-c6ca323ffebb-12.jpeg\" \/>\n\t<meta property=\"og:image:width\" content=\"963\" \/>\n\t<meta property=\"og:image:height\" content=\"493\" \/>\n\t<meta property=\"og:image:type\" content=\"image\/jpeg\" \/>\n<meta name=\"author\" content=\"Redacci\u00f3n QP\" \/>\n<meta name=\"twitter:card\" content=\"summary_large_image\" \/>\n<meta name=\"twitter:label1\" content=\"Escrito por\" \/>\n\t<meta name=\"twitter:data1\" content=\"Redacci\u00f3n QP\" \/>\n\t<meta name=\"twitter:label2\" content=\"Tiempo de lectura\" \/>\n\t<meta name=\"twitter:data2\" content=\"2 minutos\" \/>\n<script type=\"application\/ld+json\" class=\"yoast-schema-graph\">{\"@context\":\"https:\\\/\\\/schema.org\",\"@graph\":[{\"@type\":\"Article\",\"@id\":\"https:\\\/\\\/quehacerpolitico.mx\\\/?p=115016#article\",\"isPartOf\":{\"@id\":\"https:\\\/\\\/quehacerpolitico.mx\\\/?p=115016\"},\"author\":{\"name\":\"Redacci\u00f3n QP\",\"@id\":\"https:\\\/\\\/quehacerpolitico.mx\\\/#\\\/schema\\\/person\\\/496d8ad2d1d3f8036101dca7ee39e585\"},\"headline\":\"El Quehacer Pol\u00edtico Internacional a trav\u00e9s de la opini\u00f3n\\\/\\\/\\\/Carolina Alonso Romei\\\/\\\/\\\/&#8221;No voy a detener los aranceles contra M\u00e9xico y Canad\u00e1&#8221;, dice Trump en su primera reuni\u00f3n de gabinete\",\"datePublished\":\"2025-02-26T18:46:58+00:00\",\"dateModified\":\"2025-02-26T18:47:00+00:00\",\"mainEntityOfPage\":{\"@id\":\"https:\\\/\\\/quehacerpolitico.mx\\\/?p=115016\"},\"wordCount\":345,\"commentCount\":0,\"image\":{\"@id\":\"https:\\\/\\\/quehacerpolitico.mx\\\/?p=115016#primaryimage\"},\"thumbnailUrl\":\"https:\\\/\\\/quehacerpolitico.mx\\\/wp-content\\\/uploads\\\/2025\\\/02\\\/03fa6135-c3fe-44b7-8e96-c6ca323ffebb-12.jpeg\",\"articleSection\":[\"Internacionales\"],\"inLanguage\":\"es\",\"potentialAction\":[{\"@type\":\"CommentAction\",\"name\":\"Comment\",\"target\":[\"https:\\\/\\\/quehacerpolitico.mx\\\/?p=115016#respond\"]}]},{\"@type\":\"WebPage\",\"@id\":\"https:\\\/\\\/quehacerpolitico.mx\\\/?p=115016\",\"url\":\"https:\\\/\\\/quehacerpolitico.mx\\\/?p=115016\",\"name\":\"El Quehacer Pol\u00edtico Internacional a trav\u00e9s de la opini\u00f3n\\\/\\\/\\\/Carolina Alonso Romei\\\/\\\/\\\/\\\"No voy a detener los aranceles contra M\u00e9xico y Canad\u00e1\\\", dice Trump en su primera reuni\u00f3n de gabinete -\",\"isPartOf\":{\"@id\":\"https:\\\/\\\/quehacerpolitico.mx\\\/#website\"},\"primaryImageOfPage\":{\"@id\":\"https:\\\/\\\/quehacerpolitico.mx\\\/?p=115016#primaryimage\"},\"image\":{\"@id\":\"https:\\\/\\\/quehacerpolitico.mx\\\/?p=115016#primaryimage\"},\"thumbnailUrl\":\"https:\\\/\\\/quehacerpolitico.mx\\\/wp-content\\\/uploads\\\/2025\\\/02\\\/03fa6135-c3fe-44b7-8e96-c6ca323ffebb-12.jpeg\",\"datePublished\":\"2025-02-26T18:46:58+00:00\",\"dateModified\":\"2025-02-26T18:47:00+00:00\",\"author\":{\"@id\":\"https:\\\/\\\/quehacerpolitico.mx\\\/#\\\/schema\\\/person\\\/496d8ad2d1d3f8036101dca7ee39e585\"},\"breadcrumb\":{\"@id\":\"https:\\\/\\\/quehacerpolitico.mx\\\/?p=115016#breadcrumb\"},\"inLanguage\":\"es\",\"potentialAction\":[{\"@type\":\"ReadAction\",\"target\":[\"https:\\\/\\\/quehacerpolitico.mx\\\/?p=115016\"]}]},{\"@type\":\"ImageObject\",\"inLanguage\":\"es\",\"@id\":\"https:\\\/\\\/quehacerpolitico.mx\\\/?p=115016#primaryimage\",\"url\":\"https:\\\/\\\/quehacerpolitico.mx\\\/wp-content\\\/uploads\\\/2025\\\/02\\\/03fa6135-c3fe-44b7-8e96-c6ca323ffebb-12.jpeg\",\"contentUrl\":\"https:\\\/\\\/quehacerpolitico.mx\\\/wp-content\\\/uploads\\\/2025\\\/02\\\/03fa6135-c3fe-44b7-8e96-c6ca323ffebb-12.jpeg\",\"width\":963,\"height\":493},{\"@type\":\"BreadcrumbList\",\"@id\":\"https:\\\/\\\/quehacerpolitico.mx\\\/?p=115016#breadcrumb\",\"itemListElement\":[{\"@type\":\"ListItem\",\"position\":1,\"name\":\"Inicio\",\"item\":\"https:\\\/\\\/quehacerpolitico.mx\\\/\"},{\"@type\":\"ListItem\",\"position\":2,\"name\":\"El Quehacer Pol\u00edtico Internacional a trav\u00e9s de la opini\u00f3n\\\/\\\/\\\/Carolina Alonso Romei\\\/\\\/\\\/&#8221;No voy a detener los aranceles contra M\u00e9xico y Canad\u00e1&#8221;, dice Trump en su primera reuni\u00f3n de gabinete\"}]},{\"@type\":\"WebSite\",\"@id\":\"https:\\\/\\\/quehacerpolitico.mx\\\/#website\",\"url\":\"https:\\\/\\\/quehacerpolitico.mx\\\/\",\"name\":\"\",\"description\":\"\",\"potentialAction\":[{\"@type\":\"SearchAction\",\"target\":{\"@type\":\"EntryPoint\",\"urlTemplate\":\"https:\\\/\\\/quehacerpolitico.mx\\\/?s={search_term_string}\"},\"query-input\":{\"@type\":\"PropertyValueSpecification\",\"valueRequired\":true,\"valueName\":\"search_term_string\"}}],\"inLanguage\":\"es\"},{\"@type\":\"Person\",\"@id\":\"https:\\\/\\\/quehacerpolitico.mx\\\/#\\\/schema\\\/person\\\/496d8ad2d1d3f8036101dca7ee39e585\",\"name\":\"Redacci\u00f3n QP\",\"image\":{\"@type\":\"ImageObject\",\"inLanguage\":\"es\",\"@id\":\"https:\\\/\\\/secure.gravatar.com\\\/avatar\\\/c7164ed6fdec453195284ad24a5ae5b6e1eed2b848477fa2a4787ba9adf39a41?s=96&d=mm&r=g\",\"url\":\"https:\\\/\\\/secure.gravatar.com\\\/avatar\\\/c7164ed6fdec453195284ad24a5ae5b6e1eed2b848477fa2a4787ba9adf39a41?s=96&d=mm&r=g\",\"contentUrl\":\"https:\\\/\\\/secure.gravatar.com\\\/avatar\\\/c7164ed6fdec453195284ad24a5ae5b6e1eed2b848477fa2a4787ba9adf39a41?s=96&d=mm&r=g\",\"caption\":\"Redacci\u00f3n QP\"},\"url\":\"https:\\\/\\\/quehacerpolitico.mx\\\/?author=2\"}]}<\/script>\n<!-- \/ Yoast SEO plugin. -->","yoast_head_json":{"title":"El Quehacer Pol\u00edtico Internacional a trav\u00e9s de la opini\u00f3n\/\/\/Carolina Alonso Romei\/\/\/\"No voy a detener los aranceles contra M\u00e9xico y Canad\u00e1\", dice Trump en su primera reuni\u00f3n de gabinete -","robots":{"index":"index","follow":"follow","max-snippet":"max-snippet:-1","max-image-preview":"max-image-preview:large","max-video-preview":"max-video-preview:-1"},"canonical":"https:\/\/quehacerpolitico.mx\/?p=115016","og_locale":"es_MX","og_type":"article","og_title":"El Quehacer Pol\u00edtico Internacional a trav\u00e9s de la opini\u00f3n\/\/\/Carolina Alonso Romei\/\/\/\"No voy a detener los aranceles contra M\u00e9xico y Canad\u00e1\", dice Trump en su primera reuni\u00f3n de gabinete -","og_description":"Por Carolina Alonso Romei Internacionalista El mandatario estadounidense indic\u00f3 que los aranceles no se aplicar\u00e1n...","og_url":"https:\/\/quehacerpolitico.mx\/?p=115016","article_published_time":"2025-02-26T18:46:58+00:00","article_modified_time":"2025-02-26T18:47:00+00:00","og_image":[{"width":963,"height":493,"url":"https:\/\/quehacerpolitico.mx\/wp-content\/uploads\/2025\/02\/03fa6135-c3fe-44b7-8e96-c6ca323ffebb-12.jpeg","type":"image\/jpeg"}],"author":"Redacci\u00f3n QP","twitter_card":"summary_large_image","twitter_misc":{"Escrito por":"Redacci\u00f3n QP","Tiempo de lectura":"2 minutos"},"schema":{"@context":"https:\/\/schema.org","@graph":[{"@type":"Article","@id":"https:\/\/quehacerpolitico.mx\/?p=115016#article","isPartOf":{"@id":"https:\/\/quehacerpolitico.mx\/?p=115016"},"author":{"name":"Redacci\u00f3n QP","@id":"https:\/\/quehacerpolitico.mx\/#\/schema\/person\/496d8ad2d1d3f8036101dca7ee39e585"},"headline":"El Quehacer Pol\u00edtico Internacional a trav\u00e9s de la opini\u00f3n\/\/\/Carolina Alonso Romei\/\/\/&#8221;No voy a detener los aranceles contra M\u00e9xico y Canad\u00e1&#8221;, dice Trump en su primera reuni\u00f3n de gabinete","datePublished":"2025-02-26T18:46:58+00:00","dateModified":"2025-02-26T18:47:00+00:00","mainEntityOfPage":{"@id":"https:\/\/quehacerpolitico.mx\/?p=115016"},"wordCount":345,"commentCount":0,"image":{"@id":"https:\/\/quehacerpolitico.mx\/?p=115016#primaryimage"},"thumbnailUrl":"https:\/\/quehacerpolitico.mx\/wp-content\/uploads\/2025\/02\/03fa6135-c3fe-44b7-8e96-c6ca323ffebb-12.jpeg","articleSection":["Internacionales"],"inLanguage":"es","potentialAction":[{"@type":"CommentAction","name":"Comment","target":["https:\/\/quehacerpolitico.mx\/?p=115016#respond"]}]},{"@type":"WebPage","@id":"https:\/\/quehacerpolitico.mx\/?p=115016","url":"https:\/\/quehacerpolitico.mx\/?p=115016","name":"El Quehacer Pol\u00edtico Internacional a trav\u00e9s de la opini\u00f3n\/\/\/Carolina Alonso Romei\/\/\/\"No voy a detener los aranceles contra M\u00e9xico y Canad\u00e1\", dice Trump en su primera reuni\u00f3n de gabinete -","isPartOf":{"@id":"https:\/\/quehacerpolitico.mx\/#website"},"primaryImageOfPage":{"@id":"https:\/\/quehacerpolitico.mx\/?p=115016#primaryimage"},"image":{"@id":"https:\/\/quehacerpolitico.mx\/?p=115016#primaryimage"},"thumbnailUrl":"https:\/\/quehacerpolitico.mx\/wp-content\/uploads\/2025\/02\/03fa6135-c3fe-44b7-8e96-c6ca323ffebb-12.jpeg","datePublished":"2025-02-26T18:46:58+00:00","dateModified":"2025-02-26T18:47:00+00:00","author":{"@id":"https:\/\/quehacerpolitico.mx\/#\/schema\/person\/496d8ad2d1d3f8036101dca7ee39e585"},"breadcrumb":{"@id":"https:\/\/quehacerpolitico.mx\/?p=115016#breadcrumb"},"inLanguage":"es","potentialAction":[{"@type":"ReadAction","target":["https:\/\/quehacerpolitico.mx\/?p=115016"]}]},{"@type":"ImageObject","inLanguage":"es","@id":"https:\/\/quehacerpolitico.mx\/?p=115016#primaryimage","url":"https:\/\/quehacerpolitico.mx\/wp-content\/uploads\/2025\/02\/03fa6135-c3fe-44b7-8e96-c6ca323ffebb-12.jpeg","contentUrl":"https:\/\/quehacerpolitico.mx\/wp-content\/uploads\/2025\/02\/03fa6135-c3fe-44b7-8e96-c6ca323ffebb-12.jpeg","width":963,"height":493},{"@type":"BreadcrumbList","@id":"https:\/\/quehacerpolitico.mx\/?p=115016#breadcrumb","itemListElement":[{"@type":"ListItem","position":1,"name":"Inicio","item":"https:\/\/quehacerpolitico.mx\/"},{"@type":"ListItem","position":2,"name":"El Quehacer Pol\u00edtico Internacional a trav\u00e9s de la opini\u00f3n\/\/\/Carolina Alonso Romei\/\/\/&#8221;No voy a detener los aranceles contra M\u00e9xico y Canad\u00e1&#8221;, dice Trump en su primera reuni\u00f3n de gabinete"}]},{"@type":"WebSite","@id":"https:\/\/quehacerpolitico.mx\/#website","url":"https:\/\/quehacerpolitico.mx\/","name":"","description":"","potentialAction":[{"@type":"SearchAction","target":{"@type":"EntryPoint","urlTemplate":"https:\/\/quehacerpolitico.mx\/?s={search_term_string}"},"query-input":{"@type":"PropertyValueSpecification","valueRequired":true,"valueName":"search_term_string"}}],"inLanguage":"es"},{"@type":"Person","@id":"https:\/\/quehacerpolitico.mx\/#\/schema\/person\/496d8ad2d1d3f8036101dca7ee39e585","name":"Redacci\u00f3n QP","image":{"@type":"ImageObject","inLanguage":"es","@id":"https:\/\/secure.gravatar.com\/avatar\/c7164ed6fdec453195284ad24a5ae5b6e1eed2b848477fa2a4787ba9adf39a41?s=96&d=mm&r=g","url":"https:\/\/secure.gravatar.com\/avatar\/c7164ed6fdec453195284ad24a5ae5b6e1eed2b848477fa2a4787ba9adf39a41?s=96&d=mm&r=g","contentUrl":"https:\/\/secure.gravatar.com\/avatar\/c7164ed6fdec453195284ad24a5ae5b6e1eed2b848477fa2a4787ba9adf39a41?s=96&d=mm&r=g","caption":"Redacci\u00f3n QP"},"url":"https:\/\/quehacerpolitico.mx\/?author=2"}]}},"featured_image_urls":{"full":["https:\/\/quehacerpolitico.mx\/wp-content\/uploads\/2025\/02\/03fa6135-c3fe-44b7-8e96-c6ca323ffebb-12.jpeg",963,493,false],"thumbnail":["https:\/\/quehacerpolitico.mx\/wp-content\/uploads\/2025\/02\/03fa6135-c3fe-44b7-8e96-c6ca323ffebb-12-150x150.jpeg",150,150,true],"medium":["https:\/\/quehacerpolitico.mx\/wp-content\/uploads\/2025\/02\/03fa6135-c3fe-44b7-8e96-c6ca323ffebb-12-300x154.jpeg",300,154,true],"medium_large":["https:\/\/quehacerpolitico.mx\/wp-content\/uploads\/2025\/02\/03fa6135-c3fe-44b7-8e96-c6ca323ffebb-12-768x393.jpeg",640,328,true],"large":["https:\/\/quehacerpolitico.mx\/wp-content\/uploads\/2025\/02\/03fa6135-c3fe-44b7-8e96-c6ca323ffebb-12.jpeg",640,328,false],"1536x1536":["https:\/\/quehacerpolitico.mx\/wp-content\/uploads\/2025\/02\/03fa6135-c3fe-44b7-8e96-c6ca323ffebb-12.jpeg",963,493,false],"2048x2048":["https:\/\/quehacerpolitico.mx\/wp-content\/uploads\/2025\/02\/03fa6135-c3fe-44b7-8e96-c6ca323ffebb-12.jpeg",963,493,false],"covernews-featured":["https:\/\/quehacerpolitico.mx\/wp-content\/uploads\/2025\/02\/03fa6135-c3fe-44b7-8e96-c6ca323ffebb-12.jpeg",963,493,false],"covernews-medium":["https:\/\/quehacerpolitico.mx\/wp-content\/uploads\/2025\/02\/03fa6135-c3fe-44b7-8e96-c6ca323ffebb-12-540x340.jpeg",540,340,true]},"author_info":{"display_name":"Redacci\u00f3n QP","author_link":"https:\/\/quehacerpolitico.mx\/?author=2"},"category_info":"<a href=\"https:\/\/quehacerpolitico.mx\/?cat=1\" rel=\"category\">Internacionales<\/a>","tag_info":"Internacionales","comment_count":"0","_links":{"self":[{"href":"https:\/\/quehacerpolitico.mx\/index.php?rest_route=\/wp\/v2\/posts\/115016","targetHints":{"allow":["GET"]}}],"collection":[{"href":"https:\/\/quehacerpolitico.mx\/index.php?rest_route=\/wp\/v2\/posts"}],"about":[{"href":"https:\/\/quehacerpolitico.mx\/index.php?rest_route=\/wp\/v2\/types\/post"}],"author":[{"embeddable":true,"href":"https:\/\/quehacerpolitico.mx\/index.php?rest_route=\/wp\/v2\/users\/2"}],"replies":[{"embeddable":true,"href":"https:\/\/quehacerpolitico.mx\/index.php?rest_route=%2Fwp%2Fv2%2Fcomments&post=115016"}],"version-history":[{"count":2,"href":"https:\/\/quehacerpolitico.mx\/index.php?rest_route=\/wp\/v2\/posts\/115016\/revisions"}],"predecessor-version":[{"id":115020,"href":"https:\/\/quehacerpolitico.mx\/index.php?rest_route=\/wp\/v2\/posts\/115016\/revisions\/115020"}],"wp:featuredmedia":[{"embeddable":true,"href":"https:\/\/quehacerpolitico.mx\/index.php?rest_route=\/wp\/v2\/media\/115018"}],"wp:attachment":[{"href":"https:\/\/quehacerpolitico.mx\/index.php?rest_route=%2Fwp%2Fv2%2Fmedia&parent=115016"}],"wp:term":[{"taxonomy":"category","embeddable":true,"href":"https:\/\/quehacerpolitico.mx\/index.php?rest_route=%2Fwp%2Fv2%2Fcategories&post=115016"},{"taxonomy":"post_tag","embeddable":true,"href":"https:\/\/quehacerpolitico.mx\/index.php?rest_route=%2Fwp%2Fv2%2Ftags&post=115016"}],"curies":[{"name":"wp","href":"https:\/\/api.w.org\/{rel}","templated":true}]}}