{"id":115010,"date":"2025-02-26T11:50:51","date_gmt":"2025-02-26T17:50:51","guid":{"rendered":"https:\/\/quehacerpolitico.mx\/?p=115010"},"modified":"2025-02-26T11:50:54","modified_gmt":"2025-02-26T17:50:54","slug":"la-presidenta-sheinbaum-envia-una-reforma-y-su-partido-la-cambia-en-el-senado-para-que-siga-el-nepotismo-hasta-2030-en-mi-punto-de-vista-debe-ser-desde-el-2027-les-manda-decir","status":"publish","type":"post","link":"https:\/\/quehacerpolitico.mx\/?p=115010","title":{"rendered":"La presidenta Sheinbaum env\u00eda una reforma y su partido la cambia en el Senado para que siga el nepotismo hasta 2030\u2026 &#8220;En mi punto de vista debe ser desde el 2027&#8221;, les manda decir"},"content":{"rendered":"\n<p>Por Redacci\u00f3n QP<\/p>\n\n\n\n<p>Aunque se\u00f1al\u00f3 que a ella le hubiera gustado que el nepotismo se prohibiera desde 2027,\u00a0destac\u00f3 que esta orden quedar\u00e1 asentada en la Constituci\u00f3n<\/p>\n\n\n\n<p>La presidenta&nbsp;<strong>Claudia Sheinbaum&nbsp;<\/strong>justific\u00f3 este mi\u00e9rcoles la decisi\u00f3n del Senado de<strong>aplazar hasta 2030<\/strong>&nbsp;la aplicaci\u00f3n de la reforma contra el nepotismo y afirm\u00f3 que eso es parte de los acuerdos en el Legislativo.&nbsp;<\/p>\n\n\n\n<p>La mandataria se\u00f1al\u00f3&nbsp;que espera que en 2027 no se presenten familiares de funcionarios como candidatos, porque&nbsp;&#8220;no creo que les vaya muy bien con el pueblo&#8221;.&nbsp;<\/p>\n\n\n\n<p>\u201cEntiendo que en el acuerdo para poder tener la mayor\u00eda de los partidos que son parte de, pues la alianza del movimiento acordaron que fuera hasta el 2030. Entonces, all\u00ed es una decisi\u00f3n de los senadores y los diputados\u201d, dijo durante su conferencia matutina de este mi\u00e9rcoles.<\/p>\n\n\n\n<figure class=\"wp-block-embed is-type-rich is-provider-twitter wp-block-embed-twitter\"><div class=\"wp-block-embed__wrapper\">\nhttps:\/\/twitter.com\/mlopezsanmartin\/status\/1894770554772574314?s=46&#038;t=pyttrToxhaPYSt_hljQQ_g\n<\/div><\/figure>\n\n\n\n<p>Adem\u00e1s, dijo que aquellos funcionarios que se vayan a reelegir o heredan cargos en 2027, \u201cpues se va a ver muy mal\u201d.&nbsp;<\/p>\n\n\n\n<p>Aunque se\u00f1al\u00f3 que a ella le hubiera gustado que el nepotismo se prohibiera desde 2027,&nbsp;destac\u00f3 que esta orden quedar\u00e1 asentada en la Constituci\u00f3n.<\/p>\n\n\n\n<p>&#8220;No es que hayan cedido o no, sino que acuerdo se logra porque recuerden que la mayor\u00eda, o sea, para cambiar la Constituci\u00f3n, es la mayor\u00eda calificada&#8221;, a\u00f1adi\u00f3.&nbsp;<\/p>\n\n\n\n<p>El compromiso de campa\u00f1a y en respuesta a \u201cuna exigencia del pueblo de M\u00e9xico\u201d, la reforma contra el nepotismo que deber\u00eda entrar en vigor para el 2027 no fue aprobada en el Senado, como la hab\u00eda propuesto la presidenta&nbsp;Sheinbaum.<\/p>\n\n\n\n<p>Quien se opuso a que se implementara esta iniciativa en el 2027 fue el senador<strong>&nbsp;Manuel Velasco Coello<\/strong>, ya que pretende que la senadora del PVEM, Ruth Gonz\u00e1lez Silva, esposa del gobernador de San Luis Potos\u00ed, Ricardo Gallardo, pueda ser la candidata de su partido para la gubernatura.&nbsp;&nbsp;<\/p>\n\n\n\n<p>Ante la inconformidad del Partido Verde, el coordinador de la bancada de Morena en el Senado<strong>, Ad\u00e1n Augusto L\u00f3pez Hern\u00e1ndez,<\/strong>present\u00f3 una reserva para que las medidas se apliquen hasta el 2030 y no en 2027, como lo deseaba la jefa del Ejecutivo.&nbsp;<\/p>\n\n\n\n<p>\u201cNo s\u00e9 si la raz\u00f3n de los otros partidos pol\u00edticos tenga que ver con el gobernador de San Luis Potos\u00ed, lo que es cierto es que no creo que el pueblo ni de San Luis Potos\u00ed ni de ning\u00fan estado de la rep\u00fablica ni de la Ciudad de M\u00e9xico le guste que haya que se deje como candidato a un familiar si presentamos la propuesta fue justamente por eso\u201d, consider\u00f3 la presidenta.&nbsp;&nbsp;<\/p>\n\n\n\n<p>La modificaci\u00f3n permite que otros senadores puedan aspirar a gubernaturas que son encabezadas por familiares directos, como son los casos de Guerrero, en donde<strong>&nbsp;F\u00e9lix Salgado Macedonio&nbsp;<\/strong>es padre de la gobernadora, Evelyn Salgado;&nbsp;<strong>Sa\u00fal Monrea<\/strong>l, quien tambi\u00e9n podr\u00e1 contender para suplir a su hermano y actual gobernador de Zacatecas, David Monreal.&nbsp;<\/p>\n","protected":false},"excerpt":{"rendered":"<p>Por Redacci\u00f3n QP Aunque se\u00f1al\u00f3 que a ella le hubiera gustado que el nepotismo se&#8230;<\/p>\n","protected":false},"author":2,"featured_media":115011,"comment_status":"open","ping_status":"open","sticky":false,"template":"","format":"standard","meta":{"_monsterinsights_skip_tracking":false,"_monsterinsights_sitenote_active":false,"_monsterinsights_sitenote_note":"","_monsterinsights_sitenote_category":0,"footnotes":""},"categories":[280,2],"tags":[],"class_list":["post-115010","post","type-post","status-publish","format-standard","has-post-thumbnail","hentry","category-nacionales","category-noticias"],"yoast_head":"<!-- This site is optimized with the Yoast SEO plugin v27.3 - https:\/\/yoast.com\/product\/yoast-seo-wordpress\/ -->\n<title>La presidenta Sheinbaum env\u00eda una reforma y su partido la cambia en el Senado para que siga el nepotismo hasta 2030\u2026 &quot;En mi punto de vista debe ser desde el 2027&quot;, les manda decir -<\/title>\n<meta name=\"robots\" content=\"index, follow, max-snippet:-1, max-image-preview:large, max-video-preview:-1\" \/>\n<link rel=\"canonical\" href=\"https:\/\/quehacerpolitico.mx\/?p=115010\" \/>\n<meta property=\"og:locale\" content=\"es_MX\" \/>\n<meta property=\"og:type\" content=\"article\" \/>\n<meta property=\"og:title\" content=\"La presidenta Sheinbaum env\u00eda una reforma y su partido la cambia en el Senado para que siga el nepotismo hasta 2030\u2026 &quot;En mi punto de vista debe ser desde el 2027&quot;, les manda decir -\" \/>\n<meta property=\"og:description\" content=\"Por Redacci\u00f3n QP Aunque se\u00f1al\u00f3 que a ella le hubiera gustado que el nepotismo se...\" \/>\n<meta property=\"og:url\" content=\"https:\/\/quehacerpolitico.mx\/?p=115010\" \/>\n<meta property=\"article:published_time\" content=\"2025-02-26T17:50:51+00:00\" \/>\n<meta property=\"article:modified_time\" content=\"2025-02-26T17:50:54+00:00\" \/>\n<meta property=\"og:image\" content=\"https:\/\/quehacerpolitico.mx\/wp-content\/uploads\/2025\/02\/IMG_0825.jpeg\" \/>\n\t<meta property=\"og:image:width\" content=\"1284\" \/>\n\t<meta property=\"og:image:height\" content=\"702\" \/>\n\t<meta property=\"og:image:type\" content=\"image\/jpeg\" \/>\n<meta name=\"author\" content=\"Redacci\u00f3n QP\" \/>\n<meta name=\"twitter:card\" content=\"summary_large_image\" \/>\n<meta name=\"twitter:label1\" content=\"Escrito por\" \/>\n\t<meta name=\"twitter:data1\" content=\"Redacci\u00f3n QP\" \/>\n\t<meta name=\"twitter:label2\" content=\"Tiempo de lectura\" \/>\n\t<meta name=\"twitter:data2\" content=\"3 minutos\" \/>\n<script type=\"application\/ld+json\" class=\"yoast-schema-graph\">{\"@context\":\"https:\\\/\\\/schema.org\",\"@graph\":[{\"@type\":\"Article\",\"@id\":\"https:\\\/\\\/quehacerpolitico.mx\\\/?p=115010#article\",\"isPartOf\":{\"@id\":\"https:\\\/\\\/quehacerpolitico.mx\\\/?p=115010\"},\"author\":{\"name\":\"Redacci\u00f3n QP\",\"@id\":\"https:\\\/\\\/quehacerpolitico.mx\\\/#\\\/schema\\\/person\\\/496d8ad2d1d3f8036101dca7ee39e585\"},\"headline\":\"La presidenta Sheinbaum env\u00eda una reforma y su partido la cambia en el Senado para que siga el nepotismo hasta 2030\u2026 &#8220;En mi punto de vista debe ser desde el 2027&#8221;, les manda decir\",\"datePublished\":\"2025-02-26T17:50:51+00:00\",\"dateModified\":\"2025-02-26T17:50:54+00:00\",\"mainEntityOfPage\":{\"@id\":\"https:\\\/\\\/quehacerpolitico.mx\\\/?p=115010\"},\"wordCount\":553,\"commentCount\":0,\"image\":{\"@id\":\"https:\\\/\\\/quehacerpolitico.mx\\\/?p=115010#primaryimage\"},\"thumbnailUrl\":\"https:\\\/\\\/quehacerpolitico.mx\\\/wp-content\\\/uploads\\\/2025\\\/02\\\/IMG_0825.jpeg\",\"articleSection\":[\"Nacionales\",\"Noticias\"],\"inLanguage\":\"es\",\"potentialAction\":[{\"@type\":\"CommentAction\",\"name\":\"Comment\",\"target\":[\"https:\\\/\\\/quehacerpolitico.mx\\\/?p=115010#respond\"]}]},{\"@type\":\"WebPage\",\"@id\":\"https:\\\/\\\/quehacerpolitico.mx\\\/?p=115010\",\"url\":\"https:\\\/\\\/quehacerpolitico.mx\\\/?p=115010\",\"name\":\"La presidenta Sheinbaum env\u00eda una reforma y su partido la cambia en el Senado para que siga el nepotismo hasta 2030\u2026 \\\"En mi punto de vista debe ser desde el 2027\\\", les manda decir -\",\"isPartOf\":{\"@id\":\"https:\\\/\\\/quehacerpolitico.mx\\\/#website\"},\"primaryImageOfPage\":{\"@id\":\"https:\\\/\\\/quehacerpolitico.mx\\\/?p=115010#primaryimage\"},\"image\":{\"@id\":\"https:\\\/\\\/quehacerpolitico.mx\\\/?p=115010#primaryimage\"},\"thumbnailUrl\":\"https:\\\/\\\/quehacerpolitico.mx\\\/wp-content\\\/uploads\\\/2025\\\/02\\\/IMG_0825.jpeg\",\"datePublished\":\"2025-02-26T17:50:51+00:00\",\"dateModified\":\"2025-02-26T17:50:54+00:00\",\"author\":{\"@id\":\"https:\\\/\\\/quehacerpolitico.mx\\\/#\\\/schema\\\/person\\\/496d8ad2d1d3f8036101dca7ee39e585\"},\"breadcrumb\":{\"@id\":\"https:\\\/\\\/quehacerpolitico.mx\\\/?p=115010#breadcrumb\"},\"inLanguage\":\"es\",\"potentialAction\":[{\"@type\":\"ReadAction\",\"target\":[\"https:\\\/\\\/quehacerpolitico.mx\\\/?p=115010\"]}]},{\"@type\":\"ImageObject\",\"inLanguage\":\"es\",\"@id\":\"https:\\\/\\\/quehacerpolitico.mx\\\/?p=115010#primaryimage\",\"url\":\"https:\\\/\\\/quehacerpolitico.mx\\\/wp-content\\\/uploads\\\/2025\\\/02\\\/IMG_0825.jpeg\",\"contentUrl\":\"https:\\\/\\\/quehacerpolitico.mx\\\/wp-content\\\/uploads\\\/2025\\\/02\\\/IMG_0825.jpeg\",\"width\":1284,\"height\":702,\"caption\":\"Screenshot\"},{\"@type\":\"BreadcrumbList\",\"@id\":\"https:\\\/\\\/quehacerpolitico.mx\\\/?p=115010#breadcrumb\",\"itemListElement\":[{\"@type\":\"ListItem\",\"position\":1,\"name\":\"Inicio\",\"item\":\"https:\\\/\\\/quehacerpolitico.mx\\\/\"},{\"@type\":\"ListItem\",\"position\":2,\"name\":\"La presidenta Sheinbaum env\u00eda una reforma y su partido la cambia en el Senado para que siga el nepotismo hasta 2030\u2026 &#8220;En mi punto de vista debe ser desde el 2027&#8221;, les manda decir\"}]},{\"@type\":\"WebSite\",\"@id\":\"https:\\\/\\\/quehacerpolitico.mx\\\/#website\",\"url\":\"https:\\\/\\\/quehacerpolitico.mx\\\/\",\"name\":\"\",\"description\":\"\",\"potentialAction\":[{\"@type\":\"SearchAction\",\"target\":{\"@type\":\"EntryPoint\",\"urlTemplate\":\"https:\\\/\\\/quehacerpolitico.mx\\\/?s={search_term_string}\"},\"query-input\":{\"@type\":\"PropertyValueSpecification\",\"valueRequired\":true,\"valueName\":\"search_term_string\"}}],\"inLanguage\":\"es\"},{\"@type\":\"Person\",\"@id\":\"https:\\\/\\\/quehacerpolitico.mx\\\/#\\\/schema\\\/person\\\/496d8ad2d1d3f8036101dca7ee39e585\",\"name\":\"Redacci\u00f3n QP\",\"image\":{\"@type\":\"ImageObject\",\"inLanguage\":\"es\",\"@id\":\"https:\\\/\\\/secure.gravatar.com\\\/avatar\\\/c7164ed6fdec453195284ad24a5ae5b6e1eed2b848477fa2a4787ba9adf39a41?s=96&d=mm&r=g\",\"url\":\"https:\\\/\\\/secure.gravatar.com\\\/avatar\\\/c7164ed6fdec453195284ad24a5ae5b6e1eed2b848477fa2a4787ba9adf39a41?s=96&d=mm&r=g\",\"contentUrl\":\"https:\\\/\\\/secure.gravatar.com\\\/avatar\\\/c7164ed6fdec453195284ad24a5ae5b6e1eed2b848477fa2a4787ba9adf39a41?s=96&d=mm&r=g\",\"caption\":\"Redacci\u00f3n QP\"},\"url\":\"https:\\\/\\\/quehacerpolitico.mx\\\/?author=2\"}]}<\/script>\n<!-- \/ Yoast SEO plugin. -->","yoast_head_json":{"title":"La presidenta Sheinbaum env\u00eda una reforma y su partido la cambia en el Senado para que siga el nepotismo hasta 2030\u2026 \"En mi punto de vista debe ser desde el 2027\", les manda decir -","robots":{"index":"index","follow":"follow","max-snippet":"max-snippet:-1","max-image-preview":"max-image-preview:large","max-video-preview":"max-video-preview:-1"},"canonical":"https:\/\/quehacerpolitico.mx\/?p=115010","og_locale":"es_MX","og_type":"article","og_title":"La presidenta Sheinbaum env\u00eda una reforma y su partido la cambia en el Senado para que siga el nepotismo hasta 2030\u2026 \"En mi punto de vista debe ser desde el 2027\", les manda decir -","og_description":"Por Redacci\u00f3n QP Aunque se\u00f1al\u00f3 que a ella le hubiera gustado que el nepotismo se...","og_url":"https:\/\/quehacerpolitico.mx\/?p=115010","article_published_time":"2025-02-26T17:50:51+00:00","article_modified_time":"2025-02-26T17:50:54+00:00","og_image":[{"width":1284,"height":702,"url":"https:\/\/quehacerpolitico.mx\/wp-content\/uploads\/2025\/02\/IMG_0825.jpeg","type":"image\/jpeg"}],"author":"Redacci\u00f3n QP","twitter_card":"summary_large_image","twitter_misc":{"Escrito por":"Redacci\u00f3n QP","Tiempo de lectura":"3 minutos"},"schema":{"@context":"https:\/\/schema.org","@graph":[{"@type":"Article","@id":"https:\/\/quehacerpolitico.mx\/?p=115010#article","isPartOf":{"@id":"https:\/\/quehacerpolitico.mx\/?p=115010"},"author":{"name":"Redacci\u00f3n QP","@id":"https:\/\/quehacerpolitico.mx\/#\/schema\/person\/496d8ad2d1d3f8036101dca7ee39e585"},"headline":"La presidenta Sheinbaum env\u00eda una reforma y su partido la cambia en el Senado para que siga el nepotismo hasta 2030\u2026 &#8220;En mi punto de vista debe ser desde el 2027&#8221;, les manda decir","datePublished":"2025-02-26T17:50:51+00:00","dateModified":"2025-02-26T17:50:54+00:00","mainEntityOfPage":{"@id":"https:\/\/quehacerpolitico.mx\/?p=115010"},"wordCount":553,"commentCount":0,"image":{"@id":"https:\/\/quehacerpolitico.mx\/?p=115010#primaryimage"},"thumbnailUrl":"https:\/\/quehacerpolitico.mx\/wp-content\/uploads\/2025\/02\/IMG_0825.jpeg","articleSection":["Nacionales","Noticias"],"inLanguage":"es","potentialAction":[{"@type":"CommentAction","name":"Comment","target":["https:\/\/quehacerpolitico.mx\/?p=115010#respond"]}]},{"@type":"WebPage","@id":"https:\/\/quehacerpolitico.mx\/?p=115010","url":"https:\/\/quehacerpolitico.mx\/?p=115010","name":"La presidenta Sheinbaum env\u00eda una reforma y su partido la cambia en el Senado para que siga el nepotismo hasta 2030\u2026 \"En mi punto de vista debe ser desde el 2027\", les manda decir -","isPartOf":{"@id":"https:\/\/quehacerpolitico.mx\/#website"},"primaryImageOfPage":{"@id":"https:\/\/quehacerpolitico.mx\/?p=115010#primaryimage"},"image":{"@id":"https:\/\/quehacerpolitico.mx\/?p=115010#primaryimage"},"thumbnailUrl":"https:\/\/quehacerpolitico.mx\/wp-content\/uploads\/2025\/02\/IMG_0825.jpeg","datePublished":"2025-02-26T17:50:51+00:00","dateModified":"2025-02-26T17:50:54+00:00","author":{"@id":"https:\/\/quehacerpolitico.mx\/#\/schema\/person\/496d8ad2d1d3f8036101dca7ee39e585"},"breadcrumb":{"@id":"https:\/\/quehacerpolitico.mx\/?p=115010#breadcrumb"},"inLanguage":"es","potentialAction":[{"@type":"ReadAction","target":["https:\/\/quehacerpolitico.mx\/?p=115010"]}]},{"@type":"ImageObject","inLanguage":"es","@id":"https:\/\/quehacerpolitico.mx\/?p=115010#primaryimage","url":"https:\/\/quehacerpolitico.mx\/wp-content\/uploads\/2025\/02\/IMG_0825.jpeg","contentUrl":"https:\/\/quehacerpolitico.mx\/wp-content\/uploads\/2025\/02\/IMG_0825.jpeg","width":1284,"height":702,"caption":"Screenshot"},{"@type":"BreadcrumbList","@id":"https:\/\/quehacerpolitico.mx\/?p=115010#breadcrumb","itemListElement":[{"@type":"ListItem","position":1,"name":"Inicio","item":"https:\/\/quehacerpolitico.mx\/"},{"@type":"ListItem","position":2,"name":"La presidenta Sheinbaum env\u00eda una reforma y su partido la cambia en el Senado para que siga el nepotismo hasta 2030\u2026 &#8220;En mi punto de vista debe ser desde el 2027&#8221;, les manda decir"}]},{"@type":"WebSite","@id":"https:\/\/quehacerpolitico.mx\/#website","url":"https:\/\/quehacerpolitico.mx\/","name":"","description":"","potentialAction":[{"@type":"SearchAction","target":{"@type":"EntryPoint","urlTemplate":"https:\/\/quehacerpolitico.mx\/?s={search_term_string}"},"query-input":{"@type":"PropertyValueSpecification","valueRequired":true,"valueName":"search_term_string"}}],"inLanguage":"es"},{"@type":"Person","@id":"https:\/\/quehacerpolitico.mx\/#\/schema\/person\/496d8ad2d1d3f8036101dca7ee39e585","name":"Redacci\u00f3n QP","image":{"@type":"ImageObject","inLanguage":"es","@id":"https:\/\/secure.gravatar.com\/avatar\/c7164ed6fdec453195284ad24a5ae5b6e1eed2b848477fa2a4787ba9adf39a41?s=96&d=mm&r=g","url":"https:\/\/secure.gravatar.com\/avatar\/c7164ed6fdec453195284ad24a5ae5b6e1eed2b848477fa2a4787ba9adf39a41?s=96&d=mm&r=g","contentUrl":"https:\/\/secure.gravatar.com\/avatar\/c7164ed6fdec453195284ad24a5ae5b6e1eed2b848477fa2a4787ba9adf39a41?s=96&d=mm&r=g","caption":"Redacci\u00f3n QP"},"url":"https:\/\/quehacerpolitico.mx\/?author=2"}]}},"featured_image_urls":{"full":["https:\/\/quehacerpolitico.mx\/wp-content\/uploads\/2025\/02\/IMG_0825.jpeg",1284,702,false],"thumbnail":["https:\/\/quehacerpolitico.mx\/wp-content\/uploads\/2025\/02\/IMG_0825-150x150.jpeg",150,150,true],"medium":["https:\/\/quehacerpolitico.mx\/wp-content\/uploads\/2025\/02\/IMG_0825-300x164.jpeg",300,164,true],"medium_large":["https:\/\/quehacerpolitico.mx\/wp-content\/uploads\/2025\/02\/IMG_0825-768x420.jpeg",640,350,true],"large":["https:\/\/quehacerpolitico.mx\/wp-content\/uploads\/2025\/02\/IMG_0825-1024x560.jpeg",640,350,true],"1536x1536":["https:\/\/quehacerpolitico.mx\/wp-content\/uploads\/2025\/02\/IMG_0825.jpeg",1284,702,false],"2048x2048":["https:\/\/quehacerpolitico.mx\/wp-content\/uploads\/2025\/02\/IMG_0825.jpeg",1284,702,false],"covernews-featured":["https:\/\/quehacerpolitico.mx\/wp-content\/uploads\/2025\/02\/IMG_0825-1024x560.jpeg",1024,560,true],"covernews-medium":["https:\/\/quehacerpolitico.mx\/wp-content\/uploads\/2025\/02\/IMG_0825-540x340.jpeg",540,340,true]},"author_info":{"display_name":"Redacci\u00f3n QP","author_link":"https:\/\/quehacerpolitico.mx\/?author=2"},"category_info":"<a href=\"https:\/\/quehacerpolitico.mx\/?cat=280\" rel=\"category\">Nacionales<\/a> <a href=\"https:\/\/quehacerpolitico.mx\/?cat=2\" rel=\"category\">Noticias<\/a>","tag_info":"Noticias","comment_count":"0","_links":{"self":[{"href":"https:\/\/quehacerpolitico.mx\/index.php?rest_route=\/wp\/v2\/posts\/115010","targetHints":{"allow":["GET"]}}],"collection":[{"href":"https:\/\/quehacerpolitico.mx\/index.php?rest_route=\/wp\/v2\/posts"}],"about":[{"href":"https:\/\/quehacerpolitico.mx\/index.php?rest_route=\/wp\/v2\/types\/post"}],"author":[{"embeddable":true,"href":"https:\/\/quehacerpolitico.mx\/index.php?rest_route=\/wp\/v2\/users\/2"}],"replies":[{"embeddable":true,"href":"https:\/\/quehacerpolitico.mx\/index.php?rest_route=%2Fwp%2Fv2%2Fcomments&post=115010"}],"version-history":[{"count":1,"href":"https:\/\/quehacerpolitico.mx\/index.php?rest_route=\/wp\/v2\/posts\/115010\/revisions"}],"predecessor-version":[{"id":115012,"href":"https:\/\/quehacerpolitico.mx\/index.php?rest_route=\/wp\/v2\/posts\/115010\/revisions\/115012"}],"wp:featuredmedia":[{"embeddable":true,"href":"https:\/\/quehacerpolitico.mx\/index.php?rest_route=\/wp\/v2\/media\/115011"}],"wp:attachment":[{"href":"https:\/\/quehacerpolitico.mx\/index.php?rest_route=%2Fwp%2Fv2%2Fmedia&parent=115010"}],"wp:term":[{"taxonomy":"category","embeddable":true,"href":"https:\/\/quehacerpolitico.mx\/index.php?rest_route=%2Fwp%2Fv2%2Fcategories&post=115010"},{"taxonomy":"post_tag","embeddable":true,"href":"https:\/\/quehacerpolitico.mx\/index.php?rest_route=%2Fwp%2Fv2%2Ftags&post=115010"}],"curies":[{"name":"wp","href":"https:\/\/api.w.org\/{rel}","templated":true}]}}