{"id":115007,"date":"2025-02-26T09:18:39","date_gmt":"2025-02-26T15:18:39","guid":{"rendered":"https:\/\/quehacerpolitico.mx\/?p=115007"},"modified":"2025-02-26T09:18:42","modified_gmt":"2025-02-26T15:18:42","slug":"manana-en-washington-habra-una-reunion-del-gabinete-de-seguridad-encabezado-por-harfuch-con-marco-rubio-secretario-de-estado-de-eu-sheinbaum","status":"publish","type":"post","link":"https:\/\/quehacerpolitico.mx\/?p=115007","title":{"rendered":"Ma\u00f1ana en Washington habr\u00e1 una reuni\u00f3n del Gabinete de Seguridad, encabezado por Harfuch, con Marco Rubio, secretario de Estado de EU: Sheinbaum"},"content":{"rendered":"\n<p>Por Redacci\u00f3n QP<\/p>\n\n\n\n<p>La mandataria anunci\u00f3 que el canciller Juan Ram\u00f3n de la Fuente encabezar\u00e1 este jueves el encuentro de alto nivel en Washington, acompa\u00f1ado por el gabinete de seguridad<\/p>\n\n\n\n<p>En seguimiento a las conversaciones bilaterales entre&nbsp;<strong>Estados Unidos y M\u00e9xico<\/strong>para llegar a un acuerdo y evitar la imposici\u00f3n de aranceles a nuestro pa\u00eds, el jueves 27 de febrero se realizar\u00e1 una reuni\u00f3n de trabajo del gabinete de seguridad mexicano con el secretario de Estado norteamericano,&nbsp;<strong>Marco Rubio.<\/strong><\/p>\n\n\n\n<p>La reuni\u00f3n tendr\u00e1 lugar en&nbsp;<strong>Washington, D.C.<\/strong>, y estar\u00e1 encabezada por el canciller&nbsp;<strong>Juan Ram\u00f3n de la Fuente<\/strong>, quien estar\u00e1 acompa\u00f1ado por los titulares de la Secretar\u00eda de Seguridad,&nbsp;Omar Garc\u00eda Harfuch; el secretario de la Defensa, Ricardo Trevilla; de Marina, Raymundo Morales; y el fiscal general de la Rep\u00fablica,&nbsp;<strong>Alejandro Gertz Manero.<\/strong><\/p>\n\n\n\n<figure class=\"wp-block-embed is-type-rich is-provider-twitter wp-block-embed-twitter\"><div class=\"wp-block-embed__wrapper\">\n<blockquote class=\"twitter-tweet\" data-width=\"550\" data-dnt=\"true\"><p lang=\"es\" dir=\"ltr\">La presidenta Claudia Sheinbaum adelant\u00f3 que el gabinete se seguridad viaja el d\u00eda de hoy a Estados Unidos para reunirse con el Secretario de Estado, para buscar \u201ccerrar el acuerdo de coordinaci\u00f3n en el marco de nuestras soberan\u00edas\u201d <a href=\"https:\/\/t.co\/uaVYgm8OII\">pic.twitter.com\/uaVYgm8OII<\/a><\/p>&mdash; Azucena Uresti (@azucenau) <a href=\"https:\/\/twitter.com\/azucenau\/status\/1894756328146645212?ref_src=twsrc%5Etfw\">February 26, 2025<\/a><\/blockquote><script async src=\"https:\/\/platform.twitter.com\/widgets.js\" charset=\"utf-8\"><\/script>\n<\/div><\/figure>\n\n\n\n<p>\u201cEl d\u00eda de hoy sale el gabinete de seguridad, se van a reunir ma\u00f1ana en Washington con el secretario de Estado del gobierno de los Estados Unidos. Han estado trabajando estos \u00faltimos d\u00edas en la comunicaci\u00f3n que ha habido entre Estados Unidos y M\u00e9xico para buscar cerrar el acuerdo de coordinaci\u00f3n en el marco de nuestra soberan\u00eda\u201d, mencion\u00f3 Sheinbaum.<\/p>\n\n\n\n<p>La mandataria afirm\u00f3 que los resultados en materia de seguridad han sido positivos, ya que se han detenido a l\u00edderes criminales y se han asegurado armamento y drogas.<\/p>\n\n\n\n<p>\u201cHan estado en eso, pero no han dejado de trabajar en todo el pa\u00eds. Ayer hubo detenciones muy importantes y vamos a trabajar principalmente en Tijuana, que es, hoy por hoy, el municipio con el mayor n\u00famero de homicidios\u201d, destac\u00f3.<\/p>\n\n\n\n<p>Durante la conferencia ma\u00f1anera del pueblo, la presidenta,<strong>&nbsp;Claudia Sheinbaum<\/strong>, indic\u00f3 que a seis d\u00edas de que se cumpla el plazo impuesto por Donald Trump para definir si se aplican los aranceles a M\u00e9xico, contin\u00faan las conversaciones de gabinete.<\/p>\n\n\n\n<p>El \u00faltimo encuentro entre&nbsp;<strong>Juan Ram\u00f3n de la Fuente y Marco Rubio<\/strong>&nbsp;fue el 5 de febrero, de manera telef\u00f3nica, donde se abordaron las acciones de seguridad que se han emprendido en la frontera.<\/p>\n\n\n\n<p>De acuerdo con un comunicado, Rubio habr\u00eda agradecido a M\u00e9xico el env\u00edo de&nbsp;<strong>10 mil elementos de la Guardia Nacional&nbsp;<\/strong>a la frontera.&nbsp;<\/p>\n\n\n\n<p>\u201cEl secretario Rubio y el secretario de Relaciones Exteriores, De la Fuente, afirmaron su compromiso mutuo de trabajar juntos, como vecinos y socios\u201d, agrega el breve desplegado.&nbsp;<\/p>\n\n\n\n<p>Entre los temas que abordaron estuvieron las acciones concretas para asegurar la frontera entre M\u00e9xico y Estados Unidos, desmantelar organizaciones criminales transnacionales, prevenir la migraci\u00f3n ilegal y detener e<strong>l flujo de fentanilo&nbsp;<\/strong>y precursores qu\u00edmicos originarios de China.<\/p>\n","protected":false},"excerpt":{"rendered":"<p>Por Redacci\u00f3n QP La mandataria anunci\u00f3 que el canciller Juan Ram\u00f3n de la Fuente encabezar\u00e1&#8230;<\/p>\n","protected":false},"author":2,"featured_media":115008,"comment_status":"open","ping_status":"open","sticky":false,"template":"","format":"standard","meta":{"_monsterinsights_skip_tracking":false,"_monsterinsights_sitenote_active":false,"_monsterinsights_sitenote_note":"","_monsterinsights_sitenote_category":0,"footnotes":""},"categories":[280,2],"tags":[],"class_list":["post-115007","post","type-post","status-publish","format-standard","has-post-thumbnail","hentry","category-nacionales","category-noticias"],"yoast_head":"<!-- This site is optimized with the Yoast SEO plugin v27.3 - https:\/\/yoast.com\/product\/yoast-seo-wordpress\/ -->\n<title>Ma\u00f1ana en Washington habr\u00e1 una reuni\u00f3n del Gabinete de Seguridad, encabezado por Harfuch, con Marco Rubio, secretario de Estado de EU: Sheinbaum -<\/title>\n<meta name=\"robots\" content=\"index, follow, max-snippet:-1, max-image-preview:large, max-video-preview:-1\" \/>\n<link rel=\"canonical\" href=\"https:\/\/quehacerpolitico.mx\/?p=115007\" \/>\n<meta property=\"og:locale\" content=\"es_MX\" \/>\n<meta property=\"og:type\" content=\"article\" \/>\n<meta property=\"og:title\" content=\"Ma\u00f1ana en Washington habr\u00e1 una reuni\u00f3n del Gabinete de Seguridad, encabezado por Harfuch, con Marco Rubio, secretario de Estado de EU: Sheinbaum -\" \/>\n<meta property=\"og:description\" content=\"Por Redacci\u00f3n QP La mandataria anunci\u00f3 que el canciller Juan Ram\u00f3n de la Fuente encabezar\u00e1...\" \/>\n<meta property=\"og:url\" content=\"https:\/\/quehacerpolitico.mx\/?p=115007\" \/>\n<meta property=\"article:published_time\" content=\"2025-02-26T15:18:39+00:00\" \/>\n<meta property=\"article:modified_time\" content=\"2025-02-26T15:18:42+00:00\" \/>\n<meta property=\"og:image\" content=\"https:\/\/quehacerpolitico.mx\/wp-content\/uploads\/2025\/02\/IMG_0823.jpeg\" \/>\n\t<meta property=\"og:image:width\" content=\"1284\" \/>\n\t<meta property=\"og:image:height\" content=\"813\" \/>\n\t<meta property=\"og:image:type\" content=\"image\/jpeg\" \/>\n<meta name=\"author\" content=\"Redacci\u00f3n QP\" \/>\n<meta name=\"twitter:card\" content=\"summary_large_image\" \/>\n<meta name=\"twitter:label1\" content=\"Escrito por\" \/>\n\t<meta name=\"twitter:data1\" content=\"Redacci\u00f3n QP\" \/>\n\t<meta name=\"twitter:label2\" content=\"Tiempo de lectura\" \/>\n\t<meta name=\"twitter:data2\" content=\"2 minutos\" \/>\n<script type=\"application\/ld+json\" class=\"yoast-schema-graph\">{\"@context\":\"https:\\\/\\\/schema.org\",\"@graph\":[{\"@type\":\"Article\",\"@id\":\"https:\\\/\\\/quehacerpolitico.mx\\\/?p=115007#article\",\"isPartOf\":{\"@id\":\"https:\\\/\\\/quehacerpolitico.mx\\\/?p=115007\"},\"author\":{\"name\":\"Redacci\u00f3n QP\",\"@id\":\"https:\\\/\\\/quehacerpolitico.mx\\\/#\\\/schema\\\/person\\\/496d8ad2d1d3f8036101dca7ee39e585\"},\"headline\":\"Ma\u00f1ana en Washington habr\u00e1 una reuni\u00f3n del Gabinete de Seguridad, encabezado por Harfuch, con Marco Rubio, secretario de Estado de EU: Sheinbaum\",\"datePublished\":\"2025-02-26T15:18:39+00:00\",\"dateModified\":\"2025-02-26T15:18:42+00:00\",\"mainEntityOfPage\":{\"@id\":\"https:\\\/\\\/quehacerpolitico.mx\\\/?p=115007\"},\"wordCount\":501,\"commentCount\":0,\"image\":{\"@id\":\"https:\\\/\\\/quehacerpolitico.mx\\\/?p=115007#primaryimage\"},\"thumbnailUrl\":\"https:\\\/\\\/quehacerpolitico.mx\\\/wp-content\\\/uploads\\\/2025\\\/02\\\/IMG_0823.jpeg\",\"articleSection\":[\"Nacionales\",\"Noticias\"],\"inLanguage\":\"es\",\"potentialAction\":[{\"@type\":\"CommentAction\",\"name\":\"Comment\",\"target\":[\"https:\\\/\\\/quehacerpolitico.mx\\\/?p=115007#respond\"]}]},{\"@type\":\"WebPage\",\"@id\":\"https:\\\/\\\/quehacerpolitico.mx\\\/?p=115007\",\"url\":\"https:\\\/\\\/quehacerpolitico.mx\\\/?p=115007\",\"name\":\"Ma\u00f1ana en Washington habr\u00e1 una reuni\u00f3n del Gabinete de Seguridad, encabezado por Harfuch, con Marco Rubio, secretario de Estado de EU: Sheinbaum -\",\"isPartOf\":{\"@id\":\"https:\\\/\\\/quehacerpolitico.mx\\\/#website\"},\"primaryImageOfPage\":{\"@id\":\"https:\\\/\\\/quehacerpolitico.mx\\\/?p=115007#primaryimage\"},\"image\":{\"@id\":\"https:\\\/\\\/quehacerpolitico.mx\\\/?p=115007#primaryimage\"},\"thumbnailUrl\":\"https:\\\/\\\/quehacerpolitico.mx\\\/wp-content\\\/uploads\\\/2025\\\/02\\\/IMG_0823.jpeg\",\"datePublished\":\"2025-02-26T15:18:39+00:00\",\"dateModified\":\"2025-02-26T15:18:42+00:00\",\"author\":{\"@id\":\"https:\\\/\\\/quehacerpolitico.mx\\\/#\\\/schema\\\/person\\\/496d8ad2d1d3f8036101dca7ee39e585\"},\"breadcrumb\":{\"@id\":\"https:\\\/\\\/quehacerpolitico.mx\\\/?p=115007#breadcrumb\"},\"inLanguage\":\"es\",\"potentialAction\":[{\"@type\":\"ReadAction\",\"target\":[\"https:\\\/\\\/quehacerpolitico.mx\\\/?p=115007\"]}]},{\"@type\":\"ImageObject\",\"inLanguage\":\"es\",\"@id\":\"https:\\\/\\\/quehacerpolitico.mx\\\/?p=115007#primaryimage\",\"url\":\"https:\\\/\\\/quehacerpolitico.mx\\\/wp-content\\\/uploads\\\/2025\\\/02\\\/IMG_0823.jpeg\",\"contentUrl\":\"https:\\\/\\\/quehacerpolitico.mx\\\/wp-content\\\/uploads\\\/2025\\\/02\\\/IMG_0823.jpeg\",\"width\":1284,\"height\":813,\"caption\":\"Screenshot\"},{\"@type\":\"BreadcrumbList\",\"@id\":\"https:\\\/\\\/quehacerpolitico.mx\\\/?p=115007#breadcrumb\",\"itemListElement\":[{\"@type\":\"ListItem\",\"position\":1,\"name\":\"Inicio\",\"item\":\"https:\\\/\\\/quehacerpolitico.mx\\\/\"},{\"@type\":\"ListItem\",\"position\":2,\"name\":\"Ma\u00f1ana en Washington habr\u00e1 una reuni\u00f3n del Gabinete de Seguridad, encabezado por Harfuch, con Marco Rubio, secretario de Estado de EU: Sheinbaum\"}]},{\"@type\":\"WebSite\",\"@id\":\"https:\\\/\\\/quehacerpolitico.mx\\\/#website\",\"url\":\"https:\\\/\\\/quehacerpolitico.mx\\\/\",\"name\":\"\",\"description\":\"\",\"potentialAction\":[{\"@type\":\"SearchAction\",\"target\":{\"@type\":\"EntryPoint\",\"urlTemplate\":\"https:\\\/\\\/quehacerpolitico.mx\\\/?s={search_term_string}\"},\"query-input\":{\"@type\":\"PropertyValueSpecification\",\"valueRequired\":true,\"valueName\":\"search_term_string\"}}],\"inLanguage\":\"es\"},{\"@type\":\"Person\",\"@id\":\"https:\\\/\\\/quehacerpolitico.mx\\\/#\\\/schema\\\/person\\\/496d8ad2d1d3f8036101dca7ee39e585\",\"name\":\"Redacci\u00f3n QP\",\"image\":{\"@type\":\"ImageObject\",\"inLanguage\":\"es\",\"@id\":\"https:\\\/\\\/secure.gravatar.com\\\/avatar\\\/c7164ed6fdec453195284ad24a5ae5b6e1eed2b848477fa2a4787ba9adf39a41?s=96&d=mm&r=g\",\"url\":\"https:\\\/\\\/secure.gravatar.com\\\/avatar\\\/c7164ed6fdec453195284ad24a5ae5b6e1eed2b848477fa2a4787ba9adf39a41?s=96&d=mm&r=g\",\"contentUrl\":\"https:\\\/\\\/secure.gravatar.com\\\/avatar\\\/c7164ed6fdec453195284ad24a5ae5b6e1eed2b848477fa2a4787ba9adf39a41?s=96&d=mm&r=g\",\"caption\":\"Redacci\u00f3n QP\"},\"url\":\"https:\\\/\\\/quehacerpolitico.mx\\\/?author=2\"}]}<\/script>\n<!-- \/ Yoast SEO plugin. -->","yoast_head_json":{"title":"Ma\u00f1ana en Washington habr\u00e1 una reuni\u00f3n del Gabinete de Seguridad, encabezado por Harfuch, con Marco Rubio, secretario de Estado de EU: Sheinbaum -","robots":{"index":"index","follow":"follow","max-snippet":"max-snippet:-1","max-image-preview":"max-image-preview:large","max-video-preview":"max-video-preview:-1"},"canonical":"https:\/\/quehacerpolitico.mx\/?p=115007","og_locale":"es_MX","og_type":"article","og_title":"Ma\u00f1ana en Washington habr\u00e1 una reuni\u00f3n del Gabinete de Seguridad, encabezado por Harfuch, con Marco Rubio, secretario de Estado de EU: Sheinbaum -","og_description":"Por Redacci\u00f3n QP La mandataria anunci\u00f3 que el canciller Juan Ram\u00f3n de la Fuente encabezar\u00e1...","og_url":"https:\/\/quehacerpolitico.mx\/?p=115007","article_published_time":"2025-02-26T15:18:39+00:00","article_modified_time":"2025-02-26T15:18:42+00:00","og_image":[{"width":1284,"height":813,"url":"https:\/\/quehacerpolitico.mx\/wp-content\/uploads\/2025\/02\/IMG_0823.jpeg","type":"image\/jpeg"}],"author":"Redacci\u00f3n QP","twitter_card":"summary_large_image","twitter_misc":{"Escrito por":"Redacci\u00f3n QP","Tiempo de lectura":"2 minutos"},"schema":{"@context":"https:\/\/schema.org","@graph":[{"@type":"Article","@id":"https:\/\/quehacerpolitico.mx\/?p=115007#article","isPartOf":{"@id":"https:\/\/quehacerpolitico.mx\/?p=115007"},"author":{"name":"Redacci\u00f3n QP","@id":"https:\/\/quehacerpolitico.mx\/#\/schema\/person\/496d8ad2d1d3f8036101dca7ee39e585"},"headline":"Ma\u00f1ana en Washington habr\u00e1 una reuni\u00f3n del Gabinete de Seguridad, encabezado por Harfuch, con Marco Rubio, secretario de Estado de EU: Sheinbaum","datePublished":"2025-02-26T15:18:39+00:00","dateModified":"2025-02-26T15:18:42+00:00","mainEntityOfPage":{"@id":"https:\/\/quehacerpolitico.mx\/?p=115007"},"wordCount":501,"commentCount":0,"image":{"@id":"https:\/\/quehacerpolitico.mx\/?p=115007#primaryimage"},"thumbnailUrl":"https:\/\/quehacerpolitico.mx\/wp-content\/uploads\/2025\/02\/IMG_0823.jpeg","articleSection":["Nacionales","Noticias"],"inLanguage":"es","potentialAction":[{"@type":"CommentAction","name":"Comment","target":["https:\/\/quehacerpolitico.mx\/?p=115007#respond"]}]},{"@type":"WebPage","@id":"https:\/\/quehacerpolitico.mx\/?p=115007","url":"https:\/\/quehacerpolitico.mx\/?p=115007","name":"Ma\u00f1ana en Washington habr\u00e1 una reuni\u00f3n del Gabinete de Seguridad, encabezado por Harfuch, con Marco Rubio, secretario de Estado de EU: Sheinbaum -","isPartOf":{"@id":"https:\/\/quehacerpolitico.mx\/#website"},"primaryImageOfPage":{"@id":"https:\/\/quehacerpolitico.mx\/?p=115007#primaryimage"},"image":{"@id":"https:\/\/quehacerpolitico.mx\/?p=115007#primaryimage"},"thumbnailUrl":"https:\/\/quehacerpolitico.mx\/wp-content\/uploads\/2025\/02\/IMG_0823.jpeg","datePublished":"2025-02-26T15:18:39+00:00","dateModified":"2025-02-26T15:18:42+00:00","author":{"@id":"https:\/\/quehacerpolitico.mx\/#\/schema\/person\/496d8ad2d1d3f8036101dca7ee39e585"},"breadcrumb":{"@id":"https:\/\/quehacerpolitico.mx\/?p=115007#breadcrumb"},"inLanguage":"es","potentialAction":[{"@type":"ReadAction","target":["https:\/\/quehacerpolitico.mx\/?p=115007"]}]},{"@type":"ImageObject","inLanguage":"es","@id":"https:\/\/quehacerpolitico.mx\/?p=115007#primaryimage","url":"https:\/\/quehacerpolitico.mx\/wp-content\/uploads\/2025\/02\/IMG_0823.jpeg","contentUrl":"https:\/\/quehacerpolitico.mx\/wp-content\/uploads\/2025\/02\/IMG_0823.jpeg","width":1284,"height":813,"caption":"Screenshot"},{"@type":"BreadcrumbList","@id":"https:\/\/quehacerpolitico.mx\/?p=115007#breadcrumb","itemListElement":[{"@type":"ListItem","position":1,"name":"Inicio","item":"https:\/\/quehacerpolitico.mx\/"},{"@type":"ListItem","position":2,"name":"Ma\u00f1ana en Washington habr\u00e1 una reuni\u00f3n del Gabinete de Seguridad, encabezado por Harfuch, con Marco Rubio, secretario de Estado de EU: Sheinbaum"}]},{"@type":"WebSite","@id":"https:\/\/quehacerpolitico.mx\/#website","url":"https:\/\/quehacerpolitico.mx\/","name":"","description":"","potentialAction":[{"@type":"SearchAction","target":{"@type":"EntryPoint","urlTemplate":"https:\/\/quehacerpolitico.mx\/?s={search_term_string}"},"query-input":{"@type":"PropertyValueSpecification","valueRequired":true,"valueName":"search_term_string"}}],"inLanguage":"es"},{"@type":"Person","@id":"https:\/\/quehacerpolitico.mx\/#\/schema\/person\/496d8ad2d1d3f8036101dca7ee39e585","name":"Redacci\u00f3n QP","image":{"@type":"ImageObject","inLanguage":"es","@id":"https:\/\/secure.gravatar.com\/avatar\/c7164ed6fdec453195284ad24a5ae5b6e1eed2b848477fa2a4787ba9adf39a41?s=96&d=mm&r=g","url":"https:\/\/secure.gravatar.com\/avatar\/c7164ed6fdec453195284ad24a5ae5b6e1eed2b848477fa2a4787ba9adf39a41?s=96&d=mm&r=g","contentUrl":"https:\/\/secure.gravatar.com\/avatar\/c7164ed6fdec453195284ad24a5ae5b6e1eed2b848477fa2a4787ba9adf39a41?s=96&d=mm&r=g","caption":"Redacci\u00f3n QP"},"url":"https:\/\/quehacerpolitico.mx\/?author=2"}]}},"featured_image_urls":{"full":["https:\/\/quehacerpolitico.mx\/wp-content\/uploads\/2025\/02\/IMG_0823.jpeg",1284,813,false],"thumbnail":["https:\/\/quehacerpolitico.mx\/wp-content\/uploads\/2025\/02\/IMG_0823-150x150.jpeg",150,150,true],"medium":["https:\/\/quehacerpolitico.mx\/wp-content\/uploads\/2025\/02\/IMG_0823-300x190.jpeg",300,190,true],"medium_large":["https:\/\/quehacerpolitico.mx\/wp-content\/uploads\/2025\/02\/IMG_0823-768x486.jpeg",640,405,true],"large":["https:\/\/quehacerpolitico.mx\/wp-content\/uploads\/2025\/02\/IMG_0823-1024x648.jpeg",640,405,true],"1536x1536":["https:\/\/quehacerpolitico.mx\/wp-content\/uploads\/2025\/02\/IMG_0823.jpeg",1284,813,false],"2048x2048":["https:\/\/quehacerpolitico.mx\/wp-content\/uploads\/2025\/02\/IMG_0823.jpeg",1284,813,false],"covernews-featured":["https:\/\/quehacerpolitico.mx\/wp-content\/uploads\/2025\/02\/IMG_0823-1024x648.jpeg",1024,648,true],"covernews-medium":["https:\/\/quehacerpolitico.mx\/wp-content\/uploads\/2025\/02\/IMG_0823-540x340.jpeg",540,340,true]},"author_info":{"display_name":"Redacci\u00f3n QP","author_link":"https:\/\/quehacerpolitico.mx\/?author=2"},"category_info":"<a href=\"https:\/\/quehacerpolitico.mx\/?cat=280\" rel=\"category\">Nacionales<\/a> <a href=\"https:\/\/quehacerpolitico.mx\/?cat=2\" rel=\"category\">Noticias<\/a>","tag_info":"Noticias","comment_count":"0","_links":{"self":[{"href":"https:\/\/quehacerpolitico.mx\/index.php?rest_route=\/wp\/v2\/posts\/115007","targetHints":{"allow":["GET"]}}],"collection":[{"href":"https:\/\/quehacerpolitico.mx\/index.php?rest_route=\/wp\/v2\/posts"}],"about":[{"href":"https:\/\/quehacerpolitico.mx\/index.php?rest_route=\/wp\/v2\/types\/post"}],"author":[{"embeddable":true,"href":"https:\/\/quehacerpolitico.mx\/index.php?rest_route=\/wp\/v2\/users\/2"}],"replies":[{"embeddable":true,"href":"https:\/\/quehacerpolitico.mx\/index.php?rest_route=%2Fwp%2Fv2%2Fcomments&post=115007"}],"version-history":[{"count":1,"href":"https:\/\/quehacerpolitico.mx\/index.php?rest_route=\/wp\/v2\/posts\/115007\/revisions"}],"predecessor-version":[{"id":115009,"href":"https:\/\/quehacerpolitico.mx\/index.php?rest_route=\/wp\/v2\/posts\/115007\/revisions\/115009"}],"wp:featuredmedia":[{"embeddable":true,"href":"https:\/\/quehacerpolitico.mx\/index.php?rest_route=\/wp\/v2\/media\/115008"}],"wp:attachment":[{"href":"https:\/\/quehacerpolitico.mx\/index.php?rest_route=%2Fwp%2Fv2%2Fmedia&parent=115007"}],"wp:term":[{"taxonomy":"category","embeddable":true,"href":"https:\/\/quehacerpolitico.mx\/index.php?rest_route=%2Fwp%2Fv2%2Fcategories&post=115007"},{"taxonomy":"post_tag","embeddable":true,"href":"https:\/\/quehacerpolitico.mx\/index.php?rest_route=%2Fwp%2Fv2%2Ftags&post=115007"}],"curies":[{"name":"wp","href":"https:\/\/api.w.org\/{rel}","templated":true}]}}