{"id":114971,"date":"2025-02-25T15:11:03","date_gmt":"2025-02-25T21:11:03","guid":{"rendered":"https:\/\/quehacerpolitico.mx\/?p=114971"},"modified":"2025-02-25T15:11:03","modified_gmt":"2025-02-25T21:11:03","slug":"peso-mexicano-y-bolsa-caen-por-preocupaciones-sobre-aranceles","status":"publish","type":"post","link":"https:\/\/quehacerpolitico.mx\/?p=114971","title":{"rendered":"Peso mexicano y bolsa caen por preocupaciones sobre aranceles"},"content":{"rendered":"\n<p>Por Redacci\u00f3n QP<\/p>\n\n\n\n<p>El presidente de Estados Unidos, Donald Trump, dijo el lunes que los aranceles a los productos de M\u00e9xico y Canad\u00e1 llegar\u00e1n &#8220;a tiempo y seg\u00fan lo previsto&#8221;, a pesar de los trabajos de ambas naciones para reforzar la seguridad en las fronteras<\/p>\n\n\n\n<p>El&nbsp;<strong>peso mexicano<\/strong>&nbsp;y la bolsa retrocedieron&nbsp;este&nbsp;martes por&nbsp;<strong>tercera jornada consecutiva<\/strong>&nbsp;despu\u00e9s de que el presidente de&nbsp;<strong>Estados Unidos<\/strong>, Donald Trump, afirmara&nbsp;que los&nbsp;<strong>aranceles&nbsp;<\/strong>a M\u00e9xico y Canad\u00e1 seguir\u00edan adelante.<\/p>\n\n\n\n<p>El mandatario dijo el lunes que&nbsp;<strong>los aranceles<\/strong>a los<strong>&nbsp;productos<\/strong>&nbsp;de ambas naciones llegar\u00e1n &#8220;a tiempo y seg\u00fan lo previsto&#8221; a pesar de los esfuerzos de sus gobiernos para reforzar la&nbsp;<strong>seguridad fronteriza&nbsp;<\/strong>y detener el&nbsp;<strong>flujo de fentanilo&nbsp;<\/strong>a Estados Unidos antes de la fecha l\u00edmite del 4 de marzo.<\/p>\n\n\n\n<p>El peso, una de las divisas globales m\u00e1s expuestas a las<strong>&nbsp;amenazas comerciales&nbsp;<\/strong>de Trump debido a la alta dependencia de&nbsp;<strong>M\u00e9xico<\/strong>&nbsp;de sus&nbsp;<strong>exportaciones<\/strong>&nbsp;a Estados Unidos, cotizaba en 20.53 unidades por d\u00f3lar, con una depreciaci\u00f3n de un 0.31% frente al precio de referencia de LSEG del lunes.<\/p>\n\n\n\n<p>El peso sumaba un retroceso de un 1.2% en las \u00faltimas tres sesiones, si bien m\u00e1s temprano lleg\u00f3 a&nbsp;<strong>apreciarse moment\u00e1neamente<\/strong>&nbsp;un 0.37% a 20.39 unidades, desafiando la&nbsp;<strong>cautela de los inversores<\/strong>.<\/p>\n\n\n\n<p>Por la ma\u00f1ana, la presidenta de M\u00e9xico,&nbsp;<strong>Claudia Sheinbaum<\/strong>, reiter\u00f3 que espera&nbsp;<strong>alcanzar un acuerdo<\/strong>&nbsp;con su hom\u00f3logo estadounidense antes del 4 de marzo.<\/p>\n\n\n\n<p>&#8220;Mientras no surgen se\u00f1ales claras de un acuerdo con su administraci\u00f3n que descarte la imposici\u00f3n de aranceles en marzo, es probable que la&nbsp;<strong>volatilidad cambiaria aumente<\/strong>&nbsp;en el corto plazo en espera del desenlace del tema&#8221;, dijo la firma CIBanco, en una nota de an\u00e1lisis.<\/p>\n\n\n\n<p>&#8220;No se pueden descartar niveles de cotizaci\u00f3n del<strong>&nbsp;tipo de cambio<\/strong>&nbsp;cercanos a los 20.70 en d\u00edas previos al vencimiento del plazo, sobre todo si no llegan a presentarse se\u00f1ales contundentes de qu\u00e9 terminar\u00eda haciendo&nbsp;<strong>Trump<\/strong>&#8220;, agreg\u00f3.<\/p>\n\n\n\n<p>El referencial \u00edndice accionario S&amp;P\/BMV IPC ca\u00eda un 1.29% a 53 mil 011.77 puntos, en un mercado tambi\u00e9n atento a la temporada de resultados corporativos del cuarto trimestre.&nbsp;<\/p>\n\n\n\n<p>Los t\u00edtulos del administrador de restaurantes Alsea encabezaban las p\u00e9rdidas, con un 4.16% menos a 47.25 pesos, en la antesala a la publicaci\u00f3n de su informe de resultados previsto para despu\u00e9s del cierre de los negocios.&nbsp;<\/p>\n\n\n\n<p>Los papeles del operador de aeropuertos OMA, por su parte, restaban un 3.94% a 194.73 pesos, despu\u00e9s de que report\u00f3 un declive en sus ganancias trimestrales.&nbsp;<\/p>\n\n\n\n<p>En el mercado de deuda est\u00e1 previsto que m\u00e1s tarde el banco central divulgue los resultados de su subasta semanal de valores gubernamentales, en la que busca colocar 42 mil millones de pesos en Certificados de la Tesorer\u00eda (Cetes).&nbsp;<\/p>\n\n\n\n<h2 class=\"wp-block-heading\">M\u00e9xico registra super\u00e1vit en cuenta corriente de 2.87% del PIB en el cuarto trimestre<\/h2>\n\n\n\n<p>M\u00e9xico registr\u00f3 un super\u00e1vit en la<strong>&nbsp;cuenta corriente<\/strong>&nbsp;de su balanza de pagos&nbsp;de 12 mil 601 millones de d\u00f3lares en el cuarto trimestre de 2024, seg\u00fan datos publicados por el banco central el martes.&nbsp;<\/p>\n\n\n\n<p>El super\u00e1vit de la cuenta corriente result\u00f3 equivalente al 2.87% del<strong>&nbsp;producto interior bruto<\/strong>&nbsp;(PIB) del pa\u00eds, agreg\u00f3 la entidad en un comunicado.<\/p>\n\n\n\n<p>Con informaci\u00f3n de  Reuters <\/p>\n","protected":false},"excerpt":{"rendered":"<p>Por Redacci\u00f3n QP El presidente de Estados Unidos, Donald Trump, dijo el lunes que los&#8230;<\/p>\n","protected":false},"author":2,"featured_media":114972,"comment_status":"open","ping_status":"open","sticky":false,"template":"","format":"standard","meta":{"_monsterinsights_skip_tracking":false,"_monsterinsights_sitenote_active":false,"_monsterinsights_sitenote_note":"","_monsterinsights_sitenote_category":0,"footnotes":""},"categories":[56],"tags":[],"class_list":["post-114971","post","type-post","status-publish","format-standard","has-post-thumbnail","hentry","category-economia"],"yoast_head":"<!-- This site is optimized with the Yoast SEO plugin v27.3 - https:\/\/yoast.com\/product\/yoast-seo-wordpress\/ -->\n<title>Peso mexicano y bolsa caen por preocupaciones sobre aranceles -<\/title>\n<meta name=\"robots\" content=\"index, follow, max-snippet:-1, max-image-preview:large, max-video-preview:-1\" \/>\n<link rel=\"canonical\" href=\"https:\/\/quehacerpolitico.mx\/?p=114971\" \/>\n<meta property=\"og:locale\" content=\"es_MX\" \/>\n<meta property=\"og:type\" content=\"article\" \/>\n<meta property=\"og:title\" content=\"Peso mexicano y bolsa caen por preocupaciones sobre aranceles -\" \/>\n<meta property=\"og:description\" content=\"Por Redacci\u00f3n QP El presidente de Estados Unidos, Donald Trump, dijo el lunes que los...\" \/>\n<meta property=\"og:url\" content=\"https:\/\/quehacerpolitico.mx\/?p=114971\" \/>\n<meta property=\"article:published_time\" content=\"2025-02-25T21:11:03+00:00\" \/>\n<meta property=\"og:image\" content=\"https:\/\/quehacerpolitico.mx\/wp-content\/uploads\/2025\/02\/IMG_0803.jpeg\" \/>\n\t<meta property=\"og:image:width\" content=\"734\" \/>\n\t<meta property=\"og:image:height\" content=\"418\" \/>\n\t<meta property=\"og:image:type\" content=\"image\/jpeg\" \/>\n<meta name=\"author\" content=\"Redacci\u00f3n QP\" \/>\n<meta name=\"twitter:card\" content=\"summary_large_image\" \/>\n<meta name=\"twitter:label1\" content=\"Escrito por\" \/>\n\t<meta name=\"twitter:data1\" content=\"Redacci\u00f3n QP\" \/>\n\t<meta name=\"twitter:label2\" content=\"Tiempo de lectura\" \/>\n\t<meta name=\"twitter:data2\" content=\"3 minutos\" \/>\n<script type=\"application\/ld+json\" class=\"yoast-schema-graph\">{\"@context\":\"https:\\\/\\\/schema.org\",\"@graph\":[{\"@type\":\"Article\",\"@id\":\"https:\\\/\\\/quehacerpolitico.mx\\\/?p=114971#article\",\"isPartOf\":{\"@id\":\"https:\\\/\\\/quehacerpolitico.mx\\\/?p=114971\"},\"author\":{\"name\":\"Redacci\u00f3n QP\",\"@id\":\"https:\\\/\\\/quehacerpolitico.mx\\\/#\\\/schema\\\/person\\\/496d8ad2d1d3f8036101dca7ee39e585\"},\"headline\":\"Peso mexicano y bolsa caen por preocupaciones sobre aranceles\",\"datePublished\":\"2025-02-25T21:11:03+00:00\",\"mainEntityOfPage\":{\"@id\":\"https:\\\/\\\/quehacerpolitico.mx\\\/?p=114971\"},\"wordCount\":601,\"commentCount\":0,\"image\":{\"@id\":\"https:\\\/\\\/quehacerpolitico.mx\\\/?p=114971#primaryimage\"},\"thumbnailUrl\":\"https:\\\/\\\/quehacerpolitico.mx\\\/wp-content\\\/uploads\\\/2025\\\/02\\\/IMG_0803.jpeg\",\"articleSection\":[\"Econom\u00eda\"],\"inLanguage\":\"es\",\"potentialAction\":[{\"@type\":\"CommentAction\",\"name\":\"Comment\",\"target\":[\"https:\\\/\\\/quehacerpolitico.mx\\\/?p=114971#respond\"]}]},{\"@type\":\"WebPage\",\"@id\":\"https:\\\/\\\/quehacerpolitico.mx\\\/?p=114971\",\"url\":\"https:\\\/\\\/quehacerpolitico.mx\\\/?p=114971\",\"name\":\"Peso mexicano y bolsa caen por preocupaciones sobre aranceles -\",\"isPartOf\":{\"@id\":\"https:\\\/\\\/quehacerpolitico.mx\\\/#website\"},\"primaryImageOfPage\":{\"@id\":\"https:\\\/\\\/quehacerpolitico.mx\\\/?p=114971#primaryimage\"},\"image\":{\"@id\":\"https:\\\/\\\/quehacerpolitico.mx\\\/?p=114971#primaryimage\"},\"thumbnailUrl\":\"https:\\\/\\\/quehacerpolitico.mx\\\/wp-content\\\/uploads\\\/2025\\\/02\\\/IMG_0803.jpeg\",\"datePublished\":\"2025-02-25T21:11:03+00:00\",\"author\":{\"@id\":\"https:\\\/\\\/quehacerpolitico.mx\\\/#\\\/schema\\\/person\\\/496d8ad2d1d3f8036101dca7ee39e585\"},\"breadcrumb\":{\"@id\":\"https:\\\/\\\/quehacerpolitico.mx\\\/?p=114971#breadcrumb\"},\"inLanguage\":\"es\",\"potentialAction\":[{\"@type\":\"ReadAction\",\"target\":[\"https:\\\/\\\/quehacerpolitico.mx\\\/?p=114971\"]}]},{\"@type\":\"ImageObject\",\"inLanguage\":\"es\",\"@id\":\"https:\\\/\\\/quehacerpolitico.mx\\\/?p=114971#primaryimage\",\"url\":\"https:\\\/\\\/quehacerpolitico.mx\\\/wp-content\\\/uploads\\\/2025\\\/02\\\/IMG_0803.jpeg\",\"contentUrl\":\"https:\\\/\\\/quehacerpolitico.mx\\\/wp-content\\\/uploads\\\/2025\\\/02\\\/IMG_0803.jpeg\",\"width\":734,\"height\":418},{\"@type\":\"BreadcrumbList\",\"@id\":\"https:\\\/\\\/quehacerpolitico.mx\\\/?p=114971#breadcrumb\",\"itemListElement\":[{\"@type\":\"ListItem\",\"position\":1,\"name\":\"Inicio\",\"item\":\"https:\\\/\\\/quehacerpolitico.mx\\\/\"},{\"@type\":\"ListItem\",\"position\":2,\"name\":\"Peso mexicano y bolsa caen por preocupaciones sobre aranceles\"}]},{\"@type\":\"WebSite\",\"@id\":\"https:\\\/\\\/quehacerpolitico.mx\\\/#website\",\"url\":\"https:\\\/\\\/quehacerpolitico.mx\\\/\",\"name\":\"\",\"description\":\"\",\"potentialAction\":[{\"@type\":\"SearchAction\",\"target\":{\"@type\":\"EntryPoint\",\"urlTemplate\":\"https:\\\/\\\/quehacerpolitico.mx\\\/?s={search_term_string}\"},\"query-input\":{\"@type\":\"PropertyValueSpecification\",\"valueRequired\":true,\"valueName\":\"search_term_string\"}}],\"inLanguage\":\"es\"},{\"@type\":\"Person\",\"@id\":\"https:\\\/\\\/quehacerpolitico.mx\\\/#\\\/schema\\\/person\\\/496d8ad2d1d3f8036101dca7ee39e585\",\"name\":\"Redacci\u00f3n QP\",\"image\":{\"@type\":\"ImageObject\",\"inLanguage\":\"es\",\"@id\":\"https:\\\/\\\/secure.gravatar.com\\\/avatar\\\/c7164ed6fdec453195284ad24a5ae5b6e1eed2b848477fa2a4787ba9adf39a41?s=96&d=mm&r=g\",\"url\":\"https:\\\/\\\/secure.gravatar.com\\\/avatar\\\/c7164ed6fdec453195284ad24a5ae5b6e1eed2b848477fa2a4787ba9adf39a41?s=96&d=mm&r=g\",\"contentUrl\":\"https:\\\/\\\/secure.gravatar.com\\\/avatar\\\/c7164ed6fdec453195284ad24a5ae5b6e1eed2b848477fa2a4787ba9adf39a41?s=96&d=mm&r=g\",\"caption\":\"Redacci\u00f3n QP\"},\"url\":\"https:\\\/\\\/quehacerpolitico.mx\\\/?author=2\"}]}<\/script>\n<!-- \/ Yoast SEO plugin. -->","yoast_head_json":{"title":"Peso mexicano y bolsa caen por preocupaciones sobre aranceles -","robots":{"index":"index","follow":"follow","max-snippet":"max-snippet:-1","max-image-preview":"max-image-preview:large","max-video-preview":"max-video-preview:-1"},"canonical":"https:\/\/quehacerpolitico.mx\/?p=114971","og_locale":"es_MX","og_type":"article","og_title":"Peso mexicano y bolsa caen por preocupaciones sobre aranceles -","og_description":"Por Redacci\u00f3n QP El presidente de Estados Unidos, Donald Trump, dijo el lunes que los...","og_url":"https:\/\/quehacerpolitico.mx\/?p=114971","article_published_time":"2025-02-25T21:11:03+00:00","og_image":[{"width":734,"height":418,"url":"https:\/\/quehacerpolitico.mx\/wp-content\/uploads\/2025\/02\/IMG_0803.jpeg","type":"image\/jpeg"}],"author":"Redacci\u00f3n QP","twitter_card":"summary_large_image","twitter_misc":{"Escrito por":"Redacci\u00f3n QP","Tiempo de lectura":"3 minutos"},"schema":{"@context":"https:\/\/schema.org","@graph":[{"@type":"Article","@id":"https:\/\/quehacerpolitico.mx\/?p=114971#article","isPartOf":{"@id":"https:\/\/quehacerpolitico.mx\/?p=114971"},"author":{"name":"Redacci\u00f3n QP","@id":"https:\/\/quehacerpolitico.mx\/#\/schema\/person\/496d8ad2d1d3f8036101dca7ee39e585"},"headline":"Peso mexicano y bolsa caen por preocupaciones sobre aranceles","datePublished":"2025-02-25T21:11:03+00:00","mainEntityOfPage":{"@id":"https:\/\/quehacerpolitico.mx\/?p=114971"},"wordCount":601,"commentCount":0,"image":{"@id":"https:\/\/quehacerpolitico.mx\/?p=114971#primaryimage"},"thumbnailUrl":"https:\/\/quehacerpolitico.mx\/wp-content\/uploads\/2025\/02\/IMG_0803.jpeg","articleSection":["Econom\u00eda"],"inLanguage":"es","potentialAction":[{"@type":"CommentAction","name":"Comment","target":["https:\/\/quehacerpolitico.mx\/?p=114971#respond"]}]},{"@type":"WebPage","@id":"https:\/\/quehacerpolitico.mx\/?p=114971","url":"https:\/\/quehacerpolitico.mx\/?p=114971","name":"Peso mexicano y bolsa caen por preocupaciones sobre aranceles -","isPartOf":{"@id":"https:\/\/quehacerpolitico.mx\/#website"},"primaryImageOfPage":{"@id":"https:\/\/quehacerpolitico.mx\/?p=114971#primaryimage"},"image":{"@id":"https:\/\/quehacerpolitico.mx\/?p=114971#primaryimage"},"thumbnailUrl":"https:\/\/quehacerpolitico.mx\/wp-content\/uploads\/2025\/02\/IMG_0803.jpeg","datePublished":"2025-02-25T21:11:03+00:00","author":{"@id":"https:\/\/quehacerpolitico.mx\/#\/schema\/person\/496d8ad2d1d3f8036101dca7ee39e585"},"breadcrumb":{"@id":"https:\/\/quehacerpolitico.mx\/?p=114971#breadcrumb"},"inLanguage":"es","potentialAction":[{"@type":"ReadAction","target":["https:\/\/quehacerpolitico.mx\/?p=114971"]}]},{"@type":"ImageObject","inLanguage":"es","@id":"https:\/\/quehacerpolitico.mx\/?p=114971#primaryimage","url":"https:\/\/quehacerpolitico.mx\/wp-content\/uploads\/2025\/02\/IMG_0803.jpeg","contentUrl":"https:\/\/quehacerpolitico.mx\/wp-content\/uploads\/2025\/02\/IMG_0803.jpeg","width":734,"height":418},{"@type":"BreadcrumbList","@id":"https:\/\/quehacerpolitico.mx\/?p=114971#breadcrumb","itemListElement":[{"@type":"ListItem","position":1,"name":"Inicio","item":"https:\/\/quehacerpolitico.mx\/"},{"@type":"ListItem","position":2,"name":"Peso mexicano y bolsa caen por preocupaciones sobre aranceles"}]},{"@type":"WebSite","@id":"https:\/\/quehacerpolitico.mx\/#website","url":"https:\/\/quehacerpolitico.mx\/","name":"","description":"","potentialAction":[{"@type":"SearchAction","target":{"@type":"EntryPoint","urlTemplate":"https:\/\/quehacerpolitico.mx\/?s={search_term_string}"},"query-input":{"@type":"PropertyValueSpecification","valueRequired":true,"valueName":"search_term_string"}}],"inLanguage":"es"},{"@type":"Person","@id":"https:\/\/quehacerpolitico.mx\/#\/schema\/person\/496d8ad2d1d3f8036101dca7ee39e585","name":"Redacci\u00f3n QP","image":{"@type":"ImageObject","inLanguage":"es","@id":"https:\/\/secure.gravatar.com\/avatar\/c7164ed6fdec453195284ad24a5ae5b6e1eed2b848477fa2a4787ba9adf39a41?s=96&d=mm&r=g","url":"https:\/\/secure.gravatar.com\/avatar\/c7164ed6fdec453195284ad24a5ae5b6e1eed2b848477fa2a4787ba9adf39a41?s=96&d=mm&r=g","contentUrl":"https:\/\/secure.gravatar.com\/avatar\/c7164ed6fdec453195284ad24a5ae5b6e1eed2b848477fa2a4787ba9adf39a41?s=96&d=mm&r=g","caption":"Redacci\u00f3n QP"},"url":"https:\/\/quehacerpolitico.mx\/?author=2"}]}},"featured_image_urls":{"full":["https:\/\/quehacerpolitico.mx\/wp-content\/uploads\/2025\/02\/IMG_0803.jpeg",734,418,false],"thumbnail":["https:\/\/quehacerpolitico.mx\/wp-content\/uploads\/2025\/02\/IMG_0803-150x150.jpeg",150,150,true],"medium":["https:\/\/quehacerpolitico.mx\/wp-content\/uploads\/2025\/02\/IMG_0803-300x171.jpeg",300,171,true],"medium_large":["https:\/\/quehacerpolitico.mx\/wp-content\/uploads\/2025\/02\/IMG_0803.jpeg",640,364,false],"large":["https:\/\/quehacerpolitico.mx\/wp-content\/uploads\/2025\/02\/IMG_0803.jpeg",640,364,false],"1536x1536":["https:\/\/quehacerpolitico.mx\/wp-content\/uploads\/2025\/02\/IMG_0803.jpeg",734,418,false],"2048x2048":["https:\/\/quehacerpolitico.mx\/wp-content\/uploads\/2025\/02\/IMG_0803.jpeg",734,418,false],"covernews-featured":["https:\/\/quehacerpolitico.mx\/wp-content\/uploads\/2025\/02\/IMG_0803.jpeg",734,418,false],"covernews-medium":["https:\/\/quehacerpolitico.mx\/wp-content\/uploads\/2025\/02\/IMG_0803-540x340.jpeg",540,340,true]},"author_info":{"display_name":"Redacci\u00f3n QP","author_link":"https:\/\/quehacerpolitico.mx\/?author=2"},"category_info":"<a href=\"https:\/\/quehacerpolitico.mx\/?cat=56\" rel=\"category\">Econom\u00eda<\/a>","tag_info":"Econom\u00eda","comment_count":"0","_links":{"self":[{"href":"https:\/\/quehacerpolitico.mx\/index.php?rest_route=\/wp\/v2\/posts\/114971","targetHints":{"allow":["GET"]}}],"collection":[{"href":"https:\/\/quehacerpolitico.mx\/index.php?rest_route=\/wp\/v2\/posts"}],"about":[{"href":"https:\/\/quehacerpolitico.mx\/index.php?rest_route=\/wp\/v2\/types\/post"}],"author":[{"embeddable":true,"href":"https:\/\/quehacerpolitico.mx\/index.php?rest_route=\/wp\/v2\/users\/2"}],"replies":[{"embeddable":true,"href":"https:\/\/quehacerpolitico.mx\/index.php?rest_route=%2Fwp%2Fv2%2Fcomments&post=114971"}],"version-history":[{"count":1,"href":"https:\/\/quehacerpolitico.mx\/index.php?rest_route=\/wp\/v2\/posts\/114971\/revisions"}],"predecessor-version":[{"id":114973,"href":"https:\/\/quehacerpolitico.mx\/index.php?rest_route=\/wp\/v2\/posts\/114971\/revisions\/114973"}],"wp:featuredmedia":[{"embeddable":true,"href":"https:\/\/quehacerpolitico.mx\/index.php?rest_route=\/wp\/v2\/media\/114972"}],"wp:attachment":[{"href":"https:\/\/quehacerpolitico.mx\/index.php?rest_route=%2Fwp%2Fv2%2Fmedia&parent=114971"}],"wp:term":[{"taxonomy":"category","embeddable":true,"href":"https:\/\/quehacerpolitico.mx\/index.php?rest_route=%2Fwp%2Fv2%2Fcategories&post=114971"},{"taxonomy":"post_tag","embeddable":true,"href":"https:\/\/quehacerpolitico.mx\/index.php?rest_route=%2Fwp%2Fv2%2Ftags&post=114971"}],"curies":[{"name":"wp","href":"https:\/\/api.w.org\/{rel}","templated":true}]}}