{"id":114968,"date":"2025-02-25T13:42:44","date_gmt":"2025-02-25T19:42:44","guid":{"rendered":"https:\/\/quehacerpolitico.mx\/?p=114968"},"modified":"2025-02-25T13:42:49","modified_gmt":"2025-02-25T19:42:49","slug":"la-poblacion-lectora-de-mas-de-18-anos-cayo-14-en-la-ultima-decada-inegi","status":"publish","type":"post","link":"https:\/\/quehacerpolitico.mx\/?p=114968","title":{"rendered":"La poblaci\u00f3n lectora de m\u00e1s de 18 a\u00f1os cay\u00f3 14% en la \u00faltima d\u00e9cada: Inegi"},"content":{"rendered":"\n<p>Por Redacci\u00f3n QP<\/p>\n\n\n\n<p>Los pa\u00edses m\u00e1s lectores de Latinoam\u00e9rica son Argentina, con 5.4 libros por persona al a\u00f1o, y Chile, con 4.5, mientras que M\u00e9xico se encuentra en sexto lugar, por detr\u00e1s de Brasil, Colombia y Per\u00fa<\/p>\n\n\n\n<p>Los datos de lectura en M\u00e9xico preocupan a los expertos, ya que en los \u00faltimos 10 a\u00f1os,&nbsp;<strong>la poblaci\u00f3n lectora de m\u00e1s de 18 a\u00f1os cay\u00f3 en 14 puntos porcentuales<\/strong>, pasando del 84.2% en 2015 al 69.6% en 2024, seg\u00fan cifras oficiales del&nbsp;<strong>M\u00f3dulo sobre Lectura del Instituto Nacional de Estad\u00edstica y Geograf\u00eda&nbsp;<\/strong>(Inegi).<\/p>\n\n\n\n<p>Adem\u00e1s, de acuerdo con datos extra\u00eddos de los m\u00e1s de 45 mil estudios de diagn\u00f3stico de nivel acad\u00e9mico realizados en M\u00e9xico y otros pa\u00edses de Centroam\u00e9rica a alumnos de nivel b\u00e1sico por el instituto educativo de Kumon, se concluy\u00f3 que&nbsp;<strong>m\u00e1s del 60% de ellos tiene problemas para leer de forma fluida y comprender lo que leen<\/strong>.<\/p>\n\n\n\n<p>En espec\u00edfico, los ni\u00f1os de sexto de primaria y secundaria&nbsp;est\u00e1n teniendo un nivel de segundo grado, afirm\u00f3 la franquiciataria del Centro Kumon La Campi\u00f1a en Le\u00f3n, Ana Teresa Vel\u00e1zquez Centeno.<\/p>\n\n\n\n<h2 class=\"wp-block-heading\">Fomento de la lectura&nbsp;<\/h2>\n\n\n\n<p>Seg\u00fan las \u00faltimas cifras del Centro Regional para el Fomento del Libro en Am\u00e9rica Latina y el Caribe (Cerlalc), un organismo respaldado por la Unesco,&nbsp;<strong>los pa\u00edses m\u00e1s lectores de Latinoam\u00e9rica son Argentina<\/strong>, con 5.4 libros por persona al a\u00f1o, y&nbsp;<strong>Chile<\/strong>, con 4.5, mientras que M\u00e9xico se encuentra en sexto lugar, por detr\u00e1s de Brasil, Colombia y Per\u00fa.<\/p>\n\n\n\n<p>El especialista en Educaci\u00f3n del instituto Kumon a nivel nacional y zona norte, Carlos Ram\u00edrez Perales, asegur\u00f3 que esta situaci\u00f3n podr\u00eda provocar&nbsp;<strong>un incremento en el n\u00famero de analfabetos funcionales en M\u00e9xico&nbsp;<\/strong>y otros pa\u00edses en Latinoam\u00e9rica.<\/p>\n\n\n\n<p>En el caso de M\u00e9xico, se calcula que 4.7% de la poblaci\u00f3n se encuentra en esa condici\u00f3n.<\/p>\n\n\n\n<h2 class=\"wp-block-heading\">Secuelas de la Covid-19<\/h2>\n\n\n\n<p>La pandemia de Covid-19 acentu\u00f3 la ya grave crisis de educaci\u00f3n en la regi\u00f3n, y se estim\u00f3 que&nbsp;<strong>los resultados del aprendizaje podr\u00edan haber retrocedido m\u00e1s de 10 a\u00f1os<\/strong>.<\/p>\n\n\n\n<p>En concreto, un informe elaborado dos a\u00f1os despu\u00e9s de la pandemia por el Banco Mundial y Unicef revel\u00f3 que cuatro de cada cinco alumnos de sexto grado en Am\u00e9rica Latina y el Caribe&nbsp;<strong>no alcanzar\u00edan el nivel m\u00ednimo de comprensi\u00f3n lectora<\/strong>.&nbsp;<\/p>\n\n\n\n<p>Los ni\u00f1os de la regi\u00f3n perdieron, en promedio, dos tercios de los d\u00edas de clase presencial, lo que supuso una carencia aproximada de 1.5 a\u00f1os de aprendizaje.<\/p>\n\n\n\n<p>Con informaci\u00f3n de EFE<\/p>\n","protected":false},"excerpt":{"rendered":"<p>Por Redacci\u00f3n QP Los pa\u00edses m\u00e1s lectores de Latinoam\u00e9rica son Argentina, con 5.4 libros por&#8230;<\/p>\n","protected":false},"author":2,"featured_media":114969,"comment_status":"open","ping_status":"open","sticky":false,"template":"","format":"standard","meta":{"_monsterinsights_skip_tracking":false,"_monsterinsights_sitenote_active":false,"_monsterinsights_sitenote_note":"","_monsterinsights_sitenote_category":0,"footnotes":""},"categories":[58],"tags":[],"class_list":["post-114968","post","type-post","status-publish","format-standard","has-post-thumbnail","hentry","category-cultura"],"yoast_head":"<!-- This site is optimized with the Yoast SEO plugin v27.3 - https:\/\/yoast.com\/product\/yoast-seo-wordpress\/ -->\n<title>La poblaci\u00f3n lectora de m\u00e1s de 18 a\u00f1os cay\u00f3 14% en la \u00faltima d\u00e9cada: Inegi -<\/title>\n<meta name=\"robots\" content=\"index, follow, max-snippet:-1, max-image-preview:large, max-video-preview:-1\" \/>\n<link rel=\"canonical\" href=\"https:\/\/quehacerpolitico.mx\/?p=114968\" \/>\n<meta property=\"og:locale\" content=\"es_MX\" \/>\n<meta property=\"og:type\" content=\"article\" \/>\n<meta property=\"og:title\" content=\"La poblaci\u00f3n lectora de m\u00e1s de 18 a\u00f1os cay\u00f3 14% en la \u00faltima d\u00e9cada: Inegi -\" \/>\n<meta property=\"og:description\" content=\"Por Redacci\u00f3n QP Los pa\u00edses m\u00e1s lectores de Latinoam\u00e9rica son Argentina, con 5.4 libros por...\" \/>\n<meta property=\"og:url\" content=\"https:\/\/quehacerpolitico.mx\/?p=114968\" \/>\n<meta property=\"article:published_time\" content=\"2025-02-25T19:42:44+00:00\" \/>\n<meta property=\"article:modified_time\" content=\"2025-02-25T19:42:49+00:00\" \/>\n<meta property=\"og:image\" content=\"https:\/\/quehacerpolitico.mx\/wp-content\/uploads\/2025\/02\/IMG_0802.jpeg\" \/>\n\t<meta property=\"og:image:width\" content=\"640\" \/>\n\t<meta property=\"og:image:height\" content=\"479\" \/>\n\t<meta property=\"og:image:type\" content=\"image\/jpeg\" \/>\n<meta name=\"author\" content=\"Redacci\u00f3n QP\" \/>\n<meta name=\"twitter:card\" content=\"summary_large_image\" \/>\n<meta name=\"twitter:label1\" content=\"Escrito por\" \/>\n\t<meta name=\"twitter:data1\" content=\"Redacci\u00f3n QP\" \/>\n\t<meta name=\"twitter:label2\" content=\"Tiempo de lectura\" \/>\n\t<meta name=\"twitter:data2\" content=\"2 minutos\" \/>\n<script type=\"application\/ld+json\" class=\"yoast-schema-graph\">{\"@context\":\"https:\\\/\\\/schema.org\",\"@graph\":[{\"@type\":\"Article\",\"@id\":\"https:\\\/\\\/quehacerpolitico.mx\\\/?p=114968#article\",\"isPartOf\":{\"@id\":\"https:\\\/\\\/quehacerpolitico.mx\\\/?p=114968\"},\"author\":{\"name\":\"Redacci\u00f3n QP\",\"@id\":\"https:\\\/\\\/quehacerpolitico.mx\\\/#\\\/schema\\\/person\\\/496d8ad2d1d3f8036101dca7ee39e585\"},\"headline\":\"La poblaci\u00f3n lectora de m\u00e1s de 18 a\u00f1os cay\u00f3 14% en la \u00faltima d\u00e9cada: Inegi\",\"datePublished\":\"2025-02-25T19:42:44+00:00\",\"dateModified\":\"2025-02-25T19:42:49+00:00\",\"mainEntityOfPage\":{\"@id\":\"https:\\\/\\\/quehacerpolitico.mx\\\/?p=114968\"},\"wordCount\":482,\"commentCount\":0,\"image\":{\"@id\":\"https:\\\/\\\/quehacerpolitico.mx\\\/?p=114968#primaryimage\"},\"thumbnailUrl\":\"https:\\\/\\\/quehacerpolitico.mx\\\/wp-content\\\/uploads\\\/2025\\\/02\\\/IMG_0802.jpeg\",\"articleSection\":[\"Cultura y Entretenimiento\"],\"inLanguage\":\"es\",\"potentialAction\":[{\"@type\":\"CommentAction\",\"name\":\"Comment\",\"target\":[\"https:\\\/\\\/quehacerpolitico.mx\\\/?p=114968#respond\"]}]},{\"@type\":\"WebPage\",\"@id\":\"https:\\\/\\\/quehacerpolitico.mx\\\/?p=114968\",\"url\":\"https:\\\/\\\/quehacerpolitico.mx\\\/?p=114968\",\"name\":\"La poblaci\u00f3n lectora de m\u00e1s de 18 a\u00f1os cay\u00f3 14% en la \u00faltima d\u00e9cada: Inegi -\",\"isPartOf\":{\"@id\":\"https:\\\/\\\/quehacerpolitico.mx\\\/#website\"},\"primaryImageOfPage\":{\"@id\":\"https:\\\/\\\/quehacerpolitico.mx\\\/?p=114968#primaryimage\"},\"image\":{\"@id\":\"https:\\\/\\\/quehacerpolitico.mx\\\/?p=114968#primaryimage\"},\"thumbnailUrl\":\"https:\\\/\\\/quehacerpolitico.mx\\\/wp-content\\\/uploads\\\/2025\\\/02\\\/IMG_0802.jpeg\",\"datePublished\":\"2025-02-25T19:42:44+00:00\",\"dateModified\":\"2025-02-25T19:42:49+00:00\",\"author\":{\"@id\":\"https:\\\/\\\/quehacerpolitico.mx\\\/#\\\/schema\\\/person\\\/496d8ad2d1d3f8036101dca7ee39e585\"},\"breadcrumb\":{\"@id\":\"https:\\\/\\\/quehacerpolitico.mx\\\/?p=114968#breadcrumb\"},\"inLanguage\":\"es\",\"potentialAction\":[{\"@type\":\"ReadAction\",\"target\":[\"https:\\\/\\\/quehacerpolitico.mx\\\/?p=114968\"]}]},{\"@type\":\"ImageObject\",\"inLanguage\":\"es\",\"@id\":\"https:\\\/\\\/quehacerpolitico.mx\\\/?p=114968#primaryimage\",\"url\":\"https:\\\/\\\/quehacerpolitico.mx\\\/wp-content\\\/uploads\\\/2025\\\/02\\\/IMG_0802.jpeg\",\"contentUrl\":\"https:\\\/\\\/quehacerpolitico.mx\\\/wp-content\\\/uploads\\\/2025\\\/02\\\/IMG_0802.jpeg\",\"width\":640,\"height\":479},{\"@type\":\"BreadcrumbList\",\"@id\":\"https:\\\/\\\/quehacerpolitico.mx\\\/?p=114968#breadcrumb\",\"itemListElement\":[{\"@type\":\"ListItem\",\"position\":1,\"name\":\"Inicio\",\"item\":\"https:\\\/\\\/quehacerpolitico.mx\\\/\"},{\"@type\":\"ListItem\",\"position\":2,\"name\":\"La poblaci\u00f3n lectora de m\u00e1s de 18 a\u00f1os cay\u00f3 14% en la \u00faltima d\u00e9cada: Inegi\"}]},{\"@type\":\"WebSite\",\"@id\":\"https:\\\/\\\/quehacerpolitico.mx\\\/#website\",\"url\":\"https:\\\/\\\/quehacerpolitico.mx\\\/\",\"name\":\"\",\"description\":\"\",\"potentialAction\":[{\"@type\":\"SearchAction\",\"target\":{\"@type\":\"EntryPoint\",\"urlTemplate\":\"https:\\\/\\\/quehacerpolitico.mx\\\/?s={search_term_string}\"},\"query-input\":{\"@type\":\"PropertyValueSpecification\",\"valueRequired\":true,\"valueName\":\"search_term_string\"}}],\"inLanguage\":\"es\"},{\"@type\":\"Person\",\"@id\":\"https:\\\/\\\/quehacerpolitico.mx\\\/#\\\/schema\\\/person\\\/496d8ad2d1d3f8036101dca7ee39e585\",\"name\":\"Redacci\u00f3n QP\",\"image\":{\"@type\":\"ImageObject\",\"inLanguage\":\"es\",\"@id\":\"https:\\\/\\\/secure.gravatar.com\\\/avatar\\\/c7164ed6fdec453195284ad24a5ae5b6e1eed2b848477fa2a4787ba9adf39a41?s=96&d=mm&r=g\",\"url\":\"https:\\\/\\\/secure.gravatar.com\\\/avatar\\\/c7164ed6fdec453195284ad24a5ae5b6e1eed2b848477fa2a4787ba9adf39a41?s=96&d=mm&r=g\",\"contentUrl\":\"https:\\\/\\\/secure.gravatar.com\\\/avatar\\\/c7164ed6fdec453195284ad24a5ae5b6e1eed2b848477fa2a4787ba9adf39a41?s=96&d=mm&r=g\",\"caption\":\"Redacci\u00f3n QP\"},\"url\":\"https:\\\/\\\/quehacerpolitico.mx\\\/?author=2\"}]}<\/script>\n<!-- \/ Yoast SEO plugin. -->","yoast_head_json":{"title":"La poblaci\u00f3n lectora de m\u00e1s de 18 a\u00f1os cay\u00f3 14% en la \u00faltima d\u00e9cada: Inegi -","robots":{"index":"index","follow":"follow","max-snippet":"max-snippet:-1","max-image-preview":"max-image-preview:large","max-video-preview":"max-video-preview:-1"},"canonical":"https:\/\/quehacerpolitico.mx\/?p=114968","og_locale":"es_MX","og_type":"article","og_title":"La poblaci\u00f3n lectora de m\u00e1s de 18 a\u00f1os cay\u00f3 14% en la \u00faltima d\u00e9cada: Inegi -","og_description":"Por Redacci\u00f3n QP Los pa\u00edses m\u00e1s lectores de Latinoam\u00e9rica son Argentina, con 5.4 libros por...","og_url":"https:\/\/quehacerpolitico.mx\/?p=114968","article_published_time":"2025-02-25T19:42:44+00:00","article_modified_time":"2025-02-25T19:42:49+00:00","og_image":[{"width":640,"height":479,"url":"https:\/\/quehacerpolitico.mx\/wp-content\/uploads\/2025\/02\/IMG_0802.jpeg","type":"image\/jpeg"}],"author":"Redacci\u00f3n QP","twitter_card":"summary_large_image","twitter_misc":{"Escrito por":"Redacci\u00f3n QP","Tiempo de lectura":"2 minutos"},"schema":{"@context":"https:\/\/schema.org","@graph":[{"@type":"Article","@id":"https:\/\/quehacerpolitico.mx\/?p=114968#article","isPartOf":{"@id":"https:\/\/quehacerpolitico.mx\/?p=114968"},"author":{"name":"Redacci\u00f3n QP","@id":"https:\/\/quehacerpolitico.mx\/#\/schema\/person\/496d8ad2d1d3f8036101dca7ee39e585"},"headline":"La poblaci\u00f3n lectora de m\u00e1s de 18 a\u00f1os cay\u00f3 14% en la \u00faltima d\u00e9cada: Inegi","datePublished":"2025-02-25T19:42:44+00:00","dateModified":"2025-02-25T19:42:49+00:00","mainEntityOfPage":{"@id":"https:\/\/quehacerpolitico.mx\/?p=114968"},"wordCount":482,"commentCount":0,"image":{"@id":"https:\/\/quehacerpolitico.mx\/?p=114968#primaryimage"},"thumbnailUrl":"https:\/\/quehacerpolitico.mx\/wp-content\/uploads\/2025\/02\/IMG_0802.jpeg","articleSection":["Cultura y Entretenimiento"],"inLanguage":"es","potentialAction":[{"@type":"CommentAction","name":"Comment","target":["https:\/\/quehacerpolitico.mx\/?p=114968#respond"]}]},{"@type":"WebPage","@id":"https:\/\/quehacerpolitico.mx\/?p=114968","url":"https:\/\/quehacerpolitico.mx\/?p=114968","name":"La poblaci\u00f3n lectora de m\u00e1s de 18 a\u00f1os cay\u00f3 14% en la \u00faltima d\u00e9cada: Inegi -","isPartOf":{"@id":"https:\/\/quehacerpolitico.mx\/#website"},"primaryImageOfPage":{"@id":"https:\/\/quehacerpolitico.mx\/?p=114968#primaryimage"},"image":{"@id":"https:\/\/quehacerpolitico.mx\/?p=114968#primaryimage"},"thumbnailUrl":"https:\/\/quehacerpolitico.mx\/wp-content\/uploads\/2025\/02\/IMG_0802.jpeg","datePublished":"2025-02-25T19:42:44+00:00","dateModified":"2025-02-25T19:42:49+00:00","author":{"@id":"https:\/\/quehacerpolitico.mx\/#\/schema\/person\/496d8ad2d1d3f8036101dca7ee39e585"},"breadcrumb":{"@id":"https:\/\/quehacerpolitico.mx\/?p=114968#breadcrumb"},"inLanguage":"es","potentialAction":[{"@type":"ReadAction","target":["https:\/\/quehacerpolitico.mx\/?p=114968"]}]},{"@type":"ImageObject","inLanguage":"es","@id":"https:\/\/quehacerpolitico.mx\/?p=114968#primaryimage","url":"https:\/\/quehacerpolitico.mx\/wp-content\/uploads\/2025\/02\/IMG_0802.jpeg","contentUrl":"https:\/\/quehacerpolitico.mx\/wp-content\/uploads\/2025\/02\/IMG_0802.jpeg","width":640,"height":479},{"@type":"BreadcrumbList","@id":"https:\/\/quehacerpolitico.mx\/?p=114968#breadcrumb","itemListElement":[{"@type":"ListItem","position":1,"name":"Inicio","item":"https:\/\/quehacerpolitico.mx\/"},{"@type":"ListItem","position":2,"name":"La poblaci\u00f3n lectora de m\u00e1s de 18 a\u00f1os cay\u00f3 14% en la \u00faltima d\u00e9cada: Inegi"}]},{"@type":"WebSite","@id":"https:\/\/quehacerpolitico.mx\/#website","url":"https:\/\/quehacerpolitico.mx\/","name":"","description":"","potentialAction":[{"@type":"SearchAction","target":{"@type":"EntryPoint","urlTemplate":"https:\/\/quehacerpolitico.mx\/?s={search_term_string}"},"query-input":{"@type":"PropertyValueSpecification","valueRequired":true,"valueName":"search_term_string"}}],"inLanguage":"es"},{"@type":"Person","@id":"https:\/\/quehacerpolitico.mx\/#\/schema\/person\/496d8ad2d1d3f8036101dca7ee39e585","name":"Redacci\u00f3n QP","image":{"@type":"ImageObject","inLanguage":"es","@id":"https:\/\/secure.gravatar.com\/avatar\/c7164ed6fdec453195284ad24a5ae5b6e1eed2b848477fa2a4787ba9adf39a41?s=96&d=mm&r=g","url":"https:\/\/secure.gravatar.com\/avatar\/c7164ed6fdec453195284ad24a5ae5b6e1eed2b848477fa2a4787ba9adf39a41?s=96&d=mm&r=g","contentUrl":"https:\/\/secure.gravatar.com\/avatar\/c7164ed6fdec453195284ad24a5ae5b6e1eed2b848477fa2a4787ba9adf39a41?s=96&d=mm&r=g","caption":"Redacci\u00f3n QP"},"url":"https:\/\/quehacerpolitico.mx\/?author=2"}]}},"featured_image_urls":{"full":["https:\/\/quehacerpolitico.mx\/wp-content\/uploads\/2025\/02\/IMG_0802.jpeg",640,479,false],"thumbnail":["https:\/\/quehacerpolitico.mx\/wp-content\/uploads\/2025\/02\/IMG_0802-150x150.jpeg",150,150,true],"medium":["https:\/\/quehacerpolitico.mx\/wp-content\/uploads\/2025\/02\/IMG_0802-300x225.jpeg",300,225,true],"medium_large":["https:\/\/quehacerpolitico.mx\/wp-content\/uploads\/2025\/02\/IMG_0802.jpeg",640,479,false],"large":["https:\/\/quehacerpolitico.mx\/wp-content\/uploads\/2025\/02\/IMG_0802.jpeg",640,479,false],"1536x1536":["https:\/\/quehacerpolitico.mx\/wp-content\/uploads\/2025\/02\/IMG_0802.jpeg",640,479,false],"2048x2048":["https:\/\/quehacerpolitico.mx\/wp-content\/uploads\/2025\/02\/IMG_0802.jpeg",640,479,false],"covernews-featured":["https:\/\/quehacerpolitico.mx\/wp-content\/uploads\/2025\/02\/IMG_0802.jpeg",640,479,false],"covernews-medium":["https:\/\/quehacerpolitico.mx\/wp-content\/uploads\/2025\/02\/IMG_0802-540x340.jpeg",540,340,true]},"author_info":{"display_name":"Redacci\u00f3n QP","author_link":"https:\/\/quehacerpolitico.mx\/?author=2"},"category_info":"<a href=\"https:\/\/quehacerpolitico.mx\/?cat=58\" rel=\"category\">Cultura y Entretenimiento<\/a>","tag_info":"Cultura y Entretenimiento","comment_count":"0","_links":{"self":[{"href":"https:\/\/quehacerpolitico.mx\/index.php?rest_route=\/wp\/v2\/posts\/114968","targetHints":{"allow":["GET"]}}],"collection":[{"href":"https:\/\/quehacerpolitico.mx\/index.php?rest_route=\/wp\/v2\/posts"}],"about":[{"href":"https:\/\/quehacerpolitico.mx\/index.php?rest_route=\/wp\/v2\/types\/post"}],"author":[{"embeddable":true,"href":"https:\/\/quehacerpolitico.mx\/index.php?rest_route=\/wp\/v2\/users\/2"}],"replies":[{"embeddable":true,"href":"https:\/\/quehacerpolitico.mx\/index.php?rest_route=%2Fwp%2Fv2%2Fcomments&post=114968"}],"version-history":[{"count":1,"href":"https:\/\/quehacerpolitico.mx\/index.php?rest_route=\/wp\/v2\/posts\/114968\/revisions"}],"predecessor-version":[{"id":114970,"href":"https:\/\/quehacerpolitico.mx\/index.php?rest_route=\/wp\/v2\/posts\/114968\/revisions\/114970"}],"wp:featuredmedia":[{"embeddable":true,"href":"https:\/\/quehacerpolitico.mx\/index.php?rest_route=\/wp\/v2\/media\/114969"}],"wp:attachment":[{"href":"https:\/\/quehacerpolitico.mx\/index.php?rest_route=%2Fwp%2Fv2%2Fmedia&parent=114968"}],"wp:term":[{"taxonomy":"category","embeddable":true,"href":"https:\/\/quehacerpolitico.mx\/index.php?rest_route=%2Fwp%2Fv2%2Fcategories&post=114968"},{"taxonomy":"post_tag","embeddable":true,"href":"https:\/\/quehacerpolitico.mx\/index.php?rest_route=%2Fwp%2Fv2%2Ftags&post=114968"}],"curies":[{"name":"wp","href":"https:\/\/api.w.org\/{rel}","templated":true}]}}