{"id":114964,"date":"2025-02-25T13:20:48","date_gmt":"2025-02-25T19:20:48","guid":{"rendered":"https:\/\/quehacerpolitico.mx\/?p=114964"},"modified":"2025-02-25T13:32:48","modified_gmt":"2025-02-25T19:32:48","slug":"mas-que-estar-cerca-o-lejos-de-la-captura-de-ivan-archivaldo-guzman-lo-que-se-ha-dado-es-un-debilitamiento-a-las-estructuras-delictivas-con-la-finalidad-de-que-no-generen-violencia","status":"publish","type":"post","link":"https:\/\/quehacerpolitico.mx\/?p=114964","title":{"rendered":"M\u00e1s que estar cerca o lejos de la captura de Iv\u00e1n Archivaldo Guzm\u00e1n, lo que se ha dado es un \u201cdebilitamiento a las estructuras delictivas\u201d, con la finalidad de que no generen violencia en la entidad: Harfuch"},"content":{"rendered":"\n<p>Por Redacci\u00f3n QP<\/p>\n\n\n\n<p>El titular de la SSPC asegur\u00f3 que con los operativos en Sinaloa buscan debilitar a los grupos criminales generales de violencia en la entidad<\/p>\n\n\n\n<p><strong>Omar Garc\u00eda Harfuch<\/strong>, titular de la Secretar\u00eda de Seguridad y Protecci\u00f3n Ciudadana, neg\u00f3 este martes que&nbsp;<strong>Iv\u00e1n Archivaldo Guzm\u00e1n<\/strong>, uno de los l\u00edderes de&nbsp;<strong>Los Chapitos<\/strong>, se haya escapado en los \u00faltimos dos operativos desplegados por las fuerzas federales en Sinaloa, en el que aprehendieron al responsable de su seguridad, Kevin Alonso Gil Acosta, alias &#8220;El 200&#8221;.<\/p>\n\n\n\n<p>En la conferencia matutina desde Palacio Nacional, el funcionario sobre si las autoridades se encuentran cerca del c\u00edrculo m\u00e1s cercano del uno de los<strong>&nbsp;hijos de &#8220;El Chapo&#8221; Guzm\u00e1n<\/strong>, respondi\u00f3 que &#8220;m\u00e1s que quede tan cerca, si me permite han sido una serie de acciones&#8221;.<\/p>\n\n\n\n<p>Adem\u00e1s,&nbsp;asegur\u00f3 que&nbsp;los objetivos de los despliegues recientemente ejecutados en&nbsp;<strong>Culiac\u00e1n<\/strong>&nbsp;eran otros y que lo que se busca es el debilitamiento del crimen organizado que genera violencia en la entidad.<\/p>\n\n\n\n<p>&#8220;No era el objetivo en esas dos operaciones el sujeto que usted menciona&#8221;, tras la insistencia de la prensa sobre el supuesto escape de<strong>&nbsp;Iv\u00e1n Archivaldo.<\/strong><\/p>\n\n\n\n<figure class=\"wp-block-embed is-type-rich is-provider-twitter wp-block-embed-twitter\"><div class=\"wp-block-embed__wrapper\">\n<blockquote class=\"twitter-tweet\" data-width=\"550\" data-dnt=\"true\"><p lang=\"es\" dir=\"ltr\">Omar Garc\u00eda Harfuch, secretario de Seguridad y Protecci\u00f3n Ciudadana, se\u00f1al\u00f3 que, m\u00e1s que estar cerca o lejos de la captura de Iv\u00e1n Archivaldo Guzm\u00e1n, lo que se ha dado es un \u201cdebilitamiento a las estructuras delictivas\u201d, con la finalidad de que no generen violencia en la entidad. <a href=\"https:\/\/t.co\/eXrIod35Sf\">pic.twitter.com\/eXrIod35Sf<\/a><\/p>&mdash; Azucena Uresti (@azucenau) <a href=\"https:\/\/twitter.com\/azucenau\/status\/1894402836425052281?ref_src=twsrc%5Etfw\">February 25, 2025<\/a><\/blockquote><script async src=\"https:\/\/platform.twitter.com\/widgets.js\" charset=\"utf-8\"><\/script>\n<\/div><\/figure>\n\n\n\n<p>&#8220;Lo que podemos decir es que ha habido un debilitamiento constante no s\u00f3lo a esta organizaci\u00f3n, sino tambi\u00e9n a la otra fracci\u00f3n de de que no son de&nbsp;<strong>Los Chapitos<\/strong>, sino de&nbsp;<strong>Los Mayos<\/strong>&nbsp;constantemente ha habido ha habido detenciones de los dos grupos&#8221;, afirm\u00f3.<\/p>\n\n\n\n<p><strong>Harfuch<\/strong>\u00a0preciso que de octubre a la fecha tras el despliegue de las fuerzas de seguridad en\u00a0Sinaloa se han detenido a\u00a0<strong>900 personas\u00a0<\/strong>y\u00a0su han asegurado varias propiedades en las que en ocasiones se han encontrado t\u00faneles. &#8220;Desde hace ya algunos a\u00f1os es com\u00fan que se aseguren casas con con pasadizos o t\u00faneles de este tipo&#8221;.<\/p>\n\n\n\n<figure class=\"wp-block-embed is-type-rich is-provider-twitter wp-block-embed-twitter\"><div class=\"wp-block-embed__wrapper\">\n<blockquote class=\"twitter-tweet\" data-width=\"550\" data-dnt=\"true\"><p lang=\"es\" dir=\"ltr\">Presenta <a href=\"https:\/\/twitter.com\/OHarfuch?ref_src=twsrc%5Etfw\">@OHarfuch<\/a> avances en seguridad del 1 de octubre al 24 de febrero:<br><br>\u2705 13,139 detenidos<br>\u2705 6,582 armas de fuego aseguradas<br>\u2705 112.8 toneladas de droga decomisadas<br>\u2705 1,260 kg y 1.3 millones de pastillas de fentanilo incautadas<br>\u2705 329 narco laboratorios destruidos<br>\u2705 300\u2026 <a href=\"https:\/\/t.co\/JZac6DDcDi\">pic.twitter.com\/JZac6DDcDi<\/a><\/p>&mdash; Manuel Lopez San Martin (@MLopezSanMartin) <a href=\"https:\/\/twitter.com\/MLopezSanMartin\/status\/1894396376697475380?ref_src=twsrc%5Etfw\">February 25, 2025<\/a><\/blockquote><script async src=\"https:\/\/platform.twitter.com\/widgets.js\" charset=\"utf-8\"><\/script>\n<\/div><\/figure>\n\n\n\n<p>La semana pasada, en dos operativos distintos, la SSPC inform\u00f3 sobre la detenci\u00f3n de<strong>&nbsp;Jos\u00e9 \u00c1ngel Canobbio Inzunza,<\/strong>alias&nbsp;&#8220;El G\u00fcerito&#8221;, se\u00f1alado como operador log\u00edstico y financiero de Los Chapitos;&nbsp;<strong>Kevin Alonso Gil Acosta<\/strong>, alias&nbsp;\u201cEl 200\u201d, en&nbsp;Culiac\u00e1n; el sujeto es identificado como responsable de la seguridad de&nbsp;Iv\u00e1n Archivaldo Guzm\u00e1n&nbsp;y encargado la compra de armas y municiones para la fracci\u00f3n de&nbsp;<strong>Los Chapitos<\/strong>. Adem\u00e1s, de&nbsp;<strong>Jos\u00e9 Alonso<\/strong>\u201cN\u201d, fue identificado como t\u00edo de &#8220;El 200&#8221; e integrante de&nbsp;Los Chapitos.<\/p>\n\n\n\n<h2 class=\"wp-block-heading\">Harfuch admite 30 ni\u00f1os asesinados por la pugna del narcotr\u00e1fico en Sinaloa<\/h2>\n\n\n\n<p>El titular de SSPC reconoci\u00f3&nbsp;el&nbsp;<strong>asesinato<\/strong>&nbsp;de cerca de&nbsp;<strong>30 ni\u00f1os<\/strong>&nbsp;desde que comenz\u00f3 el pasado 9 de septiembre la pugna del Cartel de Sinaloa, que acumula m\u00e1s de 800 homicidios desde entonces. \u201cQue tambi\u00e9n la sociedad de Sinaloa sepa eso, las muertes que han sufrido estos menores de edad han sido provocadas por estos grupos delincuenciales&#8221;, respondi\u00f3.&nbsp;<\/p>\n\n\n\n<p>El caso m\u00e1s emblem\u00e1tico ha sido el de los&nbsp;<strong>hermanos Gael y Alexander,<\/strong>&nbsp;de 9 y 12 a\u00f1os respectivamente, asesinados junto con su padre el pasado19 de enero, lo que provoc\u00f3 protestas masivas que exigieron la renuncia del gobernador de&nbsp;<strong>Sinaloa<\/strong>, Rub\u00e9n Rocha Moya, del oficialista Movimiento Regeneraci\u00f3n Nacional (<strong>Morena<\/strong>).&nbsp;<\/p>\n\n\n\n<h2 class=\"wp-block-heading\">Vuelos de drones de EU han dado informaci\u00f3n para detenciones en Sinaloa<\/h2>\n\n\n\n<p>Por su parte, el secretario de la Defensa,<strong>Ricardo Trevilla<\/strong>, dijo que el Ej\u00e9rcito mexicano ha detenido a narcotraficantes gracias a la inteligencia compartida por los pol\u00e9micos drones y otros vuelos de inteligencia de Estados Unidos para vigilar al crimen organizado en M\u00e9xico.&nbsp;<\/p>\n\n\n\n<p>\u201cInclusive, hablando de los&nbsp;<strong>\u00faltimos detenidos en Culiac\u00e1n<\/strong>&nbsp;(capital del estado de Sinaloa), es producto de esos trabajos de inteligencia. Ahora, cuando estas aeronaves, cuando llegan a volar, \u00fanicamente complementan el trabajo o la informaci\u00f3n que se tiene M\u00e9xico&#8221;, inform\u00f3 Trevilla.&nbsp;<\/p>\n\n\n\n<p>Aunque no especific\u00f3 qu\u00e9 detenciones, en las que no intervienen elementos estadounidenses, momentos antes el secretario de Seguridad Garc\u00eda Harfuch, destac\u00f3 el arresto del &#8220;<strong>Wero Bryan<\/strong>&#8220;, presunto operador de Los Chapitos.&nbsp;<\/p>\n\n\n\n<p>A\u00fan as\u00ed, el secretario de la Defensa sostuvo que &#8220;<strong>no hay un indicio&#8221; de espionaje<\/strong>&nbsp;en los drones no tripulados reportaron la semana pasada medios como&nbsp;<em>CNN<\/em>&nbsp;y&nbsp;<em>The New York Times<\/em>&nbsp;como parte de las acciones del gobierno de Donald Trump para vigilar a los carteles mexicanos, a los que ha declarado agrupaciones&nbsp;<strong>terroristas<\/strong>.&nbsp;&nbsp;<\/p>\n\n\n\n<p><em>Con informaci\u00f3n de EFE<\/em><\/p>\n","protected":false},"excerpt":{"rendered":"<p>Por Redacci\u00f3n QP El titular de la SSPC asegur\u00f3 que con los operativos en Sinaloa&#8230;<\/p>\n","protected":false},"author":2,"featured_media":114965,"comment_status":"open","ping_status":"open","sticky":false,"template":"","format":"standard","meta":{"_monsterinsights_skip_tracking":false,"_monsterinsights_sitenote_active":false,"_monsterinsights_sitenote_note":"","_monsterinsights_sitenote_category":0,"footnotes":""},"categories":[280,2],"tags":[],"class_list":["post-114964","post","type-post","status-publish","format-standard","has-post-thumbnail","hentry","category-nacionales","category-noticias"],"yoast_head":"<!-- This site is optimized with the Yoast SEO plugin v27.3 - https:\/\/yoast.com\/product\/yoast-seo-wordpress\/ -->\n<title>M\u00e1s que estar cerca o lejos de la captura de Iv\u00e1n Archivaldo Guzm\u00e1n, lo que se ha dado es un \u201cdebilitamiento a las estructuras delictivas\u201d, con la finalidad de que no generen violencia en la entidad: Harfuch -<\/title>\n<meta name=\"robots\" content=\"index, follow, max-snippet:-1, max-image-preview:large, max-video-preview:-1\" \/>\n<link rel=\"canonical\" href=\"https:\/\/quehacerpolitico.mx\/?p=114964\" \/>\n<meta property=\"og:locale\" content=\"es_MX\" \/>\n<meta property=\"og:type\" content=\"article\" \/>\n<meta property=\"og:title\" content=\"M\u00e1s que estar cerca o lejos de la captura de Iv\u00e1n Archivaldo Guzm\u00e1n, lo que se ha dado es un \u201cdebilitamiento a las estructuras delictivas\u201d, con la finalidad de que no generen violencia en la entidad: Harfuch -\" \/>\n<meta property=\"og:description\" content=\"Por Redacci\u00f3n QP El titular de la SSPC asegur\u00f3 que con los operativos en Sinaloa...\" \/>\n<meta property=\"og:url\" content=\"https:\/\/quehacerpolitico.mx\/?p=114964\" \/>\n<meta property=\"article:published_time\" content=\"2025-02-25T19:20:48+00:00\" \/>\n<meta property=\"article:modified_time\" content=\"2025-02-25T19:32:48+00:00\" \/>\n<meta property=\"og:image\" content=\"https:\/\/quehacerpolitico.mx\/wp-content\/uploads\/2025\/02\/IMG_0796.jpeg\" \/>\n\t<meta property=\"og:image:width\" content=\"1284\" \/>\n\t<meta property=\"og:image:height\" content=\"612\" \/>\n\t<meta property=\"og:image:type\" content=\"image\/jpeg\" \/>\n<meta name=\"author\" content=\"Redacci\u00f3n QP\" \/>\n<meta name=\"twitter:card\" content=\"summary_large_image\" \/>\n<meta name=\"twitter:label1\" content=\"Escrito por\" \/>\n\t<meta name=\"twitter:data1\" content=\"Redacci\u00f3n QP\" \/>\n\t<meta name=\"twitter:label2\" content=\"Tiempo de lectura\" \/>\n\t<meta name=\"twitter:data2\" content=\"4 minutos\" \/>\n<script type=\"application\/ld+json\" class=\"yoast-schema-graph\">{\"@context\":\"https:\\\/\\\/schema.org\",\"@graph\":[{\"@type\":\"Article\",\"@id\":\"https:\\\/\\\/quehacerpolitico.mx\\\/?p=114964#article\",\"isPartOf\":{\"@id\":\"https:\\\/\\\/quehacerpolitico.mx\\\/?p=114964\"},\"author\":{\"name\":\"Redacci\u00f3n QP\",\"@id\":\"https:\\\/\\\/quehacerpolitico.mx\\\/#\\\/schema\\\/person\\\/496d8ad2d1d3f8036101dca7ee39e585\"},\"headline\":\"M\u00e1s que estar cerca o lejos de la captura de Iv\u00e1n Archivaldo Guzm\u00e1n, lo que se ha dado es un \u201cdebilitamiento a las estructuras delictivas\u201d, con la finalidad de que no generen violencia en la entidad: Harfuch\",\"datePublished\":\"2025-02-25T19:20:48+00:00\",\"dateModified\":\"2025-02-25T19:32:48+00:00\",\"mainEntityOfPage\":{\"@id\":\"https:\\\/\\\/quehacerpolitico.mx\\\/?p=114964\"},\"wordCount\":828,\"commentCount\":0,\"image\":{\"@id\":\"https:\\\/\\\/quehacerpolitico.mx\\\/?p=114964#primaryimage\"},\"thumbnailUrl\":\"https:\\\/\\\/quehacerpolitico.mx\\\/wp-content\\\/uploads\\\/2025\\\/02\\\/IMG_0796.jpeg\",\"articleSection\":[\"Nacionales\",\"Noticias\"],\"inLanguage\":\"es\",\"potentialAction\":[{\"@type\":\"CommentAction\",\"name\":\"Comment\",\"target\":[\"https:\\\/\\\/quehacerpolitico.mx\\\/?p=114964#respond\"]}]},{\"@type\":\"WebPage\",\"@id\":\"https:\\\/\\\/quehacerpolitico.mx\\\/?p=114964\",\"url\":\"https:\\\/\\\/quehacerpolitico.mx\\\/?p=114964\",\"name\":\"M\u00e1s que estar cerca o lejos de la captura de Iv\u00e1n Archivaldo Guzm\u00e1n, lo que se ha dado es un \u201cdebilitamiento a las estructuras delictivas\u201d, con la finalidad de que no generen violencia en la entidad: Harfuch -\",\"isPartOf\":{\"@id\":\"https:\\\/\\\/quehacerpolitico.mx\\\/#website\"},\"primaryImageOfPage\":{\"@id\":\"https:\\\/\\\/quehacerpolitico.mx\\\/?p=114964#primaryimage\"},\"image\":{\"@id\":\"https:\\\/\\\/quehacerpolitico.mx\\\/?p=114964#primaryimage\"},\"thumbnailUrl\":\"https:\\\/\\\/quehacerpolitico.mx\\\/wp-content\\\/uploads\\\/2025\\\/02\\\/IMG_0796.jpeg\",\"datePublished\":\"2025-02-25T19:20:48+00:00\",\"dateModified\":\"2025-02-25T19:32:48+00:00\",\"author\":{\"@id\":\"https:\\\/\\\/quehacerpolitico.mx\\\/#\\\/schema\\\/person\\\/496d8ad2d1d3f8036101dca7ee39e585\"},\"breadcrumb\":{\"@id\":\"https:\\\/\\\/quehacerpolitico.mx\\\/?p=114964#breadcrumb\"},\"inLanguage\":\"es\",\"potentialAction\":[{\"@type\":\"ReadAction\",\"target\":[\"https:\\\/\\\/quehacerpolitico.mx\\\/?p=114964\"]}]},{\"@type\":\"ImageObject\",\"inLanguage\":\"es\",\"@id\":\"https:\\\/\\\/quehacerpolitico.mx\\\/?p=114964#primaryimage\",\"url\":\"https:\\\/\\\/quehacerpolitico.mx\\\/wp-content\\\/uploads\\\/2025\\\/02\\\/IMG_0796.jpeg\",\"contentUrl\":\"https:\\\/\\\/quehacerpolitico.mx\\\/wp-content\\\/uploads\\\/2025\\\/02\\\/IMG_0796.jpeg\",\"width\":1284,\"height\":612,\"caption\":\"Screenshot\"},{\"@type\":\"BreadcrumbList\",\"@id\":\"https:\\\/\\\/quehacerpolitico.mx\\\/?p=114964#breadcrumb\",\"itemListElement\":[{\"@type\":\"ListItem\",\"position\":1,\"name\":\"Inicio\",\"item\":\"https:\\\/\\\/quehacerpolitico.mx\\\/\"},{\"@type\":\"ListItem\",\"position\":2,\"name\":\"M\u00e1s que estar cerca o lejos de la captura de Iv\u00e1n Archivaldo Guzm\u00e1n, lo que se ha dado es un \u201cdebilitamiento a las estructuras delictivas\u201d, con la finalidad de que no generen violencia en la entidad: Harfuch\"}]},{\"@type\":\"WebSite\",\"@id\":\"https:\\\/\\\/quehacerpolitico.mx\\\/#website\",\"url\":\"https:\\\/\\\/quehacerpolitico.mx\\\/\",\"name\":\"\",\"description\":\"\",\"potentialAction\":[{\"@type\":\"SearchAction\",\"target\":{\"@type\":\"EntryPoint\",\"urlTemplate\":\"https:\\\/\\\/quehacerpolitico.mx\\\/?s={search_term_string}\"},\"query-input\":{\"@type\":\"PropertyValueSpecification\",\"valueRequired\":true,\"valueName\":\"search_term_string\"}}],\"inLanguage\":\"es\"},{\"@type\":\"Person\",\"@id\":\"https:\\\/\\\/quehacerpolitico.mx\\\/#\\\/schema\\\/person\\\/496d8ad2d1d3f8036101dca7ee39e585\",\"name\":\"Redacci\u00f3n QP\",\"image\":{\"@type\":\"ImageObject\",\"inLanguage\":\"es\",\"@id\":\"https:\\\/\\\/secure.gravatar.com\\\/avatar\\\/c7164ed6fdec453195284ad24a5ae5b6e1eed2b848477fa2a4787ba9adf39a41?s=96&d=mm&r=g\",\"url\":\"https:\\\/\\\/secure.gravatar.com\\\/avatar\\\/c7164ed6fdec453195284ad24a5ae5b6e1eed2b848477fa2a4787ba9adf39a41?s=96&d=mm&r=g\",\"contentUrl\":\"https:\\\/\\\/secure.gravatar.com\\\/avatar\\\/c7164ed6fdec453195284ad24a5ae5b6e1eed2b848477fa2a4787ba9adf39a41?s=96&d=mm&r=g\",\"caption\":\"Redacci\u00f3n QP\"},\"url\":\"https:\\\/\\\/quehacerpolitico.mx\\\/?author=2\"}]}<\/script>\n<!-- \/ Yoast SEO plugin. -->","yoast_head_json":{"title":"M\u00e1s que estar cerca o lejos de la captura de Iv\u00e1n Archivaldo Guzm\u00e1n, lo que se ha dado es un \u201cdebilitamiento a las estructuras delictivas\u201d, con la finalidad de que no generen violencia en la entidad: Harfuch -","robots":{"index":"index","follow":"follow","max-snippet":"max-snippet:-1","max-image-preview":"max-image-preview:large","max-video-preview":"max-video-preview:-1"},"canonical":"https:\/\/quehacerpolitico.mx\/?p=114964","og_locale":"es_MX","og_type":"article","og_title":"M\u00e1s que estar cerca o lejos de la captura de Iv\u00e1n Archivaldo Guzm\u00e1n, lo que se ha dado es un \u201cdebilitamiento a las estructuras delictivas\u201d, con la finalidad de que no generen violencia en la entidad: Harfuch -","og_description":"Por Redacci\u00f3n QP El titular de la SSPC asegur\u00f3 que con los operativos en Sinaloa...","og_url":"https:\/\/quehacerpolitico.mx\/?p=114964","article_published_time":"2025-02-25T19:20:48+00:00","article_modified_time":"2025-02-25T19:32:48+00:00","og_image":[{"width":1284,"height":612,"url":"https:\/\/quehacerpolitico.mx\/wp-content\/uploads\/2025\/02\/IMG_0796.jpeg","type":"image\/jpeg"}],"author":"Redacci\u00f3n QP","twitter_card":"summary_large_image","twitter_misc":{"Escrito por":"Redacci\u00f3n QP","Tiempo de lectura":"4 minutos"},"schema":{"@context":"https:\/\/schema.org","@graph":[{"@type":"Article","@id":"https:\/\/quehacerpolitico.mx\/?p=114964#article","isPartOf":{"@id":"https:\/\/quehacerpolitico.mx\/?p=114964"},"author":{"name":"Redacci\u00f3n QP","@id":"https:\/\/quehacerpolitico.mx\/#\/schema\/person\/496d8ad2d1d3f8036101dca7ee39e585"},"headline":"M\u00e1s que estar cerca o lejos de la captura de Iv\u00e1n Archivaldo Guzm\u00e1n, lo que se ha dado es un \u201cdebilitamiento a las estructuras delictivas\u201d, con la finalidad de que no generen violencia en la entidad: Harfuch","datePublished":"2025-02-25T19:20:48+00:00","dateModified":"2025-02-25T19:32:48+00:00","mainEntityOfPage":{"@id":"https:\/\/quehacerpolitico.mx\/?p=114964"},"wordCount":828,"commentCount":0,"image":{"@id":"https:\/\/quehacerpolitico.mx\/?p=114964#primaryimage"},"thumbnailUrl":"https:\/\/quehacerpolitico.mx\/wp-content\/uploads\/2025\/02\/IMG_0796.jpeg","articleSection":["Nacionales","Noticias"],"inLanguage":"es","potentialAction":[{"@type":"CommentAction","name":"Comment","target":["https:\/\/quehacerpolitico.mx\/?p=114964#respond"]}]},{"@type":"WebPage","@id":"https:\/\/quehacerpolitico.mx\/?p=114964","url":"https:\/\/quehacerpolitico.mx\/?p=114964","name":"M\u00e1s que estar cerca o lejos de la captura de Iv\u00e1n Archivaldo Guzm\u00e1n, lo que se ha dado es un \u201cdebilitamiento a las estructuras delictivas\u201d, con la finalidad de que no generen violencia en la entidad: Harfuch -","isPartOf":{"@id":"https:\/\/quehacerpolitico.mx\/#website"},"primaryImageOfPage":{"@id":"https:\/\/quehacerpolitico.mx\/?p=114964#primaryimage"},"image":{"@id":"https:\/\/quehacerpolitico.mx\/?p=114964#primaryimage"},"thumbnailUrl":"https:\/\/quehacerpolitico.mx\/wp-content\/uploads\/2025\/02\/IMG_0796.jpeg","datePublished":"2025-02-25T19:20:48+00:00","dateModified":"2025-02-25T19:32:48+00:00","author":{"@id":"https:\/\/quehacerpolitico.mx\/#\/schema\/person\/496d8ad2d1d3f8036101dca7ee39e585"},"breadcrumb":{"@id":"https:\/\/quehacerpolitico.mx\/?p=114964#breadcrumb"},"inLanguage":"es","potentialAction":[{"@type":"ReadAction","target":["https:\/\/quehacerpolitico.mx\/?p=114964"]}]},{"@type":"ImageObject","inLanguage":"es","@id":"https:\/\/quehacerpolitico.mx\/?p=114964#primaryimage","url":"https:\/\/quehacerpolitico.mx\/wp-content\/uploads\/2025\/02\/IMG_0796.jpeg","contentUrl":"https:\/\/quehacerpolitico.mx\/wp-content\/uploads\/2025\/02\/IMG_0796.jpeg","width":1284,"height":612,"caption":"Screenshot"},{"@type":"BreadcrumbList","@id":"https:\/\/quehacerpolitico.mx\/?p=114964#breadcrumb","itemListElement":[{"@type":"ListItem","position":1,"name":"Inicio","item":"https:\/\/quehacerpolitico.mx\/"},{"@type":"ListItem","position":2,"name":"M\u00e1s que estar cerca o lejos de la captura de Iv\u00e1n Archivaldo Guzm\u00e1n, lo que se ha dado es un \u201cdebilitamiento a las estructuras delictivas\u201d, con la finalidad de que no generen violencia en la entidad: Harfuch"}]},{"@type":"WebSite","@id":"https:\/\/quehacerpolitico.mx\/#website","url":"https:\/\/quehacerpolitico.mx\/","name":"","description":"","potentialAction":[{"@type":"SearchAction","target":{"@type":"EntryPoint","urlTemplate":"https:\/\/quehacerpolitico.mx\/?s={search_term_string}"},"query-input":{"@type":"PropertyValueSpecification","valueRequired":true,"valueName":"search_term_string"}}],"inLanguage":"es"},{"@type":"Person","@id":"https:\/\/quehacerpolitico.mx\/#\/schema\/person\/496d8ad2d1d3f8036101dca7ee39e585","name":"Redacci\u00f3n QP","image":{"@type":"ImageObject","inLanguage":"es","@id":"https:\/\/secure.gravatar.com\/avatar\/c7164ed6fdec453195284ad24a5ae5b6e1eed2b848477fa2a4787ba9adf39a41?s=96&d=mm&r=g","url":"https:\/\/secure.gravatar.com\/avatar\/c7164ed6fdec453195284ad24a5ae5b6e1eed2b848477fa2a4787ba9adf39a41?s=96&d=mm&r=g","contentUrl":"https:\/\/secure.gravatar.com\/avatar\/c7164ed6fdec453195284ad24a5ae5b6e1eed2b848477fa2a4787ba9adf39a41?s=96&d=mm&r=g","caption":"Redacci\u00f3n QP"},"url":"https:\/\/quehacerpolitico.mx\/?author=2"}]}},"featured_image_urls":{"full":["https:\/\/quehacerpolitico.mx\/wp-content\/uploads\/2025\/02\/IMG_0796.jpeg",1284,612,false],"thumbnail":["https:\/\/quehacerpolitico.mx\/wp-content\/uploads\/2025\/02\/IMG_0796-150x150.jpeg",150,150,true],"medium":["https:\/\/quehacerpolitico.mx\/wp-content\/uploads\/2025\/02\/IMG_0796-300x143.jpeg",300,143,true],"medium_large":["https:\/\/quehacerpolitico.mx\/wp-content\/uploads\/2025\/02\/IMG_0796-768x366.jpeg",640,305,true],"large":["https:\/\/quehacerpolitico.mx\/wp-content\/uploads\/2025\/02\/IMG_0796-1024x488.jpeg",640,305,true],"1536x1536":["https:\/\/quehacerpolitico.mx\/wp-content\/uploads\/2025\/02\/IMG_0796.jpeg",1284,612,false],"2048x2048":["https:\/\/quehacerpolitico.mx\/wp-content\/uploads\/2025\/02\/IMG_0796.jpeg",1284,612,false],"covernews-featured":["https:\/\/quehacerpolitico.mx\/wp-content\/uploads\/2025\/02\/IMG_0796-1024x488.jpeg",1024,488,true],"covernews-medium":["https:\/\/quehacerpolitico.mx\/wp-content\/uploads\/2025\/02\/IMG_0796-540x340.jpeg",540,340,true]},"author_info":{"display_name":"Redacci\u00f3n QP","author_link":"https:\/\/quehacerpolitico.mx\/?author=2"},"category_info":"<a href=\"https:\/\/quehacerpolitico.mx\/?cat=280\" rel=\"category\">Nacionales<\/a> <a href=\"https:\/\/quehacerpolitico.mx\/?cat=2\" rel=\"category\">Noticias<\/a>","tag_info":"Noticias","comment_count":"0","_links":{"self":[{"href":"https:\/\/quehacerpolitico.mx\/index.php?rest_route=\/wp\/v2\/posts\/114964","targetHints":{"allow":["GET"]}}],"collection":[{"href":"https:\/\/quehacerpolitico.mx\/index.php?rest_route=\/wp\/v2\/posts"}],"about":[{"href":"https:\/\/quehacerpolitico.mx\/index.php?rest_route=\/wp\/v2\/types\/post"}],"author":[{"embeddable":true,"href":"https:\/\/quehacerpolitico.mx\/index.php?rest_route=\/wp\/v2\/users\/2"}],"replies":[{"embeddable":true,"href":"https:\/\/quehacerpolitico.mx\/index.php?rest_route=%2Fwp%2Fv2%2Fcomments&post=114964"}],"version-history":[{"count":2,"href":"https:\/\/quehacerpolitico.mx\/index.php?rest_route=\/wp\/v2\/posts\/114964\/revisions"}],"predecessor-version":[{"id":114967,"href":"https:\/\/quehacerpolitico.mx\/index.php?rest_route=\/wp\/v2\/posts\/114964\/revisions\/114967"}],"wp:featuredmedia":[{"embeddable":true,"href":"https:\/\/quehacerpolitico.mx\/index.php?rest_route=\/wp\/v2\/media\/114965"}],"wp:attachment":[{"href":"https:\/\/quehacerpolitico.mx\/index.php?rest_route=%2Fwp%2Fv2%2Fmedia&parent=114964"}],"wp:term":[{"taxonomy":"category","embeddable":true,"href":"https:\/\/quehacerpolitico.mx\/index.php?rest_route=%2Fwp%2Fv2%2Fcategories&post=114964"},{"taxonomy":"post_tag","embeddable":true,"href":"https:\/\/quehacerpolitico.mx\/index.php?rest_route=%2Fwp%2Fv2%2Ftags&post=114964"}],"curies":[{"name":"wp","href":"https:\/\/api.w.org\/{rel}","templated":true}]}}