{"id":114960,"date":"2025-02-25T12:47:02","date_gmt":"2025-02-25T18:47:02","guid":{"rendered":"https:\/\/quehacerpolitico.mx\/?p=114960"},"modified":"2025-02-25T12:47:08","modified_gmt":"2025-02-25T18:47:08","slug":"confia-sheinbaum-en-lograr-un-acuerdo-con-eu-sobre-los-aranceles-hay-que-tener-cabeza-fria-y-no-tomar-frases-aisladas-afirma-sobre-las-declaraciones-de-trump-de-que-los-aranceles-avanzan-segun-lo","status":"publish","type":"post","link":"https:\/\/quehacerpolitico.mx\/?p=114960","title":{"rendered":"Conf\u00eda Sheinbaum en lograr un acuerdo con EU sobre los aranceles &#8220;Hay que tener cabeza fr\u00eda y no tomar frases aisladas&#8221;, afirma sobre las declaraciones de Trump de que los aranceles avanzan seg\u00fan lo previsto"},"content":{"rendered":"\n<p>Por Redacci\u00f3n QP<\/p>\n\n\n\n<p>Explic\u00f3 que &#8220;nosotros no tenemos ninguna tarifa entre Estados Unidos y M\u00e9xico. Entonces, si vamos al tema de reciprocidad, pues quedar\u00edamos como estamos ahora&#8221;<\/p>\n\n\n\n<p>La presidenta&nbsp;<strong>Claudia Sheinbaum&nbsp;<\/strong>confi\u00f3 en que habr\u00e1 un acuerdo con&nbsp;<strong>Donald Trump&nbsp;<\/strong>sobre los&nbsp;<strong>aranceles&nbsp;<\/strong>en la llamada que sostendr\u00e1n esta semana y dijo confiar en que&nbsp;<strong>no se aplicar\u00e1n<\/strong>, considerando que el mandatario estadounidense ha estado hablando de&nbsp;<strong>reciprocidad<\/strong>.<\/p>\n\n\n\n<p>Explic\u00f3 que&nbsp;&#8220;si los productos norteamericanos, al entrar a Europa, tienen un impuesto, una tarifa, pues entonces \u00e9l dice &#8216;en reciprocidad Estados Unidos le va a poner una tarifa&#8217;;&nbsp;<strong>nosotros no tenemos ninguna tarifa entre Estados Unidos y M\u00e9xico<\/strong>. Entonces, si vamos al tema de reciprocidad, pues&nbsp;<strong>quedar\u00edamos como estamos ahora<\/strong>&#8220;.<\/p>\n\n\n\n<figure class=\"wp-block-embed is-type-rich is-provider-twitter wp-block-embed-twitter\"><div class=\"wp-block-embed__wrapper\">\n<blockquote class=\"twitter-tweet\" data-width=\"550\" data-dnt=\"true\"><p lang=\"es\" dir=\"ltr\">Conf\u00eda <a href=\"https:\/\/twitter.com\/Claudiashein?ref_src=twsrc%5Etfw\">@Claudiashein<\/a> en lograr un acuerdo con <a href=\"https:\/\/twitter.com\/hashtag\/EU?src=hash&amp;ref_src=twsrc%5Etfw\">#EU<\/a> sobre los aranceles.<br><br>&quot;Hay que tener cabeza fr\u00eda y no tomar frases aisladas&quot;, afirma sobre las declaraciones de <a href=\"https:\/\/twitter.com\/hashtag\/DonaldTrump?src=hash&amp;ref_src=twsrc%5Etfw\">#DonaldTrump<\/a> de que los aranceles avanzan seg\u00fan lo previsto. <a href=\"https:\/\/t.co\/7Tg9lrhk1e\">pic.twitter.com\/7Tg9lrhk1e<\/a><\/p>&mdash; Manuel Lopez San Martin (@MLopezSanMartin) <a href=\"https:\/\/twitter.com\/MLopezSanMartin\/status\/1894407531507700025?ref_src=twsrc%5Etfw\">February 25, 2025<\/a><\/blockquote><script async src=\"https:\/\/platform.twitter.com\/widgets.js\" charset=\"utf-8\"><\/script>\n<\/div><\/figure>\n\n\n\n<p>La mandataria dijo que &#8220;hay que revisar todo lo que dice el presidente Trump, por eso siempre digo que hay que tener cabeza fr\u00eda y no tomar las frases aisladas&#8221;. Y agreg\u00f3: &#8220;<strong>Evidentemente tiene que cerrarse el acuerdo<\/strong>&#8220;.<\/p>\n\n\n\n<p>Precis\u00f3 que&nbsp;<strong>los di\u00e1logos con Estados Unidos contin\u00faan en materia de comercio y de seguridad&nbsp;<\/strong>en tanto se mantiene la suspensi\u00f3n de&nbsp;<strong>25% de aranceles&nbsp;<\/strong>impuestos por el presidente Trump el 1 de febrero, y cuyo plazo para entrar en vigor tras vencer la pausa es el&nbsp;<strong>4 de marzo<\/strong>.<\/p>\n\n\n\n<p>\u201cEntonces, vamos a esperar hasta que se cierre este ciclo&nbsp;<strong>esperando tener un acuerdo con Estados Unidos<\/strong>. Esperamos que podamos dar esta llamada para para poder cerrar el acuerdo. Todav\u00eda no tenemos fecha\u201d, dijo.<\/p>\n","protected":false},"excerpt":{"rendered":"<p>Por Redacci\u00f3n QP Explic\u00f3 que &#8220;nosotros no tenemos ninguna tarifa entre Estados Unidos y M\u00e9xico&#8230;.<\/p>\n","protected":false},"author":2,"featured_media":114961,"comment_status":"open","ping_status":"open","sticky":false,"template":"","format":"standard","meta":{"_monsterinsights_skip_tracking":false,"_monsterinsights_sitenote_active":false,"_monsterinsights_sitenote_note":"","_monsterinsights_sitenote_category":0,"footnotes":""},"categories":[280,2],"tags":[],"class_list":["post-114960","post","type-post","status-publish","format-standard","has-post-thumbnail","hentry","category-nacionales","category-noticias"],"yoast_head":"<!-- This site is optimized with the Yoast SEO plugin v27.3 - https:\/\/yoast.com\/product\/yoast-seo-wordpress\/ -->\n<title>Conf\u00eda Sheinbaum en lograr un acuerdo con EU sobre los aranceles &quot;Hay que tener cabeza fr\u00eda y no tomar frases aisladas&quot;, afirma sobre las declaraciones de Trump de que los aranceles avanzan seg\u00fan lo previsto -<\/title>\n<meta name=\"robots\" content=\"index, follow, max-snippet:-1, max-image-preview:large, max-video-preview:-1\" \/>\n<link rel=\"canonical\" href=\"https:\/\/quehacerpolitico.mx\/?p=114960\" \/>\n<meta property=\"og:locale\" content=\"es_MX\" \/>\n<meta property=\"og:type\" content=\"article\" \/>\n<meta property=\"og:title\" content=\"Conf\u00eda Sheinbaum en lograr un acuerdo con EU sobre los aranceles &quot;Hay que tener cabeza fr\u00eda y no tomar frases aisladas&quot;, afirma sobre las declaraciones de Trump de que los aranceles avanzan seg\u00fan lo previsto -\" \/>\n<meta property=\"og:description\" content=\"Por Redacci\u00f3n QP Explic\u00f3 que &#8220;nosotros no tenemos ninguna tarifa entre Estados Unidos y M\u00e9xico....\" \/>\n<meta property=\"og:url\" content=\"https:\/\/quehacerpolitico.mx\/?p=114960\" \/>\n<meta property=\"article:published_time\" content=\"2025-02-25T18:47:02+00:00\" \/>\n<meta property=\"article:modified_time\" content=\"2025-02-25T18:47:08+00:00\" \/>\n<meta property=\"og:image\" content=\"https:\/\/quehacerpolitico.mx\/wp-content\/uploads\/2025\/02\/IMG_0792.jpeg\" \/>\n\t<meta property=\"og:image:width\" content=\"1284\" \/>\n\t<meta property=\"og:image:height\" content=\"710\" \/>\n\t<meta property=\"og:image:type\" content=\"image\/jpeg\" \/>\n<meta name=\"author\" content=\"Redacci\u00f3n QP\" \/>\n<meta name=\"twitter:card\" content=\"summary_large_image\" \/>\n<meta name=\"twitter:label1\" content=\"Escrito por\" \/>\n\t<meta name=\"twitter:data1\" content=\"Redacci\u00f3n QP\" \/>\n\t<meta name=\"twitter:label2\" content=\"Tiempo de lectura\" \/>\n\t<meta name=\"twitter:data2\" content=\"1 minuto\" \/>\n<script type=\"application\/ld+json\" class=\"yoast-schema-graph\">{\"@context\":\"https:\\\/\\\/schema.org\",\"@graph\":[{\"@type\":\"Article\",\"@id\":\"https:\\\/\\\/quehacerpolitico.mx\\\/?p=114960#article\",\"isPartOf\":{\"@id\":\"https:\\\/\\\/quehacerpolitico.mx\\\/?p=114960\"},\"author\":{\"name\":\"Redacci\u00f3n QP\",\"@id\":\"https:\\\/\\\/quehacerpolitico.mx\\\/#\\\/schema\\\/person\\\/496d8ad2d1d3f8036101dca7ee39e585\"},\"headline\":\"Conf\u00eda Sheinbaum en lograr un acuerdo con EU sobre los aranceles &#8220;Hay que tener cabeza fr\u00eda y no tomar frases aisladas&#8221;, afirma sobre las declaraciones de Trump de que los aranceles avanzan seg\u00fan lo previsto\",\"datePublished\":\"2025-02-25T18:47:02+00:00\",\"dateModified\":\"2025-02-25T18:47:08+00:00\",\"mainEntityOfPage\":{\"@id\":\"https:\\\/\\\/quehacerpolitico.mx\\\/?p=114960\"},\"wordCount\":316,\"commentCount\":0,\"image\":{\"@id\":\"https:\\\/\\\/quehacerpolitico.mx\\\/?p=114960#primaryimage\"},\"thumbnailUrl\":\"https:\\\/\\\/quehacerpolitico.mx\\\/wp-content\\\/uploads\\\/2025\\\/02\\\/IMG_0792.jpeg\",\"articleSection\":[\"Nacionales\",\"Noticias\"],\"inLanguage\":\"es\",\"potentialAction\":[{\"@type\":\"CommentAction\",\"name\":\"Comment\",\"target\":[\"https:\\\/\\\/quehacerpolitico.mx\\\/?p=114960#respond\"]}]},{\"@type\":\"WebPage\",\"@id\":\"https:\\\/\\\/quehacerpolitico.mx\\\/?p=114960\",\"url\":\"https:\\\/\\\/quehacerpolitico.mx\\\/?p=114960\",\"name\":\"Conf\u00eda Sheinbaum en lograr un acuerdo con EU sobre los aranceles \\\"Hay que tener cabeza fr\u00eda y no tomar frases aisladas\\\", afirma sobre las declaraciones de Trump de que los aranceles avanzan seg\u00fan lo previsto -\",\"isPartOf\":{\"@id\":\"https:\\\/\\\/quehacerpolitico.mx\\\/#website\"},\"primaryImageOfPage\":{\"@id\":\"https:\\\/\\\/quehacerpolitico.mx\\\/?p=114960#primaryimage\"},\"image\":{\"@id\":\"https:\\\/\\\/quehacerpolitico.mx\\\/?p=114960#primaryimage\"},\"thumbnailUrl\":\"https:\\\/\\\/quehacerpolitico.mx\\\/wp-content\\\/uploads\\\/2025\\\/02\\\/IMG_0792.jpeg\",\"datePublished\":\"2025-02-25T18:47:02+00:00\",\"dateModified\":\"2025-02-25T18:47:08+00:00\",\"author\":{\"@id\":\"https:\\\/\\\/quehacerpolitico.mx\\\/#\\\/schema\\\/person\\\/496d8ad2d1d3f8036101dca7ee39e585\"},\"breadcrumb\":{\"@id\":\"https:\\\/\\\/quehacerpolitico.mx\\\/?p=114960#breadcrumb\"},\"inLanguage\":\"es\",\"potentialAction\":[{\"@type\":\"ReadAction\",\"target\":[\"https:\\\/\\\/quehacerpolitico.mx\\\/?p=114960\"]}]},{\"@type\":\"ImageObject\",\"inLanguage\":\"es\",\"@id\":\"https:\\\/\\\/quehacerpolitico.mx\\\/?p=114960#primaryimage\",\"url\":\"https:\\\/\\\/quehacerpolitico.mx\\\/wp-content\\\/uploads\\\/2025\\\/02\\\/IMG_0792.jpeg\",\"contentUrl\":\"https:\\\/\\\/quehacerpolitico.mx\\\/wp-content\\\/uploads\\\/2025\\\/02\\\/IMG_0792.jpeg\",\"width\":1284,\"height\":710,\"caption\":\"Screenshot\"},{\"@type\":\"BreadcrumbList\",\"@id\":\"https:\\\/\\\/quehacerpolitico.mx\\\/?p=114960#breadcrumb\",\"itemListElement\":[{\"@type\":\"ListItem\",\"position\":1,\"name\":\"Inicio\",\"item\":\"https:\\\/\\\/quehacerpolitico.mx\\\/\"},{\"@type\":\"ListItem\",\"position\":2,\"name\":\"Conf\u00eda Sheinbaum en lograr un acuerdo con EU sobre los aranceles &#8220;Hay que tener cabeza fr\u00eda y no tomar frases aisladas&#8221;, afirma sobre las declaraciones de Trump de que los aranceles avanzan seg\u00fan lo previsto\"}]},{\"@type\":\"WebSite\",\"@id\":\"https:\\\/\\\/quehacerpolitico.mx\\\/#website\",\"url\":\"https:\\\/\\\/quehacerpolitico.mx\\\/\",\"name\":\"\",\"description\":\"\",\"potentialAction\":[{\"@type\":\"SearchAction\",\"target\":{\"@type\":\"EntryPoint\",\"urlTemplate\":\"https:\\\/\\\/quehacerpolitico.mx\\\/?s={search_term_string}\"},\"query-input\":{\"@type\":\"PropertyValueSpecification\",\"valueRequired\":true,\"valueName\":\"search_term_string\"}}],\"inLanguage\":\"es\"},{\"@type\":\"Person\",\"@id\":\"https:\\\/\\\/quehacerpolitico.mx\\\/#\\\/schema\\\/person\\\/496d8ad2d1d3f8036101dca7ee39e585\",\"name\":\"Redacci\u00f3n QP\",\"image\":{\"@type\":\"ImageObject\",\"inLanguage\":\"es\",\"@id\":\"https:\\\/\\\/secure.gravatar.com\\\/avatar\\\/c7164ed6fdec453195284ad24a5ae5b6e1eed2b848477fa2a4787ba9adf39a41?s=96&d=mm&r=g\",\"url\":\"https:\\\/\\\/secure.gravatar.com\\\/avatar\\\/c7164ed6fdec453195284ad24a5ae5b6e1eed2b848477fa2a4787ba9adf39a41?s=96&d=mm&r=g\",\"contentUrl\":\"https:\\\/\\\/secure.gravatar.com\\\/avatar\\\/c7164ed6fdec453195284ad24a5ae5b6e1eed2b848477fa2a4787ba9adf39a41?s=96&d=mm&r=g\",\"caption\":\"Redacci\u00f3n QP\"},\"url\":\"https:\\\/\\\/quehacerpolitico.mx\\\/?author=2\"}]}<\/script>\n<!-- \/ Yoast SEO plugin. -->","yoast_head_json":{"title":"Conf\u00eda Sheinbaum en lograr un acuerdo con EU sobre los aranceles \"Hay que tener cabeza fr\u00eda y no tomar frases aisladas\", afirma sobre las declaraciones de Trump de que los aranceles avanzan seg\u00fan lo previsto -","robots":{"index":"index","follow":"follow","max-snippet":"max-snippet:-1","max-image-preview":"max-image-preview:large","max-video-preview":"max-video-preview:-1"},"canonical":"https:\/\/quehacerpolitico.mx\/?p=114960","og_locale":"es_MX","og_type":"article","og_title":"Conf\u00eda Sheinbaum en lograr un acuerdo con EU sobre los aranceles \"Hay que tener cabeza fr\u00eda y no tomar frases aisladas\", afirma sobre las declaraciones de Trump de que los aranceles avanzan seg\u00fan lo previsto -","og_description":"Por Redacci\u00f3n QP Explic\u00f3 que &#8220;nosotros no tenemos ninguna tarifa entre Estados Unidos y M\u00e9xico....","og_url":"https:\/\/quehacerpolitico.mx\/?p=114960","article_published_time":"2025-02-25T18:47:02+00:00","article_modified_time":"2025-02-25T18:47:08+00:00","og_image":[{"width":1284,"height":710,"url":"https:\/\/quehacerpolitico.mx\/wp-content\/uploads\/2025\/02\/IMG_0792.jpeg","type":"image\/jpeg"}],"author":"Redacci\u00f3n QP","twitter_card":"summary_large_image","twitter_misc":{"Escrito por":"Redacci\u00f3n QP","Tiempo de lectura":"1 minuto"},"schema":{"@context":"https:\/\/schema.org","@graph":[{"@type":"Article","@id":"https:\/\/quehacerpolitico.mx\/?p=114960#article","isPartOf":{"@id":"https:\/\/quehacerpolitico.mx\/?p=114960"},"author":{"name":"Redacci\u00f3n QP","@id":"https:\/\/quehacerpolitico.mx\/#\/schema\/person\/496d8ad2d1d3f8036101dca7ee39e585"},"headline":"Conf\u00eda Sheinbaum en lograr un acuerdo con EU sobre los aranceles &#8220;Hay que tener cabeza fr\u00eda y no tomar frases aisladas&#8221;, afirma sobre las declaraciones de Trump de que los aranceles avanzan seg\u00fan lo previsto","datePublished":"2025-02-25T18:47:02+00:00","dateModified":"2025-02-25T18:47:08+00:00","mainEntityOfPage":{"@id":"https:\/\/quehacerpolitico.mx\/?p=114960"},"wordCount":316,"commentCount":0,"image":{"@id":"https:\/\/quehacerpolitico.mx\/?p=114960#primaryimage"},"thumbnailUrl":"https:\/\/quehacerpolitico.mx\/wp-content\/uploads\/2025\/02\/IMG_0792.jpeg","articleSection":["Nacionales","Noticias"],"inLanguage":"es","potentialAction":[{"@type":"CommentAction","name":"Comment","target":["https:\/\/quehacerpolitico.mx\/?p=114960#respond"]}]},{"@type":"WebPage","@id":"https:\/\/quehacerpolitico.mx\/?p=114960","url":"https:\/\/quehacerpolitico.mx\/?p=114960","name":"Conf\u00eda Sheinbaum en lograr un acuerdo con EU sobre los aranceles \"Hay que tener cabeza fr\u00eda y no tomar frases aisladas\", afirma sobre las declaraciones de Trump de que los aranceles avanzan seg\u00fan lo previsto -","isPartOf":{"@id":"https:\/\/quehacerpolitico.mx\/#website"},"primaryImageOfPage":{"@id":"https:\/\/quehacerpolitico.mx\/?p=114960#primaryimage"},"image":{"@id":"https:\/\/quehacerpolitico.mx\/?p=114960#primaryimage"},"thumbnailUrl":"https:\/\/quehacerpolitico.mx\/wp-content\/uploads\/2025\/02\/IMG_0792.jpeg","datePublished":"2025-02-25T18:47:02+00:00","dateModified":"2025-02-25T18:47:08+00:00","author":{"@id":"https:\/\/quehacerpolitico.mx\/#\/schema\/person\/496d8ad2d1d3f8036101dca7ee39e585"},"breadcrumb":{"@id":"https:\/\/quehacerpolitico.mx\/?p=114960#breadcrumb"},"inLanguage":"es","potentialAction":[{"@type":"ReadAction","target":["https:\/\/quehacerpolitico.mx\/?p=114960"]}]},{"@type":"ImageObject","inLanguage":"es","@id":"https:\/\/quehacerpolitico.mx\/?p=114960#primaryimage","url":"https:\/\/quehacerpolitico.mx\/wp-content\/uploads\/2025\/02\/IMG_0792.jpeg","contentUrl":"https:\/\/quehacerpolitico.mx\/wp-content\/uploads\/2025\/02\/IMG_0792.jpeg","width":1284,"height":710,"caption":"Screenshot"},{"@type":"BreadcrumbList","@id":"https:\/\/quehacerpolitico.mx\/?p=114960#breadcrumb","itemListElement":[{"@type":"ListItem","position":1,"name":"Inicio","item":"https:\/\/quehacerpolitico.mx\/"},{"@type":"ListItem","position":2,"name":"Conf\u00eda Sheinbaum en lograr un acuerdo con EU sobre los aranceles &#8220;Hay que tener cabeza fr\u00eda y no tomar frases aisladas&#8221;, afirma sobre las declaraciones de Trump de que los aranceles avanzan seg\u00fan lo previsto"}]},{"@type":"WebSite","@id":"https:\/\/quehacerpolitico.mx\/#website","url":"https:\/\/quehacerpolitico.mx\/","name":"","description":"","potentialAction":[{"@type":"SearchAction","target":{"@type":"EntryPoint","urlTemplate":"https:\/\/quehacerpolitico.mx\/?s={search_term_string}"},"query-input":{"@type":"PropertyValueSpecification","valueRequired":true,"valueName":"search_term_string"}}],"inLanguage":"es"},{"@type":"Person","@id":"https:\/\/quehacerpolitico.mx\/#\/schema\/person\/496d8ad2d1d3f8036101dca7ee39e585","name":"Redacci\u00f3n QP","image":{"@type":"ImageObject","inLanguage":"es","@id":"https:\/\/secure.gravatar.com\/avatar\/c7164ed6fdec453195284ad24a5ae5b6e1eed2b848477fa2a4787ba9adf39a41?s=96&d=mm&r=g","url":"https:\/\/secure.gravatar.com\/avatar\/c7164ed6fdec453195284ad24a5ae5b6e1eed2b848477fa2a4787ba9adf39a41?s=96&d=mm&r=g","contentUrl":"https:\/\/secure.gravatar.com\/avatar\/c7164ed6fdec453195284ad24a5ae5b6e1eed2b848477fa2a4787ba9adf39a41?s=96&d=mm&r=g","caption":"Redacci\u00f3n QP"},"url":"https:\/\/quehacerpolitico.mx\/?author=2"}]}},"featured_image_urls":{"full":["https:\/\/quehacerpolitico.mx\/wp-content\/uploads\/2025\/02\/IMG_0792.jpeg",1284,710,false],"thumbnail":["https:\/\/quehacerpolitico.mx\/wp-content\/uploads\/2025\/02\/IMG_0792-150x150.jpeg",150,150,true],"medium":["https:\/\/quehacerpolitico.mx\/wp-content\/uploads\/2025\/02\/IMG_0792-300x166.jpeg",300,166,true],"medium_large":["https:\/\/quehacerpolitico.mx\/wp-content\/uploads\/2025\/02\/IMG_0792-768x425.jpeg",640,354,true],"large":["https:\/\/quehacerpolitico.mx\/wp-content\/uploads\/2025\/02\/IMG_0792-1024x566.jpeg",640,354,true],"1536x1536":["https:\/\/quehacerpolitico.mx\/wp-content\/uploads\/2025\/02\/IMG_0792.jpeg",1284,710,false],"2048x2048":["https:\/\/quehacerpolitico.mx\/wp-content\/uploads\/2025\/02\/IMG_0792.jpeg",1284,710,false],"covernews-featured":["https:\/\/quehacerpolitico.mx\/wp-content\/uploads\/2025\/02\/IMG_0792-1024x566.jpeg",1024,566,true],"covernews-medium":["https:\/\/quehacerpolitico.mx\/wp-content\/uploads\/2025\/02\/IMG_0792-540x340.jpeg",540,340,true]},"author_info":{"display_name":"Redacci\u00f3n QP","author_link":"https:\/\/quehacerpolitico.mx\/?author=2"},"category_info":"<a href=\"https:\/\/quehacerpolitico.mx\/?cat=280\" rel=\"category\">Nacionales<\/a> <a href=\"https:\/\/quehacerpolitico.mx\/?cat=2\" rel=\"category\">Noticias<\/a>","tag_info":"Noticias","comment_count":"0","_links":{"self":[{"href":"https:\/\/quehacerpolitico.mx\/index.php?rest_route=\/wp\/v2\/posts\/114960","targetHints":{"allow":["GET"]}}],"collection":[{"href":"https:\/\/quehacerpolitico.mx\/index.php?rest_route=\/wp\/v2\/posts"}],"about":[{"href":"https:\/\/quehacerpolitico.mx\/index.php?rest_route=\/wp\/v2\/types\/post"}],"author":[{"embeddable":true,"href":"https:\/\/quehacerpolitico.mx\/index.php?rest_route=\/wp\/v2\/users\/2"}],"replies":[{"embeddable":true,"href":"https:\/\/quehacerpolitico.mx\/index.php?rest_route=%2Fwp%2Fv2%2Fcomments&post=114960"}],"version-history":[{"count":2,"href":"https:\/\/quehacerpolitico.mx\/index.php?rest_route=\/wp\/v2\/posts\/114960\/revisions"}],"predecessor-version":[{"id":114963,"href":"https:\/\/quehacerpolitico.mx\/index.php?rest_route=\/wp\/v2\/posts\/114960\/revisions\/114963"}],"wp:featuredmedia":[{"embeddable":true,"href":"https:\/\/quehacerpolitico.mx\/index.php?rest_route=\/wp\/v2\/media\/114961"}],"wp:attachment":[{"href":"https:\/\/quehacerpolitico.mx\/index.php?rest_route=%2Fwp%2Fv2%2Fmedia&parent=114960"}],"wp:term":[{"taxonomy":"category","embeddable":true,"href":"https:\/\/quehacerpolitico.mx\/index.php?rest_route=%2Fwp%2Fv2%2Fcategories&post=114960"},{"taxonomy":"post_tag","embeddable":true,"href":"https:\/\/quehacerpolitico.mx\/index.php?rest_route=%2Fwp%2Fv2%2Ftags&post=114960"}],"curies":[{"name":"wp","href":"https:\/\/api.w.org\/{rel}","templated":true}]}}