{"id":114942,"date":"2025-02-24T13:47:46","date_gmt":"2025-02-24T19:47:46","guid":{"rendered":"https:\/\/quehacerpolitico.mx\/?p=114942"},"modified":"2025-02-24T13:47:48","modified_gmt":"2025-02-24T19:47:48","slug":"antes-se-arrodillaban-ante-gobiernos-extranjeros-desde-que-llego-la-transformacion-al-gobierno-es-claro-que-reivindicamos-que-a-mexico-se-le-respetasheinbaum","status":"publish","type":"post","link":"https:\/\/quehacerpolitico.mx\/?p=114942","title":{"rendered":"&#8220;Antes se arrodillaban ante gobiernos extranjeros (\u2026) Desde que lleg\u00f3 la transformaci\u00f3n al gobierno es claro que reivindicamos que a M\u00e9xico se le respeta&#8221;:Sheinbaum"},"content":{"rendered":"\n<p>Por Redacci\u00f3n QP<\/p>\n\n\n\n<p>En el evento estuvieron presentes funcionarios de su gabinete y representantes del Poder Ejecutivo, mas no la presidenta de la Suprema Corte, Norma Pi\u00f1a<\/p>\n\n\n\n<p>Al resaltar que present\u00f3 al&nbsp;<strong>Congreso de la Uni\u00f3n&nbsp;<\/strong>una iniciativa para establecer en la Constituci\u00f3n el delito de&nbsp;<strong>terrorismo&nbsp;<\/strong>por cualquier&nbsp;<strong>acto de intervenci\u00f3n en M\u00e9xico<\/strong>, la presidenta&nbsp;<strong>Claudia Sheinbaum&nbsp;<\/strong>afirm\u00f3 que \u201cya no es como antes, que los gobiernos se arrodillaban ante gobiernos extranjeros\u201d.<\/p>\n\n\n\n<p>En el&nbsp;<strong>Campo Marte&nbsp;<\/strong>con motivo del&nbsp;<strong>D\u00eda de la Bandera<\/strong>, la presidenta encabez\u00f3 una ceremonia oficial que fue transmitida en directo a 920 escuelas del pa\u00eds, 80 de ellas en la Ciudad de M\u00e9xico, para&nbsp;<strong>tomar protesta a las escoltas del l\u00e1baro patrio<\/strong>.<\/p>\n\n\n\n<figure class=\"wp-block-image size-large\"><img loading=\"lazy\" decoding=\"async\" width=\"1024\" height=\"681\" src=\"https:\/\/quehacerpolitico.mx\/wp-content\/uploads\/2025\/02\/image-43-1024x681.jpeg\" alt=\"\" class=\"wp-image-114944\" srcset=\"https:\/\/quehacerpolitico.mx\/wp-content\/uploads\/2025\/02\/image-43-1024x681.jpeg 1024w, https:\/\/quehacerpolitico.mx\/wp-content\/uploads\/2025\/02\/image-43-300x200.jpeg 300w, https:\/\/quehacerpolitico.mx\/wp-content\/uploads\/2025\/02\/image-43-768x511.jpeg 768w, https:\/\/quehacerpolitico.mx\/wp-content\/uploads\/2025\/02\/image-43-1536x1022.jpeg 1536w, https:\/\/quehacerpolitico.mx\/wp-content\/uploads\/2025\/02\/image-43.jpeg 2048w\" sizes=\"auto, (max-width: 1024px) 100vw, 1024px\" \/><\/figure>\n\n\n\n<p>Ah\u00ed se refiri\u00f3 a la iniciativa de reforma constitucional a los&nbsp;<strong>art\u00edculos 91 y 40&nbsp;<\/strong>para establecer que M\u00e9xico, bajo ninguna circunstancia,&nbsp;<strong>aceptar\u00e1 intromisiones, intervenciones o cualquier otro acto desde el extranjero&nbsp;<\/strong>que sea lesivo de la integridad y soberan\u00eda del pa\u00eds, como golpes de Estado, la injerencia en elecciones o la violaci\u00f3n del territorio mexicano, ya sea por&nbsp;<strong>aire, mar o tierra<\/strong>.<\/p>\n\n\n\n<p>\u201cYa no es como antes, que los gobiernos se arrodillaban ante gobiernos extranjeros, o que miraban fuera como ejemplos a seguir. Ahora no. Desde que lleg\u00f3 la transformaci\u00f3n al gobierno, es claro que&nbsp;<strong>reivindicamos que a M\u00e9xico se le respeta<\/strong>, que no somos colonia ni protectorado de ning\u00fan pa\u00eds&#8221;, dijo.<\/p>\n\n\n\n<figure class=\"wp-block-embed is-type-video is-provider-youtube wp-block-embed-youtube wp-embed-aspect-16-9 wp-has-aspect-ratio\"><div class=\"wp-block-embed__wrapper\">\n<iframe loading=\"lazy\" title=\"D\u00eda de la Bandera. Campo Marte, Ciudad de M\u00e9xico\" width=\"640\" height=\"360\" src=\"https:\/\/www.youtube.com\/embed\/fqWYNb8vfFo?feature=oembed\" frameborder=\"0\" allow=\"accelerometer; autoplay; clipboard-write; encrypted-media; gyroscope; picture-in-picture; web-share\" referrerpolicy=\"strict-origin-when-cross-origin\" allowfullscreen><\/iframe>\n<\/div><\/figure>\n\n\n\n<p>\u201cPorque adem\u00e1s somos uno solo, gobierno, Fuerzas Armadas y pueblo, y nosotros\u00a0<strong>no traicionamos\u00a0<\/strong>ni a nuestro pueblo ni a nuestra patria ni a nuestra Bandera\u201d, destac\u00f3 la primer mandataria de nuestro pa\u00eds.<\/p>\n\n\n\n<figure class=\"wp-block-image size-large\"><img loading=\"lazy\" decoding=\"async\" width=\"1024\" height=\"768\" src=\"https:\/\/quehacerpolitico.mx\/wp-content\/uploads\/2025\/02\/image-44-1024x768.jpeg\" alt=\"\" class=\"wp-image-114945\" srcset=\"https:\/\/quehacerpolitico.mx\/wp-content\/uploads\/2025\/02\/image-44-1024x768.jpeg 1024w, https:\/\/quehacerpolitico.mx\/wp-content\/uploads\/2025\/02\/image-44-300x225.jpeg 300w, https:\/\/quehacerpolitico.mx\/wp-content\/uploads\/2025\/02\/image-44-768x576.jpeg 768w, https:\/\/quehacerpolitico.mx\/wp-content\/uploads\/2025\/02\/image-44-1536x1152.jpeg 1536w, https:\/\/quehacerpolitico.mx\/wp-content\/uploads\/2025\/02\/image-44.jpeg 2048w\" sizes=\"auto, (max-width: 1024px) 100vw, 1024px\" \/><\/figure>\n\n\n\n<p>En el evento estuvo acompa\u00f1ada por parte de integrantes de su gabinete, entre ellos los secretarios de la Defensa, Ricardo Trevilla Trejo; de Marina, Raymundo Pedro Morales \u00c1ngeles;&nbsp; de Gobernaci\u00f3n, Rosa Icela Rodr\u00edguez; de Educaci\u00f3n, Mario Delgado; de Econom\u00eda, Marcelo Ebrard; y la jefa de gobierno de la Ciudad de M\u00e9xico, Clara Brugada.<\/p>\n\n\n\n<p>Tambi\u00e9n estuvieron los presidentes del Senado, Gerardo Fern\u00e1ndez Noro\u00f1a, y de la C\u00e1mara de Diputados, Sergio Guti\u00e9rrez Luna. Sin embargo,&nbsp;<strong>no estuvo presente la presidenta de la Suprema Corte de Justicia de la Naci\u00f3n<\/strong>, Norma Luc\u00eda Pi\u00f1a.<\/p>\n","protected":false},"excerpt":{"rendered":"<p>Por Redacci\u00f3n QP En el evento estuvieron presentes funcionarios de su gabinete y representantes del&#8230;<\/p>\n","protected":false},"author":2,"featured_media":114943,"comment_status":"open","ping_status":"open","sticky":false,"template":"","format":"standard","meta":{"_monsterinsights_skip_tracking":false,"_monsterinsights_sitenote_active":false,"_monsterinsights_sitenote_note":"","_monsterinsights_sitenote_category":0,"footnotes":""},"categories":[280,2],"tags":[],"class_list":["post-114942","post","type-post","status-publish","format-standard","has-post-thumbnail","hentry","category-nacionales","category-noticias"],"yoast_head":"<!-- This site is optimized with the Yoast SEO plugin v27.3 - https:\/\/yoast.com\/product\/yoast-seo-wordpress\/ -->\n<title>&quot;Antes se arrodillaban ante gobiernos extranjeros (\u2026) Desde que lleg\u00f3 la transformaci\u00f3n al gobierno es claro que reivindicamos que a M\u00e9xico se le respeta&quot;:Sheinbaum -<\/title>\n<meta name=\"robots\" content=\"index, follow, max-snippet:-1, max-image-preview:large, max-video-preview:-1\" \/>\n<link rel=\"canonical\" href=\"https:\/\/quehacerpolitico.mx\/?p=114942\" \/>\n<meta property=\"og:locale\" content=\"es_MX\" \/>\n<meta property=\"og:type\" content=\"article\" \/>\n<meta property=\"og:title\" content=\"&quot;Antes se arrodillaban ante gobiernos extranjeros (\u2026) Desde que lleg\u00f3 la transformaci\u00f3n al gobierno es claro que reivindicamos que a M\u00e9xico se le respeta&quot;:Sheinbaum -\" \/>\n<meta property=\"og:description\" content=\"Por Redacci\u00f3n QP En el evento estuvieron presentes funcionarios de su gabinete y representantes del...\" \/>\n<meta property=\"og:url\" content=\"https:\/\/quehacerpolitico.mx\/?p=114942\" \/>\n<meta property=\"article:published_time\" content=\"2025-02-24T19:47:46+00:00\" \/>\n<meta property=\"article:modified_time\" content=\"2025-02-24T19:47:48+00:00\" \/>\n<meta property=\"og:image\" content=\"https:\/\/quehacerpolitico.mx\/wp-content\/uploads\/2025\/02\/IMG_0778.jpeg\" \/>\n\t<meta property=\"og:image:width\" content=\"2048\" \/>\n\t<meta property=\"og:image:height\" content=\"1364\" \/>\n\t<meta property=\"og:image:type\" content=\"image\/jpeg\" \/>\n<meta name=\"author\" content=\"Redacci\u00f3n QP\" \/>\n<meta name=\"twitter:card\" content=\"summary_large_image\" \/>\n<meta name=\"twitter:label1\" content=\"Escrito por\" \/>\n\t<meta name=\"twitter:data1\" content=\"Redacci\u00f3n QP\" \/>\n\t<meta name=\"twitter:label2\" content=\"Tiempo de lectura\" \/>\n\t<meta name=\"twitter:data2\" content=\"2 minutos\" \/>\n<script type=\"application\/ld+json\" class=\"yoast-schema-graph\">{\"@context\":\"https:\\\/\\\/schema.org\",\"@graph\":[{\"@type\":\"Article\",\"@id\":\"https:\\\/\\\/quehacerpolitico.mx\\\/?p=114942#article\",\"isPartOf\":{\"@id\":\"https:\\\/\\\/quehacerpolitico.mx\\\/?p=114942\"},\"author\":{\"name\":\"Redacci\u00f3n QP\",\"@id\":\"https:\\\/\\\/quehacerpolitico.mx\\\/#\\\/schema\\\/person\\\/496d8ad2d1d3f8036101dca7ee39e585\"},\"headline\":\"&#8220;Antes se arrodillaban ante gobiernos extranjeros (\u2026) Desde que lleg\u00f3 la transformaci\u00f3n al gobierno es claro que reivindicamos que a M\u00e9xico se le respeta&#8221;:Sheinbaum\",\"datePublished\":\"2025-02-24T19:47:46+00:00\",\"dateModified\":\"2025-02-24T19:47:48+00:00\",\"mainEntityOfPage\":{\"@id\":\"https:\\\/\\\/quehacerpolitico.mx\\\/?p=114942\"},\"wordCount\":441,\"commentCount\":0,\"image\":{\"@id\":\"https:\\\/\\\/quehacerpolitico.mx\\\/?p=114942#primaryimage\"},\"thumbnailUrl\":\"https:\\\/\\\/quehacerpolitico.mx\\\/wp-content\\\/uploads\\\/2025\\\/02\\\/IMG_0778.jpeg\",\"articleSection\":[\"Nacionales\",\"Noticias\"],\"inLanguage\":\"es\",\"potentialAction\":[{\"@type\":\"CommentAction\",\"name\":\"Comment\",\"target\":[\"https:\\\/\\\/quehacerpolitico.mx\\\/?p=114942#respond\"]}]},{\"@type\":\"WebPage\",\"@id\":\"https:\\\/\\\/quehacerpolitico.mx\\\/?p=114942\",\"url\":\"https:\\\/\\\/quehacerpolitico.mx\\\/?p=114942\",\"name\":\"\\\"Antes se arrodillaban ante gobiernos extranjeros (\u2026) Desde que lleg\u00f3 la transformaci\u00f3n al gobierno es claro que reivindicamos que a M\u00e9xico se le respeta\\\":Sheinbaum -\",\"isPartOf\":{\"@id\":\"https:\\\/\\\/quehacerpolitico.mx\\\/#website\"},\"primaryImageOfPage\":{\"@id\":\"https:\\\/\\\/quehacerpolitico.mx\\\/?p=114942#primaryimage\"},\"image\":{\"@id\":\"https:\\\/\\\/quehacerpolitico.mx\\\/?p=114942#primaryimage\"},\"thumbnailUrl\":\"https:\\\/\\\/quehacerpolitico.mx\\\/wp-content\\\/uploads\\\/2025\\\/02\\\/IMG_0778.jpeg\",\"datePublished\":\"2025-02-24T19:47:46+00:00\",\"dateModified\":\"2025-02-24T19:47:48+00:00\",\"author\":{\"@id\":\"https:\\\/\\\/quehacerpolitico.mx\\\/#\\\/schema\\\/person\\\/496d8ad2d1d3f8036101dca7ee39e585\"},\"breadcrumb\":{\"@id\":\"https:\\\/\\\/quehacerpolitico.mx\\\/?p=114942#breadcrumb\"},\"inLanguage\":\"es\",\"potentialAction\":[{\"@type\":\"ReadAction\",\"target\":[\"https:\\\/\\\/quehacerpolitico.mx\\\/?p=114942\"]}]},{\"@type\":\"ImageObject\",\"inLanguage\":\"es\",\"@id\":\"https:\\\/\\\/quehacerpolitico.mx\\\/?p=114942#primaryimage\",\"url\":\"https:\\\/\\\/quehacerpolitico.mx\\\/wp-content\\\/uploads\\\/2025\\\/02\\\/IMG_0778.jpeg\",\"contentUrl\":\"https:\\\/\\\/quehacerpolitico.mx\\\/wp-content\\\/uploads\\\/2025\\\/02\\\/IMG_0778.jpeg\",\"width\":2048,\"height\":1364},{\"@type\":\"BreadcrumbList\",\"@id\":\"https:\\\/\\\/quehacerpolitico.mx\\\/?p=114942#breadcrumb\",\"itemListElement\":[{\"@type\":\"ListItem\",\"position\":1,\"name\":\"Inicio\",\"item\":\"https:\\\/\\\/quehacerpolitico.mx\\\/\"},{\"@type\":\"ListItem\",\"position\":2,\"name\":\"&#8220;Antes se arrodillaban ante gobiernos extranjeros (\u2026) Desde que lleg\u00f3 la transformaci\u00f3n al gobierno es claro que reivindicamos que a M\u00e9xico se le respeta&#8221;:Sheinbaum\"}]},{\"@type\":\"WebSite\",\"@id\":\"https:\\\/\\\/quehacerpolitico.mx\\\/#website\",\"url\":\"https:\\\/\\\/quehacerpolitico.mx\\\/\",\"name\":\"\",\"description\":\"\",\"potentialAction\":[{\"@type\":\"SearchAction\",\"target\":{\"@type\":\"EntryPoint\",\"urlTemplate\":\"https:\\\/\\\/quehacerpolitico.mx\\\/?s={search_term_string}\"},\"query-input\":{\"@type\":\"PropertyValueSpecification\",\"valueRequired\":true,\"valueName\":\"search_term_string\"}}],\"inLanguage\":\"es\"},{\"@type\":\"Person\",\"@id\":\"https:\\\/\\\/quehacerpolitico.mx\\\/#\\\/schema\\\/person\\\/496d8ad2d1d3f8036101dca7ee39e585\",\"name\":\"Redacci\u00f3n QP\",\"image\":{\"@type\":\"ImageObject\",\"inLanguage\":\"es\",\"@id\":\"https:\\\/\\\/secure.gravatar.com\\\/avatar\\\/c7164ed6fdec453195284ad24a5ae5b6e1eed2b848477fa2a4787ba9adf39a41?s=96&d=mm&r=g\",\"url\":\"https:\\\/\\\/secure.gravatar.com\\\/avatar\\\/c7164ed6fdec453195284ad24a5ae5b6e1eed2b848477fa2a4787ba9adf39a41?s=96&d=mm&r=g\",\"contentUrl\":\"https:\\\/\\\/secure.gravatar.com\\\/avatar\\\/c7164ed6fdec453195284ad24a5ae5b6e1eed2b848477fa2a4787ba9adf39a41?s=96&d=mm&r=g\",\"caption\":\"Redacci\u00f3n QP\"},\"url\":\"https:\\\/\\\/quehacerpolitico.mx\\\/?author=2\"}]}<\/script>\n<!-- \/ Yoast SEO plugin. -->","yoast_head_json":{"title":"\"Antes se arrodillaban ante gobiernos extranjeros (\u2026) Desde que lleg\u00f3 la transformaci\u00f3n al gobierno es claro que reivindicamos que a M\u00e9xico se le respeta\":Sheinbaum -","robots":{"index":"index","follow":"follow","max-snippet":"max-snippet:-1","max-image-preview":"max-image-preview:large","max-video-preview":"max-video-preview:-1"},"canonical":"https:\/\/quehacerpolitico.mx\/?p=114942","og_locale":"es_MX","og_type":"article","og_title":"\"Antes se arrodillaban ante gobiernos extranjeros (\u2026) Desde que lleg\u00f3 la transformaci\u00f3n al gobierno es claro que reivindicamos que a M\u00e9xico se le respeta\":Sheinbaum -","og_description":"Por Redacci\u00f3n QP En el evento estuvieron presentes funcionarios de su gabinete y representantes del...","og_url":"https:\/\/quehacerpolitico.mx\/?p=114942","article_published_time":"2025-02-24T19:47:46+00:00","article_modified_time":"2025-02-24T19:47:48+00:00","og_image":[{"width":2048,"height":1364,"url":"https:\/\/quehacerpolitico.mx\/wp-content\/uploads\/2025\/02\/IMG_0778.jpeg","type":"image\/jpeg"}],"author":"Redacci\u00f3n QP","twitter_card":"summary_large_image","twitter_misc":{"Escrito por":"Redacci\u00f3n QP","Tiempo de lectura":"2 minutos"},"schema":{"@context":"https:\/\/schema.org","@graph":[{"@type":"Article","@id":"https:\/\/quehacerpolitico.mx\/?p=114942#article","isPartOf":{"@id":"https:\/\/quehacerpolitico.mx\/?p=114942"},"author":{"name":"Redacci\u00f3n QP","@id":"https:\/\/quehacerpolitico.mx\/#\/schema\/person\/496d8ad2d1d3f8036101dca7ee39e585"},"headline":"&#8220;Antes se arrodillaban ante gobiernos extranjeros (\u2026) Desde que lleg\u00f3 la transformaci\u00f3n al gobierno es claro que reivindicamos que a M\u00e9xico se le respeta&#8221;:Sheinbaum","datePublished":"2025-02-24T19:47:46+00:00","dateModified":"2025-02-24T19:47:48+00:00","mainEntityOfPage":{"@id":"https:\/\/quehacerpolitico.mx\/?p=114942"},"wordCount":441,"commentCount":0,"image":{"@id":"https:\/\/quehacerpolitico.mx\/?p=114942#primaryimage"},"thumbnailUrl":"https:\/\/quehacerpolitico.mx\/wp-content\/uploads\/2025\/02\/IMG_0778.jpeg","articleSection":["Nacionales","Noticias"],"inLanguage":"es","potentialAction":[{"@type":"CommentAction","name":"Comment","target":["https:\/\/quehacerpolitico.mx\/?p=114942#respond"]}]},{"@type":"WebPage","@id":"https:\/\/quehacerpolitico.mx\/?p=114942","url":"https:\/\/quehacerpolitico.mx\/?p=114942","name":"\"Antes se arrodillaban ante gobiernos extranjeros (\u2026) Desde que lleg\u00f3 la transformaci\u00f3n al gobierno es claro que reivindicamos que a M\u00e9xico se le respeta\":Sheinbaum -","isPartOf":{"@id":"https:\/\/quehacerpolitico.mx\/#website"},"primaryImageOfPage":{"@id":"https:\/\/quehacerpolitico.mx\/?p=114942#primaryimage"},"image":{"@id":"https:\/\/quehacerpolitico.mx\/?p=114942#primaryimage"},"thumbnailUrl":"https:\/\/quehacerpolitico.mx\/wp-content\/uploads\/2025\/02\/IMG_0778.jpeg","datePublished":"2025-02-24T19:47:46+00:00","dateModified":"2025-02-24T19:47:48+00:00","author":{"@id":"https:\/\/quehacerpolitico.mx\/#\/schema\/person\/496d8ad2d1d3f8036101dca7ee39e585"},"breadcrumb":{"@id":"https:\/\/quehacerpolitico.mx\/?p=114942#breadcrumb"},"inLanguage":"es","potentialAction":[{"@type":"ReadAction","target":["https:\/\/quehacerpolitico.mx\/?p=114942"]}]},{"@type":"ImageObject","inLanguage":"es","@id":"https:\/\/quehacerpolitico.mx\/?p=114942#primaryimage","url":"https:\/\/quehacerpolitico.mx\/wp-content\/uploads\/2025\/02\/IMG_0778.jpeg","contentUrl":"https:\/\/quehacerpolitico.mx\/wp-content\/uploads\/2025\/02\/IMG_0778.jpeg","width":2048,"height":1364},{"@type":"BreadcrumbList","@id":"https:\/\/quehacerpolitico.mx\/?p=114942#breadcrumb","itemListElement":[{"@type":"ListItem","position":1,"name":"Inicio","item":"https:\/\/quehacerpolitico.mx\/"},{"@type":"ListItem","position":2,"name":"&#8220;Antes se arrodillaban ante gobiernos extranjeros (\u2026) Desde que lleg\u00f3 la transformaci\u00f3n al gobierno es claro que reivindicamos que a M\u00e9xico se le respeta&#8221;:Sheinbaum"}]},{"@type":"WebSite","@id":"https:\/\/quehacerpolitico.mx\/#website","url":"https:\/\/quehacerpolitico.mx\/","name":"","description":"","potentialAction":[{"@type":"SearchAction","target":{"@type":"EntryPoint","urlTemplate":"https:\/\/quehacerpolitico.mx\/?s={search_term_string}"},"query-input":{"@type":"PropertyValueSpecification","valueRequired":true,"valueName":"search_term_string"}}],"inLanguage":"es"},{"@type":"Person","@id":"https:\/\/quehacerpolitico.mx\/#\/schema\/person\/496d8ad2d1d3f8036101dca7ee39e585","name":"Redacci\u00f3n QP","image":{"@type":"ImageObject","inLanguage":"es","@id":"https:\/\/secure.gravatar.com\/avatar\/c7164ed6fdec453195284ad24a5ae5b6e1eed2b848477fa2a4787ba9adf39a41?s=96&d=mm&r=g","url":"https:\/\/secure.gravatar.com\/avatar\/c7164ed6fdec453195284ad24a5ae5b6e1eed2b848477fa2a4787ba9adf39a41?s=96&d=mm&r=g","contentUrl":"https:\/\/secure.gravatar.com\/avatar\/c7164ed6fdec453195284ad24a5ae5b6e1eed2b848477fa2a4787ba9adf39a41?s=96&d=mm&r=g","caption":"Redacci\u00f3n QP"},"url":"https:\/\/quehacerpolitico.mx\/?author=2"}]}},"featured_image_urls":{"full":["https:\/\/quehacerpolitico.mx\/wp-content\/uploads\/2025\/02\/IMG_0778.jpeg",2048,1364,false],"thumbnail":["https:\/\/quehacerpolitico.mx\/wp-content\/uploads\/2025\/02\/IMG_0778-150x150.jpeg",150,150,true],"medium":["https:\/\/quehacerpolitico.mx\/wp-content\/uploads\/2025\/02\/IMG_0778-300x200.jpeg",300,200,true],"medium_large":["https:\/\/quehacerpolitico.mx\/wp-content\/uploads\/2025\/02\/IMG_0778-768x512.jpeg",640,427,true],"large":["https:\/\/quehacerpolitico.mx\/wp-content\/uploads\/2025\/02\/IMG_0778-1024x682.jpeg",640,426,true],"1536x1536":["https:\/\/quehacerpolitico.mx\/wp-content\/uploads\/2025\/02\/IMG_0778-1536x1023.jpeg",1536,1023,true],"2048x2048":["https:\/\/quehacerpolitico.mx\/wp-content\/uploads\/2025\/02\/IMG_0778.jpeg",2048,1364,false],"covernews-featured":["https:\/\/quehacerpolitico.mx\/wp-content\/uploads\/2025\/02\/IMG_0778-1024x682.jpeg",1024,682,true],"covernews-medium":["https:\/\/quehacerpolitico.mx\/wp-content\/uploads\/2025\/02\/IMG_0778-540x340.jpeg",540,340,true]},"author_info":{"display_name":"Redacci\u00f3n QP","author_link":"https:\/\/quehacerpolitico.mx\/?author=2"},"category_info":"<a href=\"https:\/\/quehacerpolitico.mx\/?cat=280\" rel=\"category\">Nacionales<\/a> <a href=\"https:\/\/quehacerpolitico.mx\/?cat=2\" rel=\"category\">Noticias<\/a>","tag_info":"Noticias","comment_count":"0","_links":{"self":[{"href":"https:\/\/quehacerpolitico.mx\/index.php?rest_route=\/wp\/v2\/posts\/114942","targetHints":{"allow":["GET"]}}],"collection":[{"href":"https:\/\/quehacerpolitico.mx\/index.php?rest_route=\/wp\/v2\/posts"}],"about":[{"href":"https:\/\/quehacerpolitico.mx\/index.php?rest_route=\/wp\/v2\/types\/post"}],"author":[{"embeddable":true,"href":"https:\/\/quehacerpolitico.mx\/index.php?rest_route=\/wp\/v2\/users\/2"}],"replies":[{"embeddable":true,"href":"https:\/\/quehacerpolitico.mx\/index.php?rest_route=%2Fwp%2Fv2%2Fcomments&post=114942"}],"version-history":[{"count":1,"href":"https:\/\/quehacerpolitico.mx\/index.php?rest_route=\/wp\/v2\/posts\/114942\/revisions"}],"predecessor-version":[{"id":114946,"href":"https:\/\/quehacerpolitico.mx\/index.php?rest_route=\/wp\/v2\/posts\/114942\/revisions\/114946"}],"wp:featuredmedia":[{"embeddable":true,"href":"https:\/\/quehacerpolitico.mx\/index.php?rest_route=\/wp\/v2\/media\/114943"}],"wp:attachment":[{"href":"https:\/\/quehacerpolitico.mx\/index.php?rest_route=%2Fwp%2Fv2%2Fmedia&parent=114942"}],"wp:term":[{"taxonomy":"category","embeddable":true,"href":"https:\/\/quehacerpolitico.mx\/index.php?rest_route=%2Fwp%2Fv2%2Fcategories&post=114942"},{"taxonomy":"post_tag","embeddable":true,"href":"https:\/\/quehacerpolitico.mx\/index.php?rest_route=%2Fwp%2Fv2%2Ftags&post=114942"}],"curies":[{"name":"wp","href":"https:\/\/api.w.org\/{rel}","templated":true}]}}