{"id":11494,"date":"2018-12-12T19:04:10","date_gmt":"2018-12-12T19:04:10","guid":{"rendered":"http:\/\/quehacerpolitico.mx\/la-reforma-educativa-pasa-a-la-historia-buscan-dar-educacion-gratuita-hasta-la-universidad\/"},"modified":"2018-12-12T19:04:10","modified_gmt":"2018-12-12T19:04:10","slug":"la-reforma-educativa-pasa-a-la-historia-buscan-dar-educacion-gratuita-hasta-la-universidad","status":"publish","type":"post","link":"https:\/\/quehacerpolitico.mx\/?p=11494","title":{"rendered":"La Reforma Educativa pasa a la historia; buscan dar educaci\u00f3n gratuita hasta la universidad"},"content":{"rendered":"<h1>La Reforma Educativa pasa a la historia; buscan dar educaci\u00f3n gratuita hasta la universidad<\/h1>\n<p>Por Redacci\u00f3n QP<\/p>\n<p>El <strong>Presidente Andr\u00e9s Manuel L\u00f3pez Obrador<\/strong> firm\u00f3 esta ma\u00f1ana la <strong>iniciativa<\/strong> de reforma que env\u00eda hoy a la C\u00e1mara de <strong>Diputados<\/strong> para revocar la \u201c<strong>mal llamada Reforma Educativa<\/strong>\u201d. Dijo que con este nuevo plan se busca garantizar educaci\u00f3n gratuita en todos los niveles y que no haya rechazados de las universidades.<\/p>\n<blockquote>\n<p>\u201cLa iniciativa de Reforma para cancelar la mal llamada Reforma Educativa y sustituir el ordenamiento actual, el marco jur\u00eddico actual por uno nuevo en el que se establece en lo fundamental el derecho a la educaci\u00f3n, que no es un privilegio es un derecho de todos los mexicanos\u201d, dijo en su conferencia matutina acompa\u00f1ado del Secretario de Educaci\u00f3n, Esteban Moctezuma.<\/p>\n<p>\u201cCompromiso cumplido, maestras y maestros\u201d, dijo esta ma\u00f1ana el Presidente y asegur\u00f3 que nunca m\u00e1s se le faltara el respeto a los docentes.<\/p>\n<p>El Presidente detall\u00f3 que esta iniciativa tambi\u00e9n busca garantizar que haya \u201ceducaci\u00f3n p\u00fablica, gratuita, de calidad en todos los niveles escolares\u201d.<\/p>\n<p>Detall\u00f3 que la educaci\u00f3n ser\u00e1 gratuita porque el plan educativo es que no se cobre la educaci\u00f3n que imparte el Estado en todos los niveles escolares.<\/p>\n<blockquote>\n<p>\u201cEs un plan con un proceso de aplicaci\u00f3n a partir de destinar cada vez m\u00e1s recursos y que no haya rechazados que todos los j\u00f3venes que quieran ingresar en el nivel medio superior y en el nivel superior, tengan la oportunidad de estudiar\u201d, dijo.<\/p>\n<\/blockquote>\n<p>L\u00f3pez Obrador asegur\u00f3 que \u201cen el per\u00edodo neoliberal, una de las caracter\u00edsticas lamentable fue que a\u00f1o con a\u00f1o se rechazaban a miles de j\u00f3venes que no pod\u00edan estudiar con la mentira, con el pretexto de que no pasaban el examen de admisi\u00f3n\u201d. \u201cEso no es cierto, las universidades p\u00fablicas no contaban con el presupuesto suficiente\u201d, a\u00f1adi\u00f3.<\/p>\n<div id=\"attachment_3509741\" class=\"wp-caption alignnone\"><img loading=\"lazy\" decoding=\"async\" class=\"size-full wp-image-3509741\" src=\"https:\/\/www.sinembargo.mx\/wp-content\/uploads\/2018\/12\/conferenciamatutina.jpg\" sizes=\"auto, (max-width: 700px) 100vw, 700px\" srcset=\"https:\/\/www.sinembargo.mx\/wp-content\/uploads\/2018\/12\/conferenciamatutina.jpg 700w, https:\/\/www.sinembargo.mx\/wp-content\/uploads\/2018\/12\/conferenciamatutina-300x180.jpg 300w\" alt=\"\" width=\"700\" height=\"419\" \/><\/p>\n<p class=\"wp-caption-text\">El Secretario de Educaci\u00f3n, Esteban Moctezuma, dio detalles sobre la iniciativa. Foto: Shaila Rosagel, SinEmbargo<\/p>\n<\/div>\n<p>Estaban Moctezuma dijo que esta iniciativa ser\u00e1 la plataforma para un nuevo plan educativo en la que van a participar todos los sectores interesados.<\/p>\n<p>Dijo que en ella se reconoce al docente como agente de cambio en M\u00e9xico y se garantiza su servicio a trav\u00e9s de un nuevo servicio de carrera profesional del magisterio.<\/p>\n<p>Mientras las ni\u00f1as y ni\u00f1os ser\u00e1n el foco de la educaci\u00f3n.<\/p>\n<p>Se consagra el derecho a los maestros para acceder a un sistema de actualizaci\u00f3n y capacitaci\u00f3n contin\u00faa. Dijo que este nuevo plan se basar\u00e1 en la capacitaci\u00f3n contin\u00faa de los maestros.<\/p>\n<blockquote>\n<p>\u201cQueremos mejores maestros y la buena noticia es que quien m\u00e1s lo desea son ellos mismos, es uno de los gremios que m\u00e1s se prepara y que m\u00e1s capacitaci\u00f3n tiene en el pa\u00eds\u201d, detall\u00f3.<\/p>\n<\/blockquote>\n<p>Tambi\u00e9n se anunciaron cambios al art\u00edculo 3 Constitucional: por primera vez aparece el concepto de ni\u00f1os, ni\u00f1as y j\u00f3venes. El foco de la educaci\u00f3n ser\u00e1n ellos y se garantizar\u00e1 una educaci\u00f3n basada en los principios integridad, equidad y excelencia.<\/p>\n<p><strong>SOBRE SINDICATOS:<\/strong> Esteban Moctezuma dijo que con la iniciativa se busca que los sindicatos de los maestros trabajen junto al Estado, sin embargo, asegur\u00f3 que la autoridad ser\u00e1 el eje rector de la educaci\u00f3n del pa\u00eds.<\/p>\n<blockquote>\n<p>\u201cLos sindicatos no renuncian a trabajar junto al Estado y a defender los derechos de sus agremiados, el Estado tampoco renuncia a ser el eje rector al trabajar a su lado\u201d, dijo.<\/p>\n<\/blockquote>\n<p>Se\u00f1al\u00f3 que durante los foros educativos muchos maestros dijeron que se la pasaron m\u00e1s defendi\u00e9ndose de las autoridades que educando.<\/p>\n<blockquote>\n<p>\u201cAhora se trabajar\u00e1 con la autoridad educativa\u201d, asegur\u00f3.<\/p>\n<p><strong>SOBRE LA CANCELACI\u00d3N DEL INEE:<\/strong>\u00a0El titular de la Secretar\u00eda de Educaci\u00f3n dijo que la iniciativa busca dar paso a la creaci\u00f3n de un nuevo instituto para la evaluaci\u00f3n y capacitaci\u00f3n de los maestros y que se cancelar\u00e1 el Instituto Nacional para la Evaluaci\u00f3n de la Educaci\u00f3n.<\/p>\n<p>El nuevo organismo, detall\u00f3, contar\u00e1 con un consejo consultivo que apoyar\u00e1 al sector educativo y realizar\u00e1 un programa educativo del m\u00e1s largo aliento, un programa a 30, 40 a\u00f1os, que permitir\u00e1 darle continuidad a una pol\u00edtica. Dijo que este nuevo instituto va a tener funciones mucho m\u00e1s ampl\u00edas que el INEE, que realizar\u00e1 mediciones para a partir de ah\u00ed se haga el plan de mejora.<\/p>\n<p>Se\u00f1al\u00f3 que esas mediciones se usar\u00e1n para planear las evaluaciones y las capacitaciones.<\/p>\n<p>\u201cLas mediciones son muy importantes, pero lo m\u00e1s importante es que ante tantos cambios que hay en el mundo [\u2026] tenemos que tener un magisterio actualizado y preparado, ese centro se va a dedicar a eso\u201d, detall\u00f3.<\/p>\n<p class=\"p1\"><strong>SOBRE LOS DESPIDOS DE LA REFORMA:<\/strong><span class=\"Apple-converted-space\"><strong>\u00a0<\/strong><\/span>Moctezuma Barrag\u00e1n detall\u00f3 que no hay una cifra exacta de cu\u00e1ntas personas fueron despedidas por la Reforma Educativa, pero que est\u00e1n buscando la informaci\u00f3n de todos los casos, para en el caso espec\u00edfico de cuestiones de la reforma, proceder a la reinstalaci\u00f3n de los maestros. Se\u00f1al\u00f3 que tienen un aproximado de mil docentes afectados.<\/p>\n<p><strong>SOBRE LA CONSULTA A MAESTROS:<\/strong>Moctezuma asegur\u00f3 que fue muy injusto que se haya culpado a los maestros como \u00fanicos responsables de los problemas en la educaci\u00f3n p\u00fablica e indic\u00f3 que un problema fundamental fue de que se dio una reforma como una decisi\u00f3n unilateral sin la participaci\u00f3n de la sociedad.<\/p>\n<p>El Secretario de educaci\u00f3n record\u00f3 que el realizar una amplia consulta para conocer el sentir de maestras, maestros, padres de familia, acad\u00e9micos, alumnos \u201cse abrieron las puertas y ventanas de esta consulta\u201d la participaci\u00f3n fue enorme, dijo-<\/p>\n<p>\u201cNunca antes se le hab\u00eda preguntado a un director sobre su trabajo, esta consulta nos llev\u00f3 a muchos hallazgos, debemos de reconocer que la mayor riqueza de nuestros sistema educativos est\u00e1 en nuestras maestras y maestros\u201d, precis\u00f3.<\/p>\n<\/blockquote>\n<\/blockquote>\n","protected":false},"excerpt":{"rendered":"<p>La Reforma Educativa pasa a la historia; buscan dar educaci\u00f3n gratuita hasta la universidad<br \/>\nPor Redacci\u00f3n QP<\/p>\n","protected":false},"author":2,"featured_media":11493,"comment_status":"open","ping_status":"open","sticky":false,"template":"","format":"standard","meta":{"_monsterinsights_skip_tracking":false,"_monsterinsights_sitenote_active":false,"_monsterinsights_sitenote_note":"","_monsterinsights_sitenote_category":0,"footnotes":""},"categories":[2],"tags":[],"class_list":["post-11494","post","type-post","status-publish","format-standard","has-post-thumbnail","hentry","category-noticias"],"yoast_head":"<!-- This site is optimized with the Yoast SEO plugin v27.3 - https:\/\/yoast.com\/product\/yoast-seo-wordpress\/ -->\n<title>La Reforma Educativa pasa a la historia; buscan dar educaci\u00f3n gratuita hasta la universidad -<\/title>\n<meta name=\"robots\" content=\"index, follow, max-snippet:-1, max-image-preview:large, max-video-preview:-1\" \/>\n<link rel=\"canonical\" href=\"https:\/\/quehacerpolitico.mx\/?p=11494\" \/>\n<meta property=\"og:locale\" content=\"es_MX\" \/>\n<meta property=\"og:type\" content=\"article\" \/>\n<meta property=\"og:title\" content=\"La Reforma Educativa pasa a la historia; buscan dar educaci\u00f3n gratuita hasta la universidad -\" \/>\n<meta property=\"og:description\" content=\"La Reforma Educativa pasa a la historia; buscan dar educaci\u00f3n gratuita hasta la universidad Por Redacci\u00f3n QP\" \/>\n<meta property=\"og:url\" content=\"https:\/\/quehacerpolitico.mx\/?p=11494\" \/>\n<meta property=\"article:published_time\" content=\"2018-12-12T19:04:10+00:00\" \/>\n<meta name=\"author\" content=\"Redacci\u00f3n QP\" \/>\n<meta name=\"twitter:card\" content=\"summary_large_image\" \/>\n<meta name=\"twitter:label1\" content=\"Escrito por\" \/>\n\t<meta name=\"twitter:data1\" content=\"Redacci\u00f3n QP\" \/>\n\t<meta name=\"twitter:label2\" content=\"Tiempo de lectura\" \/>\n\t<meta name=\"twitter:data2\" content=\"5 minutos\" \/>\n<script type=\"application\/ld+json\" class=\"yoast-schema-graph\">{\"@context\":\"https:\\\/\\\/schema.org\",\"@graph\":[{\"@type\":\"Article\",\"@id\":\"https:\\\/\\\/quehacerpolitico.mx\\\/?p=11494#article\",\"isPartOf\":{\"@id\":\"https:\\\/\\\/quehacerpolitico.mx\\\/?p=11494\"},\"author\":{\"name\":\"Redacci\u00f3n QP\",\"@id\":\"https:\\\/\\\/quehacerpolitico.mx\\\/#\\\/schema\\\/person\\\/496d8ad2d1d3f8036101dca7ee39e585\"},\"headline\":\"La Reforma Educativa pasa a la historia; buscan dar educaci\u00f3n gratuita hasta la universidad\",\"datePublished\":\"2018-12-12T19:04:10+00:00\",\"mainEntityOfPage\":{\"@id\":\"https:\\\/\\\/quehacerpolitico.mx\\\/?p=11494\"},\"wordCount\":1029,\"commentCount\":0,\"image\":{\"@id\":\"https:\\\/\\\/quehacerpolitico.mx\\\/?p=11494#primaryimage\"},\"thumbnailUrl\":\"\",\"articleSection\":[\"Noticias\"],\"inLanguage\":\"es\",\"potentialAction\":[{\"@type\":\"CommentAction\",\"name\":\"Comment\",\"target\":[\"https:\\\/\\\/quehacerpolitico.mx\\\/?p=11494#respond\"]}]},{\"@type\":\"WebPage\",\"@id\":\"https:\\\/\\\/quehacerpolitico.mx\\\/?p=11494\",\"url\":\"https:\\\/\\\/quehacerpolitico.mx\\\/?p=11494\",\"name\":\"La Reforma Educativa pasa a la historia; buscan dar educaci\u00f3n gratuita hasta la universidad -\",\"isPartOf\":{\"@id\":\"https:\\\/\\\/quehacerpolitico.mx\\\/#website\"},\"primaryImageOfPage\":{\"@id\":\"https:\\\/\\\/quehacerpolitico.mx\\\/?p=11494#primaryimage\"},\"image\":{\"@id\":\"https:\\\/\\\/quehacerpolitico.mx\\\/?p=11494#primaryimage\"},\"thumbnailUrl\":\"\",\"datePublished\":\"2018-12-12T19:04:10+00:00\",\"author\":{\"@id\":\"https:\\\/\\\/quehacerpolitico.mx\\\/#\\\/schema\\\/person\\\/496d8ad2d1d3f8036101dca7ee39e585\"},\"breadcrumb\":{\"@id\":\"https:\\\/\\\/quehacerpolitico.mx\\\/?p=11494#breadcrumb\"},\"inLanguage\":\"es\",\"potentialAction\":[{\"@type\":\"ReadAction\",\"target\":[\"https:\\\/\\\/quehacerpolitico.mx\\\/?p=11494\"]}]},{\"@type\":\"ImageObject\",\"inLanguage\":\"es\",\"@id\":\"https:\\\/\\\/quehacerpolitico.mx\\\/?p=11494#primaryimage\",\"url\":\"\",\"contentUrl\":\"\"},{\"@type\":\"BreadcrumbList\",\"@id\":\"https:\\\/\\\/quehacerpolitico.mx\\\/?p=11494#breadcrumb\",\"itemListElement\":[{\"@type\":\"ListItem\",\"position\":1,\"name\":\"Inicio\",\"item\":\"https:\\\/\\\/quehacerpolitico.mx\\\/\"},{\"@type\":\"ListItem\",\"position\":2,\"name\":\"La Reforma Educativa pasa a la historia; buscan dar educaci\u00f3n gratuita hasta la universidad\"}]},{\"@type\":\"WebSite\",\"@id\":\"https:\\\/\\\/quehacerpolitico.mx\\\/#website\",\"url\":\"https:\\\/\\\/quehacerpolitico.mx\\\/\",\"name\":\"\",\"description\":\"\",\"potentialAction\":[{\"@type\":\"SearchAction\",\"target\":{\"@type\":\"EntryPoint\",\"urlTemplate\":\"https:\\\/\\\/quehacerpolitico.mx\\\/?s={search_term_string}\"},\"query-input\":{\"@type\":\"PropertyValueSpecification\",\"valueRequired\":true,\"valueName\":\"search_term_string\"}}],\"inLanguage\":\"es\"},{\"@type\":\"Person\",\"@id\":\"https:\\\/\\\/quehacerpolitico.mx\\\/#\\\/schema\\\/person\\\/496d8ad2d1d3f8036101dca7ee39e585\",\"name\":\"Redacci\u00f3n QP\",\"image\":{\"@type\":\"ImageObject\",\"inLanguage\":\"es\",\"@id\":\"https:\\\/\\\/secure.gravatar.com\\\/avatar\\\/c7164ed6fdec453195284ad24a5ae5b6e1eed2b848477fa2a4787ba9adf39a41?s=96&d=mm&r=g\",\"url\":\"https:\\\/\\\/secure.gravatar.com\\\/avatar\\\/c7164ed6fdec453195284ad24a5ae5b6e1eed2b848477fa2a4787ba9adf39a41?s=96&d=mm&r=g\",\"contentUrl\":\"https:\\\/\\\/secure.gravatar.com\\\/avatar\\\/c7164ed6fdec453195284ad24a5ae5b6e1eed2b848477fa2a4787ba9adf39a41?s=96&d=mm&r=g\",\"caption\":\"Redacci\u00f3n QP\"},\"url\":\"https:\\\/\\\/quehacerpolitico.mx\\\/?author=2\"}]}<\/script>\n<!-- \/ Yoast SEO plugin. -->","yoast_head_json":{"title":"La Reforma Educativa pasa a la historia; buscan dar educaci\u00f3n gratuita hasta la universidad -","robots":{"index":"index","follow":"follow","max-snippet":"max-snippet:-1","max-image-preview":"max-image-preview:large","max-video-preview":"max-video-preview:-1"},"canonical":"https:\/\/quehacerpolitico.mx\/?p=11494","og_locale":"es_MX","og_type":"article","og_title":"La Reforma Educativa pasa a la historia; buscan dar educaci\u00f3n gratuita hasta la universidad -","og_description":"La Reforma Educativa pasa a la historia; buscan dar educaci\u00f3n gratuita hasta la universidad Por Redacci\u00f3n QP","og_url":"https:\/\/quehacerpolitico.mx\/?p=11494","article_published_time":"2018-12-12T19:04:10+00:00","author":"Redacci\u00f3n QP","twitter_card":"summary_large_image","twitter_misc":{"Escrito por":"Redacci\u00f3n QP","Tiempo de lectura":"5 minutos"},"schema":{"@context":"https:\/\/schema.org","@graph":[{"@type":"Article","@id":"https:\/\/quehacerpolitico.mx\/?p=11494#article","isPartOf":{"@id":"https:\/\/quehacerpolitico.mx\/?p=11494"},"author":{"name":"Redacci\u00f3n QP","@id":"https:\/\/quehacerpolitico.mx\/#\/schema\/person\/496d8ad2d1d3f8036101dca7ee39e585"},"headline":"La Reforma Educativa pasa a la historia; buscan dar educaci\u00f3n gratuita hasta la universidad","datePublished":"2018-12-12T19:04:10+00:00","mainEntityOfPage":{"@id":"https:\/\/quehacerpolitico.mx\/?p=11494"},"wordCount":1029,"commentCount":0,"image":{"@id":"https:\/\/quehacerpolitico.mx\/?p=11494#primaryimage"},"thumbnailUrl":"","articleSection":["Noticias"],"inLanguage":"es","potentialAction":[{"@type":"CommentAction","name":"Comment","target":["https:\/\/quehacerpolitico.mx\/?p=11494#respond"]}]},{"@type":"WebPage","@id":"https:\/\/quehacerpolitico.mx\/?p=11494","url":"https:\/\/quehacerpolitico.mx\/?p=11494","name":"La Reforma Educativa pasa a la historia; buscan dar educaci\u00f3n gratuita hasta la universidad -","isPartOf":{"@id":"https:\/\/quehacerpolitico.mx\/#website"},"primaryImageOfPage":{"@id":"https:\/\/quehacerpolitico.mx\/?p=11494#primaryimage"},"image":{"@id":"https:\/\/quehacerpolitico.mx\/?p=11494#primaryimage"},"thumbnailUrl":"","datePublished":"2018-12-12T19:04:10+00:00","author":{"@id":"https:\/\/quehacerpolitico.mx\/#\/schema\/person\/496d8ad2d1d3f8036101dca7ee39e585"},"breadcrumb":{"@id":"https:\/\/quehacerpolitico.mx\/?p=11494#breadcrumb"},"inLanguage":"es","potentialAction":[{"@type":"ReadAction","target":["https:\/\/quehacerpolitico.mx\/?p=11494"]}]},{"@type":"ImageObject","inLanguage":"es","@id":"https:\/\/quehacerpolitico.mx\/?p=11494#primaryimage","url":"","contentUrl":""},{"@type":"BreadcrumbList","@id":"https:\/\/quehacerpolitico.mx\/?p=11494#breadcrumb","itemListElement":[{"@type":"ListItem","position":1,"name":"Inicio","item":"https:\/\/quehacerpolitico.mx\/"},{"@type":"ListItem","position":2,"name":"La Reforma Educativa pasa a la historia; buscan dar educaci\u00f3n gratuita hasta la universidad"}]},{"@type":"WebSite","@id":"https:\/\/quehacerpolitico.mx\/#website","url":"https:\/\/quehacerpolitico.mx\/","name":"","description":"","potentialAction":[{"@type":"SearchAction","target":{"@type":"EntryPoint","urlTemplate":"https:\/\/quehacerpolitico.mx\/?s={search_term_string}"},"query-input":{"@type":"PropertyValueSpecification","valueRequired":true,"valueName":"search_term_string"}}],"inLanguage":"es"},{"@type":"Person","@id":"https:\/\/quehacerpolitico.mx\/#\/schema\/person\/496d8ad2d1d3f8036101dca7ee39e585","name":"Redacci\u00f3n QP","image":{"@type":"ImageObject","inLanguage":"es","@id":"https:\/\/secure.gravatar.com\/avatar\/c7164ed6fdec453195284ad24a5ae5b6e1eed2b848477fa2a4787ba9adf39a41?s=96&d=mm&r=g","url":"https:\/\/secure.gravatar.com\/avatar\/c7164ed6fdec453195284ad24a5ae5b6e1eed2b848477fa2a4787ba9adf39a41?s=96&d=mm&r=g","contentUrl":"https:\/\/secure.gravatar.com\/avatar\/c7164ed6fdec453195284ad24a5ae5b6e1eed2b848477fa2a4787ba9adf39a41?s=96&d=mm&r=g","caption":"Redacci\u00f3n QP"},"url":"https:\/\/quehacerpolitico.mx\/?author=2"}]}},"featured_image_urls":{"full":"","thumbnail":"","medium":"","medium_large":"","large":"","1536x1536":"","2048x2048":"","covernews-featured":"","covernews-medium":""},"author_info":{"display_name":"Redacci\u00f3n QP","author_link":"https:\/\/quehacerpolitico.mx\/?author=2"},"category_info":"<a href=\"https:\/\/quehacerpolitico.mx\/?cat=2\" rel=\"category\">Noticias<\/a>","tag_info":"Noticias","comment_count":"0","_links":{"self":[{"href":"https:\/\/quehacerpolitico.mx\/index.php?rest_route=\/wp\/v2\/posts\/11494","targetHints":{"allow":["GET"]}}],"collection":[{"href":"https:\/\/quehacerpolitico.mx\/index.php?rest_route=\/wp\/v2\/posts"}],"about":[{"href":"https:\/\/quehacerpolitico.mx\/index.php?rest_route=\/wp\/v2\/types\/post"}],"author":[{"embeddable":true,"href":"https:\/\/quehacerpolitico.mx\/index.php?rest_route=\/wp\/v2\/users\/2"}],"replies":[{"embeddable":true,"href":"https:\/\/quehacerpolitico.mx\/index.php?rest_route=%2Fwp%2Fv2%2Fcomments&post=11494"}],"version-history":[{"count":0,"href":"https:\/\/quehacerpolitico.mx\/index.php?rest_route=\/wp\/v2\/posts\/11494\/revisions"}],"wp:featuredmedia":[{"embeddable":true,"href":"https:\/\/quehacerpolitico.mx\/index.php?rest_route=\/"}],"wp:attachment":[{"href":"https:\/\/quehacerpolitico.mx\/index.php?rest_route=%2Fwp%2Fv2%2Fmedia&parent=11494"}],"wp:term":[{"taxonomy":"category","embeddable":true,"href":"https:\/\/quehacerpolitico.mx\/index.php?rest_route=%2Fwp%2Fv2%2Fcategories&post=11494"},{"taxonomy":"post_tag","embeddable":true,"href":"https:\/\/quehacerpolitico.mx\/index.php?rest_route=%2Fwp%2Fv2%2Ftags&post=11494"}],"curies":[{"name":"wp","href":"https:\/\/api.w.org\/{rel}","templated":true}]}}