{"id":114939,"date":"2025-02-24T13:25:49","date_gmt":"2025-02-24T19:25:49","guid":{"rendered":"https:\/\/quehacerpolitico.mx\/?p=114939"},"modified":"2025-02-24T13:25:52","modified_gmt":"2025-02-24T19:25:52","slug":"no-tenemos-ni-complicidades-ni-contubernios-con-nadie-la-presidenta-claudia-sheinbaum-niega-conocer-a-juan-pablo-penilla-abogado-de-ismael-el-mayo-zambada-luego-de-que-circular","status":"publish","type":"post","link":"https:\/\/quehacerpolitico.mx\/?p=114939","title":{"rendered":"&#8220;No tenemos ni complicidades ni contubernios con nadie.&#8221;La presidenta Claudia Sheinbaum niega conocer a Juan Pablo Penilla, abogado de Ismael \u201cEl Mayo\u201d Zambada, luego de que circulara una foto juntos"},"content":{"rendered":"\n<p>Por Redacci\u00f3n QP<\/p>\n\n\n\n<p>La presidenta aludi\u00f3 a una fotograf\u00eda que circul\u00f3 en redes en la que posa con el asesor legal del narcotraficante y dijo fue durante la campa\u00f1a por la presidencia, en la que &#8220;se saca uno fotograf\u00edas con much\u00edsima gente\u201d<\/p>\n\n\n\n<p>La presidenta&nbsp;<strong>Claudia Sheinbaum&nbsp;<\/strong>neg\u00f3 conocer al&nbsp;&nbsp;abogado&nbsp;<strong>Juan Pablo Penilla Rodr\u00edguez<\/strong>, asesor jur\u00eddico del narcotraficante&nbsp;<strong>Ismael \u201cEl Mayo\u201d Zambada<\/strong>.&nbsp;<\/p>\n\n\n\n<p>Durante su conferencia matutina este lunes en Palacio Nacional, atribuy\u00f3 la&nbsp;<strong>fotograf\u00eda que circula en redes sociales&nbsp;<\/strong>como parte de su pasada&nbsp;<strong>campa\u00f1a por la presidencia<\/strong>.&nbsp;&nbsp;<\/p>\n\n\n\n<p>\u201cNo conozco a la persona, porque si es importante aclarar, porque sale una fotograf\u00eda ah\u00ed, pero en la campa\u00f1a, en los recorridos,&nbsp;<strong>se saca uno fotograf\u00edas con much\u00edsima gente<\/strong>\u201d, afirm\u00f3 la mandataria<\/p>\n\n\n\n<figure class=\"wp-block-embed is-type-video is-provider-youtube wp-block-embed-youtube wp-embed-aspect-16-9 wp-has-aspect-ratio\"><div class=\"wp-block-embed__wrapper\">\n<iframe loading=\"lazy\" title=\"No conozco al abogado del Mayo, ni hay complicidad.- CSP\" width=\"640\" height=\"360\" src=\"https:\/\/www.youtube.com\/embed\/WMK_cBMKVIk?feature=oembed\" frameborder=\"0\" allow=\"accelerometer; autoplay; clipboard-write; encrypted-media; gyroscope; picture-in-picture; web-share\" referrerpolicy=\"strict-origin-when-cross-origin\" allowfullscreen><\/iframe>\n<\/div><\/figure>\n\n\n\n<p>La presidenta Sheinbaum insisti\u00f3 en que su gobierno&nbsp;<strong>no establece relaci\u00f3n de complicidad con grupos de la delincuencia<\/strong>, y plante\u00f3 que si la&nbsp;Fiscal\u00eda General de la Rep\u00fablica (FGR) tiene alg\u00fan indicio contra Penilla Rodr\u00edguez,&nbsp;<strong>se debe investigar<\/strong>.&nbsp;<\/p>\n\n\n\n<p>\u201cNosotros no establecemos relaci\u00f3n de complicidad ni de contubernio con nadie, y que si hay una carpeta de investigaci\u00f3n, una investigaci\u00f3n de la fiscal\u00eda,&nbsp;<strong>que se investigue&nbsp;<\/strong>y se llegue a las \u00faltimas consecuencias con quien sea\u201d, afirm\u00f3.&nbsp;<\/p>\n\n\n\n<p>Sostuvo que su deber es con un proyecto que \u201cse sustenta en&nbsp;<strong>no robar, no mentir y no traicionar&nbsp;<\/strong>al pueblo\u201d.<\/p>\n\n\n\n<p>La mandataria federal refiri\u00f3 que \u201cahora resulta que esta persona (Penilla Rodr\u00edguez) fue premiada por una diputada del PAN\u201d, en relaci\u00f3n con la exdiputada Mar\u00eda Teresa Castell,&nbsp;a quien el morenista Sergio Guti\u00e9rrez Luna acusa de responsable de premiar a Penilla en la C\u00e1mara de Diputados.&nbsp;<\/p>\n\n\n\n<p>Finalmente, la mandataria federal cuestion\u00f3 que se haya relacionado a su gobierno y a Morena con el abogado del narcotraficante.&nbsp;<\/p>\n\n\n\n<h2 class=\"wp-block-heading\">No defendemos a Zambada, afirma Sheinbaum<\/h2>\n\n\n\n<p>Al asegurar que \u201cni caemos en chantajes ni caemos en amenazas\u201d, la presidenta&nbsp;dijo que la FGR&nbsp;y la Secretar\u00eda de Relaciones Exteriores deben&nbsp;<strong>explicar la respuesta<\/strong>&nbsp;que han dado a la carta del narcotraficante Ismael \u201cEl Mayo\u201d Zambada, donde exigi\u00f3 al gobierno de M\u00e9xico que pugne en Estados Unidos para su repatriaci\u00f3n, pues de lo contrario habr\u00e1 un colapso en las relaciones de ambos pa\u00edses.&nbsp;&nbsp;<\/p>\n\n\n\n<p>\u201cNo tenemos temor ni nada, porque no establecemos relaci\u00f3n de complicidad con nadie\u201d, sostuvo la presidenta Sheinbaum, en referencia a analistas pol\u00edticos que han advertido posibles declaraciones de Zambada que lo relacionen con gobiernos de Morena.&nbsp;&nbsp;<\/p>\n\n\n\n<p>Sheinbaum neg\u00f3 que ella o su gobierno defiendan al fundador del&nbsp;<strong>C\u00e1rtel de Sinaloa<\/strong>, pues refiri\u00f3 que \u00fanicamente se da seguimiento a c\u00f3mo se dio su proceso de detenci\u00f3n.&nbsp;&nbsp;<\/p>\n\n\n\n<p>\u201cEsta persona tiene orden de aprehensi\u00f3n en M\u00e9xico, porque ah\u00ed los adversarios y pseudo periodistas andan diciendo que los protegemos, \u00a1Pues c\u00f3mo, si tienen orden de aprehensi\u00f3n! El asunto es c\u00f3mo se llevan las cosas que tienen que estar en el marco de la ley y de la Constituci\u00f3n, relaciones internacionales, pero aqu\u00ed nadie protege a un delincuente. \u00c9l y otras personas que hayan cometido delitos tienen que enfrentarse a la justicia en M\u00e9xico u otros pa\u00edses. El asunto es c\u00f3mo se llev\u00f3 a cabo el proceso y c\u00f3mo se contesta a estas peticiones: en el marco de la ley\u201d, mencion\u00f3.&nbsp;<\/p>\n\n\n\n<p>Afirm\u00f3 que la FGR y la SRE son las&nbsp;<strong>responsables&nbsp;<\/strong>de dar seguimiento a la carta de Zambada, como lo hacen con cualquier carta que llegue a nuestro pa\u00eds de un mexicano.&nbsp;<\/p>\n\n\n\n<p>\u201cA ver el fiscal qu\u00e9 planteamiento tiene frente a asesor\u00edas, dem\u00e1s, qu\u00e9 hace la Secretar\u00eda de Relaciones Exteriores frente a cualquier mexicano, a eso tenemos remitirnos, no a una opini\u00f3n subjetiva, o a una carta de amenaza.&nbsp;<\/p>\n\n\n\n<p>\u201cLa Fiscal\u00eda y el fiscal han expresado, no tiene que ver con una carta o no. Claro que si env\u00eda una carta cualquier mexicano tiene que responderse eso as\u00ed es, est\u00e1 establecido en el 8 constitucional, y hay protocolos y ma\u00f1ana que lo explique el fiscal qu\u00e9 es lo que han estado haciendo ellos\u201d, refiri\u00f3.&nbsp;<\/p>\n\n\n\n<h2 class=\"wp-block-heading\">\u201cNi caemos en chantajes ni caemos en amenazas\u201d<\/h2>\n\n\n\n<p>Cuestionada respecto a las advertencias de analistas que su gobierno no debe caer en amenazas de&nbsp;<strong>Donald<\/strong>&nbsp;<strong>Trump<\/strong>&nbsp;ni de \u201cEl Mayo\u201d Zambada, la presidenta de M\u00e9xico dijo que&nbsp;<strong>no gobierna ni hace pol\u00edtica con base en una carta.<\/strong><\/p>\n\n\n\n<p>\u201cNi caemos en chantajes ni caemos en amenazas, cumplimos con nuestra responsabilidad, con la Constituci\u00f3n y las leyes. Frente a una situaci\u00f3n como esta \u00bfa d\u00f3nde va uno? Al derecho de cualquier mexicano cualquiera que este sea, y lo que dice la Constituci\u00f3n y lo que dice la ley, porque juramos respetarla. Entonces, no es caer en chantajes ni amenazas, lo que diga un peri\u00f3dico o lo que diga el otro, o lo que recomiende un analista financiero. Nosotros cumplimos con la ley y eso debemos hacer\u201d.&nbsp;&nbsp;<\/p>\n\n\n\n<p>\u201c\u00bfUstedes creen que nosotros vamos a hacer pol\u00edtica o vamos a gobernar con eso?&nbsp;&nbsp;Pues no. Lo que explicamos aqu\u00ed es cu\u00e1l es la responsabilidad del Estado mexicano, del gobierno de M\u00e9xico, frente a una situaci\u00f3n como la que se vivi\u00f3 de acuerdo con lo que dicen las leyes y la Constituci\u00f3n\u201d, asever\u00f3.<\/p>\n","protected":false},"excerpt":{"rendered":"<p>Por Redacci\u00f3n QP La presidenta aludi\u00f3 a una fotograf\u00eda que circul\u00f3 en redes en la&#8230;<\/p>\n","protected":false},"author":2,"featured_media":114940,"comment_status":"open","ping_status":"open","sticky":false,"template":"","format":"standard","meta":{"_monsterinsights_skip_tracking":false,"_monsterinsights_sitenote_active":false,"_monsterinsights_sitenote_note":"","_monsterinsights_sitenote_category":0,"footnotes":""},"categories":[280,2],"tags":[],"class_list":["post-114939","post","type-post","status-publish","format-standard","has-post-thumbnail","hentry","category-nacionales","category-noticias"],"yoast_head":"<!-- This site is optimized with the Yoast SEO plugin v27.3 - https:\/\/yoast.com\/product\/yoast-seo-wordpress\/ -->\n<title>&quot;No tenemos ni complicidades ni contubernios con nadie.&quot;La presidenta Claudia Sheinbaum niega conocer a Juan Pablo Penilla, abogado de Ismael \u201cEl Mayo\u201d Zambada, luego de que circulara una foto juntos -<\/title>\n<meta name=\"robots\" content=\"index, follow, max-snippet:-1, max-image-preview:large, max-video-preview:-1\" \/>\n<link rel=\"canonical\" href=\"https:\/\/quehacerpolitico.mx\/?p=114939\" \/>\n<meta property=\"og:locale\" content=\"es_MX\" \/>\n<meta property=\"og:type\" content=\"article\" \/>\n<meta property=\"og:title\" content=\"&quot;No tenemos ni complicidades ni contubernios con nadie.&quot;La presidenta Claudia Sheinbaum niega conocer a Juan Pablo Penilla, abogado de Ismael \u201cEl Mayo\u201d Zambada, luego de que circulara una foto juntos -\" \/>\n<meta property=\"og:description\" content=\"Por Redacci\u00f3n QP La presidenta aludi\u00f3 a una fotograf\u00eda que circul\u00f3 en redes en la...\" \/>\n<meta property=\"og:url\" content=\"https:\/\/quehacerpolitico.mx\/?p=114939\" \/>\n<meta property=\"article:published_time\" content=\"2025-02-24T19:25:49+00:00\" \/>\n<meta property=\"article:modified_time\" content=\"2025-02-24T19:25:52+00:00\" \/>\n<meta property=\"og:image\" content=\"https:\/\/quehacerpolitico.mx\/wp-content\/uploads\/2025\/02\/IMG_0775.jpeg\" \/>\n\t<meta property=\"og:image:width\" content=\"1284\" \/>\n\t<meta property=\"og:image:height\" content=\"710\" \/>\n\t<meta property=\"og:image:type\" content=\"image\/jpeg\" \/>\n<meta name=\"author\" content=\"Redacci\u00f3n QP\" \/>\n<meta name=\"twitter:card\" content=\"summary_large_image\" \/>\n<meta name=\"twitter:label1\" content=\"Escrito por\" \/>\n\t<meta name=\"twitter:data1\" content=\"Redacci\u00f3n QP\" \/>\n\t<meta name=\"twitter:label2\" content=\"Tiempo de lectura\" \/>\n\t<meta name=\"twitter:data2\" content=\"5 minutos\" \/>\n<script type=\"application\/ld+json\" class=\"yoast-schema-graph\">{\"@context\":\"https:\\\/\\\/schema.org\",\"@graph\":[{\"@type\":\"Article\",\"@id\":\"https:\\\/\\\/quehacerpolitico.mx\\\/?p=114939#article\",\"isPartOf\":{\"@id\":\"https:\\\/\\\/quehacerpolitico.mx\\\/?p=114939\"},\"author\":{\"name\":\"Redacci\u00f3n QP\",\"@id\":\"https:\\\/\\\/quehacerpolitico.mx\\\/#\\\/schema\\\/person\\\/496d8ad2d1d3f8036101dca7ee39e585\"},\"headline\":\"&#8220;No tenemos ni complicidades ni contubernios con nadie.&#8221;La presidenta Claudia Sheinbaum niega conocer a Juan Pablo Penilla, abogado de Ismael \u201cEl Mayo\u201d Zambada, luego de que circulara una foto juntos\",\"datePublished\":\"2025-02-24T19:25:49+00:00\",\"dateModified\":\"2025-02-24T19:25:52+00:00\",\"mainEntityOfPage\":{\"@id\":\"https:\\\/\\\/quehacerpolitico.mx\\\/?p=114939\"},\"wordCount\":988,\"commentCount\":0,\"image\":{\"@id\":\"https:\\\/\\\/quehacerpolitico.mx\\\/?p=114939#primaryimage\"},\"thumbnailUrl\":\"https:\\\/\\\/quehacerpolitico.mx\\\/wp-content\\\/uploads\\\/2025\\\/02\\\/IMG_0775.jpeg\",\"articleSection\":[\"Nacionales\",\"Noticias\"],\"inLanguage\":\"es\",\"potentialAction\":[{\"@type\":\"CommentAction\",\"name\":\"Comment\",\"target\":[\"https:\\\/\\\/quehacerpolitico.mx\\\/?p=114939#respond\"]}]},{\"@type\":\"WebPage\",\"@id\":\"https:\\\/\\\/quehacerpolitico.mx\\\/?p=114939\",\"url\":\"https:\\\/\\\/quehacerpolitico.mx\\\/?p=114939\",\"name\":\"\\\"No tenemos ni complicidades ni contubernios con nadie.\\\"La presidenta Claudia Sheinbaum niega conocer a Juan Pablo Penilla, abogado de Ismael \u201cEl Mayo\u201d Zambada, luego de que circulara una foto juntos -\",\"isPartOf\":{\"@id\":\"https:\\\/\\\/quehacerpolitico.mx\\\/#website\"},\"primaryImageOfPage\":{\"@id\":\"https:\\\/\\\/quehacerpolitico.mx\\\/?p=114939#primaryimage\"},\"image\":{\"@id\":\"https:\\\/\\\/quehacerpolitico.mx\\\/?p=114939#primaryimage\"},\"thumbnailUrl\":\"https:\\\/\\\/quehacerpolitico.mx\\\/wp-content\\\/uploads\\\/2025\\\/02\\\/IMG_0775.jpeg\",\"datePublished\":\"2025-02-24T19:25:49+00:00\",\"dateModified\":\"2025-02-24T19:25:52+00:00\",\"author\":{\"@id\":\"https:\\\/\\\/quehacerpolitico.mx\\\/#\\\/schema\\\/person\\\/496d8ad2d1d3f8036101dca7ee39e585\"},\"breadcrumb\":{\"@id\":\"https:\\\/\\\/quehacerpolitico.mx\\\/?p=114939#breadcrumb\"},\"inLanguage\":\"es\",\"potentialAction\":[{\"@type\":\"ReadAction\",\"target\":[\"https:\\\/\\\/quehacerpolitico.mx\\\/?p=114939\"]}]},{\"@type\":\"ImageObject\",\"inLanguage\":\"es\",\"@id\":\"https:\\\/\\\/quehacerpolitico.mx\\\/?p=114939#primaryimage\",\"url\":\"https:\\\/\\\/quehacerpolitico.mx\\\/wp-content\\\/uploads\\\/2025\\\/02\\\/IMG_0775.jpeg\",\"contentUrl\":\"https:\\\/\\\/quehacerpolitico.mx\\\/wp-content\\\/uploads\\\/2025\\\/02\\\/IMG_0775.jpeg\",\"width\":1284,\"height\":710,\"caption\":\"Screenshot\"},{\"@type\":\"BreadcrumbList\",\"@id\":\"https:\\\/\\\/quehacerpolitico.mx\\\/?p=114939#breadcrumb\",\"itemListElement\":[{\"@type\":\"ListItem\",\"position\":1,\"name\":\"Inicio\",\"item\":\"https:\\\/\\\/quehacerpolitico.mx\\\/\"},{\"@type\":\"ListItem\",\"position\":2,\"name\":\"&#8220;No tenemos ni complicidades ni contubernios con nadie.&#8221;La presidenta Claudia Sheinbaum niega conocer a Juan Pablo Penilla, abogado de Ismael \u201cEl Mayo\u201d Zambada, luego de que circulara una foto juntos\"}]},{\"@type\":\"WebSite\",\"@id\":\"https:\\\/\\\/quehacerpolitico.mx\\\/#website\",\"url\":\"https:\\\/\\\/quehacerpolitico.mx\\\/\",\"name\":\"\",\"description\":\"\",\"potentialAction\":[{\"@type\":\"SearchAction\",\"target\":{\"@type\":\"EntryPoint\",\"urlTemplate\":\"https:\\\/\\\/quehacerpolitico.mx\\\/?s={search_term_string}\"},\"query-input\":{\"@type\":\"PropertyValueSpecification\",\"valueRequired\":true,\"valueName\":\"search_term_string\"}}],\"inLanguage\":\"es\"},{\"@type\":\"Person\",\"@id\":\"https:\\\/\\\/quehacerpolitico.mx\\\/#\\\/schema\\\/person\\\/496d8ad2d1d3f8036101dca7ee39e585\",\"name\":\"Redacci\u00f3n QP\",\"image\":{\"@type\":\"ImageObject\",\"inLanguage\":\"es\",\"@id\":\"https:\\\/\\\/secure.gravatar.com\\\/avatar\\\/c7164ed6fdec453195284ad24a5ae5b6e1eed2b848477fa2a4787ba9adf39a41?s=96&d=mm&r=g\",\"url\":\"https:\\\/\\\/secure.gravatar.com\\\/avatar\\\/c7164ed6fdec453195284ad24a5ae5b6e1eed2b848477fa2a4787ba9adf39a41?s=96&d=mm&r=g\",\"contentUrl\":\"https:\\\/\\\/secure.gravatar.com\\\/avatar\\\/c7164ed6fdec453195284ad24a5ae5b6e1eed2b848477fa2a4787ba9adf39a41?s=96&d=mm&r=g\",\"caption\":\"Redacci\u00f3n QP\"},\"url\":\"https:\\\/\\\/quehacerpolitico.mx\\\/?author=2\"}]}<\/script>\n<!-- \/ Yoast SEO plugin. -->","yoast_head_json":{"title":"\"No tenemos ni complicidades ni contubernios con nadie.\"La presidenta Claudia Sheinbaum niega conocer a Juan Pablo Penilla, abogado de Ismael \u201cEl Mayo\u201d Zambada, luego de que circulara una foto juntos -","robots":{"index":"index","follow":"follow","max-snippet":"max-snippet:-1","max-image-preview":"max-image-preview:large","max-video-preview":"max-video-preview:-1"},"canonical":"https:\/\/quehacerpolitico.mx\/?p=114939","og_locale":"es_MX","og_type":"article","og_title":"\"No tenemos ni complicidades ni contubernios con nadie.\"La presidenta Claudia Sheinbaum niega conocer a Juan Pablo Penilla, abogado de Ismael \u201cEl Mayo\u201d Zambada, luego de que circulara una foto juntos -","og_description":"Por Redacci\u00f3n QP La presidenta aludi\u00f3 a una fotograf\u00eda que circul\u00f3 en redes en la...","og_url":"https:\/\/quehacerpolitico.mx\/?p=114939","article_published_time":"2025-02-24T19:25:49+00:00","article_modified_time":"2025-02-24T19:25:52+00:00","og_image":[{"width":1284,"height":710,"url":"https:\/\/quehacerpolitico.mx\/wp-content\/uploads\/2025\/02\/IMG_0775.jpeg","type":"image\/jpeg"}],"author":"Redacci\u00f3n QP","twitter_card":"summary_large_image","twitter_misc":{"Escrito por":"Redacci\u00f3n QP","Tiempo de lectura":"5 minutos"},"schema":{"@context":"https:\/\/schema.org","@graph":[{"@type":"Article","@id":"https:\/\/quehacerpolitico.mx\/?p=114939#article","isPartOf":{"@id":"https:\/\/quehacerpolitico.mx\/?p=114939"},"author":{"name":"Redacci\u00f3n QP","@id":"https:\/\/quehacerpolitico.mx\/#\/schema\/person\/496d8ad2d1d3f8036101dca7ee39e585"},"headline":"&#8220;No tenemos ni complicidades ni contubernios con nadie.&#8221;La presidenta Claudia Sheinbaum niega conocer a Juan Pablo Penilla, abogado de Ismael \u201cEl Mayo\u201d Zambada, luego de que circulara una foto juntos","datePublished":"2025-02-24T19:25:49+00:00","dateModified":"2025-02-24T19:25:52+00:00","mainEntityOfPage":{"@id":"https:\/\/quehacerpolitico.mx\/?p=114939"},"wordCount":988,"commentCount":0,"image":{"@id":"https:\/\/quehacerpolitico.mx\/?p=114939#primaryimage"},"thumbnailUrl":"https:\/\/quehacerpolitico.mx\/wp-content\/uploads\/2025\/02\/IMG_0775.jpeg","articleSection":["Nacionales","Noticias"],"inLanguage":"es","potentialAction":[{"@type":"CommentAction","name":"Comment","target":["https:\/\/quehacerpolitico.mx\/?p=114939#respond"]}]},{"@type":"WebPage","@id":"https:\/\/quehacerpolitico.mx\/?p=114939","url":"https:\/\/quehacerpolitico.mx\/?p=114939","name":"\"No tenemos ni complicidades ni contubernios con nadie.\"La presidenta Claudia Sheinbaum niega conocer a Juan Pablo Penilla, abogado de Ismael \u201cEl Mayo\u201d Zambada, luego de que circulara una foto juntos -","isPartOf":{"@id":"https:\/\/quehacerpolitico.mx\/#website"},"primaryImageOfPage":{"@id":"https:\/\/quehacerpolitico.mx\/?p=114939#primaryimage"},"image":{"@id":"https:\/\/quehacerpolitico.mx\/?p=114939#primaryimage"},"thumbnailUrl":"https:\/\/quehacerpolitico.mx\/wp-content\/uploads\/2025\/02\/IMG_0775.jpeg","datePublished":"2025-02-24T19:25:49+00:00","dateModified":"2025-02-24T19:25:52+00:00","author":{"@id":"https:\/\/quehacerpolitico.mx\/#\/schema\/person\/496d8ad2d1d3f8036101dca7ee39e585"},"breadcrumb":{"@id":"https:\/\/quehacerpolitico.mx\/?p=114939#breadcrumb"},"inLanguage":"es","potentialAction":[{"@type":"ReadAction","target":["https:\/\/quehacerpolitico.mx\/?p=114939"]}]},{"@type":"ImageObject","inLanguage":"es","@id":"https:\/\/quehacerpolitico.mx\/?p=114939#primaryimage","url":"https:\/\/quehacerpolitico.mx\/wp-content\/uploads\/2025\/02\/IMG_0775.jpeg","contentUrl":"https:\/\/quehacerpolitico.mx\/wp-content\/uploads\/2025\/02\/IMG_0775.jpeg","width":1284,"height":710,"caption":"Screenshot"},{"@type":"BreadcrumbList","@id":"https:\/\/quehacerpolitico.mx\/?p=114939#breadcrumb","itemListElement":[{"@type":"ListItem","position":1,"name":"Inicio","item":"https:\/\/quehacerpolitico.mx\/"},{"@type":"ListItem","position":2,"name":"&#8220;No tenemos ni complicidades ni contubernios con nadie.&#8221;La presidenta Claudia Sheinbaum niega conocer a Juan Pablo Penilla, abogado de Ismael \u201cEl Mayo\u201d Zambada, luego de que circulara una foto juntos"}]},{"@type":"WebSite","@id":"https:\/\/quehacerpolitico.mx\/#website","url":"https:\/\/quehacerpolitico.mx\/","name":"","description":"","potentialAction":[{"@type":"SearchAction","target":{"@type":"EntryPoint","urlTemplate":"https:\/\/quehacerpolitico.mx\/?s={search_term_string}"},"query-input":{"@type":"PropertyValueSpecification","valueRequired":true,"valueName":"search_term_string"}}],"inLanguage":"es"},{"@type":"Person","@id":"https:\/\/quehacerpolitico.mx\/#\/schema\/person\/496d8ad2d1d3f8036101dca7ee39e585","name":"Redacci\u00f3n QP","image":{"@type":"ImageObject","inLanguage":"es","@id":"https:\/\/secure.gravatar.com\/avatar\/c7164ed6fdec453195284ad24a5ae5b6e1eed2b848477fa2a4787ba9adf39a41?s=96&d=mm&r=g","url":"https:\/\/secure.gravatar.com\/avatar\/c7164ed6fdec453195284ad24a5ae5b6e1eed2b848477fa2a4787ba9adf39a41?s=96&d=mm&r=g","contentUrl":"https:\/\/secure.gravatar.com\/avatar\/c7164ed6fdec453195284ad24a5ae5b6e1eed2b848477fa2a4787ba9adf39a41?s=96&d=mm&r=g","caption":"Redacci\u00f3n QP"},"url":"https:\/\/quehacerpolitico.mx\/?author=2"}]}},"featured_image_urls":{"full":["https:\/\/quehacerpolitico.mx\/wp-content\/uploads\/2025\/02\/IMG_0775.jpeg",1284,710,false],"thumbnail":["https:\/\/quehacerpolitico.mx\/wp-content\/uploads\/2025\/02\/IMG_0775-150x150.jpeg",150,150,true],"medium":["https:\/\/quehacerpolitico.mx\/wp-content\/uploads\/2025\/02\/IMG_0775-300x166.jpeg",300,166,true],"medium_large":["https:\/\/quehacerpolitico.mx\/wp-content\/uploads\/2025\/02\/IMG_0775-768x425.jpeg",640,354,true],"large":["https:\/\/quehacerpolitico.mx\/wp-content\/uploads\/2025\/02\/IMG_0775-1024x566.jpeg",640,354,true],"1536x1536":["https:\/\/quehacerpolitico.mx\/wp-content\/uploads\/2025\/02\/IMG_0775.jpeg",1284,710,false],"2048x2048":["https:\/\/quehacerpolitico.mx\/wp-content\/uploads\/2025\/02\/IMG_0775.jpeg",1284,710,false],"covernews-featured":["https:\/\/quehacerpolitico.mx\/wp-content\/uploads\/2025\/02\/IMG_0775-1024x566.jpeg",1024,566,true],"covernews-medium":["https:\/\/quehacerpolitico.mx\/wp-content\/uploads\/2025\/02\/IMG_0775-540x340.jpeg",540,340,true]},"author_info":{"display_name":"Redacci\u00f3n QP","author_link":"https:\/\/quehacerpolitico.mx\/?author=2"},"category_info":"<a href=\"https:\/\/quehacerpolitico.mx\/?cat=280\" rel=\"category\">Nacionales<\/a> <a href=\"https:\/\/quehacerpolitico.mx\/?cat=2\" rel=\"category\">Noticias<\/a>","tag_info":"Noticias","comment_count":"0","_links":{"self":[{"href":"https:\/\/quehacerpolitico.mx\/index.php?rest_route=\/wp\/v2\/posts\/114939","targetHints":{"allow":["GET"]}}],"collection":[{"href":"https:\/\/quehacerpolitico.mx\/index.php?rest_route=\/wp\/v2\/posts"}],"about":[{"href":"https:\/\/quehacerpolitico.mx\/index.php?rest_route=\/wp\/v2\/types\/post"}],"author":[{"embeddable":true,"href":"https:\/\/quehacerpolitico.mx\/index.php?rest_route=\/wp\/v2\/users\/2"}],"replies":[{"embeddable":true,"href":"https:\/\/quehacerpolitico.mx\/index.php?rest_route=%2Fwp%2Fv2%2Fcomments&post=114939"}],"version-history":[{"count":1,"href":"https:\/\/quehacerpolitico.mx\/index.php?rest_route=\/wp\/v2\/posts\/114939\/revisions"}],"predecessor-version":[{"id":114941,"href":"https:\/\/quehacerpolitico.mx\/index.php?rest_route=\/wp\/v2\/posts\/114939\/revisions\/114941"}],"wp:featuredmedia":[{"embeddable":true,"href":"https:\/\/quehacerpolitico.mx\/index.php?rest_route=\/wp\/v2\/media\/114940"}],"wp:attachment":[{"href":"https:\/\/quehacerpolitico.mx\/index.php?rest_route=%2Fwp%2Fv2%2Fmedia&parent=114939"}],"wp:term":[{"taxonomy":"category","embeddable":true,"href":"https:\/\/quehacerpolitico.mx\/index.php?rest_route=%2Fwp%2Fv2%2Fcategories&post=114939"},{"taxonomy":"post_tag","embeddable":true,"href":"https:\/\/quehacerpolitico.mx\/index.php?rest_route=%2Fwp%2Fv2%2Ftags&post=114939"}],"curies":[{"name":"wp","href":"https:\/\/api.w.org\/{rel}","templated":true}]}}