{"id":114930,"date":"2025-02-24T08:56:37","date_gmt":"2025-02-24T14:56:37","guid":{"rendered":"https:\/\/quehacerpolitico.mx\/?p=114930"},"modified":"2025-02-24T08:56:39","modified_gmt":"2025-02-24T14:56:39","slug":"el-quehacer-politico-a-traves-jose-alberto-prado-angeles-trump-muy-enojado-con-mexico-y-canada","status":"publish","type":"post","link":"https:\/\/quehacerpolitico.mx\/?p=114930","title":{"rendered":"El Quehacer Pol\u00edtico a trav\u00e9s\/\/\/Jose Alberto Prado \u00c1ngeles\/\/\/Trump muy enojado con M\u00e9xico y Canad\u00e1"},"content":{"rendered":"\n<p>Por Jos\u00e9 Alberto Prado \u00c1ngeles <\/p>\n\n\n\n<p>Director General y Editor<\/p>\n\n\n\n<p>Fiel a su estilo y apegado a la costumbre Donald Trump dijo, \u201c&#8230; no estoy contento con M\u00e9xico, ni tampoco con Canad\u00e1\u201d, al hacer referencia al papel que juegan ambos pa\u00edses en el tr\u00e1fico de fentanilo, cuando el s\u00e1bado pasado habl\u00f3 en la Conferencia de Acci\u00f3n Pol\u00edtica Conservadora (CPAC). Nada nuevo en el mensaje, pero lo que s\u00ed es novedad, es que apenas en sus primeros 30 d\u00edas en la Casa Blanca de esta&nbsp;su segunda administraci\u00f3n, muchos ciudadanos -incluso los que votaron por \u00e9l hace menos de cuatro meses- no est\u00e1n contentos con su desempe\u00f1o y con el rumbo que empieza a tomar el pa\u00eds en la econom\u00eda, administraci\u00f3n gubernamental y pol\u00edtica exterior.<\/p>\n\n\n\n<p>Apenas se cumpli\u00f3 el primer mes el jueves pasado y medios de comunicaci\u00f3n, universidades y organizaciones no lucrativas -Washington Post, Reuters\/IPSOS, CNN, Quinnipiac University y Pen Research, entre otros- ya dieron a conocer sus encuestas de percepci\u00f3n sobre el nuevo mandatario. En todos los promedios la calificaci\u00f3n es a la baja -cercana a los dos d\u00edgitos- y solo un 27 por ciento de los encuestados lo apoyan a ciegas y un 37 por ciento se oponen en todos los sentidos.<\/p>\n\n\n\n<p>Pero veamos los n\u00fameros en los renglones m\u00e1s importantes. En lo que se refiere al despido de trabajadores federales \u201crecomendado\u201d por su asesor personal Elon Musk, 58 por ciento lo rechaza -39 por ciento lo aprueba-; el haber desaparecido la Agencia de Desarrollo Internacional (USAID), el 59 por ciento se opone -el 38 por ciento lo aprueba-; el perd\u00f3n concedido a los m\u00e1s de 1,500 sentenciados por la invasi\u00f3n del Capitolio, 83 por ciento lo desaprueba -solo 14 por ciento lo justifica-; en el manejo de la econom\u00eda 53 por ciento la desaprueba -45 por ciento lo aprueba-, se\u00f1alando el 62 por ciento de los entrevistados que no ha hecho lo suficiente por reducir los precios de los productos b\u00e1sicos como fue su promesa de campa\u00f1a, mientras que en lo que se refiere al manejo concreto de la inflaci\u00f3n, una tercera parte -32 por ciento- solamente lo aprueba.<\/p>\n\n\n\n<p>De acuerdo con Gallup -agencia de analisis y asesoria- Donald Trump inici\u00f3 su mandato el 20 de enero pasado con un 47 por de aprobaci\u00f3n ciudadana; 30 d\u00edas despu\u00e9s -de acuerdo con el periodico The Washington Post- solo\u00a0 el 43 por ciento lo apoyan y la tendencia es a la baja, mientras que el 57 por ciento de los norteamericanos perciben que Trump se ha excedido en su autoridad en la aplicaci\u00f3n de pol\u00edticas internas -como es el despido masivo de empleados federales para reducir costos presupuestales, el conceder poder ilimitado a Elon Musk al frente del Departamento de Eficiencia Gubernamental (DOGE) y los nombramientos de gente sin antecedentes y experiencia en el Pent\u00e1gono, el FBI, el Departamento de Salud, Seguridad Nacional, etc.- y externas -como ha sido el manejo de las crisis Israel-Hamas, Rusia-Ucrania y la credibilidad que le tiene a Vladimir Putin de Rusia, donde el 81 por ciento de la poblaci\u00f3n lo desaprueba-.<\/p>\n\n\n\n<p>As\u00ed es que posiblemente la insatisfacci\u00f3n que demuestra al decir que \u201c&#8230; no estoy muy contento con M\u00e9xico, ni tampoco con Canad\u00e1\u201d -que han hecho m\u00e1s de lo que hac\u00edan en el pasado en el combate al fentanilo- solo sea un desquite a la desaprobaci\u00f3n que empieza a sentir por parte de sus \u201cs\u00fabditos\u201d. El problema es que en las medidas de \u201cdesquite\u201d que tome el inquilino de la Casa Blanca en contra de sus vecinos si nos puede repercutir, sobre todo en lo que se refiere con el asunto de los aranceles.<\/p>\n\n\n\n<p>As\u00ed el Quehacer Pol\u00edtico Desde 1980, 44 a\u00f1os inquiriendo en la pol\u00edtica de M\u00e9xico, cuestionando, exponiendo, revelando y razonando.Es cuanto.<\/p>\n","protected":false},"excerpt":{"rendered":"<p>Por Jos\u00e9 Alberto Prado \u00c1ngeles Director General y Editor Fiel a su estilo y apegado&#8230;<\/p>\n","protected":false},"author":2,"featured_media":114931,"comment_status":"open","ping_status":"open","sticky":false,"template":"","format":"standard","meta":{"_monsterinsights_skip_tracking":false,"_monsterinsights_sitenote_active":false,"_monsterinsights_sitenote_note":"","_monsterinsights_sitenote_category":0,"footnotes":""},"categories":[280,2],"tags":[],"class_list":["post-114930","post","type-post","status-publish","format-standard","has-post-thumbnail","hentry","category-nacionales","category-noticias"],"yoast_head":"<!-- This site is optimized with the Yoast SEO plugin v27.3 - https:\/\/yoast.com\/product\/yoast-seo-wordpress\/ -->\n<title>El Quehacer Pol\u00edtico a trav\u00e9s\/\/\/Jose Alberto Prado \u00c1ngeles\/\/\/Trump muy enojado con M\u00e9xico y Canad\u00e1 -<\/title>\n<meta name=\"robots\" content=\"index, follow, max-snippet:-1, max-image-preview:large, max-video-preview:-1\" \/>\n<link rel=\"canonical\" href=\"https:\/\/quehacerpolitico.mx\/?p=114930\" \/>\n<meta property=\"og:locale\" content=\"es_MX\" \/>\n<meta property=\"og:type\" content=\"article\" \/>\n<meta property=\"og:title\" content=\"El Quehacer Pol\u00edtico a trav\u00e9s\/\/\/Jose Alberto Prado \u00c1ngeles\/\/\/Trump muy enojado con M\u00e9xico y Canad\u00e1 -\" \/>\n<meta property=\"og:description\" content=\"Por Jos\u00e9 Alberto Prado \u00c1ngeles Director General y Editor Fiel a su estilo y apegado...\" \/>\n<meta property=\"og:url\" content=\"https:\/\/quehacerpolitico.mx\/?p=114930\" \/>\n<meta property=\"article:published_time\" content=\"2025-02-24T14:56:37+00:00\" \/>\n<meta property=\"article:modified_time\" content=\"2025-02-24T14:56:39+00:00\" \/>\n<meta property=\"og:image\" content=\"https:\/\/quehacerpolitico.mx\/wp-content\/uploads\/2025\/02\/fb07bd44-0f95-41a8-8353-f61c55b6d960-3.jpeg\" \/>\n\t<meta property=\"og:image:width\" content=\"963\" \/>\n\t<meta property=\"og:image:height\" content=\"493\" \/>\n\t<meta property=\"og:image:type\" content=\"image\/jpeg\" \/>\n<meta name=\"author\" content=\"Redacci\u00f3n QP\" \/>\n<meta name=\"twitter:card\" content=\"summary_large_image\" \/>\n<meta name=\"twitter:label1\" content=\"Escrito por\" \/>\n\t<meta name=\"twitter:data1\" content=\"Redacci\u00f3n QP\" \/>\n\t<meta name=\"twitter:label2\" content=\"Tiempo de lectura\" \/>\n\t<meta name=\"twitter:data2\" content=\"3 minutos\" \/>\n<script type=\"application\/ld+json\" class=\"yoast-schema-graph\">{\"@context\":\"https:\\\/\\\/schema.org\",\"@graph\":[{\"@type\":\"Article\",\"@id\":\"https:\\\/\\\/quehacerpolitico.mx\\\/?p=114930#article\",\"isPartOf\":{\"@id\":\"https:\\\/\\\/quehacerpolitico.mx\\\/?p=114930\"},\"author\":{\"name\":\"Redacci\u00f3n QP\",\"@id\":\"https:\\\/\\\/quehacerpolitico.mx\\\/#\\\/schema\\\/person\\\/496d8ad2d1d3f8036101dca7ee39e585\"},\"headline\":\"El Quehacer Pol\u00edtico a trav\u00e9s\\\/\\\/\\\/Jose Alberto Prado \u00c1ngeles\\\/\\\/\\\/Trump muy enojado con M\u00e9xico y Canad\u00e1\",\"datePublished\":\"2025-02-24T14:56:37+00:00\",\"dateModified\":\"2025-02-24T14:56:39+00:00\",\"mainEntityOfPage\":{\"@id\":\"https:\\\/\\\/quehacerpolitico.mx\\\/?p=114930\"},\"wordCount\":667,\"commentCount\":0,\"image\":{\"@id\":\"https:\\\/\\\/quehacerpolitico.mx\\\/?p=114930#primaryimage\"},\"thumbnailUrl\":\"https:\\\/\\\/quehacerpolitico.mx\\\/wp-content\\\/uploads\\\/2025\\\/02\\\/fb07bd44-0f95-41a8-8353-f61c55b6d960-3.jpeg\",\"articleSection\":[\"Nacionales\",\"Noticias\"],\"inLanguage\":\"es\",\"potentialAction\":[{\"@type\":\"CommentAction\",\"name\":\"Comment\",\"target\":[\"https:\\\/\\\/quehacerpolitico.mx\\\/?p=114930#respond\"]}]},{\"@type\":\"WebPage\",\"@id\":\"https:\\\/\\\/quehacerpolitico.mx\\\/?p=114930\",\"url\":\"https:\\\/\\\/quehacerpolitico.mx\\\/?p=114930\",\"name\":\"El Quehacer Pol\u00edtico a trav\u00e9s\\\/\\\/\\\/Jose Alberto Prado \u00c1ngeles\\\/\\\/\\\/Trump muy enojado con M\u00e9xico y Canad\u00e1 -\",\"isPartOf\":{\"@id\":\"https:\\\/\\\/quehacerpolitico.mx\\\/#website\"},\"primaryImageOfPage\":{\"@id\":\"https:\\\/\\\/quehacerpolitico.mx\\\/?p=114930#primaryimage\"},\"image\":{\"@id\":\"https:\\\/\\\/quehacerpolitico.mx\\\/?p=114930#primaryimage\"},\"thumbnailUrl\":\"https:\\\/\\\/quehacerpolitico.mx\\\/wp-content\\\/uploads\\\/2025\\\/02\\\/fb07bd44-0f95-41a8-8353-f61c55b6d960-3.jpeg\",\"datePublished\":\"2025-02-24T14:56:37+00:00\",\"dateModified\":\"2025-02-24T14:56:39+00:00\",\"author\":{\"@id\":\"https:\\\/\\\/quehacerpolitico.mx\\\/#\\\/schema\\\/person\\\/496d8ad2d1d3f8036101dca7ee39e585\"},\"breadcrumb\":{\"@id\":\"https:\\\/\\\/quehacerpolitico.mx\\\/?p=114930#breadcrumb\"},\"inLanguage\":\"es\",\"potentialAction\":[{\"@type\":\"ReadAction\",\"target\":[\"https:\\\/\\\/quehacerpolitico.mx\\\/?p=114930\"]}]},{\"@type\":\"ImageObject\",\"inLanguage\":\"es\",\"@id\":\"https:\\\/\\\/quehacerpolitico.mx\\\/?p=114930#primaryimage\",\"url\":\"https:\\\/\\\/quehacerpolitico.mx\\\/wp-content\\\/uploads\\\/2025\\\/02\\\/fb07bd44-0f95-41a8-8353-f61c55b6d960-3.jpeg\",\"contentUrl\":\"https:\\\/\\\/quehacerpolitico.mx\\\/wp-content\\\/uploads\\\/2025\\\/02\\\/fb07bd44-0f95-41a8-8353-f61c55b6d960-3.jpeg\",\"width\":963,\"height\":493},{\"@type\":\"BreadcrumbList\",\"@id\":\"https:\\\/\\\/quehacerpolitico.mx\\\/?p=114930#breadcrumb\",\"itemListElement\":[{\"@type\":\"ListItem\",\"position\":1,\"name\":\"Inicio\",\"item\":\"https:\\\/\\\/quehacerpolitico.mx\\\/\"},{\"@type\":\"ListItem\",\"position\":2,\"name\":\"El Quehacer Pol\u00edtico a trav\u00e9s\\\/\\\/\\\/Jose Alberto Prado \u00c1ngeles\\\/\\\/\\\/Trump muy enojado con M\u00e9xico y Canad\u00e1\"}]},{\"@type\":\"WebSite\",\"@id\":\"https:\\\/\\\/quehacerpolitico.mx\\\/#website\",\"url\":\"https:\\\/\\\/quehacerpolitico.mx\\\/\",\"name\":\"\",\"description\":\"\",\"potentialAction\":[{\"@type\":\"SearchAction\",\"target\":{\"@type\":\"EntryPoint\",\"urlTemplate\":\"https:\\\/\\\/quehacerpolitico.mx\\\/?s={search_term_string}\"},\"query-input\":{\"@type\":\"PropertyValueSpecification\",\"valueRequired\":true,\"valueName\":\"search_term_string\"}}],\"inLanguage\":\"es\"},{\"@type\":\"Person\",\"@id\":\"https:\\\/\\\/quehacerpolitico.mx\\\/#\\\/schema\\\/person\\\/496d8ad2d1d3f8036101dca7ee39e585\",\"name\":\"Redacci\u00f3n QP\",\"image\":{\"@type\":\"ImageObject\",\"inLanguage\":\"es\",\"@id\":\"https:\\\/\\\/secure.gravatar.com\\\/avatar\\\/c7164ed6fdec453195284ad24a5ae5b6e1eed2b848477fa2a4787ba9adf39a41?s=96&d=mm&r=g\",\"url\":\"https:\\\/\\\/secure.gravatar.com\\\/avatar\\\/c7164ed6fdec453195284ad24a5ae5b6e1eed2b848477fa2a4787ba9adf39a41?s=96&d=mm&r=g\",\"contentUrl\":\"https:\\\/\\\/secure.gravatar.com\\\/avatar\\\/c7164ed6fdec453195284ad24a5ae5b6e1eed2b848477fa2a4787ba9adf39a41?s=96&d=mm&r=g\",\"caption\":\"Redacci\u00f3n QP\"},\"url\":\"https:\\\/\\\/quehacerpolitico.mx\\\/?author=2\"}]}<\/script>\n<!-- \/ Yoast SEO plugin. -->","yoast_head_json":{"title":"El Quehacer Pol\u00edtico a trav\u00e9s\/\/\/Jose Alberto Prado \u00c1ngeles\/\/\/Trump muy enojado con M\u00e9xico y Canad\u00e1 -","robots":{"index":"index","follow":"follow","max-snippet":"max-snippet:-1","max-image-preview":"max-image-preview:large","max-video-preview":"max-video-preview:-1"},"canonical":"https:\/\/quehacerpolitico.mx\/?p=114930","og_locale":"es_MX","og_type":"article","og_title":"El Quehacer Pol\u00edtico a trav\u00e9s\/\/\/Jose Alberto Prado \u00c1ngeles\/\/\/Trump muy enojado con M\u00e9xico y Canad\u00e1 -","og_description":"Por Jos\u00e9 Alberto Prado \u00c1ngeles Director General y Editor Fiel a su estilo y apegado...","og_url":"https:\/\/quehacerpolitico.mx\/?p=114930","article_published_time":"2025-02-24T14:56:37+00:00","article_modified_time":"2025-02-24T14:56:39+00:00","og_image":[{"width":963,"height":493,"url":"https:\/\/quehacerpolitico.mx\/wp-content\/uploads\/2025\/02\/fb07bd44-0f95-41a8-8353-f61c55b6d960-3.jpeg","type":"image\/jpeg"}],"author":"Redacci\u00f3n QP","twitter_card":"summary_large_image","twitter_misc":{"Escrito por":"Redacci\u00f3n QP","Tiempo de lectura":"3 minutos"},"schema":{"@context":"https:\/\/schema.org","@graph":[{"@type":"Article","@id":"https:\/\/quehacerpolitico.mx\/?p=114930#article","isPartOf":{"@id":"https:\/\/quehacerpolitico.mx\/?p=114930"},"author":{"name":"Redacci\u00f3n QP","@id":"https:\/\/quehacerpolitico.mx\/#\/schema\/person\/496d8ad2d1d3f8036101dca7ee39e585"},"headline":"El Quehacer Pol\u00edtico a trav\u00e9s\/\/\/Jose Alberto Prado \u00c1ngeles\/\/\/Trump muy enojado con M\u00e9xico y Canad\u00e1","datePublished":"2025-02-24T14:56:37+00:00","dateModified":"2025-02-24T14:56:39+00:00","mainEntityOfPage":{"@id":"https:\/\/quehacerpolitico.mx\/?p=114930"},"wordCount":667,"commentCount":0,"image":{"@id":"https:\/\/quehacerpolitico.mx\/?p=114930#primaryimage"},"thumbnailUrl":"https:\/\/quehacerpolitico.mx\/wp-content\/uploads\/2025\/02\/fb07bd44-0f95-41a8-8353-f61c55b6d960-3.jpeg","articleSection":["Nacionales","Noticias"],"inLanguage":"es","potentialAction":[{"@type":"CommentAction","name":"Comment","target":["https:\/\/quehacerpolitico.mx\/?p=114930#respond"]}]},{"@type":"WebPage","@id":"https:\/\/quehacerpolitico.mx\/?p=114930","url":"https:\/\/quehacerpolitico.mx\/?p=114930","name":"El Quehacer Pol\u00edtico a trav\u00e9s\/\/\/Jose Alberto Prado \u00c1ngeles\/\/\/Trump muy enojado con M\u00e9xico y Canad\u00e1 -","isPartOf":{"@id":"https:\/\/quehacerpolitico.mx\/#website"},"primaryImageOfPage":{"@id":"https:\/\/quehacerpolitico.mx\/?p=114930#primaryimage"},"image":{"@id":"https:\/\/quehacerpolitico.mx\/?p=114930#primaryimage"},"thumbnailUrl":"https:\/\/quehacerpolitico.mx\/wp-content\/uploads\/2025\/02\/fb07bd44-0f95-41a8-8353-f61c55b6d960-3.jpeg","datePublished":"2025-02-24T14:56:37+00:00","dateModified":"2025-02-24T14:56:39+00:00","author":{"@id":"https:\/\/quehacerpolitico.mx\/#\/schema\/person\/496d8ad2d1d3f8036101dca7ee39e585"},"breadcrumb":{"@id":"https:\/\/quehacerpolitico.mx\/?p=114930#breadcrumb"},"inLanguage":"es","potentialAction":[{"@type":"ReadAction","target":["https:\/\/quehacerpolitico.mx\/?p=114930"]}]},{"@type":"ImageObject","inLanguage":"es","@id":"https:\/\/quehacerpolitico.mx\/?p=114930#primaryimage","url":"https:\/\/quehacerpolitico.mx\/wp-content\/uploads\/2025\/02\/fb07bd44-0f95-41a8-8353-f61c55b6d960-3.jpeg","contentUrl":"https:\/\/quehacerpolitico.mx\/wp-content\/uploads\/2025\/02\/fb07bd44-0f95-41a8-8353-f61c55b6d960-3.jpeg","width":963,"height":493},{"@type":"BreadcrumbList","@id":"https:\/\/quehacerpolitico.mx\/?p=114930#breadcrumb","itemListElement":[{"@type":"ListItem","position":1,"name":"Inicio","item":"https:\/\/quehacerpolitico.mx\/"},{"@type":"ListItem","position":2,"name":"El Quehacer Pol\u00edtico a trav\u00e9s\/\/\/Jose Alberto Prado \u00c1ngeles\/\/\/Trump muy enojado con M\u00e9xico y Canad\u00e1"}]},{"@type":"WebSite","@id":"https:\/\/quehacerpolitico.mx\/#website","url":"https:\/\/quehacerpolitico.mx\/","name":"","description":"","potentialAction":[{"@type":"SearchAction","target":{"@type":"EntryPoint","urlTemplate":"https:\/\/quehacerpolitico.mx\/?s={search_term_string}"},"query-input":{"@type":"PropertyValueSpecification","valueRequired":true,"valueName":"search_term_string"}}],"inLanguage":"es"},{"@type":"Person","@id":"https:\/\/quehacerpolitico.mx\/#\/schema\/person\/496d8ad2d1d3f8036101dca7ee39e585","name":"Redacci\u00f3n QP","image":{"@type":"ImageObject","inLanguage":"es","@id":"https:\/\/secure.gravatar.com\/avatar\/c7164ed6fdec453195284ad24a5ae5b6e1eed2b848477fa2a4787ba9adf39a41?s=96&d=mm&r=g","url":"https:\/\/secure.gravatar.com\/avatar\/c7164ed6fdec453195284ad24a5ae5b6e1eed2b848477fa2a4787ba9adf39a41?s=96&d=mm&r=g","contentUrl":"https:\/\/secure.gravatar.com\/avatar\/c7164ed6fdec453195284ad24a5ae5b6e1eed2b848477fa2a4787ba9adf39a41?s=96&d=mm&r=g","caption":"Redacci\u00f3n QP"},"url":"https:\/\/quehacerpolitico.mx\/?author=2"}]}},"featured_image_urls":{"full":["https:\/\/quehacerpolitico.mx\/wp-content\/uploads\/2025\/02\/fb07bd44-0f95-41a8-8353-f61c55b6d960-3.jpeg",963,493,false],"thumbnail":["https:\/\/quehacerpolitico.mx\/wp-content\/uploads\/2025\/02\/fb07bd44-0f95-41a8-8353-f61c55b6d960-3-150x150.jpeg",150,150,true],"medium":["https:\/\/quehacerpolitico.mx\/wp-content\/uploads\/2025\/02\/fb07bd44-0f95-41a8-8353-f61c55b6d960-3-300x154.jpeg",300,154,true],"medium_large":["https:\/\/quehacerpolitico.mx\/wp-content\/uploads\/2025\/02\/fb07bd44-0f95-41a8-8353-f61c55b6d960-3-768x393.jpeg",640,328,true],"large":["https:\/\/quehacerpolitico.mx\/wp-content\/uploads\/2025\/02\/fb07bd44-0f95-41a8-8353-f61c55b6d960-3.jpeg",640,328,false],"1536x1536":["https:\/\/quehacerpolitico.mx\/wp-content\/uploads\/2025\/02\/fb07bd44-0f95-41a8-8353-f61c55b6d960-3.jpeg",963,493,false],"2048x2048":["https:\/\/quehacerpolitico.mx\/wp-content\/uploads\/2025\/02\/fb07bd44-0f95-41a8-8353-f61c55b6d960-3.jpeg",963,493,false],"covernews-featured":["https:\/\/quehacerpolitico.mx\/wp-content\/uploads\/2025\/02\/fb07bd44-0f95-41a8-8353-f61c55b6d960-3.jpeg",963,493,false],"covernews-medium":["https:\/\/quehacerpolitico.mx\/wp-content\/uploads\/2025\/02\/fb07bd44-0f95-41a8-8353-f61c55b6d960-3-540x340.jpeg",540,340,true]},"author_info":{"display_name":"Redacci\u00f3n QP","author_link":"https:\/\/quehacerpolitico.mx\/?author=2"},"category_info":"<a href=\"https:\/\/quehacerpolitico.mx\/?cat=280\" rel=\"category\">Nacionales<\/a> <a href=\"https:\/\/quehacerpolitico.mx\/?cat=2\" rel=\"category\">Noticias<\/a>","tag_info":"Noticias","comment_count":"0","_links":{"self":[{"href":"https:\/\/quehacerpolitico.mx\/index.php?rest_route=\/wp\/v2\/posts\/114930","targetHints":{"allow":["GET"]}}],"collection":[{"href":"https:\/\/quehacerpolitico.mx\/index.php?rest_route=\/wp\/v2\/posts"}],"about":[{"href":"https:\/\/quehacerpolitico.mx\/index.php?rest_route=\/wp\/v2\/types\/post"}],"author":[{"embeddable":true,"href":"https:\/\/quehacerpolitico.mx\/index.php?rest_route=\/wp\/v2\/users\/2"}],"replies":[{"embeddable":true,"href":"https:\/\/quehacerpolitico.mx\/index.php?rest_route=%2Fwp%2Fv2%2Fcomments&post=114930"}],"version-history":[{"count":1,"href":"https:\/\/quehacerpolitico.mx\/index.php?rest_route=\/wp\/v2\/posts\/114930\/revisions"}],"predecessor-version":[{"id":114932,"href":"https:\/\/quehacerpolitico.mx\/index.php?rest_route=\/wp\/v2\/posts\/114930\/revisions\/114932"}],"wp:featuredmedia":[{"embeddable":true,"href":"https:\/\/quehacerpolitico.mx\/index.php?rest_route=\/wp\/v2\/media\/114931"}],"wp:attachment":[{"href":"https:\/\/quehacerpolitico.mx\/index.php?rest_route=%2Fwp%2Fv2%2Fmedia&parent=114930"}],"wp:term":[{"taxonomy":"category","embeddable":true,"href":"https:\/\/quehacerpolitico.mx\/index.php?rest_route=%2Fwp%2Fv2%2Fcategories&post=114930"},{"taxonomy":"post_tag","embeddable":true,"href":"https:\/\/quehacerpolitico.mx\/index.php?rest_route=%2Fwp%2Fv2%2Ftags&post=114930"}],"curies":[{"name":"wp","href":"https:\/\/api.w.org\/{rel}","templated":true}]}}