{"id":114889,"date":"2025-02-21T15:54:04","date_gmt":"2025-02-21T21:54:04","guid":{"rendered":"https:\/\/quehacerpolitico.mx\/?p=114889"},"modified":"2025-02-21T15:54:06","modified_gmt":"2025-02-21T21:54:06","slug":"estas-son-las-escuelas-que-si-aplicaran-examen-de-admision-en-la-cdmx","status":"publish","type":"post","link":"https:\/\/quehacerpolitico.mx\/?p=114889","title":{"rendered":"Estas son las escuelas que s\u00ed aplicar\u00e1n examen de admisi\u00f3n en la CDMX"},"content":{"rendered":"\n<p>Por Redacci\u00f3n QP<\/p>\n\n\n\n<p>Las instituciones educativas que forman parte del Espacio de Coordinaci\u00f3n de la Educaci\u00f3n Media Superior (ECOEMS), presentan los procedimientos para el ingreso de aspirantes<\/p>\n\n\n\n<p>En el marco de la Convocatoria nivel medio superior 2025 en la Zona Metropolitana del Valle de M\u00e9xico,<strong>&nbsp;las instituciones educativas que forman parte del Espacio de Coordinaci\u00f3n de la Educaci\u00f3n Media Superior (ECOEMS), presentan los procedimientos para el ingreso de aspirantes.<\/strong><\/p>\n\n\n\n<p>Entre estas instituciones,&nbsp;<mark><strong>s\u00f3lo la Universidad Nacional Aut\u00f3noma de M\u00e9xico (UNAM) y el Instituto Polit\u00e9cnico Nacional (IPN) aplicar\u00e1n un examen de admisi\u00f3n como parte de su proceso de asignaci\u00f3n.<\/strong><\/mark><\/p>\n\n\n\n<p>Este nuevo sistema, presentado por las autoridades educativas de M\u00e9xico,\u00a0<strong>tiene como objetivo garantizar que todos los estudiantes tengan derecho a un lugar en alguna de sus 10 opciones seleccionadas.<\/strong><\/p>\n\n\n\n<p><strong>Todas y todos los aspirantes, dependiendo de sus preferencias, podr\u00e1n generar uno o dos listados de opciones educativas en las que desean ingresar.<\/strong><\/p>\n\n\n\n<h2 class=\"wp-block-heading\">Instituciones que aplican examen<\/h2>\n\n\n\n<p>La Universidad Nacional Aut\u00f3noma de M\u00e9xico (UNAM) y el Instituto Polit\u00e9cnico Nacional (IPN) aplicar\u00e1n un examen de admisi\u00f3n en l\u00ednea,&nbsp;<strong>para el ingreso a sus programas de educaci\u00f3n media superior.<\/strong><\/p>\n\n\n\n<p><mark><strong>Los aspirantes a ambas instituciones deber\u00e1n cumplir con un promedio m\u00ednimo de secundaria de 7.0 y la asignaci\u00f3n de lugares se llevar\u00e1 a cabo en funci\u00f3n del n\u00famero de aciertos obtenidos en el examen,<\/strong><\/mark>&nbsp;as\u00ed como del orden de preferencia de las opciones educativas seleccionadas y la disponibilidad de cupo.<\/p>\n\n\n\n<h2 class=\"wp-block-heading\">Procedimiento para los aspirantes que presentar\u00e1n examen<\/h2>\n\n\n\n<ul class=\"wp-block-list\">\n<li><mark><strong>Registro:<\/strong><\/mark>\u00a0Los aspirantes interesados en presentar el examen del IPN o la UNAM deber\u00e1n registrarse del 19 al 22 de mayo de 2025 en el portal oficial:\u00a0<a href=\"https:\/\/www.informador.mx\/contenidos\/2025\/02\/21\/www.miderechomilugar.gob.mx\"><strong>www.miderechomilugar.gob.mx<\/strong><\/a><strong>\u00a0<\/strong><\/li>\n\n\n\n<li><mark><strong>Toma de fotograf\u00eda:\u00a0<\/strong><\/mark>Ser\u00e1 obligatorio asistir personalmente a la toma de fotograf\u00eda en la fecha, lugar y hora indicados en la Solicitud de Registro.<\/li>\n\n\n\n<li><mark><strong>Requisitos adicionales:<\/strong><\/mark>\u00a0Los aspirantes deber\u00e1n contar con su certificado educaci\u00f3n b\u00e1sica o educaci\u00f3n secundaria expedido a m\u00e1s tardar el 16 de julio de 2025 y cumplir con los requisitos particulares que fija cada instituci\u00f3n, seg\u00fan se informa en el Instructivo del proceso.<\/li>\n<\/ul>\n\n\n\n<p><strong>Aquellos aspirantes que no sustenten el examen no podr\u00e1n ser asignados a planteles del IPN o la UNAM.<\/strong>&nbsp;Sin embargo, si registraron opciones educativas de acceso directo (sin examen), podr\u00e1n ser asignados a alguna de estas instituciones o similares.<\/p>\n\n\n\n<h3 class=\"wp-block-heading\"><\/h3>\n\n\n\n<p>Cabe mencionar que si el aspirante no tuviera listado de opciones,&nbsp;<strong>se le asignar\u00e1 alguna opci\u00f3n que no pertenezca a la UNAM e IPN que en ese momento cuente con lugares disponibles.<\/strong><\/p>\n\n\n\n<h2 class=\"wp-block-heading\">Publicaci\u00f3n de resultados<\/h2>\n\n\n\n<p>Las y los aspirantes que presenten el examen del IPN y la UNAM, podr\u00e1n conocer el desempe\u00f1o que tuvieron en el examen en la Gaceta Electr\u00f3nica de Resultados ingresando al portal:&nbsp;<a href=\"https:\/\/miderechomilugar.gob.mx\/\" target=\"_blank\" rel=\"noreferrer noopener\"><strong>miderechomilugar.gob.mx &nbsp;<\/strong><\/a>el d\u00eda de publicaci\u00f3n de resultados.<\/p>\n\n\n\n<p><strong>Las instituciones que a\u00fan tengan lugares disponibles despu\u00e9s del 20 de agosto de 2025 ofrecer\u00e1n estos espacios mediante sus propios procedimientos.<\/strong><\/p>\n\n\n\n<p>Para m\u00e1s informaci\u00f3n, puedes comunicarte a Educatel al&nbsp;<a href=\"tel:55 36 01 75 99\">55 36 01 75 99<\/a>&nbsp;de<mark><strong>&nbsp;lunes a viernes en un horario de 8:00 a 20:00 horas, o al&nbsp;<a href=\"tel:800 288 66 88\">800 288 66 88<\/a>(lada sin costo).<\/strong><\/mark><\/p>\n\n\n\n<p>Tambi\u00e9n puedes enviar un correo a contacto.miderechomilugar@sems.gob.mx<br>Y consultar el portal oficial:&nbsp;<a href=\"https:\/\/miderechomilugar.gob.mx\/\" target=\"_blank\" rel=\"noreferrer noopener\"><strong>miderechomilugar.gob.mx<\/strong><\/a><\/p>\n\n\n\n<p>Con informaci\u00f3n de SUN<\/p>\n","protected":false},"excerpt":{"rendered":"<p>Por Redacci\u00f3n QP Las instituciones educativas que forman parte del Espacio de Coordinaci\u00f3n de la&#8230;<\/p>\n","protected":false},"author":2,"featured_media":114890,"comment_status":"open","ping_status":"open","sticky":false,"template":"","format":"standard","meta":{"_monsterinsights_skip_tracking":false,"_monsterinsights_sitenote_active":false,"_monsterinsights_sitenote_note":"","_monsterinsights_sitenote_category":0,"footnotes":""},"categories":[55],"tags":[],"class_list":["post-114889","post","type-post","status-publish","format-standard","has-post-thumbnail","hentry","category-cdmx"],"yoast_head":"<!-- This site is optimized with the Yoast SEO plugin v27.3 - https:\/\/yoast.com\/product\/yoast-seo-wordpress\/ -->\n<title>Estas son las escuelas que s\u00ed aplicar\u00e1n examen de admisi\u00f3n en la CDMX -<\/title>\n<meta name=\"robots\" content=\"index, follow, max-snippet:-1, max-image-preview:large, max-video-preview:-1\" \/>\n<link rel=\"canonical\" href=\"https:\/\/quehacerpolitico.mx\/?p=114889\" \/>\n<meta property=\"og:locale\" content=\"es_MX\" \/>\n<meta property=\"og:type\" content=\"article\" \/>\n<meta property=\"og:title\" content=\"Estas son las escuelas que s\u00ed aplicar\u00e1n examen de admisi\u00f3n en la CDMX -\" \/>\n<meta property=\"og:description\" content=\"Por Redacci\u00f3n QP Las instituciones educativas que forman parte del Espacio de Coordinaci\u00f3n de la...\" \/>\n<meta property=\"og:url\" content=\"https:\/\/quehacerpolitico.mx\/?p=114889\" \/>\n<meta property=\"article:published_time\" content=\"2025-02-21T21:54:04+00:00\" \/>\n<meta property=\"article:modified_time\" content=\"2025-02-21T21:54:06+00:00\" \/>\n<meta property=\"og:image\" content=\"https:\/\/quehacerpolitico.mx\/wp-content\/uploads\/2025\/02\/IMG_0729.jpeg\" \/>\n\t<meta property=\"og:image:width\" content=\"960\" \/>\n\t<meta property=\"og:image:height\" content=\"562\" \/>\n\t<meta property=\"og:image:type\" content=\"image\/jpeg\" \/>\n<meta name=\"author\" content=\"Redacci\u00f3n QP\" \/>\n<meta name=\"twitter:card\" content=\"summary_large_image\" \/>\n<meta name=\"twitter:label1\" content=\"Escrito por\" \/>\n\t<meta name=\"twitter:data1\" content=\"Redacci\u00f3n QP\" \/>\n\t<meta name=\"twitter:label2\" content=\"Tiempo de lectura\" \/>\n\t<meta name=\"twitter:data2\" content=\"3 minutos\" \/>\n<script type=\"application\/ld+json\" class=\"yoast-schema-graph\">{\"@context\":\"https:\\\/\\\/schema.org\",\"@graph\":[{\"@type\":\"Article\",\"@id\":\"https:\\\/\\\/quehacerpolitico.mx\\\/?p=114889#article\",\"isPartOf\":{\"@id\":\"https:\\\/\\\/quehacerpolitico.mx\\\/?p=114889\"},\"author\":{\"name\":\"Redacci\u00f3n QP\",\"@id\":\"https:\\\/\\\/quehacerpolitico.mx\\\/#\\\/schema\\\/person\\\/496d8ad2d1d3f8036101dca7ee39e585\"},\"headline\":\"Estas son las escuelas que s\u00ed aplicar\u00e1n examen de admisi\u00f3n en la CDMX\",\"datePublished\":\"2025-02-21T21:54:04+00:00\",\"dateModified\":\"2025-02-21T21:54:06+00:00\",\"mainEntityOfPage\":{\"@id\":\"https:\\\/\\\/quehacerpolitico.mx\\\/?p=114889\"},\"wordCount\":591,\"commentCount\":0,\"image\":{\"@id\":\"https:\\\/\\\/quehacerpolitico.mx\\\/?p=114889#primaryimage\"},\"thumbnailUrl\":\"https:\\\/\\\/quehacerpolitico.mx\\\/wp-content\\\/uploads\\\/2025\\\/02\\\/IMG_0729.jpeg\",\"articleSection\":[\"CDMX\"],\"inLanguage\":\"es\",\"potentialAction\":[{\"@type\":\"CommentAction\",\"name\":\"Comment\",\"target\":[\"https:\\\/\\\/quehacerpolitico.mx\\\/?p=114889#respond\"]}]},{\"@type\":\"WebPage\",\"@id\":\"https:\\\/\\\/quehacerpolitico.mx\\\/?p=114889\",\"url\":\"https:\\\/\\\/quehacerpolitico.mx\\\/?p=114889\",\"name\":\"Estas son las escuelas que s\u00ed aplicar\u00e1n examen de admisi\u00f3n en la CDMX -\",\"isPartOf\":{\"@id\":\"https:\\\/\\\/quehacerpolitico.mx\\\/#website\"},\"primaryImageOfPage\":{\"@id\":\"https:\\\/\\\/quehacerpolitico.mx\\\/?p=114889#primaryimage\"},\"image\":{\"@id\":\"https:\\\/\\\/quehacerpolitico.mx\\\/?p=114889#primaryimage\"},\"thumbnailUrl\":\"https:\\\/\\\/quehacerpolitico.mx\\\/wp-content\\\/uploads\\\/2025\\\/02\\\/IMG_0729.jpeg\",\"datePublished\":\"2025-02-21T21:54:04+00:00\",\"dateModified\":\"2025-02-21T21:54:06+00:00\",\"author\":{\"@id\":\"https:\\\/\\\/quehacerpolitico.mx\\\/#\\\/schema\\\/person\\\/496d8ad2d1d3f8036101dca7ee39e585\"},\"breadcrumb\":{\"@id\":\"https:\\\/\\\/quehacerpolitico.mx\\\/?p=114889#breadcrumb\"},\"inLanguage\":\"es\",\"potentialAction\":[{\"@type\":\"ReadAction\",\"target\":[\"https:\\\/\\\/quehacerpolitico.mx\\\/?p=114889\"]}]},{\"@type\":\"ImageObject\",\"inLanguage\":\"es\",\"@id\":\"https:\\\/\\\/quehacerpolitico.mx\\\/?p=114889#primaryimage\",\"url\":\"https:\\\/\\\/quehacerpolitico.mx\\\/wp-content\\\/uploads\\\/2025\\\/02\\\/IMG_0729.jpeg\",\"contentUrl\":\"https:\\\/\\\/quehacerpolitico.mx\\\/wp-content\\\/uploads\\\/2025\\\/02\\\/IMG_0729.jpeg\",\"width\":960,\"height\":562},{\"@type\":\"BreadcrumbList\",\"@id\":\"https:\\\/\\\/quehacerpolitico.mx\\\/?p=114889#breadcrumb\",\"itemListElement\":[{\"@type\":\"ListItem\",\"position\":1,\"name\":\"Inicio\",\"item\":\"https:\\\/\\\/quehacerpolitico.mx\\\/\"},{\"@type\":\"ListItem\",\"position\":2,\"name\":\"Estas son las escuelas que s\u00ed aplicar\u00e1n examen de admisi\u00f3n en la CDMX\"}]},{\"@type\":\"WebSite\",\"@id\":\"https:\\\/\\\/quehacerpolitico.mx\\\/#website\",\"url\":\"https:\\\/\\\/quehacerpolitico.mx\\\/\",\"name\":\"\",\"description\":\"\",\"potentialAction\":[{\"@type\":\"SearchAction\",\"target\":{\"@type\":\"EntryPoint\",\"urlTemplate\":\"https:\\\/\\\/quehacerpolitico.mx\\\/?s={search_term_string}\"},\"query-input\":{\"@type\":\"PropertyValueSpecification\",\"valueRequired\":true,\"valueName\":\"search_term_string\"}}],\"inLanguage\":\"es\"},{\"@type\":\"Person\",\"@id\":\"https:\\\/\\\/quehacerpolitico.mx\\\/#\\\/schema\\\/person\\\/496d8ad2d1d3f8036101dca7ee39e585\",\"name\":\"Redacci\u00f3n QP\",\"image\":{\"@type\":\"ImageObject\",\"inLanguage\":\"es\",\"@id\":\"https:\\\/\\\/secure.gravatar.com\\\/avatar\\\/c7164ed6fdec453195284ad24a5ae5b6e1eed2b848477fa2a4787ba9adf39a41?s=96&d=mm&r=g\",\"url\":\"https:\\\/\\\/secure.gravatar.com\\\/avatar\\\/c7164ed6fdec453195284ad24a5ae5b6e1eed2b848477fa2a4787ba9adf39a41?s=96&d=mm&r=g\",\"contentUrl\":\"https:\\\/\\\/secure.gravatar.com\\\/avatar\\\/c7164ed6fdec453195284ad24a5ae5b6e1eed2b848477fa2a4787ba9adf39a41?s=96&d=mm&r=g\",\"caption\":\"Redacci\u00f3n QP\"},\"url\":\"https:\\\/\\\/quehacerpolitico.mx\\\/?author=2\"}]}<\/script>\n<!-- \/ Yoast SEO plugin. -->","yoast_head_json":{"title":"Estas son las escuelas que s\u00ed aplicar\u00e1n examen de admisi\u00f3n en la CDMX -","robots":{"index":"index","follow":"follow","max-snippet":"max-snippet:-1","max-image-preview":"max-image-preview:large","max-video-preview":"max-video-preview:-1"},"canonical":"https:\/\/quehacerpolitico.mx\/?p=114889","og_locale":"es_MX","og_type":"article","og_title":"Estas son las escuelas que s\u00ed aplicar\u00e1n examen de admisi\u00f3n en la CDMX -","og_description":"Por Redacci\u00f3n QP Las instituciones educativas que forman parte del Espacio de Coordinaci\u00f3n de la...","og_url":"https:\/\/quehacerpolitico.mx\/?p=114889","article_published_time":"2025-02-21T21:54:04+00:00","article_modified_time":"2025-02-21T21:54:06+00:00","og_image":[{"width":960,"height":562,"url":"https:\/\/quehacerpolitico.mx\/wp-content\/uploads\/2025\/02\/IMG_0729.jpeg","type":"image\/jpeg"}],"author":"Redacci\u00f3n QP","twitter_card":"summary_large_image","twitter_misc":{"Escrito por":"Redacci\u00f3n QP","Tiempo de lectura":"3 minutos"},"schema":{"@context":"https:\/\/schema.org","@graph":[{"@type":"Article","@id":"https:\/\/quehacerpolitico.mx\/?p=114889#article","isPartOf":{"@id":"https:\/\/quehacerpolitico.mx\/?p=114889"},"author":{"name":"Redacci\u00f3n QP","@id":"https:\/\/quehacerpolitico.mx\/#\/schema\/person\/496d8ad2d1d3f8036101dca7ee39e585"},"headline":"Estas son las escuelas que s\u00ed aplicar\u00e1n examen de admisi\u00f3n en la CDMX","datePublished":"2025-02-21T21:54:04+00:00","dateModified":"2025-02-21T21:54:06+00:00","mainEntityOfPage":{"@id":"https:\/\/quehacerpolitico.mx\/?p=114889"},"wordCount":591,"commentCount":0,"image":{"@id":"https:\/\/quehacerpolitico.mx\/?p=114889#primaryimage"},"thumbnailUrl":"https:\/\/quehacerpolitico.mx\/wp-content\/uploads\/2025\/02\/IMG_0729.jpeg","articleSection":["CDMX"],"inLanguage":"es","potentialAction":[{"@type":"CommentAction","name":"Comment","target":["https:\/\/quehacerpolitico.mx\/?p=114889#respond"]}]},{"@type":"WebPage","@id":"https:\/\/quehacerpolitico.mx\/?p=114889","url":"https:\/\/quehacerpolitico.mx\/?p=114889","name":"Estas son las escuelas que s\u00ed aplicar\u00e1n examen de admisi\u00f3n en la CDMX -","isPartOf":{"@id":"https:\/\/quehacerpolitico.mx\/#website"},"primaryImageOfPage":{"@id":"https:\/\/quehacerpolitico.mx\/?p=114889#primaryimage"},"image":{"@id":"https:\/\/quehacerpolitico.mx\/?p=114889#primaryimage"},"thumbnailUrl":"https:\/\/quehacerpolitico.mx\/wp-content\/uploads\/2025\/02\/IMG_0729.jpeg","datePublished":"2025-02-21T21:54:04+00:00","dateModified":"2025-02-21T21:54:06+00:00","author":{"@id":"https:\/\/quehacerpolitico.mx\/#\/schema\/person\/496d8ad2d1d3f8036101dca7ee39e585"},"breadcrumb":{"@id":"https:\/\/quehacerpolitico.mx\/?p=114889#breadcrumb"},"inLanguage":"es","potentialAction":[{"@type":"ReadAction","target":["https:\/\/quehacerpolitico.mx\/?p=114889"]}]},{"@type":"ImageObject","inLanguage":"es","@id":"https:\/\/quehacerpolitico.mx\/?p=114889#primaryimage","url":"https:\/\/quehacerpolitico.mx\/wp-content\/uploads\/2025\/02\/IMG_0729.jpeg","contentUrl":"https:\/\/quehacerpolitico.mx\/wp-content\/uploads\/2025\/02\/IMG_0729.jpeg","width":960,"height":562},{"@type":"BreadcrumbList","@id":"https:\/\/quehacerpolitico.mx\/?p=114889#breadcrumb","itemListElement":[{"@type":"ListItem","position":1,"name":"Inicio","item":"https:\/\/quehacerpolitico.mx\/"},{"@type":"ListItem","position":2,"name":"Estas son las escuelas que s\u00ed aplicar\u00e1n examen de admisi\u00f3n en la CDMX"}]},{"@type":"WebSite","@id":"https:\/\/quehacerpolitico.mx\/#website","url":"https:\/\/quehacerpolitico.mx\/","name":"","description":"","potentialAction":[{"@type":"SearchAction","target":{"@type":"EntryPoint","urlTemplate":"https:\/\/quehacerpolitico.mx\/?s={search_term_string}"},"query-input":{"@type":"PropertyValueSpecification","valueRequired":true,"valueName":"search_term_string"}}],"inLanguage":"es"},{"@type":"Person","@id":"https:\/\/quehacerpolitico.mx\/#\/schema\/person\/496d8ad2d1d3f8036101dca7ee39e585","name":"Redacci\u00f3n QP","image":{"@type":"ImageObject","inLanguage":"es","@id":"https:\/\/secure.gravatar.com\/avatar\/c7164ed6fdec453195284ad24a5ae5b6e1eed2b848477fa2a4787ba9adf39a41?s=96&d=mm&r=g","url":"https:\/\/secure.gravatar.com\/avatar\/c7164ed6fdec453195284ad24a5ae5b6e1eed2b848477fa2a4787ba9adf39a41?s=96&d=mm&r=g","contentUrl":"https:\/\/secure.gravatar.com\/avatar\/c7164ed6fdec453195284ad24a5ae5b6e1eed2b848477fa2a4787ba9adf39a41?s=96&d=mm&r=g","caption":"Redacci\u00f3n QP"},"url":"https:\/\/quehacerpolitico.mx\/?author=2"}]}},"featured_image_urls":{"full":["https:\/\/quehacerpolitico.mx\/wp-content\/uploads\/2025\/02\/IMG_0729.jpeg",960,562,false],"thumbnail":["https:\/\/quehacerpolitico.mx\/wp-content\/uploads\/2025\/02\/IMG_0729-150x150.jpeg",150,150,true],"medium":["https:\/\/quehacerpolitico.mx\/wp-content\/uploads\/2025\/02\/IMG_0729-300x176.jpeg",300,176,true],"medium_large":["https:\/\/quehacerpolitico.mx\/wp-content\/uploads\/2025\/02\/IMG_0729-768x450.jpeg",640,375,true],"large":["https:\/\/quehacerpolitico.mx\/wp-content\/uploads\/2025\/02\/IMG_0729.jpeg",640,375,false],"1536x1536":["https:\/\/quehacerpolitico.mx\/wp-content\/uploads\/2025\/02\/IMG_0729.jpeg",960,562,false],"2048x2048":["https:\/\/quehacerpolitico.mx\/wp-content\/uploads\/2025\/02\/IMG_0729.jpeg",960,562,false],"covernews-featured":["https:\/\/quehacerpolitico.mx\/wp-content\/uploads\/2025\/02\/IMG_0729.jpeg",960,562,false],"covernews-medium":["https:\/\/quehacerpolitico.mx\/wp-content\/uploads\/2025\/02\/IMG_0729-540x340.jpeg",540,340,true]},"author_info":{"display_name":"Redacci\u00f3n QP","author_link":"https:\/\/quehacerpolitico.mx\/?author=2"},"category_info":"<a href=\"https:\/\/quehacerpolitico.mx\/?cat=55\" rel=\"category\">CDMX<\/a>","tag_info":"CDMX","comment_count":"0","_links":{"self":[{"href":"https:\/\/quehacerpolitico.mx\/index.php?rest_route=\/wp\/v2\/posts\/114889","targetHints":{"allow":["GET"]}}],"collection":[{"href":"https:\/\/quehacerpolitico.mx\/index.php?rest_route=\/wp\/v2\/posts"}],"about":[{"href":"https:\/\/quehacerpolitico.mx\/index.php?rest_route=\/wp\/v2\/types\/post"}],"author":[{"embeddable":true,"href":"https:\/\/quehacerpolitico.mx\/index.php?rest_route=\/wp\/v2\/users\/2"}],"replies":[{"embeddable":true,"href":"https:\/\/quehacerpolitico.mx\/index.php?rest_route=%2Fwp%2Fv2%2Fcomments&post=114889"}],"version-history":[{"count":1,"href":"https:\/\/quehacerpolitico.mx\/index.php?rest_route=\/wp\/v2\/posts\/114889\/revisions"}],"predecessor-version":[{"id":114891,"href":"https:\/\/quehacerpolitico.mx\/index.php?rest_route=\/wp\/v2\/posts\/114889\/revisions\/114891"}],"wp:featuredmedia":[{"embeddable":true,"href":"https:\/\/quehacerpolitico.mx\/index.php?rest_route=\/wp\/v2\/media\/114890"}],"wp:attachment":[{"href":"https:\/\/quehacerpolitico.mx\/index.php?rest_route=%2Fwp%2Fv2%2Fmedia&parent=114889"}],"wp:term":[{"taxonomy":"category","embeddable":true,"href":"https:\/\/quehacerpolitico.mx\/index.php?rest_route=%2Fwp%2Fv2%2Fcategories&post=114889"},{"taxonomy":"post_tag","embeddable":true,"href":"https:\/\/quehacerpolitico.mx\/index.php?rest_route=%2Fwp%2Fv2%2Ftags&post=114889"}],"curies":[{"name":"wp","href":"https:\/\/api.w.org\/{rel}","templated":true}]}}