{"id":114882,"date":"2025-02-21T14:58:07","date_gmt":"2025-02-21T20:58:07","guid":{"rendered":"https:\/\/quehacerpolitico.mx\/?p=114882"},"modified":"2025-02-21T14:58:11","modified_gmt":"2025-02-21T20:58:11","slug":"sheinbaum-evalua-peticion-de-repatriacion-del-mayo-zambada","status":"publish","type":"post","link":"https:\/\/quehacerpolitico.mx\/?p=114882","title":{"rendered":"Sheinbaum eval\u00faa petici\u00f3n de repatriaci\u00f3n del &#8220;Mayo&#8221; Zambada"},"content":{"rendered":"\n<p>Por Redacci\u00f3n QP<\/p>\n\n\n\n<p>El narcotraficante enfrenta cargos por delincuencia organizada, homicidio, narcotr\u00e1fico en gran escala y lavado de dinero, entre otros<\/p>\n\n\n\n<p>La Presidenta de M\u00e9xico,&nbsp;Claudia Sheinbaum, se\u00f1al\u00f3 este viernes 21 de febrero que su gobierno eval\u00faa la exigencia de repatriaci\u00f3n desde Estados Unidos que hizo&nbsp;Ismael \u201cMayo\u201d Zambada cofundador de C\u00e1rtel de Sinaloa, quien asegur\u00f3 que de no atenderlo, la relaci\u00f3n entre los dos pa\u00edses sufrir\u00e1 un &#8220;colapso&#8221;.<\/p>\n\n\n\n<p><mark><strong>&#8220;Lo vamos a revisar. Repito, m\u00e1s all\u00e1 de esta persona y los delitos que haya cometido, el asunto es el derecho de un ciudadano mexicano frente a ser juzgado all\u00e1 sin haber seguido todo el procedimiento&#8221;,<\/strong><\/mark>&nbsp;apunt\u00f3 la Mandataria durante &#8220;La Ma\u00f1anera&#8221; en Palacio Nacional.<\/p>\n\n\n\n<figure class=\"wp-block-embed is-type-rich is-provider-twitter wp-block-embed-twitter\"><div class=\"wp-block-embed__wrapper\">\n<blockquote class=\"twitter-tweet\" data-width=\"550\" data-dnt=\"true\"><p lang=\"es\" dir=\"ltr\">Confirma <a href=\"https:\/\/twitter.com\/Claudiashein?ref_src=twsrc%5Etfw\">@Claudiashein<\/a> que ya se recibieron la petici\u00f3n del &#39;Mayo&#39; Zambada para que sea repatriado y siga su proceso legal en M\u00e9xico.<br><br>&quot;Mas all\u00e1 de la persona, el asunto es c\u00f3mo se da esta detenci\u00f3n&quot;, dice la presidenta. <a href=\"https:\/\/t.co\/bIU5BRUuTB\">pic.twitter.com\/bIU5BRUuTB<\/a><\/p>&mdash; Manuel Lopez San Martin (@MLopezSanMartin) <a href=\"https:\/\/twitter.com\/MLopezSanMartin\/status\/1892945215956156484?ref_src=twsrc%5Etfw\">February 21, 2025<\/a><\/blockquote><script async src=\"https:\/\/platform.twitter.com\/widgets.js\" charset=\"utf-8\"><\/script>\n<\/div><\/figure>\n\n\n\n<p>La Presidenta se refiri\u00f3 as\u00ed a la petici\u00f3n presentada por la defensa de Zambada en el Consulado General de M\u00e9xico en Nueva York y publicada por un diario de circulaci\u00f3n nacional, en la que el narcotraficante exige que lo defienda el Gobierno de M\u00e9xico.<\/p>\n\n\n\n<p>&#8220;Debe intervenir (el gobierno) a fin de que el presente asunto no resulte en un colapso en la relaci\u00f3n bilateral entre ambos pa\u00edses, puesto que&nbsp;<mark><strong>no se debe perder de vista la irregular e ilegal manera en que el suscrito fui puesto a disposici\u00f3n de las autoridades de Estados Unidos&#8221;,<\/strong><\/mark>&nbsp;menciona el texto.<\/p>\n\n\n\n<p>Zambada fue detenido el 25 de julio de 2024 en&nbsp;Estados Unidos, tras padecer un enga\u00f1o de Joaqu\u00edn Guzm\u00e1n L\u00f3pez, hijo de Joaqu\u00edn &#8220;Chapo&#8221; Guzm\u00e1n, y secuestrado en Culiac\u00e1n para entregarlo en Texas a autoridades estadounidenses que lo encarcelaron en Nueva York.<\/p>\n\n\n\n<p><strong>El narcotraficante enfrenta cargos por delincuencia organizada, homicidio, narcotr\u00e1fico en gran escala y lavado de dinero, entre otros.<\/strong><\/p>\n\n\n\n<p>Sheinbaum se\u00f1al\u00f3 en el Sal\u00f3n de Tesorer\u00eda de Palacio Nacional que la revisi\u00f3n de la petici\u00f3n de Zambada ocurre porque es derecho de cualquier ciudadano mexicano.<\/p>\n\n\n\n<p><mark><strong>&#8220;Supongamos (que es) un ciudadano de renombre, cualquiera que est\u00e9 sea, pero que Estados Unidos dice que tiene un delito, lo lleva all\u00e1 y se juzga con pena de muerte. Entonces, s\u00ed hay un tema en la carta que est\u00e9 enviando (Zambada) que tiene que ver con la soberan\u00eda y el juicio&#8221;,<\/strong><\/mark>&nbsp;consider\u00f3.<\/p>\n\n\n\n<p>Asimismo, dijo que no se est\u00e1 defendiendo al personaje, sino al hecho, en este caso, la forma en la que Estados Unidos detuvo al narcotraficante.<\/p>\n\n\n\n<p>Los hechos ocurren apenas un d\u00eda despu\u00e9s de la designaci\u00f3n oficial como grupos&nbsp;terroristas&nbsp;a seis carteles del narcotr\u00e1fico de M\u00e9xico, entre ellos el C\u00e1rtel de Sinaloa y el C\u00e1rtel Nueva Generaci\u00f3n (CNG), adem\u00e1s de la banda venezolana del Tren de Aragua y la pandilla Mara Salvatrucha (MS-13).<\/p>\n\n\n\n<p>Tambi\u00e9n fueron incluidos en la lista de grupos terroristas los c\u00e1rteles mexicanos del Noreste, del Golfo, la Nueva Familia Michoacana y los C\u00e1rteles Unidos.<\/p>\n\n\n\n<p>La violencia en el estado de Sinaloa, y en especial en Culiac\u00e1n, se ha incrementado desde septiembre de 2024, con m\u00e1s de 800 homicidios, debido al enfrentamiento entre las c\u00e9lulas delictivas de Los Chapitos y Los Mayos, tras la detenci\u00f3n en Estados Unidos del cofundador del C\u00e1rtel Sinaloa, Ismael &#8220;Mayo&#8221; Zambada.<\/p>\n\n\n\n<p>Con informaci\u00f3n de EFE<\/p>\n","protected":false},"excerpt":{"rendered":"<p>Por Redacci\u00f3n QP El narcotraficante enfrenta cargos por delincuencia organizada, homicidio, narcotr\u00e1fico en gran escala&#8230;<\/p>\n","protected":false},"author":2,"featured_media":114883,"comment_status":"open","ping_status":"open","sticky":false,"template":"","format":"standard","meta":{"_monsterinsights_skip_tracking":false,"_monsterinsights_sitenote_active":false,"_monsterinsights_sitenote_note":"","_monsterinsights_sitenote_category":0,"footnotes":""},"categories":[280,2],"tags":[],"class_list":["post-114882","post","type-post","status-publish","format-standard","has-post-thumbnail","hentry","category-nacionales","category-noticias"],"yoast_head":"<!-- This site is optimized with the Yoast SEO plugin v27.3 - https:\/\/yoast.com\/product\/yoast-seo-wordpress\/ -->\n<title>Sheinbaum eval\u00faa petici\u00f3n de repatriaci\u00f3n del &quot;Mayo&quot; Zambada -<\/title>\n<meta name=\"robots\" content=\"index, follow, max-snippet:-1, max-image-preview:large, max-video-preview:-1\" \/>\n<link rel=\"canonical\" href=\"https:\/\/quehacerpolitico.mx\/?p=114882\" \/>\n<meta property=\"og:locale\" content=\"es_MX\" \/>\n<meta property=\"og:type\" content=\"article\" \/>\n<meta property=\"og:title\" content=\"Sheinbaum eval\u00faa petici\u00f3n de repatriaci\u00f3n del &quot;Mayo&quot; Zambada -\" \/>\n<meta property=\"og:description\" content=\"Por Redacci\u00f3n QP El narcotraficante enfrenta cargos por delincuencia organizada, homicidio, narcotr\u00e1fico en gran escala...\" \/>\n<meta property=\"og:url\" content=\"https:\/\/quehacerpolitico.mx\/?p=114882\" \/>\n<meta property=\"article:published_time\" content=\"2025-02-21T20:58:07+00:00\" \/>\n<meta property=\"article:modified_time\" content=\"2025-02-21T20:58:11+00:00\" \/>\n<meta property=\"og:image\" content=\"https:\/\/quehacerpolitico.mx\/wp-content\/uploads\/2025\/02\/IMG_0727.jpeg\" \/>\n\t<meta property=\"og:image:width\" content=\"739\" \/>\n\t<meta property=\"og:image:height\" content=\"415\" \/>\n\t<meta property=\"og:image:type\" content=\"image\/jpeg\" \/>\n<meta name=\"author\" content=\"Redacci\u00f3n QP\" \/>\n<meta name=\"twitter:card\" content=\"summary_large_image\" \/>\n<meta name=\"twitter:label1\" content=\"Escrito por\" \/>\n\t<meta name=\"twitter:data1\" content=\"Redacci\u00f3n QP\" \/>\n\t<meta name=\"twitter:label2\" content=\"Tiempo de lectura\" \/>\n\t<meta name=\"twitter:data2\" content=\"3 minutos\" \/>\n<script type=\"application\/ld+json\" class=\"yoast-schema-graph\">{\"@context\":\"https:\\\/\\\/schema.org\",\"@graph\":[{\"@type\":\"Article\",\"@id\":\"https:\\\/\\\/quehacerpolitico.mx\\\/?p=114882#article\",\"isPartOf\":{\"@id\":\"https:\\\/\\\/quehacerpolitico.mx\\\/?p=114882\"},\"author\":{\"name\":\"Redacci\u00f3n QP\",\"@id\":\"https:\\\/\\\/quehacerpolitico.mx\\\/#\\\/schema\\\/person\\\/496d8ad2d1d3f8036101dca7ee39e585\"},\"headline\":\"Sheinbaum eval\u00faa petici\u00f3n de repatriaci\u00f3n del &#8220;Mayo&#8221; Zambada\",\"datePublished\":\"2025-02-21T20:58:07+00:00\",\"dateModified\":\"2025-02-21T20:58:11+00:00\",\"mainEntityOfPage\":{\"@id\":\"https:\\\/\\\/quehacerpolitico.mx\\\/?p=114882\"},\"wordCount\":578,\"commentCount\":0,\"image\":{\"@id\":\"https:\\\/\\\/quehacerpolitico.mx\\\/?p=114882#primaryimage\"},\"thumbnailUrl\":\"https:\\\/\\\/quehacerpolitico.mx\\\/wp-content\\\/uploads\\\/2025\\\/02\\\/IMG_0727.jpeg\",\"articleSection\":[\"Nacionales\",\"Noticias\"],\"inLanguage\":\"es\",\"potentialAction\":[{\"@type\":\"CommentAction\",\"name\":\"Comment\",\"target\":[\"https:\\\/\\\/quehacerpolitico.mx\\\/?p=114882#respond\"]}]},{\"@type\":\"WebPage\",\"@id\":\"https:\\\/\\\/quehacerpolitico.mx\\\/?p=114882\",\"url\":\"https:\\\/\\\/quehacerpolitico.mx\\\/?p=114882\",\"name\":\"Sheinbaum eval\u00faa petici\u00f3n de repatriaci\u00f3n del \\\"Mayo\\\" Zambada -\",\"isPartOf\":{\"@id\":\"https:\\\/\\\/quehacerpolitico.mx\\\/#website\"},\"primaryImageOfPage\":{\"@id\":\"https:\\\/\\\/quehacerpolitico.mx\\\/?p=114882#primaryimage\"},\"image\":{\"@id\":\"https:\\\/\\\/quehacerpolitico.mx\\\/?p=114882#primaryimage\"},\"thumbnailUrl\":\"https:\\\/\\\/quehacerpolitico.mx\\\/wp-content\\\/uploads\\\/2025\\\/02\\\/IMG_0727.jpeg\",\"datePublished\":\"2025-02-21T20:58:07+00:00\",\"dateModified\":\"2025-02-21T20:58:11+00:00\",\"author\":{\"@id\":\"https:\\\/\\\/quehacerpolitico.mx\\\/#\\\/schema\\\/person\\\/496d8ad2d1d3f8036101dca7ee39e585\"},\"breadcrumb\":{\"@id\":\"https:\\\/\\\/quehacerpolitico.mx\\\/?p=114882#breadcrumb\"},\"inLanguage\":\"es\",\"potentialAction\":[{\"@type\":\"ReadAction\",\"target\":[\"https:\\\/\\\/quehacerpolitico.mx\\\/?p=114882\"]}]},{\"@type\":\"ImageObject\",\"inLanguage\":\"es\",\"@id\":\"https:\\\/\\\/quehacerpolitico.mx\\\/?p=114882#primaryimage\",\"url\":\"https:\\\/\\\/quehacerpolitico.mx\\\/wp-content\\\/uploads\\\/2025\\\/02\\\/IMG_0727.jpeg\",\"contentUrl\":\"https:\\\/\\\/quehacerpolitico.mx\\\/wp-content\\\/uploads\\\/2025\\\/02\\\/IMG_0727.jpeg\",\"width\":739,\"height\":415},{\"@type\":\"BreadcrumbList\",\"@id\":\"https:\\\/\\\/quehacerpolitico.mx\\\/?p=114882#breadcrumb\",\"itemListElement\":[{\"@type\":\"ListItem\",\"position\":1,\"name\":\"Inicio\",\"item\":\"https:\\\/\\\/quehacerpolitico.mx\\\/\"},{\"@type\":\"ListItem\",\"position\":2,\"name\":\"Sheinbaum eval\u00faa petici\u00f3n de repatriaci\u00f3n del &#8220;Mayo&#8221; Zambada\"}]},{\"@type\":\"WebSite\",\"@id\":\"https:\\\/\\\/quehacerpolitico.mx\\\/#website\",\"url\":\"https:\\\/\\\/quehacerpolitico.mx\\\/\",\"name\":\"\",\"description\":\"\",\"potentialAction\":[{\"@type\":\"SearchAction\",\"target\":{\"@type\":\"EntryPoint\",\"urlTemplate\":\"https:\\\/\\\/quehacerpolitico.mx\\\/?s={search_term_string}\"},\"query-input\":{\"@type\":\"PropertyValueSpecification\",\"valueRequired\":true,\"valueName\":\"search_term_string\"}}],\"inLanguage\":\"es\"},{\"@type\":\"Person\",\"@id\":\"https:\\\/\\\/quehacerpolitico.mx\\\/#\\\/schema\\\/person\\\/496d8ad2d1d3f8036101dca7ee39e585\",\"name\":\"Redacci\u00f3n QP\",\"image\":{\"@type\":\"ImageObject\",\"inLanguage\":\"es\",\"@id\":\"https:\\\/\\\/secure.gravatar.com\\\/avatar\\\/c7164ed6fdec453195284ad24a5ae5b6e1eed2b848477fa2a4787ba9adf39a41?s=96&d=mm&r=g\",\"url\":\"https:\\\/\\\/secure.gravatar.com\\\/avatar\\\/c7164ed6fdec453195284ad24a5ae5b6e1eed2b848477fa2a4787ba9adf39a41?s=96&d=mm&r=g\",\"contentUrl\":\"https:\\\/\\\/secure.gravatar.com\\\/avatar\\\/c7164ed6fdec453195284ad24a5ae5b6e1eed2b848477fa2a4787ba9adf39a41?s=96&d=mm&r=g\",\"caption\":\"Redacci\u00f3n QP\"},\"url\":\"https:\\\/\\\/quehacerpolitico.mx\\\/?author=2\"}]}<\/script>\n<!-- \/ Yoast SEO plugin. -->","yoast_head_json":{"title":"Sheinbaum eval\u00faa petici\u00f3n de repatriaci\u00f3n del \"Mayo\" Zambada -","robots":{"index":"index","follow":"follow","max-snippet":"max-snippet:-1","max-image-preview":"max-image-preview:large","max-video-preview":"max-video-preview:-1"},"canonical":"https:\/\/quehacerpolitico.mx\/?p=114882","og_locale":"es_MX","og_type":"article","og_title":"Sheinbaum eval\u00faa petici\u00f3n de repatriaci\u00f3n del \"Mayo\" Zambada -","og_description":"Por Redacci\u00f3n QP El narcotraficante enfrenta cargos por delincuencia organizada, homicidio, narcotr\u00e1fico en gran escala...","og_url":"https:\/\/quehacerpolitico.mx\/?p=114882","article_published_time":"2025-02-21T20:58:07+00:00","article_modified_time":"2025-02-21T20:58:11+00:00","og_image":[{"width":739,"height":415,"url":"https:\/\/quehacerpolitico.mx\/wp-content\/uploads\/2025\/02\/IMG_0727.jpeg","type":"image\/jpeg"}],"author":"Redacci\u00f3n QP","twitter_card":"summary_large_image","twitter_misc":{"Escrito por":"Redacci\u00f3n QP","Tiempo de lectura":"3 minutos"},"schema":{"@context":"https:\/\/schema.org","@graph":[{"@type":"Article","@id":"https:\/\/quehacerpolitico.mx\/?p=114882#article","isPartOf":{"@id":"https:\/\/quehacerpolitico.mx\/?p=114882"},"author":{"name":"Redacci\u00f3n QP","@id":"https:\/\/quehacerpolitico.mx\/#\/schema\/person\/496d8ad2d1d3f8036101dca7ee39e585"},"headline":"Sheinbaum eval\u00faa petici\u00f3n de repatriaci\u00f3n del &#8220;Mayo&#8221; Zambada","datePublished":"2025-02-21T20:58:07+00:00","dateModified":"2025-02-21T20:58:11+00:00","mainEntityOfPage":{"@id":"https:\/\/quehacerpolitico.mx\/?p=114882"},"wordCount":578,"commentCount":0,"image":{"@id":"https:\/\/quehacerpolitico.mx\/?p=114882#primaryimage"},"thumbnailUrl":"https:\/\/quehacerpolitico.mx\/wp-content\/uploads\/2025\/02\/IMG_0727.jpeg","articleSection":["Nacionales","Noticias"],"inLanguage":"es","potentialAction":[{"@type":"CommentAction","name":"Comment","target":["https:\/\/quehacerpolitico.mx\/?p=114882#respond"]}]},{"@type":"WebPage","@id":"https:\/\/quehacerpolitico.mx\/?p=114882","url":"https:\/\/quehacerpolitico.mx\/?p=114882","name":"Sheinbaum eval\u00faa petici\u00f3n de repatriaci\u00f3n del \"Mayo\" Zambada -","isPartOf":{"@id":"https:\/\/quehacerpolitico.mx\/#website"},"primaryImageOfPage":{"@id":"https:\/\/quehacerpolitico.mx\/?p=114882#primaryimage"},"image":{"@id":"https:\/\/quehacerpolitico.mx\/?p=114882#primaryimage"},"thumbnailUrl":"https:\/\/quehacerpolitico.mx\/wp-content\/uploads\/2025\/02\/IMG_0727.jpeg","datePublished":"2025-02-21T20:58:07+00:00","dateModified":"2025-02-21T20:58:11+00:00","author":{"@id":"https:\/\/quehacerpolitico.mx\/#\/schema\/person\/496d8ad2d1d3f8036101dca7ee39e585"},"breadcrumb":{"@id":"https:\/\/quehacerpolitico.mx\/?p=114882#breadcrumb"},"inLanguage":"es","potentialAction":[{"@type":"ReadAction","target":["https:\/\/quehacerpolitico.mx\/?p=114882"]}]},{"@type":"ImageObject","inLanguage":"es","@id":"https:\/\/quehacerpolitico.mx\/?p=114882#primaryimage","url":"https:\/\/quehacerpolitico.mx\/wp-content\/uploads\/2025\/02\/IMG_0727.jpeg","contentUrl":"https:\/\/quehacerpolitico.mx\/wp-content\/uploads\/2025\/02\/IMG_0727.jpeg","width":739,"height":415},{"@type":"BreadcrumbList","@id":"https:\/\/quehacerpolitico.mx\/?p=114882#breadcrumb","itemListElement":[{"@type":"ListItem","position":1,"name":"Inicio","item":"https:\/\/quehacerpolitico.mx\/"},{"@type":"ListItem","position":2,"name":"Sheinbaum eval\u00faa petici\u00f3n de repatriaci\u00f3n del &#8220;Mayo&#8221; Zambada"}]},{"@type":"WebSite","@id":"https:\/\/quehacerpolitico.mx\/#website","url":"https:\/\/quehacerpolitico.mx\/","name":"","description":"","potentialAction":[{"@type":"SearchAction","target":{"@type":"EntryPoint","urlTemplate":"https:\/\/quehacerpolitico.mx\/?s={search_term_string}"},"query-input":{"@type":"PropertyValueSpecification","valueRequired":true,"valueName":"search_term_string"}}],"inLanguage":"es"},{"@type":"Person","@id":"https:\/\/quehacerpolitico.mx\/#\/schema\/person\/496d8ad2d1d3f8036101dca7ee39e585","name":"Redacci\u00f3n QP","image":{"@type":"ImageObject","inLanguage":"es","@id":"https:\/\/secure.gravatar.com\/avatar\/c7164ed6fdec453195284ad24a5ae5b6e1eed2b848477fa2a4787ba9adf39a41?s=96&d=mm&r=g","url":"https:\/\/secure.gravatar.com\/avatar\/c7164ed6fdec453195284ad24a5ae5b6e1eed2b848477fa2a4787ba9adf39a41?s=96&d=mm&r=g","contentUrl":"https:\/\/secure.gravatar.com\/avatar\/c7164ed6fdec453195284ad24a5ae5b6e1eed2b848477fa2a4787ba9adf39a41?s=96&d=mm&r=g","caption":"Redacci\u00f3n QP"},"url":"https:\/\/quehacerpolitico.mx\/?author=2"}]}},"featured_image_urls":{"full":["https:\/\/quehacerpolitico.mx\/wp-content\/uploads\/2025\/02\/IMG_0727.jpeg",739,415,false],"thumbnail":["https:\/\/quehacerpolitico.mx\/wp-content\/uploads\/2025\/02\/IMG_0727-150x150.jpeg",150,150,true],"medium":["https:\/\/quehacerpolitico.mx\/wp-content\/uploads\/2025\/02\/IMG_0727-300x168.jpeg",300,168,true],"medium_large":["https:\/\/quehacerpolitico.mx\/wp-content\/uploads\/2025\/02\/IMG_0727.jpeg",640,359,false],"large":["https:\/\/quehacerpolitico.mx\/wp-content\/uploads\/2025\/02\/IMG_0727.jpeg",640,359,false],"1536x1536":["https:\/\/quehacerpolitico.mx\/wp-content\/uploads\/2025\/02\/IMG_0727.jpeg",739,415,false],"2048x2048":["https:\/\/quehacerpolitico.mx\/wp-content\/uploads\/2025\/02\/IMG_0727.jpeg",739,415,false],"covernews-featured":["https:\/\/quehacerpolitico.mx\/wp-content\/uploads\/2025\/02\/IMG_0727.jpeg",739,415,false],"covernews-medium":["https:\/\/quehacerpolitico.mx\/wp-content\/uploads\/2025\/02\/IMG_0727-540x340.jpeg",540,340,true]},"author_info":{"display_name":"Redacci\u00f3n QP","author_link":"https:\/\/quehacerpolitico.mx\/?author=2"},"category_info":"<a href=\"https:\/\/quehacerpolitico.mx\/?cat=280\" rel=\"category\">Nacionales<\/a> <a href=\"https:\/\/quehacerpolitico.mx\/?cat=2\" rel=\"category\">Noticias<\/a>","tag_info":"Noticias","comment_count":"0","_links":{"self":[{"href":"https:\/\/quehacerpolitico.mx\/index.php?rest_route=\/wp\/v2\/posts\/114882","targetHints":{"allow":["GET"]}}],"collection":[{"href":"https:\/\/quehacerpolitico.mx\/index.php?rest_route=\/wp\/v2\/posts"}],"about":[{"href":"https:\/\/quehacerpolitico.mx\/index.php?rest_route=\/wp\/v2\/types\/post"}],"author":[{"embeddable":true,"href":"https:\/\/quehacerpolitico.mx\/index.php?rest_route=\/wp\/v2\/users\/2"}],"replies":[{"embeddable":true,"href":"https:\/\/quehacerpolitico.mx\/index.php?rest_route=%2Fwp%2Fv2%2Fcomments&post=114882"}],"version-history":[{"count":1,"href":"https:\/\/quehacerpolitico.mx\/index.php?rest_route=\/wp\/v2\/posts\/114882\/revisions"}],"predecessor-version":[{"id":114884,"href":"https:\/\/quehacerpolitico.mx\/index.php?rest_route=\/wp\/v2\/posts\/114882\/revisions\/114884"}],"wp:featuredmedia":[{"embeddable":true,"href":"https:\/\/quehacerpolitico.mx\/index.php?rest_route=\/wp\/v2\/media\/114883"}],"wp:attachment":[{"href":"https:\/\/quehacerpolitico.mx\/index.php?rest_route=%2Fwp%2Fv2%2Fmedia&parent=114882"}],"wp:term":[{"taxonomy":"category","embeddable":true,"href":"https:\/\/quehacerpolitico.mx\/index.php?rest_route=%2Fwp%2Fv2%2Fcategories&post=114882"},{"taxonomy":"post_tag","embeddable":true,"href":"https:\/\/quehacerpolitico.mx\/index.php?rest_route=%2Fwp%2Fv2%2Ftags&post=114882"}],"curies":[{"name":"wp","href":"https:\/\/api.w.org\/{rel}","templated":true}]}}