{"id":114865,"date":"2025-02-20T14:49:10","date_gmt":"2025-02-20T20:49:10","guid":{"rendered":"https:\/\/quehacerpolitico.mx\/?p=114865"},"modified":"2025-02-20T14:49:13","modified_gmt":"2025-02-20T20:49:13","slug":"no-me-afilie-para-molestar-a-nadie-responde-miguel-angel-yunes-marquez-a-rocio-nahle","status":"publish","type":"post","link":"https:\/\/quehacerpolitico.mx\/?p=114865","title":{"rendered":"\u201cNo me afili\u00e9 para molestar a nadie\u201d, responde Miguel \u00c1ngel Yunes M\u00e1rquez a Roc\u00edo Nahle"},"content":{"rendered":"\n<p>Por Redacci\u00f3n QP<\/p>\n\n\n\n<p>Yunes M\u00e1rquez expres\u00f3 no estar arrepentido de dejar el PAN, partido que consider\u00f3 debe estar agradecido a su familia pues les dio 7 millones de votos en el tiempo que estuvieron en el instituto pol\u00edtico.<\/p>\n\n\n\n<p><strong>Miguel \u00c1ngel Yunes M\u00e1rquez<\/strong>, senador reci\u00e9n afiliado a Morena, dijo respetar a la gobernadora de Veracruz,&nbsp;<strong>Roc\u00edo Nahle,<\/strong>quien rechaz\u00f3 su incorporaci\u00f3n a ese partido.&nbsp;<\/p>\n\n\n\n<p>El legislador afirm\u00f3 que&nbsp;<strong>no se afili\u00f3 para molestar a nadie<\/strong>, e incluso se dijo dispuesto a&nbsp;<strong>reunirse con Nahle&nbsp;<\/strong>si ella en alg\u00fan momento lo desea.&nbsp;<\/p>\n\n\n\n<p>\u201cLa verdad es que estoy tranquilo y le deseo todo el \u00e9xito a la gobernadora y mis respetos para ella. Yo estoy dispuesto a sentarme con quien sea,&nbsp;<strong>entiendo que ella tiene una posici\u00f3n<\/strong>, yo tengo otra, y al final de cuentas yo estoy actuando de buena fe, as\u00ed lo he hecho desde septiembre.<\/p>\n\n\n\n<p>\u201cTambi\u00e9n, en respuesta a que en el grupo parlamentario de\u00a0<strong>Morena<\/strong>\u00a0me han tratado muy bien, he recibido un trato digno, correcto por parte de todas y todos mis compa\u00f1eros senadores y del coordinador Ad\u00e1n Augusto; por eso present\u00e9 mi afiliaci\u00f3n, y no lo hice con la intenci\u00f3n de molestar a nadie ni de generar problemas, lo hice simple y sencillamente en un acto de congruencia\u00a0<strong>por estar en el grupo legislativo desde septiembre<\/strong>\u201d, argument\u00f3.<\/p>\n\n\n\n<figure class=\"wp-block-embed is-type-rich is-provider-twitter wp-block-embed-twitter\"><div class=\"wp-block-embed__wrapper\">\n<blockquote class=\"twitter-tweet\" data-width=\"550\" data-dnt=\"true\"><p lang=\"es\" dir=\"ltr\">El senador de Morena, Miguel \u00c1ngel Yunes M\u00e1rquez, expres\u00f3 su respeto a la gobernadora de Veracruz, Roc\u00edo Nahle, quien manifest\u00f3 su inconformidad por su afiliaci\u00f3n al partido, dijo que no lo hizo con la intenci\u00f3n de molestar a nadie. Neg\u00f3 que tenga algo que ver con lavado de\u2026 <a href=\"https:\/\/t.co\/eFphaKv34j\">pic.twitter.com\/eFphaKv34j<\/a><\/p>&mdash; Azucena Uresti (@azucenau) <a href=\"https:\/\/twitter.com\/azucenau\/status\/1892654839014031419?ref_src=twsrc%5Etfw\">February 20, 2025<\/a><\/blockquote><script async src=\"https:\/\/platform.twitter.com\/widgets.js\" charset=\"utf-8\"><\/script>\n<\/div><\/figure>\n\n\n\n<p>Luego de que la gobernadora veracruzana&nbsp;<strong>amag\u00f3<\/strong>&nbsp;con presentar en la Comisi\u00f3n de Honestidad y Justicia de Morena un expediente contra&nbsp;<strong>Yunes por el delito de lavado de dinero<\/strong>, el legislador veracruzano coment\u00f3:&nbsp;\u201cAbsolutamente falso, pero cuando presenten las pruebas atender\u00e9 puntualmente y responder\u00e9 a esto, pero es una vil mentira\u201d.&nbsp;<\/p>\n\n\n\n<p><strong>Yunes M\u00e1rquez<\/strong>&nbsp;expres\u00f3 no estar arrepentido de dejar el&nbsp;<strong>PAN<\/strong>, partido que consider\u00f3 que debe estar agradecido a su familia pues les dio 7 millones de votos en el tiempo que estuvieron en el instituto pol\u00edtico.&nbsp;<\/p>\n\n\n\n<p>\u201cEstoy agradecido con las y los&nbsp;<strong>panistas<\/strong>, no as\u00ed con las dirigencias que en su momento por tomar una decisi\u00f3n en conciencia a favor de la presidenta Claudia Sheinbaum me lincharon pr\u00e1cticamente\u201d, asever\u00f3.<\/p>\n\n\n\n<h2 class=\"wp-block-heading\">Llama mediocre y pobre diablo a Marko Cort\u00e9s<\/h2>\n\n\n\n<p>Luego de que el senador y expresidente del PAN,\u00a0<strong>Marko Cort\u00e9s<\/strong>, llam\u00f3 a su partido a no entregar candidaturas a ninguna persona ligada con la\u00a0<strong>familia Yunes<\/strong>, el legislador afirm\u00f3 que ning\u00fan integrante de su familia ser\u00e1 candidato en las<strong>\u00a0elecciones locales\u00a0<\/strong>de este a\u00f1o.<\/p>\n\n\n\n<figure class=\"wp-block-embed is-type-rich is-provider-twitter wp-block-embed-twitter\"><div class=\"wp-block-embed__wrapper\">\n<blockquote class=\"twitter-tweet\" data-width=\"550\" data-dnt=\"true\"><p lang=\"es\" dir=\"ltr\">Miguel \u00c1ngel Yunes M\u00e1rquez llama &quot;mediocre&quot; y &quot;pobre diablo&quot; a <a href=\"https:\/\/twitter.com\/MarkoCortes?ref_src=twsrc%5Etfw\">@MarkoCortes<\/a> \ud83e\udee2<br><br>\ud83d\udcf9 <a href=\"https:\/\/twitter.com\/politicomx?ref_src=twsrc%5Etfw\">@politicomx<\/a> <a href=\"https:\/\/t.co\/2oc7rl2ndM\">pic.twitter.com\/2oc7rl2ndM<\/a><\/p>&mdash; Ruido en la Red (@RuidoEnLaRed) <a href=\"https:\/\/twitter.com\/RuidoEnLaRed\/status\/1892668444975226980?ref_src=twsrc%5Etfw\">February 20, 2025<\/a><\/blockquote><script async src=\"https:\/\/platform.twitter.com\/widgets.js\" charset=\"utf-8\"><\/script>\n<\/div><\/figure>\n\n\n\n<blockquote class=\"wp-block-quote is-layout-flow wp-block-quote-is-layout-flow\">\n<p>Present\u00e9 mi afiliaci\u00f3n, y no lo hice con la intenci\u00f3n de molestar a nadie ni de generar problemas.&nbsp;<\/p>\n\n\n\n<p><strong>Miguel \u00c1ngel Yunes M\u00e1rquez<\/strong><\/p>\n<\/blockquote>\n\n\n\n<p>\u201cNadie se inscribi\u00f3, no vamos a participar como&nbsp;<strong>candidatos<\/strong>&nbsp;ni a un partido, simple y sencillamente que le vaya bien a&nbsp;<strong>Veracruz<\/strong>&nbsp;y que haya mujeres y hombres capaces que queden en las diferentes alcald\u00edas. Hay gente que evidentemente nos respalda y ser\u00e1n libres de apoyar a quien quieran en estas&nbsp;<strong>elecciones<\/strong>; nosotros no estaremos participando\u201d, apunt\u00f3 Yunes M\u00e1rquez.&nbsp;<\/p>\n\n\n\n<p>Finalmente, sobre lo dicho por<strong>&nbsp;Marko Cort\u00e9s<\/strong>&nbsp;dijo: \u201cla verdad no voy a referirme a ese mediocre, es un pobre diablo, y la verdad, lo que diga o no me diga me tiene sin cuidado\u201d.&nbsp;<\/p>\n\n\n\n<p>Posteriormente, en un comunicado,<strong>&nbsp;Yunes M\u00e1rquez<\/strong>&nbsp;afirm\u00f3: \u201cNo tengo la intenci\u00f3n de provocar un problema interno en&nbsp;<strong>Morena<\/strong>, ni tampoco de disputar espacios a nadie. He actuado de frente y de buena fe, no hay nada oculto\u201d.&nbsp;<\/p>\n\n\n\n<p>Asimismo el expanista&nbsp;lament\u00f3 que su&nbsp;<strong>solicitud de afiliaci\u00f3n a Morena&nbsp;<\/strong>haya &#8220;generado una reacci\u00f3n que no me parece justa&#8221; y asegur\u00f3 no tener &#8220;la intenci\u00f3n de provocar un problema interno&#8221;.&nbsp;<\/p>\n\n\n\n<blockquote class=\"wp-block-quote is-layout-flow wp-block-quote-is-layout-flow\">\n<p>He votado a favor de las distintas reformas constitucionales.&nbsp;<\/p>\n\n\n\n<p><strong>Yunes M\u00e1rquez, expanista<\/strong><\/p>\n<\/blockquote>\n\n\n\n<p>En ese sentido, revel\u00f3 que esperar\u00e1 a que la&nbsp;<strong>Comisi\u00f3n de Honestidad y Justicia de Morena<\/strong>&nbsp;emita una soluci\u00f3n para, luego, dar respuesta a las controversias.&nbsp;<\/p>\n\n\n\n<p>En un comunicado que difundi\u00f3 entre los medios de comunicaci\u00f3n, el legislador tambi\u00e9n aludi\u00f3 a la gobernadora,<strong>&nbsp;Roc\u00edo Nahle<\/strong>, quien impulsa el rechazo del expanista en su intenci\u00f3n de militar en Morena.&nbsp;<\/p>\n\n\n\n<p>Al final del documento, el dos veces alcalde de Boca del R\u00edo, bajo las siglas del&nbsp;<strong>PAN<\/strong>, escribi\u00f3: &#8220;a la gobernadora de Veracruz mi respeto y deseos de que tenga \u00e9xito&#8221;.&nbsp;<\/p>\n\n\n\n<p><strong>Yunes M\u00e1rquez<\/strong>&nbsp;recrimin\u00f3 que la pol\u00e9mica desatada por su<strong>&nbsp;ingreso a Morena<\/strong>&nbsp;tambi\u00e9n haya servido para que algunos integrantes de&nbsp;<strong>Morena<\/strong>&nbsp;le hayan hecho &#8220;acusaciones infundadas&#8221;.&nbsp;<\/p>\n\n\n\n<p>Explic\u00f3 que solicit\u00f3 su afiliaci\u00f3n a Morena es consecuencia natural de su participaci\u00f3n en ese grupo parlamentario en el Senado desde septiembre del 2024.&nbsp;<\/p>\n\n\n\n<p>&#8220;He&nbsp;<strong>votado a favor de las distintas reformas constitucionales&nbsp;<\/strong>que tienen como objetivo la transformaci\u00f3n y el avance del pa\u00eds.&nbsp;<\/p>\n\n\n\n<p>&#8220;Tanto la&nbsp;<strong>reforma judicial,<\/strong>&nbsp;la de supremac\u00eda constitucional, como la de la guardia nacional y otras m\u00e1s han contado con mi apoyo&#8221;, dijo.&nbsp;<\/p>\n\n\n\n<p>El ahora morenisa agreg\u00f3:&nbsp;&#8220;Seguir\u00e9 dedicado a trabajar en lo sustantivo que es la tarea que tengo encomendada como senador&#8221;.&nbsp;<\/p>\n\n\n\n<p>Y remat\u00f3: &#8220;Me he dedicado a cumplir mi compromiso de apoyar en todo lo positivo a la presidenta Claudia Sheinbaum, convencido de que M\u00e9xico requiere un Ejecutivo fuerte. Har\u00e9 lo que sea mejor para Veracruz, para M\u00e9xico y para Morena, movimiento que en el Senado me ha dado un trato que mucho agradezco&#8221;.<\/p>\n","protected":false},"excerpt":{"rendered":"<p>Por Redacci\u00f3n QP Yunes M\u00e1rquez expres\u00f3 no estar arrepentido de dejar el PAN, partido que&#8230;<\/p>\n","protected":false},"author":2,"featured_media":114866,"comment_status":"open","ping_status":"open","sticky":false,"template":"","format":"standard","meta":{"_monsterinsights_skip_tracking":false,"_monsterinsights_sitenote_active":false,"_monsterinsights_sitenote_note":"","_monsterinsights_sitenote_category":0,"footnotes":""},"categories":[280,2],"tags":[],"class_list":["post-114865","post","type-post","status-publish","format-standard","has-post-thumbnail","hentry","category-nacionales","category-noticias"],"yoast_head":"<!-- This site is optimized with the Yoast SEO plugin v27.3 - https:\/\/yoast.com\/product\/yoast-seo-wordpress\/ -->\n<title>\u201cNo me afili\u00e9 para molestar a nadie\u201d, responde Miguel \u00c1ngel Yunes M\u00e1rquez a Roc\u00edo Nahle -<\/title>\n<meta name=\"robots\" content=\"index, follow, max-snippet:-1, max-image-preview:large, max-video-preview:-1\" \/>\n<link rel=\"canonical\" href=\"https:\/\/quehacerpolitico.mx\/?p=114865\" \/>\n<meta property=\"og:locale\" content=\"es_MX\" \/>\n<meta property=\"og:type\" content=\"article\" \/>\n<meta property=\"og:title\" content=\"\u201cNo me afili\u00e9 para molestar a nadie\u201d, responde Miguel \u00c1ngel Yunes M\u00e1rquez a Roc\u00edo Nahle -\" \/>\n<meta property=\"og:description\" content=\"Por Redacci\u00f3n QP Yunes M\u00e1rquez expres\u00f3 no estar arrepentido de dejar el PAN, partido que...\" \/>\n<meta property=\"og:url\" content=\"https:\/\/quehacerpolitico.mx\/?p=114865\" \/>\n<meta property=\"article:published_time\" content=\"2025-02-20T20:49:10+00:00\" \/>\n<meta property=\"article:modified_time\" content=\"2025-02-20T20:49:13+00:00\" \/>\n<meta property=\"og:image\" content=\"https:\/\/quehacerpolitico.mx\/wp-content\/uploads\/2025\/02\/IMG_0704.jpeg\" \/>\n\t<meta property=\"og:image:width\" content=\"783\" \/>\n\t<meta property=\"og:image:height\" content=\"391\" \/>\n\t<meta property=\"og:image:type\" content=\"image\/jpeg\" \/>\n<meta name=\"author\" content=\"Redacci\u00f3n QP\" \/>\n<meta name=\"twitter:card\" content=\"summary_large_image\" \/>\n<meta name=\"twitter:label1\" content=\"Escrito por\" \/>\n\t<meta name=\"twitter:data1\" content=\"Redacci\u00f3n QP\" \/>\n\t<meta name=\"twitter:label2\" content=\"Tiempo de lectura\" \/>\n\t<meta name=\"twitter:data2\" content=\"5 minutos\" \/>\n<script type=\"application\/ld+json\" class=\"yoast-schema-graph\">{\"@context\":\"https:\\\/\\\/schema.org\",\"@graph\":[{\"@type\":\"Article\",\"@id\":\"https:\\\/\\\/quehacerpolitico.mx\\\/?p=114865#article\",\"isPartOf\":{\"@id\":\"https:\\\/\\\/quehacerpolitico.mx\\\/?p=114865\"},\"author\":{\"name\":\"Redacci\u00f3n QP\",\"@id\":\"https:\\\/\\\/quehacerpolitico.mx\\\/#\\\/schema\\\/person\\\/496d8ad2d1d3f8036101dca7ee39e585\"},\"headline\":\"\u201cNo me afili\u00e9 para molestar a nadie\u201d, responde Miguel \u00c1ngel Yunes M\u00e1rquez a Roc\u00edo Nahle\",\"datePublished\":\"2025-02-20T20:49:10+00:00\",\"dateModified\":\"2025-02-20T20:49:13+00:00\",\"mainEntityOfPage\":{\"@id\":\"https:\\\/\\\/quehacerpolitico.mx\\\/?p=114865\"},\"wordCount\":990,\"commentCount\":0,\"image\":{\"@id\":\"https:\\\/\\\/quehacerpolitico.mx\\\/?p=114865#primaryimage\"},\"thumbnailUrl\":\"https:\\\/\\\/quehacerpolitico.mx\\\/wp-content\\\/uploads\\\/2025\\\/02\\\/IMG_0704.jpeg\",\"articleSection\":[\"Nacionales\",\"Noticias\"],\"inLanguage\":\"es\",\"potentialAction\":[{\"@type\":\"CommentAction\",\"name\":\"Comment\",\"target\":[\"https:\\\/\\\/quehacerpolitico.mx\\\/?p=114865#respond\"]}]},{\"@type\":\"WebPage\",\"@id\":\"https:\\\/\\\/quehacerpolitico.mx\\\/?p=114865\",\"url\":\"https:\\\/\\\/quehacerpolitico.mx\\\/?p=114865\",\"name\":\"\u201cNo me afili\u00e9 para molestar a nadie\u201d, responde Miguel \u00c1ngel Yunes M\u00e1rquez a Roc\u00edo Nahle -\",\"isPartOf\":{\"@id\":\"https:\\\/\\\/quehacerpolitico.mx\\\/#website\"},\"primaryImageOfPage\":{\"@id\":\"https:\\\/\\\/quehacerpolitico.mx\\\/?p=114865#primaryimage\"},\"image\":{\"@id\":\"https:\\\/\\\/quehacerpolitico.mx\\\/?p=114865#primaryimage\"},\"thumbnailUrl\":\"https:\\\/\\\/quehacerpolitico.mx\\\/wp-content\\\/uploads\\\/2025\\\/02\\\/IMG_0704.jpeg\",\"datePublished\":\"2025-02-20T20:49:10+00:00\",\"dateModified\":\"2025-02-20T20:49:13+00:00\",\"author\":{\"@id\":\"https:\\\/\\\/quehacerpolitico.mx\\\/#\\\/schema\\\/person\\\/496d8ad2d1d3f8036101dca7ee39e585\"},\"breadcrumb\":{\"@id\":\"https:\\\/\\\/quehacerpolitico.mx\\\/?p=114865#breadcrumb\"},\"inLanguage\":\"es\",\"potentialAction\":[{\"@type\":\"ReadAction\",\"target\":[\"https:\\\/\\\/quehacerpolitico.mx\\\/?p=114865\"]}]},{\"@type\":\"ImageObject\",\"inLanguage\":\"es\",\"@id\":\"https:\\\/\\\/quehacerpolitico.mx\\\/?p=114865#primaryimage\",\"url\":\"https:\\\/\\\/quehacerpolitico.mx\\\/wp-content\\\/uploads\\\/2025\\\/02\\\/IMG_0704.jpeg\",\"contentUrl\":\"https:\\\/\\\/quehacerpolitico.mx\\\/wp-content\\\/uploads\\\/2025\\\/02\\\/IMG_0704.jpeg\",\"width\":783,\"height\":391},{\"@type\":\"BreadcrumbList\",\"@id\":\"https:\\\/\\\/quehacerpolitico.mx\\\/?p=114865#breadcrumb\",\"itemListElement\":[{\"@type\":\"ListItem\",\"position\":1,\"name\":\"Inicio\",\"item\":\"https:\\\/\\\/quehacerpolitico.mx\\\/\"},{\"@type\":\"ListItem\",\"position\":2,\"name\":\"\u201cNo me afili\u00e9 para molestar a nadie\u201d, responde Miguel \u00c1ngel Yunes M\u00e1rquez a Roc\u00edo Nahle\"}]},{\"@type\":\"WebSite\",\"@id\":\"https:\\\/\\\/quehacerpolitico.mx\\\/#website\",\"url\":\"https:\\\/\\\/quehacerpolitico.mx\\\/\",\"name\":\"\",\"description\":\"\",\"potentialAction\":[{\"@type\":\"SearchAction\",\"target\":{\"@type\":\"EntryPoint\",\"urlTemplate\":\"https:\\\/\\\/quehacerpolitico.mx\\\/?s={search_term_string}\"},\"query-input\":{\"@type\":\"PropertyValueSpecification\",\"valueRequired\":true,\"valueName\":\"search_term_string\"}}],\"inLanguage\":\"es\"},{\"@type\":\"Person\",\"@id\":\"https:\\\/\\\/quehacerpolitico.mx\\\/#\\\/schema\\\/person\\\/496d8ad2d1d3f8036101dca7ee39e585\",\"name\":\"Redacci\u00f3n QP\",\"image\":{\"@type\":\"ImageObject\",\"inLanguage\":\"es\",\"@id\":\"https:\\\/\\\/secure.gravatar.com\\\/avatar\\\/c7164ed6fdec453195284ad24a5ae5b6e1eed2b848477fa2a4787ba9adf39a41?s=96&d=mm&r=g\",\"url\":\"https:\\\/\\\/secure.gravatar.com\\\/avatar\\\/c7164ed6fdec453195284ad24a5ae5b6e1eed2b848477fa2a4787ba9adf39a41?s=96&d=mm&r=g\",\"contentUrl\":\"https:\\\/\\\/secure.gravatar.com\\\/avatar\\\/c7164ed6fdec453195284ad24a5ae5b6e1eed2b848477fa2a4787ba9adf39a41?s=96&d=mm&r=g\",\"caption\":\"Redacci\u00f3n QP\"},\"url\":\"https:\\\/\\\/quehacerpolitico.mx\\\/?author=2\"}]}<\/script>\n<!-- \/ Yoast SEO plugin. -->","yoast_head_json":{"title":"\u201cNo me afili\u00e9 para molestar a nadie\u201d, responde Miguel \u00c1ngel Yunes M\u00e1rquez a Roc\u00edo Nahle -","robots":{"index":"index","follow":"follow","max-snippet":"max-snippet:-1","max-image-preview":"max-image-preview:large","max-video-preview":"max-video-preview:-1"},"canonical":"https:\/\/quehacerpolitico.mx\/?p=114865","og_locale":"es_MX","og_type":"article","og_title":"\u201cNo me afili\u00e9 para molestar a nadie\u201d, responde Miguel \u00c1ngel Yunes M\u00e1rquez a Roc\u00edo Nahle -","og_description":"Por Redacci\u00f3n QP Yunes M\u00e1rquez expres\u00f3 no estar arrepentido de dejar el PAN, partido que...","og_url":"https:\/\/quehacerpolitico.mx\/?p=114865","article_published_time":"2025-02-20T20:49:10+00:00","article_modified_time":"2025-02-20T20:49:13+00:00","og_image":[{"width":783,"height":391,"url":"https:\/\/quehacerpolitico.mx\/wp-content\/uploads\/2025\/02\/IMG_0704.jpeg","type":"image\/jpeg"}],"author":"Redacci\u00f3n QP","twitter_card":"summary_large_image","twitter_misc":{"Escrito por":"Redacci\u00f3n QP","Tiempo de lectura":"5 minutos"},"schema":{"@context":"https:\/\/schema.org","@graph":[{"@type":"Article","@id":"https:\/\/quehacerpolitico.mx\/?p=114865#article","isPartOf":{"@id":"https:\/\/quehacerpolitico.mx\/?p=114865"},"author":{"name":"Redacci\u00f3n QP","@id":"https:\/\/quehacerpolitico.mx\/#\/schema\/person\/496d8ad2d1d3f8036101dca7ee39e585"},"headline":"\u201cNo me afili\u00e9 para molestar a nadie\u201d, responde Miguel \u00c1ngel Yunes M\u00e1rquez a Roc\u00edo Nahle","datePublished":"2025-02-20T20:49:10+00:00","dateModified":"2025-02-20T20:49:13+00:00","mainEntityOfPage":{"@id":"https:\/\/quehacerpolitico.mx\/?p=114865"},"wordCount":990,"commentCount":0,"image":{"@id":"https:\/\/quehacerpolitico.mx\/?p=114865#primaryimage"},"thumbnailUrl":"https:\/\/quehacerpolitico.mx\/wp-content\/uploads\/2025\/02\/IMG_0704.jpeg","articleSection":["Nacionales","Noticias"],"inLanguage":"es","potentialAction":[{"@type":"CommentAction","name":"Comment","target":["https:\/\/quehacerpolitico.mx\/?p=114865#respond"]}]},{"@type":"WebPage","@id":"https:\/\/quehacerpolitico.mx\/?p=114865","url":"https:\/\/quehacerpolitico.mx\/?p=114865","name":"\u201cNo me afili\u00e9 para molestar a nadie\u201d, responde Miguel \u00c1ngel Yunes M\u00e1rquez a Roc\u00edo Nahle -","isPartOf":{"@id":"https:\/\/quehacerpolitico.mx\/#website"},"primaryImageOfPage":{"@id":"https:\/\/quehacerpolitico.mx\/?p=114865#primaryimage"},"image":{"@id":"https:\/\/quehacerpolitico.mx\/?p=114865#primaryimage"},"thumbnailUrl":"https:\/\/quehacerpolitico.mx\/wp-content\/uploads\/2025\/02\/IMG_0704.jpeg","datePublished":"2025-02-20T20:49:10+00:00","dateModified":"2025-02-20T20:49:13+00:00","author":{"@id":"https:\/\/quehacerpolitico.mx\/#\/schema\/person\/496d8ad2d1d3f8036101dca7ee39e585"},"breadcrumb":{"@id":"https:\/\/quehacerpolitico.mx\/?p=114865#breadcrumb"},"inLanguage":"es","potentialAction":[{"@type":"ReadAction","target":["https:\/\/quehacerpolitico.mx\/?p=114865"]}]},{"@type":"ImageObject","inLanguage":"es","@id":"https:\/\/quehacerpolitico.mx\/?p=114865#primaryimage","url":"https:\/\/quehacerpolitico.mx\/wp-content\/uploads\/2025\/02\/IMG_0704.jpeg","contentUrl":"https:\/\/quehacerpolitico.mx\/wp-content\/uploads\/2025\/02\/IMG_0704.jpeg","width":783,"height":391},{"@type":"BreadcrumbList","@id":"https:\/\/quehacerpolitico.mx\/?p=114865#breadcrumb","itemListElement":[{"@type":"ListItem","position":1,"name":"Inicio","item":"https:\/\/quehacerpolitico.mx\/"},{"@type":"ListItem","position":2,"name":"\u201cNo me afili\u00e9 para molestar a nadie\u201d, responde Miguel \u00c1ngel Yunes M\u00e1rquez a Roc\u00edo Nahle"}]},{"@type":"WebSite","@id":"https:\/\/quehacerpolitico.mx\/#website","url":"https:\/\/quehacerpolitico.mx\/","name":"","description":"","potentialAction":[{"@type":"SearchAction","target":{"@type":"EntryPoint","urlTemplate":"https:\/\/quehacerpolitico.mx\/?s={search_term_string}"},"query-input":{"@type":"PropertyValueSpecification","valueRequired":true,"valueName":"search_term_string"}}],"inLanguage":"es"},{"@type":"Person","@id":"https:\/\/quehacerpolitico.mx\/#\/schema\/person\/496d8ad2d1d3f8036101dca7ee39e585","name":"Redacci\u00f3n QP","image":{"@type":"ImageObject","inLanguage":"es","@id":"https:\/\/secure.gravatar.com\/avatar\/c7164ed6fdec453195284ad24a5ae5b6e1eed2b848477fa2a4787ba9adf39a41?s=96&d=mm&r=g","url":"https:\/\/secure.gravatar.com\/avatar\/c7164ed6fdec453195284ad24a5ae5b6e1eed2b848477fa2a4787ba9adf39a41?s=96&d=mm&r=g","contentUrl":"https:\/\/secure.gravatar.com\/avatar\/c7164ed6fdec453195284ad24a5ae5b6e1eed2b848477fa2a4787ba9adf39a41?s=96&d=mm&r=g","caption":"Redacci\u00f3n QP"},"url":"https:\/\/quehacerpolitico.mx\/?author=2"}]}},"featured_image_urls":{"full":["https:\/\/quehacerpolitico.mx\/wp-content\/uploads\/2025\/02\/IMG_0704.jpeg",783,391,false],"thumbnail":["https:\/\/quehacerpolitico.mx\/wp-content\/uploads\/2025\/02\/IMG_0704-150x150.jpeg",150,150,true],"medium":["https:\/\/quehacerpolitico.mx\/wp-content\/uploads\/2025\/02\/IMG_0704-300x150.jpeg",300,150,true],"medium_large":["https:\/\/quehacerpolitico.mx\/wp-content\/uploads\/2025\/02\/IMG_0704-768x384.jpeg",640,320,true],"large":["https:\/\/quehacerpolitico.mx\/wp-content\/uploads\/2025\/02\/IMG_0704.jpeg",640,320,false],"1536x1536":["https:\/\/quehacerpolitico.mx\/wp-content\/uploads\/2025\/02\/IMG_0704.jpeg",783,391,false],"2048x2048":["https:\/\/quehacerpolitico.mx\/wp-content\/uploads\/2025\/02\/IMG_0704.jpeg",783,391,false],"covernews-featured":["https:\/\/quehacerpolitico.mx\/wp-content\/uploads\/2025\/02\/IMG_0704.jpeg",783,391,false],"covernews-medium":["https:\/\/quehacerpolitico.mx\/wp-content\/uploads\/2025\/02\/IMG_0704-540x340.jpeg",540,340,true]},"author_info":{"display_name":"Redacci\u00f3n QP","author_link":"https:\/\/quehacerpolitico.mx\/?author=2"},"category_info":"<a href=\"https:\/\/quehacerpolitico.mx\/?cat=280\" rel=\"category\">Nacionales<\/a> <a href=\"https:\/\/quehacerpolitico.mx\/?cat=2\" rel=\"category\">Noticias<\/a>","tag_info":"Noticias","comment_count":"0","_links":{"self":[{"href":"https:\/\/quehacerpolitico.mx\/index.php?rest_route=\/wp\/v2\/posts\/114865","targetHints":{"allow":["GET"]}}],"collection":[{"href":"https:\/\/quehacerpolitico.mx\/index.php?rest_route=\/wp\/v2\/posts"}],"about":[{"href":"https:\/\/quehacerpolitico.mx\/index.php?rest_route=\/wp\/v2\/types\/post"}],"author":[{"embeddable":true,"href":"https:\/\/quehacerpolitico.mx\/index.php?rest_route=\/wp\/v2\/users\/2"}],"replies":[{"embeddable":true,"href":"https:\/\/quehacerpolitico.mx\/index.php?rest_route=%2Fwp%2Fv2%2Fcomments&post=114865"}],"version-history":[{"count":1,"href":"https:\/\/quehacerpolitico.mx\/index.php?rest_route=\/wp\/v2\/posts\/114865\/revisions"}],"predecessor-version":[{"id":114867,"href":"https:\/\/quehacerpolitico.mx\/index.php?rest_route=\/wp\/v2\/posts\/114865\/revisions\/114867"}],"wp:featuredmedia":[{"embeddable":true,"href":"https:\/\/quehacerpolitico.mx\/index.php?rest_route=\/wp\/v2\/media\/114866"}],"wp:attachment":[{"href":"https:\/\/quehacerpolitico.mx\/index.php?rest_route=%2Fwp%2Fv2%2Fmedia&parent=114865"}],"wp:term":[{"taxonomy":"category","embeddable":true,"href":"https:\/\/quehacerpolitico.mx\/index.php?rest_route=%2Fwp%2Fv2%2Fcategories&post=114865"},{"taxonomy":"post_tag","embeddable":true,"href":"https:\/\/quehacerpolitico.mx\/index.php?rest_route=%2Fwp%2Fv2%2Ftags&post=114865"}],"curies":[{"name":"wp","href":"https:\/\/api.w.org\/{rel}","templated":true}]}}