{"id":114859,"date":"2025-02-20T13:54:01","date_gmt":"2025-02-20T19:54:01","guid":{"rendered":"https:\/\/quehacerpolitico.mx\/?p=114859"},"modified":"2025-02-20T13:55:17","modified_gmt":"2025-02-20T19:55:17","slug":"el-quehacer-politico-internacional-a-traves-de-la-opinion-carolina-alonso-romei-canada-secunda-a-eu-y-declara-terroristas-a-los-carteles-mexicanos","status":"publish","type":"post","link":"https:\/\/quehacerpolitico.mx\/?p=114859","title":{"rendered":"El Quehacer Pol\u00edtico Internacional a trav\u00e9s de la opini\u00f3n\/\/\/Carolina Alonso Romei\/\/\/Canad\u00e1 secunda a EU y declara terroristas a los c\u00e1rteles mexicanos"},"content":{"rendered":"\n<p>Por Carolina Alonso Romei<\/p>\n\n\n\n<p>Internacionalista <\/p>\n\n\n\n<p>El ministro de Seguridad P\u00fablica de Canad\u00e1, David McGuinty, anunci\u00f3 la medida hoy en Ottawa luego de que la medida se concretara en el pa\u00eds gobernado por Trump<\/p>\n\n\n\n<p><strong>Canad\u00e1<\/strong>&nbsp;anunci\u00f3 este jueves la inclusi\u00f3n de siete organizaciones criminales, incluidos c\u00e1rteles de la droga de M\u00e9xico, como grupos terroristas, siguiendo el criterio de Estados Unidos; sin embargo, no precis\u00f3 el nombre de estos grupos.&nbsp;<br><br>El ministro de Seguridad P\u00fablica de Canad\u00e1,&nbsp;<strong>David McGuinty,<\/strong>&nbsp;anunci\u00f3 la medida hoy en Ottawa, un d\u00eda despu\u00e9s de que la administraci\u00f3n del presidente estadounidense, Donald Trump, formalizara la inclusi\u00f3n de los c\u00e1rteles de Sinaloa, Jalisco Nueva Generaci\u00f3n, Noroeste, Golfo, Nueva Familia Michoacana y Unidos en su listado de grupos terroristas.<\/p>\n\n\n\n<figure class=\"wp-block-embed is-type-rich is-provider-twitter wp-block-embed-twitter\"><div class=\"wp-block-embed__wrapper\">\n<blockquote class=\"twitter-tweet\" data-width=\"550\" data-dnt=\"true\"><p lang=\"es\" dir=\"ltr\">\ud83d\udea8 Al igual que Estados Unidos, Canad\u00e1 declara como grupos terroristas a c\u00e1rteles mexicanos.<br><br>El anuncio lo hizo esta ma\u00f1ana el ministro de Seguridad P\u00fablica, David McGuinty. <a href=\"https:\/\/t.co\/yinwMxSUun\">pic.twitter.com\/yinwMxSUun<\/a><\/p>&mdash; Manuel Lopez San Martin (@MLopezSanMartin) <a href=\"https:\/\/twitter.com\/MLopezSanMartin\/status\/1892630242478403620?ref_src=twsrc%5Etfw\">February 20, 2025<\/a><\/blockquote><script async src=\"https:\/\/platform.twitter.com\/widgets.js\" charset=\"utf-8\"><\/script>\n<\/div><\/figure>\n\n\n\n<p>&#8220;Las organizaciones criminales transnacionales, incluidos los c\u00e1rteles, juegan un papel principal en la producci\u00f3n y distribuci\u00f3n de fentanilo a lo largo de Canad\u00e1. Para liberar al pa\u00eds&nbsp;de esta amenaza, nuestro gobierno garantizar\u00e1 que la justicia tenga&nbsp;cada herramienta disponible para desmantelar y derrumbar las operaciones de estas organizaciones en nuestras comunidades&#8221;, dijo en conferencia de prensa.&nbsp;<\/p>\n\n\n\n<p>Precisamente este jueves, la presidenta de M\u00e9xico,&nbsp;<strong>Claudia Sheinbaum,<\/strong>&nbsp;anunci\u00f3 dos reformas a la Constituci\u00f3n para proteger al pa\u00eds contra la intromisi\u00f3n extranjera en respuesta a la decisi\u00f3n de Trump de declarar terroristas los c\u00e1rteles de la droga.<\/p>\n\n\n\n<p>El ministro explic\u00f3 que una vez que estas organizaciones son declaradas como terroristas, se inscriben en el C\u00f3digo Criminal y se proh\u00edben acciones como financiamiento, viajes y reclutamiento.&nbsp;<\/p>\n\n\n\n<p>\u201cEst\u00e1 prohibido para cualquier persona en Canad\u00e1, as\u00ed como para cada canadiense extranjero, tratar con conciencia la propiedad de un grupo terrorista\u201d, dijo.&nbsp;<\/p>\n\n\n\n<p>Estados Unidos considera como&nbsp;grupos terroristas&nbsp;a&nbsp;seis carteles del narcotr\u00e1fico&nbsp;de M\u00e9xico, entre ellos el C\u00e1rtel de Sinaloa y el Cartel Jalisco Nueva Generaci\u00f3n (CJNG), adem\u00e1s de la banda venezolana del Tren de Aragua y la pandilla&nbsp;Mara&nbsp;Salvatrucha&nbsp;(MS-13).<\/p>\n\n\n\n<p>Con informaci\u00f3n de EFE<\/p>\n","protected":false},"excerpt":{"rendered":"<p>Por Carolina Alonso Romei Internacionalista El ministro de Seguridad P\u00fablica de Canad\u00e1, David McGuinty, anunci\u00f3&#8230;<\/p>\n","protected":false},"author":2,"featured_media":114860,"comment_status":"open","ping_status":"open","sticky":false,"template":"","format":"standard","meta":{"_monsterinsights_skip_tracking":false,"_monsterinsights_sitenote_active":false,"_monsterinsights_sitenote_note":"","_monsterinsights_sitenote_category":0,"footnotes":""},"categories":[1],"tags":[],"class_list":["post-114859","post","type-post","status-publish","format-standard","has-post-thumbnail","hentry","category-sin-categoria"],"yoast_head":"<!-- This site is optimized with the Yoast SEO plugin v27.3 - https:\/\/yoast.com\/product\/yoast-seo-wordpress\/ -->\n<title>El Quehacer Pol\u00edtico Internacional a trav\u00e9s de la opini\u00f3n\/\/\/Carolina Alonso Romei\/\/\/Canad\u00e1 secunda a EU y declara terroristas a los c\u00e1rteles mexicanos -<\/title>\n<meta name=\"robots\" content=\"index, follow, max-snippet:-1, max-image-preview:large, max-video-preview:-1\" \/>\n<link rel=\"canonical\" href=\"https:\/\/quehacerpolitico.mx\/?p=114859\" \/>\n<meta property=\"og:locale\" content=\"es_MX\" \/>\n<meta property=\"og:type\" content=\"article\" \/>\n<meta property=\"og:title\" content=\"El Quehacer Pol\u00edtico Internacional a trav\u00e9s de la opini\u00f3n\/\/\/Carolina Alonso Romei\/\/\/Canad\u00e1 secunda a EU y declara terroristas a los c\u00e1rteles mexicanos -\" \/>\n<meta property=\"og:description\" content=\"Por Carolina Alonso Romei Internacionalista El ministro de Seguridad P\u00fablica de Canad\u00e1, David McGuinty, anunci\u00f3...\" \/>\n<meta property=\"og:url\" content=\"https:\/\/quehacerpolitico.mx\/?p=114859\" \/>\n<meta property=\"article:published_time\" content=\"2025-02-20T19:54:01+00:00\" \/>\n<meta property=\"article:modified_time\" content=\"2025-02-20T19:55:17+00:00\" \/>\n<meta property=\"og:image\" content=\"https:\/\/quehacerpolitico.mx\/wp-content\/uploads\/2025\/02\/03fa6135-c3fe-44b7-8e96-c6ca323ffebb-6.jpeg\" \/>\n\t<meta property=\"og:image:width\" content=\"963\" \/>\n\t<meta property=\"og:image:height\" content=\"493\" \/>\n\t<meta property=\"og:image:type\" content=\"image\/jpeg\" \/>\n<meta name=\"author\" content=\"Redacci\u00f3n QP\" \/>\n<meta name=\"twitter:card\" content=\"summary_large_image\" \/>\n<meta name=\"twitter:label1\" content=\"Escrito por\" \/>\n\t<meta name=\"twitter:data1\" content=\"Redacci\u00f3n QP\" \/>\n\t<meta name=\"twitter:label2\" content=\"Tiempo de lectura\" \/>\n\t<meta name=\"twitter:data2\" content=\"2 minutos\" \/>\n<script type=\"application\/ld+json\" class=\"yoast-schema-graph\">{\"@context\":\"https:\\\/\\\/schema.org\",\"@graph\":[{\"@type\":\"Article\",\"@id\":\"https:\\\/\\\/quehacerpolitico.mx\\\/?p=114859#article\",\"isPartOf\":{\"@id\":\"https:\\\/\\\/quehacerpolitico.mx\\\/?p=114859\"},\"author\":{\"name\":\"Redacci\u00f3n QP\",\"@id\":\"https:\\\/\\\/quehacerpolitico.mx\\\/#\\\/schema\\\/person\\\/496d8ad2d1d3f8036101dca7ee39e585\"},\"headline\":\"El Quehacer Pol\u00edtico Internacional a trav\u00e9s de la opini\u00f3n\\\/\\\/\\\/Carolina Alonso Romei\\\/\\\/\\\/Canad\u00e1 secunda a EU y declara terroristas a los c\u00e1rteles mexicanos\",\"datePublished\":\"2025-02-20T19:54:01+00:00\",\"dateModified\":\"2025-02-20T19:55:17+00:00\",\"mainEntityOfPage\":{\"@id\":\"https:\\\/\\\/quehacerpolitico.mx\\\/?p=114859\"},\"wordCount\":396,\"commentCount\":0,\"image\":{\"@id\":\"https:\\\/\\\/quehacerpolitico.mx\\\/?p=114859#primaryimage\"},\"thumbnailUrl\":\"https:\\\/\\\/quehacerpolitico.mx\\\/wp-content\\\/uploads\\\/2025\\\/02\\\/03fa6135-c3fe-44b7-8e96-c6ca323ffebb-6.jpeg\",\"articleSection\":[\"Internacionales\"],\"inLanguage\":\"es\",\"potentialAction\":[{\"@type\":\"CommentAction\",\"name\":\"Comment\",\"target\":[\"https:\\\/\\\/quehacerpolitico.mx\\\/?p=114859#respond\"]}]},{\"@type\":\"WebPage\",\"@id\":\"https:\\\/\\\/quehacerpolitico.mx\\\/?p=114859\",\"url\":\"https:\\\/\\\/quehacerpolitico.mx\\\/?p=114859\",\"name\":\"El Quehacer Pol\u00edtico Internacional a trav\u00e9s de la opini\u00f3n\\\/\\\/\\\/Carolina Alonso Romei\\\/\\\/\\\/Canad\u00e1 secunda a EU y declara terroristas a los c\u00e1rteles mexicanos -\",\"isPartOf\":{\"@id\":\"https:\\\/\\\/quehacerpolitico.mx\\\/#website\"},\"primaryImageOfPage\":{\"@id\":\"https:\\\/\\\/quehacerpolitico.mx\\\/?p=114859#primaryimage\"},\"image\":{\"@id\":\"https:\\\/\\\/quehacerpolitico.mx\\\/?p=114859#primaryimage\"},\"thumbnailUrl\":\"https:\\\/\\\/quehacerpolitico.mx\\\/wp-content\\\/uploads\\\/2025\\\/02\\\/03fa6135-c3fe-44b7-8e96-c6ca323ffebb-6.jpeg\",\"datePublished\":\"2025-02-20T19:54:01+00:00\",\"dateModified\":\"2025-02-20T19:55:17+00:00\",\"author\":{\"@id\":\"https:\\\/\\\/quehacerpolitico.mx\\\/#\\\/schema\\\/person\\\/496d8ad2d1d3f8036101dca7ee39e585\"},\"breadcrumb\":{\"@id\":\"https:\\\/\\\/quehacerpolitico.mx\\\/?p=114859#breadcrumb\"},\"inLanguage\":\"es\",\"potentialAction\":[{\"@type\":\"ReadAction\",\"target\":[\"https:\\\/\\\/quehacerpolitico.mx\\\/?p=114859\"]}]},{\"@type\":\"ImageObject\",\"inLanguage\":\"es\",\"@id\":\"https:\\\/\\\/quehacerpolitico.mx\\\/?p=114859#primaryimage\",\"url\":\"https:\\\/\\\/quehacerpolitico.mx\\\/wp-content\\\/uploads\\\/2025\\\/02\\\/03fa6135-c3fe-44b7-8e96-c6ca323ffebb-6.jpeg\",\"contentUrl\":\"https:\\\/\\\/quehacerpolitico.mx\\\/wp-content\\\/uploads\\\/2025\\\/02\\\/03fa6135-c3fe-44b7-8e96-c6ca323ffebb-6.jpeg\",\"width\":963,\"height\":493},{\"@type\":\"BreadcrumbList\",\"@id\":\"https:\\\/\\\/quehacerpolitico.mx\\\/?p=114859#breadcrumb\",\"itemListElement\":[{\"@type\":\"ListItem\",\"position\":1,\"name\":\"Inicio\",\"item\":\"https:\\\/\\\/quehacerpolitico.mx\\\/\"},{\"@type\":\"ListItem\",\"position\":2,\"name\":\"El Quehacer Pol\u00edtico Internacional a trav\u00e9s de la opini\u00f3n\\\/\\\/\\\/Carolina Alonso Romei\\\/\\\/\\\/Canad\u00e1 secunda a EU y declara terroristas a los c\u00e1rteles mexicanos\"}]},{\"@type\":\"WebSite\",\"@id\":\"https:\\\/\\\/quehacerpolitico.mx\\\/#website\",\"url\":\"https:\\\/\\\/quehacerpolitico.mx\\\/\",\"name\":\"\",\"description\":\"\",\"potentialAction\":[{\"@type\":\"SearchAction\",\"target\":{\"@type\":\"EntryPoint\",\"urlTemplate\":\"https:\\\/\\\/quehacerpolitico.mx\\\/?s={search_term_string}\"},\"query-input\":{\"@type\":\"PropertyValueSpecification\",\"valueRequired\":true,\"valueName\":\"search_term_string\"}}],\"inLanguage\":\"es\"},{\"@type\":\"Person\",\"@id\":\"https:\\\/\\\/quehacerpolitico.mx\\\/#\\\/schema\\\/person\\\/496d8ad2d1d3f8036101dca7ee39e585\",\"name\":\"Redacci\u00f3n QP\",\"image\":{\"@type\":\"ImageObject\",\"inLanguage\":\"es\",\"@id\":\"https:\\\/\\\/secure.gravatar.com\\\/avatar\\\/c7164ed6fdec453195284ad24a5ae5b6e1eed2b848477fa2a4787ba9adf39a41?s=96&d=mm&r=g\",\"url\":\"https:\\\/\\\/secure.gravatar.com\\\/avatar\\\/c7164ed6fdec453195284ad24a5ae5b6e1eed2b848477fa2a4787ba9adf39a41?s=96&d=mm&r=g\",\"contentUrl\":\"https:\\\/\\\/secure.gravatar.com\\\/avatar\\\/c7164ed6fdec453195284ad24a5ae5b6e1eed2b848477fa2a4787ba9adf39a41?s=96&d=mm&r=g\",\"caption\":\"Redacci\u00f3n QP\"},\"url\":\"https:\\\/\\\/quehacerpolitico.mx\\\/?author=2\"}]}<\/script>\n<!-- \/ Yoast SEO plugin. -->","yoast_head_json":{"title":"El Quehacer Pol\u00edtico Internacional a trav\u00e9s de la opini\u00f3n\/\/\/Carolina Alonso Romei\/\/\/Canad\u00e1 secunda a EU y declara terroristas a los c\u00e1rteles mexicanos -","robots":{"index":"index","follow":"follow","max-snippet":"max-snippet:-1","max-image-preview":"max-image-preview:large","max-video-preview":"max-video-preview:-1"},"canonical":"https:\/\/quehacerpolitico.mx\/?p=114859","og_locale":"es_MX","og_type":"article","og_title":"El Quehacer Pol\u00edtico Internacional a trav\u00e9s de la opini\u00f3n\/\/\/Carolina Alonso Romei\/\/\/Canad\u00e1 secunda a EU y declara terroristas a los c\u00e1rteles mexicanos -","og_description":"Por Carolina Alonso Romei Internacionalista El ministro de Seguridad P\u00fablica de Canad\u00e1, David McGuinty, anunci\u00f3...","og_url":"https:\/\/quehacerpolitico.mx\/?p=114859","article_published_time":"2025-02-20T19:54:01+00:00","article_modified_time":"2025-02-20T19:55:17+00:00","og_image":[{"width":963,"height":493,"url":"https:\/\/quehacerpolitico.mx\/wp-content\/uploads\/2025\/02\/03fa6135-c3fe-44b7-8e96-c6ca323ffebb-6.jpeg","type":"image\/jpeg"}],"author":"Redacci\u00f3n QP","twitter_card":"summary_large_image","twitter_misc":{"Escrito por":"Redacci\u00f3n QP","Tiempo de lectura":"2 minutos"},"schema":{"@context":"https:\/\/schema.org","@graph":[{"@type":"Article","@id":"https:\/\/quehacerpolitico.mx\/?p=114859#article","isPartOf":{"@id":"https:\/\/quehacerpolitico.mx\/?p=114859"},"author":{"name":"Redacci\u00f3n QP","@id":"https:\/\/quehacerpolitico.mx\/#\/schema\/person\/496d8ad2d1d3f8036101dca7ee39e585"},"headline":"El Quehacer Pol\u00edtico Internacional a trav\u00e9s de la opini\u00f3n\/\/\/Carolina Alonso Romei\/\/\/Canad\u00e1 secunda a EU y declara terroristas a los c\u00e1rteles mexicanos","datePublished":"2025-02-20T19:54:01+00:00","dateModified":"2025-02-20T19:55:17+00:00","mainEntityOfPage":{"@id":"https:\/\/quehacerpolitico.mx\/?p=114859"},"wordCount":396,"commentCount":0,"image":{"@id":"https:\/\/quehacerpolitico.mx\/?p=114859#primaryimage"},"thumbnailUrl":"https:\/\/quehacerpolitico.mx\/wp-content\/uploads\/2025\/02\/03fa6135-c3fe-44b7-8e96-c6ca323ffebb-6.jpeg","articleSection":["Internacionales"],"inLanguage":"es","potentialAction":[{"@type":"CommentAction","name":"Comment","target":["https:\/\/quehacerpolitico.mx\/?p=114859#respond"]}]},{"@type":"WebPage","@id":"https:\/\/quehacerpolitico.mx\/?p=114859","url":"https:\/\/quehacerpolitico.mx\/?p=114859","name":"El Quehacer Pol\u00edtico Internacional a trav\u00e9s de la opini\u00f3n\/\/\/Carolina Alonso Romei\/\/\/Canad\u00e1 secunda a EU y declara terroristas a los c\u00e1rteles mexicanos -","isPartOf":{"@id":"https:\/\/quehacerpolitico.mx\/#website"},"primaryImageOfPage":{"@id":"https:\/\/quehacerpolitico.mx\/?p=114859#primaryimage"},"image":{"@id":"https:\/\/quehacerpolitico.mx\/?p=114859#primaryimage"},"thumbnailUrl":"https:\/\/quehacerpolitico.mx\/wp-content\/uploads\/2025\/02\/03fa6135-c3fe-44b7-8e96-c6ca323ffebb-6.jpeg","datePublished":"2025-02-20T19:54:01+00:00","dateModified":"2025-02-20T19:55:17+00:00","author":{"@id":"https:\/\/quehacerpolitico.mx\/#\/schema\/person\/496d8ad2d1d3f8036101dca7ee39e585"},"breadcrumb":{"@id":"https:\/\/quehacerpolitico.mx\/?p=114859#breadcrumb"},"inLanguage":"es","potentialAction":[{"@type":"ReadAction","target":["https:\/\/quehacerpolitico.mx\/?p=114859"]}]},{"@type":"ImageObject","inLanguage":"es","@id":"https:\/\/quehacerpolitico.mx\/?p=114859#primaryimage","url":"https:\/\/quehacerpolitico.mx\/wp-content\/uploads\/2025\/02\/03fa6135-c3fe-44b7-8e96-c6ca323ffebb-6.jpeg","contentUrl":"https:\/\/quehacerpolitico.mx\/wp-content\/uploads\/2025\/02\/03fa6135-c3fe-44b7-8e96-c6ca323ffebb-6.jpeg","width":963,"height":493},{"@type":"BreadcrumbList","@id":"https:\/\/quehacerpolitico.mx\/?p=114859#breadcrumb","itemListElement":[{"@type":"ListItem","position":1,"name":"Inicio","item":"https:\/\/quehacerpolitico.mx\/"},{"@type":"ListItem","position":2,"name":"El Quehacer Pol\u00edtico Internacional a trav\u00e9s de la opini\u00f3n\/\/\/Carolina Alonso Romei\/\/\/Canad\u00e1 secunda a EU y declara terroristas a los c\u00e1rteles mexicanos"}]},{"@type":"WebSite","@id":"https:\/\/quehacerpolitico.mx\/#website","url":"https:\/\/quehacerpolitico.mx\/","name":"","description":"","potentialAction":[{"@type":"SearchAction","target":{"@type":"EntryPoint","urlTemplate":"https:\/\/quehacerpolitico.mx\/?s={search_term_string}"},"query-input":{"@type":"PropertyValueSpecification","valueRequired":true,"valueName":"search_term_string"}}],"inLanguage":"es"},{"@type":"Person","@id":"https:\/\/quehacerpolitico.mx\/#\/schema\/person\/496d8ad2d1d3f8036101dca7ee39e585","name":"Redacci\u00f3n QP","image":{"@type":"ImageObject","inLanguage":"es","@id":"https:\/\/secure.gravatar.com\/avatar\/c7164ed6fdec453195284ad24a5ae5b6e1eed2b848477fa2a4787ba9adf39a41?s=96&d=mm&r=g","url":"https:\/\/secure.gravatar.com\/avatar\/c7164ed6fdec453195284ad24a5ae5b6e1eed2b848477fa2a4787ba9adf39a41?s=96&d=mm&r=g","contentUrl":"https:\/\/secure.gravatar.com\/avatar\/c7164ed6fdec453195284ad24a5ae5b6e1eed2b848477fa2a4787ba9adf39a41?s=96&d=mm&r=g","caption":"Redacci\u00f3n QP"},"url":"https:\/\/quehacerpolitico.mx\/?author=2"}]}},"featured_image_urls":{"full":["https:\/\/quehacerpolitico.mx\/wp-content\/uploads\/2025\/02\/03fa6135-c3fe-44b7-8e96-c6ca323ffebb-6.jpeg",963,493,false],"thumbnail":["https:\/\/quehacerpolitico.mx\/wp-content\/uploads\/2025\/02\/03fa6135-c3fe-44b7-8e96-c6ca323ffebb-6-150x150.jpeg",150,150,true],"medium":["https:\/\/quehacerpolitico.mx\/wp-content\/uploads\/2025\/02\/03fa6135-c3fe-44b7-8e96-c6ca323ffebb-6-300x154.jpeg",300,154,true],"medium_large":["https:\/\/quehacerpolitico.mx\/wp-content\/uploads\/2025\/02\/03fa6135-c3fe-44b7-8e96-c6ca323ffebb-6-768x393.jpeg",640,328,true],"large":["https:\/\/quehacerpolitico.mx\/wp-content\/uploads\/2025\/02\/03fa6135-c3fe-44b7-8e96-c6ca323ffebb-6.jpeg",640,328,false],"1536x1536":["https:\/\/quehacerpolitico.mx\/wp-content\/uploads\/2025\/02\/03fa6135-c3fe-44b7-8e96-c6ca323ffebb-6.jpeg",963,493,false],"2048x2048":["https:\/\/quehacerpolitico.mx\/wp-content\/uploads\/2025\/02\/03fa6135-c3fe-44b7-8e96-c6ca323ffebb-6.jpeg",963,493,false],"covernews-featured":["https:\/\/quehacerpolitico.mx\/wp-content\/uploads\/2025\/02\/03fa6135-c3fe-44b7-8e96-c6ca323ffebb-6.jpeg",963,493,false],"covernews-medium":["https:\/\/quehacerpolitico.mx\/wp-content\/uploads\/2025\/02\/03fa6135-c3fe-44b7-8e96-c6ca323ffebb-6-540x340.jpeg",540,340,true]},"author_info":{"display_name":"Redacci\u00f3n QP","author_link":"https:\/\/quehacerpolitico.mx\/?author=2"},"category_info":"<a href=\"https:\/\/quehacerpolitico.mx\/?cat=1\" rel=\"category\">Internacionales<\/a>","tag_info":"Internacionales","comment_count":"0","_links":{"self":[{"href":"https:\/\/quehacerpolitico.mx\/index.php?rest_route=\/wp\/v2\/posts\/114859","targetHints":{"allow":["GET"]}}],"collection":[{"href":"https:\/\/quehacerpolitico.mx\/index.php?rest_route=\/wp\/v2\/posts"}],"about":[{"href":"https:\/\/quehacerpolitico.mx\/index.php?rest_route=\/wp\/v2\/types\/post"}],"author":[{"embeddable":true,"href":"https:\/\/quehacerpolitico.mx\/index.php?rest_route=\/wp\/v2\/users\/2"}],"replies":[{"embeddable":true,"href":"https:\/\/quehacerpolitico.mx\/index.php?rest_route=%2Fwp%2Fv2%2Fcomments&post=114859"}],"version-history":[{"count":1,"href":"https:\/\/quehacerpolitico.mx\/index.php?rest_route=\/wp\/v2\/posts\/114859\/revisions"}],"predecessor-version":[{"id":114861,"href":"https:\/\/quehacerpolitico.mx\/index.php?rest_route=\/wp\/v2\/posts\/114859\/revisions\/114861"}],"wp:featuredmedia":[{"embeddable":true,"href":"https:\/\/quehacerpolitico.mx\/index.php?rest_route=\/wp\/v2\/media\/114860"}],"wp:attachment":[{"href":"https:\/\/quehacerpolitico.mx\/index.php?rest_route=%2Fwp%2Fv2%2Fmedia&parent=114859"}],"wp:term":[{"taxonomy":"category","embeddable":true,"href":"https:\/\/quehacerpolitico.mx\/index.php?rest_route=%2Fwp%2Fv2%2Fcategories&post=114859"},{"taxonomy":"post_tag","embeddable":true,"href":"https:\/\/quehacerpolitico.mx\/index.php?rest_route=%2Fwp%2Fv2%2Ftags&post=114859"}],"curies":[{"name":"wp","href":"https:\/\/api.w.org\/{rel}","templated":true}]}}