{"id":114856,"date":"2025-02-20T13:40:26","date_gmt":"2025-02-20T19:40:26","guid":{"rendered":"https:\/\/quehacerpolitico.mx\/?p=114856"},"modified":"2025-02-20T13:40:29","modified_gmt":"2025-02-20T19:40:29","slug":"creemos-que-va-a-ser-un-buen-ano-afirma-sheinbaum-pese-a-la-reduccion-en-la-estimacion-de-crecimiento-de-banxico-que-paso-de-1-2-a-0-6","status":"publish","type":"post","link":"https:\/\/quehacerpolitico.mx\/?p=114856","title":{"rendered":"&#8220;Creemos que va a ser un buen a\u00f1o&#8221;, afirma Sheinbaum, pese a la reducci\u00f3n en la estimaci\u00f3n de crecimiento de Banxico, que pas\u00f3 de 1.2% a 0.6%."},"content":{"rendered":"\n<p>Por Redacci\u00f3n QP<\/p>\n\n\n\n<p>La presidenta insisti\u00f3 en que tambi\u00e9n se impulsan incentivos para los inversionistas tanto internacionales como nacionales<\/p>\n\n\n\n<p>A pesar de que el Banco de M\u00e9xico (<strong>Banxico<\/strong>) ajust\u00f3 a la baja la<strong>&nbsp;expectativa de crecimiento econ\u00f3mico<\/strong>&nbsp;del pa\u00eds para el 2025, la presidenta, Claudia&nbsp;<strong>Sheinbaum<\/strong>Pardo, conf\u00eda en que este a\u00f1o sea positivo para el pa\u00eds.<\/p>\n\n\n\n<p><strong>Banxico<\/strong>&nbsp;anunci\u00f3 que el crecimiento para el 2025 ser\u00e1 del orden del 0.6%, cuando en noviembre del a\u00f1o pasado hab\u00eda anunciado que la expectativa era del 1.2%, esta reducci\u00f3n se debe a la \u201c<strong>elevada incertidumbre<\/strong>\u201d provocada por la amenaza de Donald Trump de<strong>&nbsp;elevar los aranceles a M\u00e9xico<\/strong>&nbsp;por el orden del 25%.<\/p>\n\n\n\n<p>La mandataria asegur\u00f3 que el gobierno mexicano est\u00e1 ampliando el&nbsp;<strong>portafolio de inversiones<\/strong>&nbsp;a nuestro pa\u00eds.<\/p>\n\n\n\n<figure class=\"wp-block-embed is-type-video is-provider-youtube wp-block-embed-youtube wp-embed-aspect-16-9 wp-has-aspect-ratio\"><div class=\"wp-block-embed__wrapper\">\n<iframe loading=\"lazy\" title=\"M\u00e1s que crecimiento, buscamos desarrollo.- CSP\" width=\"640\" height=\"360\" src=\"https:\/\/www.youtube.com\/embed\/XxMrB8m2eYw?feature=oembed\" frameborder=\"0\" allow=\"accelerometer; autoplay; clipboard-write; encrypted-media; gyroscope; picture-in-picture; web-share\" referrerpolicy=\"strict-origin-when-cross-origin\" allowfullscreen><\/iframe>\n<\/div><\/figure>\n\n\n\n<p>\u201cNosotros creemos que va a ser un buen a\u00f1o a pesar de cualquier incertidumbre que se pueda presentar frente al nuevo gobierno de los Estados Unidos, porque nosotros estamos haciendo nuestro trabajo como el de hoy de&nbsp;<strong>Netflix<\/strong>&nbsp;que se anunci\u00f3. La Secretar\u00eda de Econom\u00eda est\u00e1 con un<strong>portafolio de inversiones<\/strong>&nbsp;muy importante y lo que est\u00e1 haciendo es trabajar permanente con estas empresas para fortalecer la inversi\u00f3n que llega, tenemos los Polos del Bienestar, el Plan M\u00e9xico\u201d, asegur\u00f3.<\/p>\n\n\n\n<p>Durante la conferencia matutina&nbsp;de este jueves 20 de febrero,&nbsp;<strong>Sheinbaum Pardo<\/strong>&nbsp;insisti\u00f3 en que tambi\u00e9n se impulsan incentivos para los&nbsp;<strong>inversionistas<\/strong>&nbsp;tanto internacionales como nacionales.<\/p>\n\n\n\n<p>\u201cNo es que estemos dejando al mercado a ver si llegan las inversiones y publicar un programas de incentivos y a ver si llegan las&nbsp;<strong>inversiones<\/strong>&nbsp;sino que se trabaja permanentemente para promover un proyecto de desarrollo econ\u00f3mico que tenemos que tiene que ver con<strong>&nbsp;obra p\u00fablica<\/strong>, tiene que ver con nuestra distribuci\u00f3n de recursos a trav\u00e9s de programas de bienestar de manera directa\u201d, resalt\u00f3.<\/p>\n\n\n\n<p>La jefa del Ejecutivo federal destac\u00f3 que los<strong> proyectos de infraestructura<\/strong>\u00a0tambi\u00e9n permitir\u00e1n fortalecer los planes de crecimiento econ\u00f3mico de distintas regiones del pa\u00eds.<\/p>\n\n\n\n<p>\u201cYa se est\u00e1n&nbsp;<strong>licitando las carreteras&nbsp;<\/strong>que vamos a hacer, ya se est\u00e1 trabajando sobre los trenes, entonces abril-mayo, pues, van a ser marcados por un impulso a la&nbsp;<strong>econom\u00eda en la construcci\u00f3n<\/strong>, obra p\u00fablica, en la vivienda y adem\u00e1s las inversiones que estamos planteando en los Polos de Bienestar\u201d&nbsp;<\/p>\n\n\n\n<p>Sin descalificar la proyecci\u00f3n de\u00a0<strong>Banxico<\/strong> asegur\u00f3 que la visi\u00f3n de su gobierno es distinta.\u00a0<\/p>\n\n\n\n<p>\u201cEl<strong>&nbsp;Banco de M\u00e9xico<\/strong>&nbsp;lo que eval\u00faa es lo que ve a partir de los indicadores macroecon\u00f3micos, nosotros s\u00ed creemos que tenemos que intervenir y promover para que haya mayor desarrollo econ\u00f3mico\u201d, concluy\u00f3.<\/p>\n","protected":false},"excerpt":{"rendered":"<p>Por Redacci\u00f3n QP La presidenta insisti\u00f3 en que tambi\u00e9n se impulsan incentivos para los inversionistas&#8230;<\/p>\n","protected":false},"author":2,"featured_media":114857,"comment_status":"open","ping_status":"open","sticky":false,"template":"","format":"standard","meta":{"_monsterinsights_skip_tracking":false,"_monsterinsights_sitenote_active":false,"_monsterinsights_sitenote_note":"","_monsterinsights_sitenote_category":0,"footnotes":""},"categories":[56],"tags":[],"class_list":["post-114856","post","type-post","status-publish","format-standard","has-post-thumbnail","hentry","category-economia"],"yoast_head":"<!-- This site is optimized with the Yoast SEO plugin v27.3 - https:\/\/yoast.com\/product\/yoast-seo-wordpress\/ -->\n<title>&quot;Creemos que va a ser un buen a\u00f1o&quot;, afirma Sheinbaum, pese a la reducci\u00f3n en la estimaci\u00f3n de crecimiento de Banxico, que pas\u00f3 de 1.2% a 0.6%. -<\/title>\n<meta name=\"robots\" content=\"index, follow, max-snippet:-1, max-image-preview:large, max-video-preview:-1\" \/>\n<link rel=\"canonical\" href=\"https:\/\/quehacerpolitico.mx\/?p=114856\" \/>\n<meta property=\"og:locale\" content=\"es_MX\" \/>\n<meta property=\"og:type\" content=\"article\" \/>\n<meta property=\"og:title\" content=\"&quot;Creemos que va a ser un buen a\u00f1o&quot;, afirma Sheinbaum, pese a la reducci\u00f3n en la estimaci\u00f3n de crecimiento de Banxico, que pas\u00f3 de 1.2% a 0.6%. -\" \/>\n<meta property=\"og:description\" content=\"Por Redacci\u00f3n QP La presidenta insisti\u00f3 en que tambi\u00e9n se impulsan incentivos para los inversionistas...\" \/>\n<meta property=\"og:url\" content=\"https:\/\/quehacerpolitico.mx\/?p=114856\" \/>\n<meta property=\"article:published_time\" content=\"2025-02-20T19:40:26+00:00\" \/>\n<meta property=\"article:modified_time\" content=\"2025-02-20T19:40:29+00:00\" \/>\n<meta property=\"og:image\" content=\"https:\/\/quehacerpolitico.mx\/wp-content\/uploads\/2025\/02\/IMG_0698.jpeg\" \/>\n\t<meta property=\"og:image:width\" content=\"1284\" \/>\n\t<meta property=\"og:image:height\" content=\"761\" \/>\n\t<meta property=\"og:image:type\" content=\"image\/jpeg\" \/>\n<meta name=\"author\" content=\"Redacci\u00f3n QP\" \/>\n<meta name=\"twitter:card\" content=\"summary_large_image\" \/>\n<meta name=\"twitter:label1\" content=\"Escrito por\" \/>\n\t<meta name=\"twitter:data1\" content=\"Redacci\u00f3n QP\" \/>\n\t<meta name=\"twitter:label2\" content=\"Tiempo de lectura\" \/>\n\t<meta name=\"twitter:data2\" content=\"2 minutos\" \/>\n<script type=\"application\/ld+json\" class=\"yoast-schema-graph\">{\"@context\":\"https:\\\/\\\/schema.org\",\"@graph\":[{\"@type\":\"Article\",\"@id\":\"https:\\\/\\\/quehacerpolitico.mx\\\/?p=114856#article\",\"isPartOf\":{\"@id\":\"https:\\\/\\\/quehacerpolitico.mx\\\/?p=114856\"},\"author\":{\"name\":\"Redacci\u00f3n QP\",\"@id\":\"https:\\\/\\\/quehacerpolitico.mx\\\/#\\\/schema\\\/person\\\/496d8ad2d1d3f8036101dca7ee39e585\"},\"headline\":\"&#8220;Creemos que va a ser un buen a\u00f1o&#8221;, afirma Sheinbaum, pese a la reducci\u00f3n en la estimaci\u00f3n de crecimiento de Banxico, que pas\u00f3 de 1.2% a 0.6%.\",\"datePublished\":\"2025-02-20T19:40:26+00:00\",\"dateModified\":\"2025-02-20T19:40:29+00:00\",\"mainEntityOfPage\":{\"@id\":\"https:\\\/\\\/quehacerpolitico.mx\\\/?p=114856\"},\"wordCount\":509,\"commentCount\":0,\"image\":{\"@id\":\"https:\\\/\\\/quehacerpolitico.mx\\\/?p=114856#primaryimage\"},\"thumbnailUrl\":\"https:\\\/\\\/quehacerpolitico.mx\\\/wp-content\\\/uploads\\\/2025\\\/02\\\/IMG_0698.jpeg\",\"articleSection\":[\"Econom\u00eda\"],\"inLanguage\":\"es\",\"potentialAction\":[{\"@type\":\"CommentAction\",\"name\":\"Comment\",\"target\":[\"https:\\\/\\\/quehacerpolitico.mx\\\/?p=114856#respond\"]}]},{\"@type\":\"WebPage\",\"@id\":\"https:\\\/\\\/quehacerpolitico.mx\\\/?p=114856\",\"url\":\"https:\\\/\\\/quehacerpolitico.mx\\\/?p=114856\",\"name\":\"\\\"Creemos que va a ser un buen a\u00f1o\\\", afirma Sheinbaum, pese a la reducci\u00f3n en la estimaci\u00f3n de crecimiento de Banxico, que pas\u00f3 de 1.2% a 0.6%. -\",\"isPartOf\":{\"@id\":\"https:\\\/\\\/quehacerpolitico.mx\\\/#website\"},\"primaryImageOfPage\":{\"@id\":\"https:\\\/\\\/quehacerpolitico.mx\\\/?p=114856#primaryimage\"},\"image\":{\"@id\":\"https:\\\/\\\/quehacerpolitico.mx\\\/?p=114856#primaryimage\"},\"thumbnailUrl\":\"https:\\\/\\\/quehacerpolitico.mx\\\/wp-content\\\/uploads\\\/2025\\\/02\\\/IMG_0698.jpeg\",\"datePublished\":\"2025-02-20T19:40:26+00:00\",\"dateModified\":\"2025-02-20T19:40:29+00:00\",\"author\":{\"@id\":\"https:\\\/\\\/quehacerpolitico.mx\\\/#\\\/schema\\\/person\\\/496d8ad2d1d3f8036101dca7ee39e585\"},\"breadcrumb\":{\"@id\":\"https:\\\/\\\/quehacerpolitico.mx\\\/?p=114856#breadcrumb\"},\"inLanguage\":\"es\",\"potentialAction\":[{\"@type\":\"ReadAction\",\"target\":[\"https:\\\/\\\/quehacerpolitico.mx\\\/?p=114856\"]}]},{\"@type\":\"ImageObject\",\"inLanguage\":\"es\",\"@id\":\"https:\\\/\\\/quehacerpolitico.mx\\\/?p=114856#primaryimage\",\"url\":\"https:\\\/\\\/quehacerpolitico.mx\\\/wp-content\\\/uploads\\\/2025\\\/02\\\/IMG_0698.jpeg\",\"contentUrl\":\"https:\\\/\\\/quehacerpolitico.mx\\\/wp-content\\\/uploads\\\/2025\\\/02\\\/IMG_0698.jpeg\",\"width\":1284,\"height\":761,\"caption\":\"Screenshot\"},{\"@type\":\"BreadcrumbList\",\"@id\":\"https:\\\/\\\/quehacerpolitico.mx\\\/?p=114856#breadcrumb\",\"itemListElement\":[{\"@type\":\"ListItem\",\"position\":1,\"name\":\"Inicio\",\"item\":\"https:\\\/\\\/quehacerpolitico.mx\\\/\"},{\"@type\":\"ListItem\",\"position\":2,\"name\":\"&#8220;Creemos que va a ser un buen a\u00f1o&#8221;, afirma Sheinbaum, pese a la reducci\u00f3n en la estimaci\u00f3n de crecimiento de Banxico, que pas\u00f3 de 1.2% a 0.6%.\"}]},{\"@type\":\"WebSite\",\"@id\":\"https:\\\/\\\/quehacerpolitico.mx\\\/#website\",\"url\":\"https:\\\/\\\/quehacerpolitico.mx\\\/\",\"name\":\"\",\"description\":\"\",\"potentialAction\":[{\"@type\":\"SearchAction\",\"target\":{\"@type\":\"EntryPoint\",\"urlTemplate\":\"https:\\\/\\\/quehacerpolitico.mx\\\/?s={search_term_string}\"},\"query-input\":{\"@type\":\"PropertyValueSpecification\",\"valueRequired\":true,\"valueName\":\"search_term_string\"}}],\"inLanguage\":\"es\"},{\"@type\":\"Person\",\"@id\":\"https:\\\/\\\/quehacerpolitico.mx\\\/#\\\/schema\\\/person\\\/496d8ad2d1d3f8036101dca7ee39e585\",\"name\":\"Redacci\u00f3n QP\",\"image\":{\"@type\":\"ImageObject\",\"inLanguage\":\"es\",\"@id\":\"https:\\\/\\\/secure.gravatar.com\\\/avatar\\\/c7164ed6fdec453195284ad24a5ae5b6e1eed2b848477fa2a4787ba9adf39a41?s=96&d=mm&r=g\",\"url\":\"https:\\\/\\\/secure.gravatar.com\\\/avatar\\\/c7164ed6fdec453195284ad24a5ae5b6e1eed2b848477fa2a4787ba9adf39a41?s=96&d=mm&r=g\",\"contentUrl\":\"https:\\\/\\\/secure.gravatar.com\\\/avatar\\\/c7164ed6fdec453195284ad24a5ae5b6e1eed2b848477fa2a4787ba9adf39a41?s=96&d=mm&r=g\",\"caption\":\"Redacci\u00f3n QP\"},\"url\":\"https:\\\/\\\/quehacerpolitico.mx\\\/?author=2\"}]}<\/script>\n<!-- \/ Yoast SEO plugin. -->","yoast_head_json":{"title":"\"Creemos que va a ser un buen a\u00f1o\", afirma Sheinbaum, pese a la reducci\u00f3n en la estimaci\u00f3n de crecimiento de Banxico, que pas\u00f3 de 1.2% a 0.6%. -","robots":{"index":"index","follow":"follow","max-snippet":"max-snippet:-1","max-image-preview":"max-image-preview:large","max-video-preview":"max-video-preview:-1"},"canonical":"https:\/\/quehacerpolitico.mx\/?p=114856","og_locale":"es_MX","og_type":"article","og_title":"\"Creemos que va a ser un buen a\u00f1o\", afirma Sheinbaum, pese a la reducci\u00f3n en la estimaci\u00f3n de crecimiento de Banxico, que pas\u00f3 de 1.2% a 0.6%. -","og_description":"Por Redacci\u00f3n QP La presidenta insisti\u00f3 en que tambi\u00e9n se impulsan incentivos para los inversionistas...","og_url":"https:\/\/quehacerpolitico.mx\/?p=114856","article_published_time":"2025-02-20T19:40:26+00:00","article_modified_time":"2025-02-20T19:40:29+00:00","og_image":[{"width":1284,"height":761,"url":"https:\/\/quehacerpolitico.mx\/wp-content\/uploads\/2025\/02\/IMG_0698.jpeg","type":"image\/jpeg"}],"author":"Redacci\u00f3n QP","twitter_card":"summary_large_image","twitter_misc":{"Escrito por":"Redacci\u00f3n QP","Tiempo de lectura":"2 minutos"},"schema":{"@context":"https:\/\/schema.org","@graph":[{"@type":"Article","@id":"https:\/\/quehacerpolitico.mx\/?p=114856#article","isPartOf":{"@id":"https:\/\/quehacerpolitico.mx\/?p=114856"},"author":{"name":"Redacci\u00f3n QP","@id":"https:\/\/quehacerpolitico.mx\/#\/schema\/person\/496d8ad2d1d3f8036101dca7ee39e585"},"headline":"&#8220;Creemos que va a ser un buen a\u00f1o&#8221;, afirma Sheinbaum, pese a la reducci\u00f3n en la estimaci\u00f3n de crecimiento de Banxico, que pas\u00f3 de 1.2% a 0.6%.","datePublished":"2025-02-20T19:40:26+00:00","dateModified":"2025-02-20T19:40:29+00:00","mainEntityOfPage":{"@id":"https:\/\/quehacerpolitico.mx\/?p=114856"},"wordCount":509,"commentCount":0,"image":{"@id":"https:\/\/quehacerpolitico.mx\/?p=114856#primaryimage"},"thumbnailUrl":"https:\/\/quehacerpolitico.mx\/wp-content\/uploads\/2025\/02\/IMG_0698.jpeg","articleSection":["Econom\u00eda"],"inLanguage":"es","potentialAction":[{"@type":"CommentAction","name":"Comment","target":["https:\/\/quehacerpolitico.mx\/?p=114856#respond"]}]},{"@type":"WebPage","@id":"https:\/\/quehacerpolitico.mx\/?p=114856","url":"https:\/\/quehacerpolitico.mx\/?p=114856","name":"\"Creemos que va a ser un buen a\u00f1o\", afirma Sheinbaum, pese a la reducci\u00f3n en la estimaci\u00f3n de crecimiento de Banxico, que pas\u00f3 de 1.2% a 0.6%. -","isPartOf":{"@id":"https:\/\/quehacerpolitico.mx\/#website"},"primaryImageOfPage":{"@id":"https:\/\/quehacerpolitico.mx\/?p=114856#primaryimage"},"image":{"@id":"https:\/\/quehacerpolitico.mx\/?p=114856#primaryimage"},"thumbnailUrl":"https:\/\/quehacerpolitico.mx\/wp-content\/uploads\/2025\/02\/IMG_0698.jpeg","datePublished":"2025-02-20T19:40:26+00:00","dateModified":"2025-02-20T19:40:29+00:00","author":{"@id":"https:\/\/quehacerpolitico.mx\/#\/schema\/person\/496d8ad2d1d3f8036101dca7ee39e585"},"breadcrumb":{"@id":"https:\/\/quehacerpolitico.mx\/?p=114856#breadcrumb"},"inLanguage":"es","potentialAction":[{"@type":"ReadAction","target":["https:\/\/quehacerpolitico.mx\/?p=114856"]}]},{"@type":"ImageObject","inLanguage":"es","@id":"https:\/\/quehacerpolitico.mx\/?p=114856#primaryimage","url":"https:\/\/quehacerpolitico.mx\/wp-content\/uploads\/2025\/02\/IMG_0698.jpeg","contentUrl":"https:\/\/quehacerpolitico.mx\/wp-content\/uploads\/2025\/02\/IMG_0698.jpeg","width":1284,"height":761,"caption":"Screenshot"},{"@type":"BreadcrumbList","@id":"https:\/\/quehacerpolitico.mx\/?p=114856#breadcrumb","itemListElement":[{"@type":"ListItem","position":1,"name":"Inicio","item":"https:\/\/quehacerpolitico.mx\/"},{"@type":"ListItem","position":2,"name":"&#8220;Creemos que va a ser un buen a\u00f1o&#8221;, afirma Sheinbaum, pese a la reducci\u00f3n en la estimaci\u00f3n de crecimiento de Banxico, que pas\u00f3 de 1.2% a 0.6%."}]},{"@type":"WebSite","@id":"https:\/\/quehacerpolitico.mx\/#website","url":"https:\/\/quehacerpolitico.mx\/","name":"","description":"","potentialAction":[{"@type":"SearchAction","target":{"@type":"EntryPoint","urlTemplate":"https:\/\/quehacerpolitico.mx\/?s={search_term_string}"},"query-input":{"@type":"PropertyValueSpecification","valueRequired":true,"valueName":"search_term_string"}}],"inLanguage":"es"},{"@type":"Person","@id":"https:\/\/quehacerpolitico.mx\/#\/schema\/person\/496d8ad2d1d3f8036101dca7ee39e585","name":"Redacci\u00f3n QP","image":{"@type":"ImageObject","inLanguage":"es","@id":"https:\/\/secure.gravatar.com\/avatar\/c7164ed6fdec453195284ad24a5ae5b6e1eed2b848477fa2a4787ba9adf39a41?s=96&d=mm&r=g","url":"https:\/\/secure.gravatar.com\/avatar\/c7164ed6fdec453195284ad24a5ae5b6e1eed2b848477fa2a4787ba9adf39a41?s=96&d=mm&r=g","contentUrl":"https:\/\/secure.gravatar.com\/avatar\/c7164ed6fdec453195284ad24a5ae5b6e1eed2b848477fa2a4787ba9adf39a41?s=96&d=mm&r=g","caption":"Redacci\u00f3n QP"},"url":"https:\/\/quehacerpolitico.mx\/?author=2"}]}},"featured_image_urls":{"full":["https:\/\/quehacerpolitico.mx\/wp-content\/uploads\/2025\/02\/IMG_0698.jpeg",1284,761,false],"thumbnail":["https:\/\/quehacerpolitico.mx\/wp-content\/uploads\/2025\/02\/IMG_0698-150x150.jpeg",150,150,true],"medium":["https:\/\/quehacerpolitico.mx\/wp-content\/uploads\/2025\/02\/IMG_0698-300x178.jpeg",300,178,true],"medium_large":["https:\/\/quehacerpolitico.mx\/wp-content\/uploads\/2025\/02\/IMG_0698-768x455.jpeg",640,379,true],"large":["https:\/\/quehacerpolitico.mx\/wp-content\/uploads\/2025\/02\/IMG_0698-1024x607.jpeg",640,379,true],"1536x1536":["https:\/\/quehacerpolitico.mx\/wp-content\/uploads\/2025\/02\/IMG_0698.jpeg",1284,761,false],"2048x2048":["https:\/\/quehacerpolitico.mx\/wp-content\/uploads\/2025\/02\/IMG_0698.jpeg",1284,761,false],"covernews-featured":["https:\/\/quehacerpolitico.mx\/wp-content\/uploads\/2025\/02\/IMG_0698-1024x607.jpeg",1024,607,true],"covernews-medium":["https:\/\/quehacerpolitico.mx\/wp-content\/uploads\/2025\/02\/IMG_0698-540x340.jpeg",540,340,true]},"author_info":{"display_name":"Redacci\u00f3n QP","author_link":"https:\/\/quehacerpolitico.mx\/?author=2"},"category_info":"<a href=\"https:\/\/quehacerpolitico.mx\/?cat=56\" rel=\"category\">Econom\u00eda<\/a>","tag_info":"Econom\u00eda","comment_count":"0","_links":{"self":[{"href":"https:\/\/quehacerpolitico.mx\/index.php?rest_route=\/wp\/v2\/posts\/114856","targetHints":{"allow":["GET"]}}],"collection":[{"href":"https:\/\/quehacerpolitico.mx\/index.php?rest_route=\/wp\/v2\/posts"}],"about":[{"href":"https:\/\/quehacerpolitico.mx\/index.php?rest_route=\/wp\/v2\/types\/post"}],"author":[{"embeddable":true,"href":"https:\/\/quehacerpolitico.mx\/index.php?rest_route=\/wp\/v2\/users\/2"}],"replies":[{"embeddable":true,"href":"https:\/\/quehacerpolitico.mx\/index.php?rest_route=%2Fwp%2Fv2%2Fcomments&post=114856"}],"version-history":[{"count":1,"href":"https:\/\/quehacerpolitico.mx\/index.php?rest_route=\/wp\/v2\/posts\/114856\/revisions"}],"predecessor-version":[{"id":114858,"href":"https:\/\/quehacerpolitico.mx\/index.php?rest_route=\/wp\/v2\/posts\/114856\/revisions\/114858"}],"wp:featuredmedia":[{"embeddable":true,"href":"https:\/\/quehacerpolitico.mx\/index.php?rest_route=\/wp\/v2\/media\/114857"}],"wp:attachment":[{"href":"https:\/\/quehacerpolitico.mx\/index.php?rest_route=%2Fwp%2Fv2%2Fmedia&parent=114856"}],"wp:term":[{"taxonomy":"category","embeddable":true,"href":"https:\/\/quehacerpolitico.mx\/index.php?rest_route=%2Fwp%2Fv2%2Fcategories&post=114856"},{"taxonomy":"post_tag","embeddable":true,"href":"https:\/\/quehacerpolitico.mx\/index.php?rest_route=%2Fwp%2Fv2%2Ftags&post=114856"}],"curies":[{"name":"wp","href":"https:\/\/api.w.org\/{rel}","templated":true}]}}