{"id":114851,"date":"2025-02-20T13:17:42","date_gmt":"2025-02-20T19:17:42","guid":{"rendered":"https:\/\/quehacerpolitico.mx\/?p=114851"},"modified":"2025-02-20T13:17:45","modified_gmt":"2025-02-20T19:17:45","slug":"netflix-anuncia-que-invertira-mil-millones-de-dolares-en-mexico-durante-los-proximos-cuatro-anos","status":"publish","type":"post","link":"https:\/\/quehacerpolitico.mx\/?p=114851","title":{"rendered":"Netflix anuncia que invertir\u00e1 mil millones de d\u00f3lares en M\u00e9xico durante los pr\u00f3ximos cuatro a\u00f1os"},"content":{"rendered":"\n<p>Por Redacci\u00f3n QP<\/p>\n\n\n\n<p>El CEO de la empresa explic\u00f3 que los recursos ser\u00e1n utilizados para producciones locales y tambi\u00e9n para traer trabajos globales a M\u00e9xico<\/p>\n\n\n\n<p>El CEO de\u00a0<strong>Netflix<\/strong>, Ted Sarandos, anunci\u00f3 este jueves que invertir\u00e1 mil millones de d\u00f3lares en M\u00e9xico para la producci\u00f3n de series y pel\u00edculas durante los pr\u00f3ximos a\u00f1os.<\/p>\n\n\n\n<p>El anuncio se realiz\u00f3 esta ma\u00f1ana durante la conferencia matutina de la presidenta&nbsp;<strong>Claudia Sheinbaum<\/strong>&nbsp;en Palacio Nacional.&nbsp;<\/p>\n\n\n\n<p><strong>Sarandos<\/strong>\u00a0explic\u00f3 que los recursos ser\u00e1n utilizados para<strong>\u00a0producciones locales<\/strong>\u00a0y tambi\u00e9n para traer trabajos globales a M\u00e9xico.<\/p>\n\n\n\n<figure class=\"wp-block-image size-large\"><img loading=\"lazy\" decoding=\"async\" width=\"1024\" height=\"683\" src=\"https:\/\/quehacerpolitico.mx\/wp-content\/uploads\/2025\/02\/image-37-1024x683.jpeg\" alt=\"\" class=\"wp-image-114854\" srcset=\"https:\/\/quehacerpolitico.mx\/wp-content\/uploads\/2025\/02\/image-37-1024x683.jpeg 1024w, https:\/\/quehacerpolitico.mx\/wp-content\/uploads\/2025\/02\/image-37-300x200.jpeg 300w, https:\/\/quehacerpolitico.mx\/wp-content\/uploads\/2025\/02\/image-37-768x512.jpeg 768w, https:\/\/quehacerpolitico.mx\/wp-content\/uploads\/2025\/02\/image-37-1536x1025.jpeg 1536w, https:\/\/quehacerpolitico.mx\/wp-content\/uploads\/2025\/02\/image-37.jpeg 2048w\" sizes=\"auto, (max-width: 1024px) 100vw, 1024px\" \/><\/figure>\n\n\n\n<p>\u201cPresidenta Sheinbaum, en\u00a0<strong>Netflix<\/strong> compartimos su visi\u00f3n de un M\u00e9xico vibrante y pr\u00f3spero, lleno de crecimientos y oportunidades, y queremos contribuir a hacerlo realidad, por eso hoy me complace anunciar que\u00a0<strong>Netflix invertir\u00e1 mil millones de d\u00f3lares<\/strong>\u00a0para la producci\u00f3n de series y pel\u00edculas en M\u00e9xico&#8221;, expuso.<\/p>\n\n\n\n<p>El&nbsp;<strong>CEO<\/strong>&nbsp;asever\u00f3 que esto &#8220;contribuir\u00e1 al crecimiento de la industria audiovisual&#8221;, que aporta&nbsp;<strong>3 mil millones de d\u00f3lares<\/strong>&nbsp;al producto interior bruto (PIB) de M\u00e9xico, &#8220;y a la creaci\u00f3n de empleos y oportunidades en todo el pa\u00eds\u201d.<\/p>\n\n\n\n<figure class=\"wp-block-embed is-type-video is-provider-youtube wp-block-embed-youtube wp-embed-aspect-16-9 wp-has-aspect-ratio\"><div class=\"wp-block-embed__wrapper\">\n<iframe loading=\"lazy\" title=\"Anuncia Netflix inversi\u00f3n de mil mdd en M\u00e9xico\" width=\"640\" height=\"360\" src=\"https:\/\/www.youtube.com\/embed\/V__FIli3OXg?feature=oembed\" frameborder=\"0\" allow=\"accelerometer; autoplay; clipboard-write; encrypted-media; gyroscope; picture-in-picture; web-share\" referrerpolicy=\"strict-origin-when-cross-origin\" allowfullscreen><\/iframe>\n<\/div><\/figure>\n\n\n\n<p>\u201cLa inversi\u00f3n es en producciones locales y tambi\u00e9n estaremos trayendo<strong>&nbsp;producciones globales a M\u00e9xico<\/strong>&#8220;, expuso.<\/p>\n\n\n\n<p>El directivo resalt\u00f3 que M\u00e9xico \u201cocupa un lugar especial en la historia de&nbsp;<strong>Netflix<\/strong>\u201d, pues hace 10 a\u00f1os produjo en el pa\u00eds &#8220;<strong>Club de<\/strong><strong>Cuervos<\/strong>&#8220;, la primera producci\u00f3n de la plataforma fuera de Estados Unidos.<\/p>\n\n\n\n<p>Asimismo, presumi\u00f3 de la producci\u00f3n de &#8220;<strong>Roma<\/strong>&#8220;, del director mexicano<strong>&nbsp;Alfonso Cuar\u00f3<\/strong>n, el primer filme de Netflix y de M\u00e9xico en&nbsp;<strong>ganar el \u00d3scar a Mejor pel\u00edcula extranjera.<\/strong><\/p>\n\n\n\n<p>Estaremos trayendo producciones globales a M\u00e9xico.&nbsp;<\/p>\n\n\n\n<p><strong>Ted Sarandos, CEO de Netflix<\/strong><\/p>\n\n\n\n<p>Adem\u00e1s, la compa\u00f1\u00eda abri\u00f3 la sede central de Latinoam\u00e9rica en Ciudad de M\u00e9xico en 2020, cuando Sheinbaum era jefa de Gobierno de la capital y, desde entonces, la plantilla ha crecido en m\u00e1s de 10 veces.&nbsp;<\/p>\n\n\n\n<p>\u201cSer locales es muy importante para nosotros, por eso todas\u00a0<strong>nuestras series y pel\u00edculas<\/strong>\u00a0se hacen en colaboraci\u00f3n con compa\u00f1\u00edas productoras y socios locales, todas y cada una de ellas, eso significa que estamos\u00a0<strong>invirtiendo<\/strong>\u00a0en la comunidad creativa y ayudando a personas talentosas&#8221;, coment\u00f3 Sarandos.<\/p>\n\n\n\n<figure class=\"wp-block-image size-large\"><img loading=\"lazy\" decoding=\"async\" width=\"683\" height=\"1024\" src=\"https:\/\/quehacerpolitico.mx\/wp-content\/uploads\/2025\/02\/image-36-683x1024.jpeg\" alt=\"\" class=\"wp-image-114853\" srcset=\"https:\/\/quehacerpolitico.mx\/wp-content\/uploads\/2025\/02\/image-36-683x1024.jpeg 683w, https:\/\/quehacerpolitico.mx\/wp-content\/uploads\/2025\/02\/image-36-200x300.jpeg 200w, https:\/\/quehacerpolitico.mx\/wp-content\/uploads\/2025\/02\/image-36-768x1151.jpeg 768w, https:\/\/quehacerpolitico.mx\/wp-content\/uploads\/2025\/02\/image-36-1025x1536.jpeg 1025w, https:\/\/quehacerpolitico.mx\/wp-content\/uploads\/2025\/02\/image-36-1024x1535.jpeg 1024w, https:\/\/quehacerpolitico.mx\/wp-content\/uploads\/2025\/02\/image-36.jpeg 1366w\" sizes=\"auto, (max-width: 683px) 100vw, 683px\" \/><\/figure>\n\n\n\n<p><br><br>La mandataria mexicana resalt\u00f3 que &#8220;<strong>M\u00e9xico<\/strong>\u00a0es tan grandioso que decidieron invertir aqu\u00ed&#8221;.<br><br>Tambi\u00e9n sostuvo que, tras la<strong>\u00a0llegada de Netflix a Ciudad de M\u00e9xico,<\/strong>\u00a0se han generado cerca de 300 mil\u00a0empleos, pues &#8220;realmente es una\u00a0<strong>industria<\/strong>\u00a0que potencia much\u00edsimo la econom\u00eda&#8221;.<br><br>&#8220;No es nada m\u00e1s que se d\u00e9 a conocer (M\u00e9xico) al mundo a trav\u00e9s de las series de Netflix, que es muy importante que M\u00e9xico sea visto en el mundo, sino tambi\u00e9n todo el desarrollo econ\u00f3mico y la cantidad de empleos que se generan por la producci\u00f3n y turismo, evidentemente&#8221;, manifest\u00f3 Sheinbaum.\u00a0<\/p>\n","protected":false},"excerpt":{"rendered":"<p>Por Redacci\u00f3n QP El CEO de la empresa explic\u00f3 que los recursos ser\u00e1n utilizados para&#8230;<\/p>\n","protected":false},"author":2,"featured_media":114852,"comment_status":"open","ping_status":"open","sticky":false,"template":"","format":"standard","meta":{"_monsterinsights_skip_tracking":false,"_monsterinsights_sitenote_active":false,"_monsterinsights_sitenote_note":"","_monsterinsights_sitenote_category":0,"footnotes":""},"categories":[280,2],"tags":[],"class_list":["post-114851","post","type-post","status-publish","format-standard","has-post-thumbnail","hentry","category-nacionales","category-noticias"],"yoast_head":"<!-- This site is optimized with the Yoast SEO plugin v27.3 - https:\/\/yoast.com\/product\/yoast-seo-wordpress\/ -->\n<title>Netflix anuncia que invertir\u00e1 mil millones de d\u00f3lares en M\u00e9xico durante los pr\u00f3ximos cuatro a\u00f1os -<\/title>\n<meta name=\"robots\" content=\"index, follow, max-snippet:-1, max-image-preview:large, max-video-preview:-1\" \/>\n<link rel=\"canonical\" href=\"https:\/\/quehacerpolitico.mx\/?p=114851\" \/>\n<meta property=\"og:locale\" content=\"es_MX\" \/>\n<meta property=\"og:type\" content=\"article\" \/>\n<meta property=\"og:title\" content=\"Netflix anuncia que invertir\u00e1 mil millones de d\u00f3lares en M\u00e9xico durante los pr\u00f3ximos cuatro a\u00f1os -\" \/>\n<meta property=\"og:description\" content=\"Por Redacci\u00f3n QP El CEO de la empresa explic\u00f3 que los recursos ser\u00e1n utilizados para...\" \/>\n<meta property=\"og:url\" content=\"https:\/\/quehacerpolitico.mx\/?p=114851\" \/>\n<meta property=\"article:published_time\" content=\"2025-02-20T19:17:42+00:00\" \/>\n<meta property=\"article:modified_time\" content=\"2025-02-20T19:17:45+00:00\" \/>\n<meta property=\"og:image\" content=\"https:\/\/quehacerpolitico.mx\/wp-content\/uploads\/2025\/02\/IMG_0688.jpeg\" \/>\n\t<meta property=\"og:image:width\" content=\"2048\" \/>\n\t<meta property=\"og:image:height\" content=\"1366\" \/>\n\t<meta property=\"og:image:type\" content=\"image\/jpeg\" \/>\n<meta name=\"author\" content=\"Redacci\u00f3n QP\" \/>\n<meta name=\"twitter:card\" content=\"summary_large_image\" \/>\n<meta name=\"twitter:label1\" content=\"Escrito por\" \/>\n\t<meta name=\"twitter:data1\" content=\"Redacci\u00f3n QP\" \/>\n\t<meta name=\"twitter:label2\" content=\"Tiempo de lectura\" \/>\n\t<meta name=\"twitter:data2\" content=\"3 minutos\" \/>\n<script type=\"application\/ld+json\" class=\"yoast-schema-graph\">{\"@context\":\"https:\\\/\\\/schema.org\",\"@graph\":[{\"@type\":\"Article\",\"@id\":\"https:\\\/\\\/quehacerpolitico.mx\\\/?p=114851#article\",\"isPartOf\":{\"@id\":\"https:\\\/\\\/quehacerpolitico.mx\\\/?p=114851\"},\"author\":{\"name\":\"Redacci\u00f3n QP\",\"@id\":\"https:\\\/\\\/quehacerpolitico.mx\\\/#\\\/schema\\\/person\\\/496d8ad2d1d3f8036101dca7ee39e585\"},\"headline\":\"Netflix anuncia que invertir\u00e1 mil millones de d\u00f3lares en M\u00e9xico durante los pr\u00f3ximos cuatro a\u00f1os\",\"datePublished\":\"2025-02-20T19:17:42+00:00\",\"dateModified\":\"2025-02-20T19:17:45+00:00\",\"mainEntityOfPage\":{\"@id\":\"https:\\\/\\\/quehacerpolitico.mx\\\/?p=114851\"},\"wordCount\":534,\"commentCount\":0,\"image\":{\"@id\":\"https:\\\/\\\/quehacerpolitico.mx\\\/?p=114851#primaryimage\"},\"thumbnailUrl\":\"https:\\\/\\\/quehacerpolitico.mx\\\/wp-content\\\/uploads\\\/2025\\\/02\\\/IMG_0688.jpeg\",\"articleSection\":[\"Nacionales\",\"Noticias\"],\"inLanguage\":\"es\",\"potentialAction\":[{\"@type\":\"CommentAction\",\"name\":\"Comment\",\"target\":[\"https:\\\/\\\/quehacerpolitico.mx\\\/?p=114851#respond\"]}]},{\"@type\":\"WebPage\",\"@id\":\"https:\\\/\\\/quehacerpolitico.mx\\\/?p=114851\",\"url\":\"https:\\\/\\\/quehacerpolitico.mx\\\/?p=114851\",\"name\":\"Netflix anuncia que invertir\u00e1 mil millones de d\u00f3lares en M\u00e9xico durante los pr\u00f3ximos cuatro a\u00f1os -\",\"isPartOf\":{\"@id\":\"https:\\\/\\\/quehacerpolitico.mx\\\/#website\"},\"primaryImageOfPage\":{\"@id\":\"https:\\\/\\\/quehacerpolitico.mx\\\/?p=114851#primaryimage\"},\"image\":{\"@id\":\"https:\\\/\\\/quehacerpolitico.mx\\\/?p=114851#primaryimage\"},\"thumbnailUrl\":\"https:\\\/\\\/quehacerpolitico.mx\\\/wp-content\\\/uploads\\\/2025\\\/02\\\/IMG_0688.jpeg\",\"datePublished\":\"2025-02-20T19:17:42+00:00\",\"dateModified\":\"2025-02-20T19:17:45+00:00\",\"author\":{\"@id\":\"https:\\\/\\\/quehacerpolitico.mx\\\/#\\\/schema\\\/person\\\/496d8ad2d1d3f8036101dca7ee39e585\"},\"breadcrumb\":{\"@id\":\"https:\\\/\\\/quehacerpolitico.mx\\\/?p=114851#breadcrumb\"},\"inLanguage\":\"es\",\"potentialAction\":[{\"@type\":\"ReadAction\",\"target\":[\"https:\\\/\\\/quehacerpolitico.mx\\\/?p=114851\"]}]},{\"@type\":\"ImageObject\",\"inLanguage\":\"es\",\"@id\":\"https:\\\/\\\/quehacerpolitico.mx\\\/?p=114851#primaryimage\",\"url\":\"https:\\\/\\\/quehacerpolitico.mx\\\/wp-content\\\/uploads\\\/2025\\\/02\\\/IMG_0688.jpeg\",\"contentUrl\":\"https:\\\/\\\/quehacerpolitico.mx\\\/wp-content\\\/uploads\\\/2025\\\/02\\\/IMG_0688.jpeg\",\"width\":2048,\"height\":1366},{\"@type\":\"BreadcrumbList\",\"@id\":\"https:\\\/\\\/quehacerpolitico.mx\\\/?p=114851#breadcrumb\",\"itemListElement\":[{\"@type\":\"ListItem\",\"position\":1,\"name\":\"Inicio\",\"item\":\"https:\\\/\\\/quehacerpolitico.mx\\\/\"},{\"@type\":\"ListItem\",\"position\":2,\"name\":\"Netflix anuncia que invertir\u00e1 mil millones de d\u00f3lares en M\u00e9xico durante los pr\u00f3ximos cuatro a\u00f1os\"}]},{\"@type\":\"WebSite\",\"@id\":\"https:\\\/\\\/quehacerpolitico.mx\\\/#website\",\"url\":\"https:\\\/\\\/quehacerpolitico.mx\\\/\",\"name\":\"\",\"description\":\"\",\"potentialAction\":[{\"@type\":\"SearchAction\",\"target\":{\"@type\":\"EntryPoint\",\"urlTemplate\":\"https:\\\/\\\/quehacerpolitico.mx\\\/?s={search_term_string}\"},\"query-input\":{\"@type\":\"PropertyValueSpecification\",\"valueRequired\":true,\"valueName\":\"search_term_string\"}}],\"inLanguage\":\"es\"},{\"@type\":\"Person\",\"@id\":\"https:\\\/\\\/quehacerpolitico.mx\\\/#\\\/schema\\\/person\\\/496d8ad2d1d3f8036101dca7ee39e585\",\"name\":\"Redacci\u00f3n QP\",\"image\":{\"@type\":\"ImageObject\",\"inLanguage\":\"es\",\"@id\":\"https:\\\/\\\/secure.gravatar.com\\\/avatar\\\/c7164ed6fdec453195284ad24a5ae5b6e1eed2b848477fa2a4787ba9adf39a41?s=96&d=mm&r=g\",\"url\":\"https:\\\/\\\/secure.gravatar.com\\\/avatar\\\/c7164ed6fdec453195284ad24a5ae5b6e1eed2b848477fa2a4787ba9adf39a41?s=96&d=mm&r=g\",\"contentUrl\":\"https:\\\/\\\/secure.gravatar.com\\\/avatar\\\/c7164ed6fdec453195284ad24a5ae5b6e1eed2b848477fa2a4787ba9adf39a41?s=96&d=mm&r=g\",\"caption\":\"Redacci\u00f3n QP\"},\"url\":\"https:\\\/\\\/quehacerpolitico.mx\\\/?author=2\"}]}<\/script>\n<!-- \/ Yoast SEO plugin. -->","yoast_head_json":{"title":"Netflix anuncia que invertir\u00e1 mil millones de d\u00f3lares en M\u00e9xico durante los pr\u00f3ximos cuatro a\u00f1os -","robots":{"index":"index","follow":"follow","max-snippet":"max-snippet:-1","max-image-preview":"max-image-preview:large","max-video-preview":"max-video-preview:-1"},"canonical":"https:\/\/quehacerpolitico.mx\/?p=114851","og_locale":"es_MX","og_type":"article","og_title":"Netflix anuncia que invertir\u00e1 mil millones de d\u00f3lares en M\u00e9xico durante los pr\u00f3ximos cuatro a\u00f1os -","og_description":"Por Redacci\u00f3n QP El CEO de la empresa explic\u00f3 que los recursos ser\u00e1n utilizados para...","og_url":"https:\/\/quehacerpolitico.mx\/?p=114851","article_published_time":"2025-02-20T19:17:42+00:00","article_modified_time":"2025-02-20T19:17:45+00:00","og_image":[{"width":2048,"height":1366,"url":"https:\/\/quehacerpolitico.mx\/wp-content\/uploads\/2025\/02\/IMG_0688.jpeg","type":"image\/jpeg"}],"author":"Redacci\u00f3n QP","twitter_card":"summary_large_image","twitter_misc":{"Escrito por":"Redacci\u00f3n QP","Tiempo de lectura":"3 minutos"},"schema":{"@context":"https:\/\/schema.org","@graph":[{"@type":"Article","@id":"https:\/\/quehacerpolitico.mx\/?p=114851#article","isPartOf":{"@id":"https:\/\/quehacerpolitico.mx\/?p=114851"},"author":{"name":"Redacci\u00f3n QP","@id":"https:\/\/quehacerpolitico.mx\/#\/schema\/person\/496d8ad2d1d3f8036101dca7ee39e585"},"headline":"Netflix anuncia que invertir\u00e1 mil millones de d\u00f3lares en M\u00e9xico durante los pr\u00f3ximos cuatro a\u00f1os","datePublished":"2025-02-20T19:17:42+00:00","dateModified":"2025-02-20T19:17:45+00:00","mainEntityOfPage":{"@id":"https:\/\/quehacerpolitico.mx\/?p=114851"},"wordCount":534,"commentCount":0,"image":{"@id":"https:\/\/quehacerpolitico.mx\/?p=114851#primaryimage"},"thumbnailUrl":"https:\/\/quehacerpolitico.mx\/wp-content\/uploads\/2025\/02\/IMG_0688.jpeg","articleSection":["Nacionales","Noticias"],"inLanguage":"es","potentialAction":[{"@type":"CommentAction","name":"Comment","target":["https:\/\/quehacerpolitico.mx\/?p=114851#respond"]}]},{"@type":"WebPage","@id":"https:\/\/quehacerpolitico.mx\/?p=114851","url":"https:\/\/quehacerpolitico.mx\/?p=114851","name":"Netflix anuncia que invertir\u00e1 mil millones de d\u00f3lares en M\u00e9xico durante los pr\u00f3ximos cuatro a\u00f1os -","isPartOf":{"@id":"https:\/\/quehacerpolitico.mx\/#website"},"primaryImageOfPage":{"@id":"https:\/\/quehacerpolitico.mx\/?p=114851#primaryimage"},"image":{"@id":"https:\/\/quehacerpolitico.mx\/?p=114851#primaryimage"},"thumbnailUrl":"https:\/\/quehacerpolitico.mx\/wp-content\/uploads\/2025\/02\/IMG_0688.jpeg","datePublished":"2025-02-20T19:17:42+00:00","dateModified":"2025-02-20T19:17:45+00:00","author":{"@id":"https:\/\/quehacerpolitico.mx\/#\/schema\/person\/496d8ad2d1d3f8036101dca7ee39e585"},"breadcrumb":{"@id":"https:\/\/quehacerpolitico.mx\/?p=114851#breadcrumb"},"inLanguage":"es","potentialAction":[{"@type":"ReadAction","target":["https:\/\/quehacerpolitico.mx\/?p=114851"]}]},{"@type":"ImageObject","inLanguage":"es","@id":"https:\/\/quehacerpolitico.mx\/?p=114851#primaryimage","url":"https:\/\/quehacerpolitico.mx\/wp-content\/uploads\/2025\/02\/IMG_0688.jpeg","contentUrl":"https:\/\/quehacerpolitico.mx\/wp-content\/uploads\/2025\/02\/IMG_0688.jpeg","width":2048,"height":1366},{"@type":"BreadcrumbList","@id":"https:\/\/quehacerpolitico.mx\/?p=114851#breadcrumb","itemListElement":[{"@type":"ListItem","position":1,"name":"Inicio","item":"https:\/\/quehacerpolitico.mx\/"},{"@type":"ListItem","position":2,"name":"Netflix anuncia que invertir\u00e1 mil millones de d\u00f3lares en M\u00e9xico durante los pr\u00f3ximos cuatro a\u00f1os"}]},{"@type":"WebSite","@id":"https:\/\/quehacerpolitico.mx\/#website","url":"https:\/\/quehacerpolitico.mx\/","name":"","description":"","potentialAction":[{"@type":"SearchAction","target":{"@type":"EntryPoint","urlTemplate":"https:\/\/quehacerpolitico.mx\/?s={search_term_string}"},"query-input":{"@type":"PropertyValueSpecification","valueRequired":true,"valueName":"search_term_string"}}],"inLanguage":"es"},{"@type":"Person","@id":"https:\/\/quehacerpolitico.mx\/#\/schema\/person\/496d8ad2d1d3f8036101dca7ee39e585","name":"Redacci\u00f3n QP","image":{"@type":"ImageObject","inLanguage":"es","@id":"https:\/\/secure.gravatar.com\/avatar\/c7164ed6fdec453195284ad24a5ae5b6e1eed2b848477fa2a4787ba9adf39a41?s=96&d=mm&r=g","url":"https:\/\/secure.gravatar.com\/avatar\/c7164ed6fdec453195284ad24a5ae5b6e1eed2b848477fa2a4787ba9adf39a41?s=96&d=mm&r=g","contentUrl":"https:\/\/secure.gravatar.com\/avatar\/c7164ed6fdec453195284ad24a5ae5b6e1eed2b848477fa2a4787ba9adf39a41?s=96&d=mm&r=g","caption":"Redacci\u00f3n QP"},"url":"https:\/\/quehacerpolitico.mx\/?author=2"}]}},"featured_image_urls":{"full":["https:\/\/quehacerpolitico.mx\/wp-content\/uploads\/2025\/02\/IMG_0688.jpeg",2048,1366,false],"thumbnail":["https:\/\/quehacerpolitico.mx\/wp-content\/uploads\/2025\/02\/IMG_0688-150x150.jpeg",150,150,true],"medium":["https:\/\/quehacerpolitico.mx\/wp-content\/uploads\/2025\/02\/IMG_0688-300x200.jpeg",300,200,true],"medium_large":["https:\/\/quehacerpolitico.mx\/wp-content\/uploads\/2025\/02\/IMG_0688-768x512.jpeg",640,427,true],"large":["https:\/\/quehacerpolitico.mx\/wp-content\/uploads\/2025\/02\/IMG_0688-1024x683.jpeg",640,427,true],"1536x1536":["https:\/\/quehacerpolitico.mx\/wp-content\/uploads\/2025\/02\/IMG_0688-1536x1025.jpeg",1536,1025,true],"2048x2048":["https:\/\/quehacerpolitico.mx\/wp-content\/uploads\/2025\/02\/IMG_0688.jpeg",2048,1366,false],"covernews-featured":["https:\/\/quehacerpolitico.mx\/wp-content\/uploads\/2025\/02\/IMG_0688-1024x683.jpeg",1024,683,true],"covernews-medium":["https:\/\/quehacerpolitico.mx\/wp-content\/uploads\/2025\/02\/IMG_0688-540x340.jpeg",540,340,true]},"author_info":{"display_name":"Redacci\u00f3n QP","author_link":"https:\/\/quehacerpolitico.mx\/?author=2"},"category_info":"<a href=\"https:\/\/quehacerpolitico.mx\/?cat=280\" rel=\"category\">Nacionales<\/a> <a href=\"https:\/\/quehacerpolitico.mx\/?cat=2\" rel=\"category\">Noticias<\/a>","tag_info":"Noticias","comment_count":"0","_links":{"self":[{"href":"https:\/\/quehacerpolitico.mx\/index.php?rest_route=\/wp\/v2\/posts\/114851","targetHints":{"allow":["GET"]}}],"collection":[{"href":"https:\/\/quehacerpolitico.mx\/index.php?rest_route=\/wp\/v2\/posts"}],"about":[{"href":"https:\/\/quehacerpolitico.mx\/index.php?rest_route=\/wp\/v2\/types\/post"}],"author":[{"embeddable":true,"href":"https:\/\/quehacerpolitico.mx\/index.php?rest_route=\/wp\/v2\/users\/2"}],"replies":[{"embeddable":true,"href":"https:\/\/quehacerpolitico.mx\/index.php?rest_route=%2Fwp%2Fv2%2Fcomments&post=114851"}],"version-history":[{"count":1,"href":"https:\/\/quehacerpolitico.mx\/index.php?rest_route=\/wp\/v2\/posts\/114851\/revisions"}],"predecessor-version":[{"id":114855,"href":"https:\/\/quehacerpolitico.mx\/index.php?rest_route=\/wp\/v2\/posts\/114851\/revisions\/114855"}],"wp:featuredmedia":[{"embeddable":true,"href":"https:\/\/quehacerpolitico.mx\/index.php?rest_route=\/wp\/v2\/media\/114852"}],"wp:attachment":[{"href":"https:\/\/quehacerpolitico.mx\/index.php?rest_route=%2Fwp%2Fv2%2Fmedia&parent=114851"}],"wp:term":[{"taxonomy":"category","embeddable":true,"href":"https:\/\/quehacerpolitico.mx\/index.php?rest_route=%2Fwp%2Fv2%2Fcategories&post=114851"},{"taxonomy":"post_tag","embeddable":true,"href":"https:\/\/quehacerpolitico.mx\/index.php?rest_route=%2Fwp%2Fv2%2Ftags&post=114851"}],"curies":[{"name":"wp","href":"https:\/\/api.w.org\/{rel}","templated":true}]}}