{"id":114848,"date":"2025-02-20T12:58:22","date_gmt":"2025-02-20T18:58:22","guid":{"rendered":"https:\/\/quehacerpolitico.mx\/?p=114848"},"modified":"2025-02-20T12:58:24","modified_gmt":"2025-02-20T18:58:24","slug":"sheinbaum-responde-a-designacion-de-carteles-como-terroristas","status":"publish","type":"post","link":"https:\/\/quehacerpolitico.mx\/?p=114848","title":{"rendered":"Sheinbaum responde a designaci\u00f3n de c\u00e1rteles como terroristas"},"content":{"rendered":"\n<p>Por Redacci\u00f3n QP<\/p>\n\n\n\n<p>Esto fue lo que dijo la Presidenta de M\u00e9xico en &#8220;La Ma\u00f1anera del Pueblo&#8221; este jueves, en Palacio Nacional<\/p>\n\n\n\n<p>La Presidenta\u00a0Claudia Sheinbaum anunci\u00f3 este jueves 20 de febrero dos reformas a la Constituci\u00f3n contra la intromisi\u00f3n externa, y para imponer la &#8220;pena m\u00e1s severa&#8221; a los extranjeros que intervengan en M\u00e9xico, como respuesta a que ayer Estados Unidos declar\u00f3 terroristas a seis\u00a0<strong>c\u00e1rteles del narcotr\u00e1fico<\/strong>.<\/p>\n\n\n\n<figure class=\"wp-block-embed is-type-rich is-provider-twitter wp-block-embed-twitter\"><div class=\"wp-block-embed__wrapper\">\n<blockquote class=\"twitter-tweet\" data-width=\"550\" data-dnt=\"true\"><p lang=\"es\" dir=\"ltr\">La presidenta Claudia Sheinbaum anunci\u00f3 el env\u00edo de una iniciativa de reforma a la Constituci\u00f3n a los art\u00edculos 40 y 19. Estas modificaciones son presentadas ante el anuncio de Estados Unidos de designar como terroristas a los c\u00e1rteles de la droga <a href=\"https:\/\/t.co\/wfVCOPnWmS\">pic.twitter.com\/wfVCOPnWmS<\/a><\/p>&mdash; Azucena Uresti (@azucenau) <a href=\"https:\/\/twitter.com\/azucenau\/status\/1892584385880403982?ref_src=twsrc%5Etfw\">February 20, 2025<\/a><\/blockquote><script async src=\"https:\/\/platform.twitter.com\/widgets.js\" charset=\"utf-8\"><\/script>\n<\/div><\/figure>\n\n\n\n<p>En &#8220;La Ma\u00f1anera del Pueblo&#8221;, la Mandataria reafirm\u00f3 que la Secretar\u00eda de Relaciones Exteriores (SRE) ampliar\u00e1 su demanda contra los fabricantes y vendedores de armas en\u00a0Estados unidos\u00a0para acusarlos de c\u00f3mplices de terrorismo tras esta clasificaci\u00f3n.<\/p>\n\n\n\n<figure class=\"wp-block-embed is-type-video is-provider-youtube wp-block-embed-youtube wp-embed-aspect-16-9 wp-has-aspect-ratio\"><div class=\"wp-block-embed__wrapper\">\n<iframe loading=\"lazy\" title=\"Pide CSP c\u00e1rcel para agentes de EU que invadan M\u00e9xico\" width=\"640\" height=\"360\" src=\"https:\/\/www.youtube.com\/embed\/JAep_A_8inc?feature=oembed\" frameborder=\"0\" allow=\"accelerometer; autoplay; clipboard-write; encrypted-media; gyroscope; picture-in-picture; web-share\" referrerpolicy=\"strict-origin-when-cross-origin\" allowfullscreen><\/iframe>\n<\/div><\/figure>\n\n\n\n<p><mark><strong>&#8220;Lo que queremos dejar claro frente a esta designaci\u00f3n es que nosotros no negociamos la soberan\u00eda, esta no puede ser una oportunidad por parte de Estados Unidos para invadir nuestra soberan\u00eda, entonces ellos pueden ponerles el nombre que decidan, pero con M\u00e9xico es colaboraci\u00f3n y coordinaci\u00f3n, nunca subordinaci\u00f3n, no injerencismo y menos invasi\u00f3n&#8221;<\/strong><\/mark>, expres\u00f3 la Presidenta.<\/p>\n\n\n\n<p>Sheinbaum pidi\u00f3 que &#8220;quede claro&#8221; que\u00a0<strong>&#8220;no hay injerencismo, no hay violaci\u00f3n a la soberan\u00eda&#8221;<\/strong>\u00a0a pesar de que el Departamento de Estado estadounidense considera a partir de ahora como terroristas a los c\u00e1rteles de Sinaloa, Nueva Generaci\u00f3n (CNG), el del Golfo, el del Noreste, la Nueva Familia Michoacana y los C\u00e1rteles Unidos.<\/p>\n\n\n\n<p>&#8220;Ambos pa\u00edses queremos combatir a grupos de\u00a0delincuencia organizada que hacen actos ilegales en ambos pa\u00edses, y ah\u00ed estamos trabajando muy bien en la coordinaci\u00f3n, pero nosotros tenemos que garantizar que es bajo colaboraci\u00f3n y coordinaci\u00f3n, nunca violando de ninguna manera la soberan\u00eda de M\u00e9xico&#8221;, manifest\u00f3 en Palacio Nacional.<\/p>\n\n\n\n<h2 class=\"wp-block-heading\">Los cambios a la Constituci\u00f3n<\/h2>\n\n\n\n<p>El cambio al art\u00edculo 40 a la Constituci\u00f3n afianzar\u00e1 que&nbsp;<mark><strong>&#8220;el pueblo de M\u00e9xico, bajo ninguna circunstancia aceptar\u00e1 intervenciones, intromisiones o cualquier otro acto desde el extranjero que sea lesivo de la integridad, independencia y soberan\u00eda de la Naci\u00f3n&#8221;.<\/strong><\/mark><\/p>\n\n\n\n<p>Esto incluye &#8220;golpes de Estado, injerencias en elecciones o la violaci\u00f3n del territorio mexicano, sea esta por tierra, agua, mar o espacio a\u00e9reo&#8221;.<\/p>\n\n\n\n<p>&#8220;Tampoco consentir\u00e1 intervenci\u00f3n en investigaci\u00f3n y persecuci\u00f3n alguna sin la autorizaci\u00f3n y colaboraci\u00f3n expresa del Estado mexicano, en el marco de las leyes aplicables&#8221;, seg\u00fan ley\u00f3 Claudia Sheinbaum.<\/p>\n\n\n\n<p>En tanto, el art\u00edculo 19 advertir\u00e1 de que &#8220;a cualquier extranjero que realice actividades al margen de la ley, vinculadas&#8221; con estas injerencias,&nbsp;<mark><strong>&#8220;se le impondr\u00e1 la pena m\u00e1s severa posible, as\u00ed como la prisi\u00f3n preventiva oficiosa&#8221;.<\/strong><\/mark><\/p>\n\n\n\n<h2 class=\"wp-block-heading\">M\u00e9xico eleva sus reclamos contra las armas de Estados Unidos<\/h2>\n\n\n\n<p>Tras la designaci\u00f3n, la Presidenta Claudia Sheinbaum elev\u00f3 sus reclamos a la industria armamentista de Estados Unidos, origen de casi tres de cada cuatro armas que usa el crimen organizado en M\u00e9xico, seg\u00fan un reporte del Departamento de Justicia en enero.<\/p>\n\n\n\n<p>La reforma al art\u00edculo 19 tambi\u00e9n propone que &#8220;a cualquier nacional o extranjero vinculado en la fabricaci\u00f3n, distribuci\u00f3n, enajenaci\u00f3n, traslado o internaci\u00f3n al territorio nacional de manera il\u00edcita de armas&#8221; se le&nbsp;<mark><strong>&#8220;impondr\u00e1 la pena m\u00e1s severa posible&#8221;.<\/strong><\/mark><\/p>\n\n\n\n<p>Mientras que la Canciller\u00eda ampliar\u00e1 la demanda que present\u00f3 durante el gobierno de Andr\u00e9s Manuel L\u00f3pez Obrador (2018-2024) contra fabricantes y vendedores de armas estadounidenses, a los que acusa de vender estos insumos de manera consciente a los c\u00e1rteles en M\u00e9xico.<\/p>\n\n\n\n<p>&#8220;Dado este nombramiento, tiene que haber un v\u00ednculo entre quien le vende a las armas a estos grupos delictivos que hoy han sido catalogados con este nombre por parte del gobierno de Estados Unidos, entonces va a haber&nbsp;<mark><strong>una ampliaci\u00f3n de esta demanda por complicidad de aquellos que vendan armas que son introducidas<\/strong><\/mark>&#8221; a M\u00e9xico, dijo Claudia Sheinbaum.<\/p>\n\n\n\n<p>Con informaci\u00f3n de EFE<\/p>\n","protected":false},"excerpt":{"rendered":"<p>Por Redacci\u00f3n QP Esto fue lo que dijo la Presidenta de M\u00e9xico en &#8220;La Ma\u00f1anera&#8230;<\/p>\n","protected":false},"author":2,"featured_media":114849,"comment_status":"open","ping_status":"open","sticky":false,"template":"","format":"standard","meta":{"_monsterinsights_skip_tracking":false,"_monsterinsights_sitenote_active":false,"_monsterinsights_sitenote_note":"","_monsterinsights_sitenote_category":0,"footnotes":""},"categories":[280,2],"tags":[],"class_list":["post-114848","post","type-post","status-publish","format-standard","has-post-thumbnail","hentry","category-nacionales","category-noticias"],"yoast_head":"<!-- This site is optimized with the Yoast SEO plugin v27.3 - https:\/\/yoast.com\/product\/yoast-seo-wordpress\/ -->\n<title>Sheinbaum responde a designaci\u00f3n de c\u00e1rteles como terroristas -<\/title>\n<meta name=\"robots\" content=\"index, follow, max-snippet:-1, max-image-preview:large, max-video-preview:-1\" \/>\n<link rel=\"canonical\" href=\"https:\/\/quehacerpolitico.mx\/?p=114848\" \/>\n<meta property=\"og:locale\" content=\"es_MX\" \/>\n<meta property=\"og:type\" content=\"article\" \/>\n<meta property=\"og:title\" content=\"Sheinbaum responde a designaci\u00f3n de c\u00e1rteles como terroristas -\" \/>\n<meta property=\"og:description\" content=\"Por Redacci\u00f3n QP Esto fue lo que dijo la Presidenta de M\u00e9xico en &#8220;La Ma\u00f1anera...\" \/>\n<meta property=\"og:url\" content=\"https:\/\/quehacerpolitico.mx\/?p=114848\" \/>\n<meta property=\"article:published_time\" content=\"2025-02-20T18:58:22+00:00\" \/>\n<meta property=\"article:modified_time\" content=\"2025-02-20T18:58:24+00:00\" \/>\n<meta property=\"og:image\" content=\"https:\/\/quehacerpolitico.mx\/wp-content\/uploads\/2025\/02\/IMG_0695.jpeg\" \/>\n\t<meta property=\"og:image:width\" content=\"1284\" \/>\n\t<meta property=\"og:image:height\" content=\"715\" \/>\n\t<meta property=\"og:image:type\" content=\"image\/jpeg\" \/>\n<meta name=\"author\" content=\"Redacci\u00f3n QP\" \/>\n<meta name=\"twitter:card\" content=\"summary_large_image\" \/>\n<meta name=\"twitter:label1\" content=\"Escrito por\" \/>\n\t<meta name=\"twitter:data1\" content=\"Redacci\u00f3n QP\" \/>\n\t<meta name=\"twitter:label2\" content=\"Tiempo de lectura\" \/>\n\t<meta name=\"twitter:data2\" content=\"3 minutos\" \/>\n<script type=\"application\/ld+json\" class=\"yoast-schema-graph\">{\"@context\":\"https:\\\/\\\/schema.org\",\"@graph\":[{\"@type\":\"Article\",\"@id\":\"https:\\\/\\\/quehacerpolitico.mx\\\/?p=114848#article\",\"isPartOf\":{\"@id\":\"https:\\\/\\\/quehacerpolitico.mx\\\/?p=114848\"},\"author\":{\"name\":\"Redacci\u00f3n QP\",\"@id\":\"https:\\\/\\\/quehacerpolitico.mx\\\/#\\\/schema\\\/person\\\/496d8ad2d1d3f8036101dca7ee39e585\"},\"headline\":\"Sheinbaum responde a designaci\u00f3n de c\u00e1rteles como terroristas\",\"datePublished\":\"2025-02-20T18:58:22+00:00\",\"dateModified\":\"2025-02-20T18:58:24+00:00\",\"mainEntityOfPage\":{\"@id\":\"https:\\\/\\\/quehacerpolitico.mx\\\/?p=114848\"},\"wordCount\":690,\"commentCount\":0,\"image\":{\"@id\":\"https:\\\/\\\/quehacerpolitico.mx\\\/?p=114848#primaryimage\"},\"thumbnailUrl\":\"https:\\\/\\\/quehacerpolitico.mx\\\/wp-content\\\/uploads\\\/2025\\\/02\\\/IMG_0695.jpeg\",\"articleSection\":[\"Nacionales\",\"Noticias\"],\"inLanguage\":\"es\",\"potentialAction\":[{\"@type\":\"CommentAction\",\"name\":\"Comment\",\"target\":[\"https:\\\/\\\/quehacerpolitico.mx\\\/?p=114848#respond\"]}]},{\"@type\":\"WebPage\",\"@id\":\"https:\\\/\\\/quehacerpolitico.mx\\\/?p=114848\",\"url\":\"https:\\\/\\\/quehacerpolitico.mx\\\/?p=114848\",\"name\":\"Sheinbaum responde a designaci\u00f3n de c\u00e1rteles como terroristas -\",\"isPartOf\":{\"@id\":\"https:\\\/\\\/quehacerpolitico.mx\\\/#website\"},\"primaryImageOfPage\":{\"@id\":\"https:\\\/\\\/quehacerpolitico.mx\\\/?p=114848#primaryimage\"},\"image\":{\"@id\":\"https:\\\/\\\/quehacerpolitico.mx\\\/?p=114848#primaryimage\"},\"thumbnailUrl\":\"https:\\\/\\\/quehacerpolitico.mx\\\/wp-content\\\/uploads\\\/2025\\\/02\\\/IMG_0695.jpeg\",\"datePublished\":\"2025-02-20T18:58:22+00:00\",\"dateModified\":\"2025-02-20T18:58:24+00:00\",\"author\":{\"@id\":\"https:\\\/\\\/quehacerpolitico.mx\\\/#\\\/schema\\\/person\\\/496d8ad2d1d3f8036101dca7ee39e585\"},\"breadcrumb\":{\"@id\":\"https:\\\/\\\/quehacerpolitico.mx\\\/?p=114848#breadcrumb\"},\"inLanguage\":\"es\",\"potentialAction\":[{\"@type\":\"ReadAction\",\"target\":[\"https:\\\/\\\/quehacerpolitico.mx\\\/?p=114848\"]}]},{\"@type\":\"ImageObject\",\"inLanguage\":\"es\",\"@id\":\"https:\\\/\\\/quehacerpolitico.mx\\\/?p=114848#primaryimage\",\"url\":\"https:\\\/\\\/quehacerpolitico.mx\\\/wp-content\\\/uploads\\\/2025\\\/02\\\/IMG_0695.jpeg\",\"contentUrl\":\"https:\\\/\\\/quehacerpolitico.mx\\\/wp-content\\\/uploads\\\/2025\\\/02\\\/IMG_0695.jpeg\",\"width\":1284,\"height\":715,\"caption\":\"Screenshot\"},{\"@type\":\"BreadcrumbList\",\"@id\":\"https:\\\/\\\/quehacerpolitico.mx\\\/?p=114848#breadcrumb\",\"itemListElement\":[{\"@type\":\"ListItem\",\"position\":1,\"name\":\"Inicio\",\"item\":\"https:\\\/\\\/quehacerpolitico.mx\\\/\"},{\"@type\":\"ListItem\",\"position\":2,\"name\":\"Sheinbaum responde a designaci\u00f3n de c\u00e1rteles como terroristas\"}]},{\"@type\":\"WebSite\",\"@id\":\"https:\\\/\\\/quehacerpolitico.mx\\\/#website\",\"url\":\"https:\\\/\\\/quehacerpolitico.mx\\\/\",\"name\":\"\",\"description\":\"\",\"potentialAction\":[{\"@type\":\"SearchAction\",\"target\":{\"@type\":\"EntryPoint\",\"urlTemplate\":\"https:\\\/\\\/quehacerpolitico.mx\\\/?s={search_term_string}\"},\"query-input\":{\"@type\":\"PropertyValueSpecification\",\"valueRequired\":true,\"valueName\":\"search_term_string\"}}],\"inLanguage\":\"es\"},{\"@type\":\"Person\",\"@id\":\"https:\\\/\\\/quehacerpolitico.mx\\\/#\\\/schema\\\/person\\\/496d8ad2d1d3f8036101dca7ee39e585\",\"name\":\"Redacci\u00f3n QP\",\"image\":{\"@type\":\"ImageObject\",\"inLanguage\":\"es\",\"@id\":\"https:\\\/\\\/secure.gravatar.com\\\/avatar\\\/c7164ed6fdec453195284ad24a5ae5b6e1eed2b848477fa2a4787ba9adf39a41?s=96&d=mm&r=g\",\"url\":\"https:\\\/\\\/secure.gravatar.com\\\/avatar\\\/c7164ed6fdec453195284ad24a5ae5b6e1eed2b848477fa2a4787ba9adf39a41?s=96&d=mm&r=g\",\"contentUrl\":\"https:\\\/\\\/secure.gravatar.com\\\/avatar\\\/c7164ed6fdec453195284ad24a5ae5b6e1eed2b848477fa2a4787ba9adf39a41?s=96&d=mm&r=g\",\"caption\":\"Redacci\u00f3n QP\"},\"url\":\"https:\\\/\\\/quehacerpolitico.mx\\\/?author=2\"}]}<\/script>\n<!-- \/ Yoast SEO plugin. -->","yoast_head_json":{"title":"Sheinbaum responde a designaci\u00f3n de c\u00e1rteles como terroristas -","robots":{"index":"index","follow":"follow","max-snippet":"max-snippet:-1","max-image-preview":"max-image-preview:large","max-video-preview":"max-video-preview:-1"},"canonical":"https:\/\/quehacerpolitico.mx\/?p=114848","og_locale":"es_MX","og_type":"article","og_title":"Sheinbaum responde a designaci\u00f3n de c\u00e1rteles como terroristas -","og_description":"Por Redacci\u00f3n QP Esto fue lo que dijo la Presidenta de M\u00e9xico en &#8220;La Ma\u00f1anera...","og_url":"https:\/\/quehacerpolitico.mx\/?p=114848","article_published_time":"2025-02-20T18:58:22+00:00","article_modified_time":"2025-02-20T18:58:24+00:00","og_image":[{"width":1284,"height":715,"url":"https:\/\/quehacerpolitico.mx\/wp-content\/uploads\/2025\/02\/IMG_0695.jpeg","type":"image\/jpeg"}],"author":"Redacci\u00f3n QP","twitter_card":"summary_large_image","twitter_misc":{"Escrito por":"Redacci\u00f3n QP","Tiempo de lectura":"3 minutos"},"schema":{"@context":"https:\/\/schema.org","@graph":[{"@type":"Article","@id":"https:\/\/quehacerpolitico.mx\/?p=114848#article","isPartOf":{"@id":"https:\/\/quehacerpolitico.mx\/?p=114848"},"author":{"name":"Redacci\u00f3n QP","@id":"https:\/\/quehacerpolitico.mx\/#\/schema\/person\/496d8ad2d1d3f8036101dca7ee39e585"},"headline":"Sheinbaum responde a designaci\u00f3n de c\u00e1rteles como terroristas","datePublished":"2025-02-20T18:58:22+00:00","dateModified":"2025-02-20T18:58:24+00:00","mainEntityOfPage":{"@id":"https:\/\/quehacerpolitico.mx\/?p=114848"},"wordCount":690,"commentCount":0,"image":{"@id":"https:\/\/quehacerpolitico.mx\/?p=114848#primaryimage"},"thumbnailUrl":"https:\/\/quehacerpolitico.mx\/wp-content\/uploads\/2025\/02\/IMG_0695.jpeg","articleSection":["Nacionales","Noticias"],"inLanguage":"es","potentialAction":[{"@type":"CommentAction","name":"Comment","target":["https:\/\/quehacerpolitico.mx\/?p=114848#respond"]}]},{"@type":"WebPage","@id":"https:\/\/quehacerpolitico.mx\/?p=114848","url":"https:\/\/quehacerpolitico.mx\/?p=114848","name":"Sheinbaum responde a designaci\u00f3n de c\u00e1rteles como terroristas -","isPartOf":{"@id":"https:\/\/quehacerpolitico.mx\/#website"},"primaryImageOfPage":{"@id":"https:\/\/quehacerpolitico.mx\/?p=114848#primaryimage"},"image":{"@id":"https:\/\/quehacerpolitico.mx\/?p=114848#primaryimage"},"thumbnailUrl":"https:\/\/quehacerpolitico.mx\/wp-content\/uploads\/2025\/02\/IMG_0695.jpeg","datePublished":"2025-02-20T18:58:22+00:00","dateModified":"2025-02-20T18:58:24+00:00","author":{"@id":"https:\/\/quehacerpolitico.mx\/#\/schema\/person\/496d8ad2d1d3f8036101dca7ee39e585"},"breadcrumb":{"@id":"https:\/\/quehacerpolitico.mx\/?p=114848#breadcrumb"},"inLanguage":"es","potentialAction":[{"@type":"ReadAction","target":["https:\/\/quehacerpolitico.mx\/?p=114848"]}]},{"@type":"ImageObject","inLanguage":"es","@id":"https:\/\/quehacerpolitico.mx\/?p=114848#primaryimage","url":"https:\/\/quehacerpolitico.mx\/wp-content\/uploads\/2025\/02\/IMG_0695.jpeg","contentUrl":"https:\/\/quehacerpolitico.mx\/wp-content\/uploads\/2025\/02\/IMG_0695.jpeg","width":1284,"height":715,"caption":"Screenshot"},{"@type":"BreadcrumbList","@id":"https:\/\/quehacerpolitico.mx\/?p=114848#breadcrumb","itemListElement":[{"@type":"ListItem","position":1,"name":"Inicio","item":"https:\/\/quehacerpolitico.mx\/"},{"@type":"ListItem","position":2,"name":"Sheinbaum responde a designaci\u00f3n de c\u00e1rteles como terroristas"}]},{"@type":"WebSite","@id":"https:\/\/quehacerpolitico.mx\/#website","url":"https:\/\/quehacerpolitico.mx\/","name":"","description":"","potentialAction":[{"@type":"SearchAction","target":{"@type":"EntryPoint","urlTemplate":"https:\/\/quehacerpolitico.mx\/?s={search_term_string}"},"query-input":{"@type":"PropertyValueSpecification","valueRequired":true,"valueName":"search_term_string"}}],"inLanguage":"es"},{"@type":"Person","@id":"https:\/\/quehacerpolitico.mx\/#\/schema\/person\/496d8ad2d1d3f8036101dca7ee39e585","name":"Redacci\u00f3n QP","image":{"@type":"ImageObject","inLanguage":"es","@id":"https:\/\/secure.gravatar.com\/avatar\/c7164ed6fdec453195284ad24a5ae5b6e1eed2b848477fa2a4787ba9adf39a41?s=96&d=mm&r=g","url":"https:\/\/secure.gravatar.com\/avatar\/c7164ed6fdec453195284ad24a5ae5b6e1eed2b848477fa2a4787ba9adf39a41?s=96&d=mm&r=g","contentUrl":"https:\/\/secure.gravatar.com\/avatar\/c7164ed6fdec453195284ad24a5ae5b6e1eed2b848477fa2a4787ba9adf39a41?s=96&d=mm&r=g","caption":"Redacci\u00f3n QP"},"url":"https:\/\/quehacerpolitico.mx\/?author=2"}]}},"featured_image_urls":{"full":["https:\/\/quehacerpolitico.mx\/wp-content\/uploads\/2025\/02\/IMG_0695.jpeg",1284,715,false],"thumbnail":["https:\/\/quehacerpolitico.mx\/wp-content\/uploads\/2025\/02\/IMG_0695-150x150.jpeg",150,150,true],"medium":["https:\/\/quehacerpolitico.mx\/wp-content\/uploads\/2025\/02\/IMG_0695-300x167.jpeg",300,167,true],"medium_large":["https:\/\/quehacerpolitico.mx\/wp-content\/uploads\/2025\/02\/IMG_0695-768x428.jpeg",640,357,true],"large":["https:\/\/quehacerpolitico.mx\/wp-content\/uploads\/2025\/02\/IMG_0695-1024x570.jpeg",640,356,true],"1536x1536":["https:\/\/quehacerpolitico.mx\/wp-content\/uploads\/2025\/02\/IMG_0695.jpeg",1284,715,false],"2048x2048":["https:\/\/quehacerpolitico.mx\/wp-content\/uploads\/2025\/02\/IMG_0695.jpeg",1284,715,false],"covernews-featured":["https:\/\/quehacerpolitico.mx\/wp-content\/uploads\/2025\/02\/IMG_0695-1024x570.jpeg",1024,570,true],"covernews-medium":["https:\/\/quehacerpolitico.mx\/wp-content\/uploads\/2025\/02\/IMG_0695-540x340.jpeg",540,340,true]},"author_info":{"display_name":"Redacci\u00f3n QP","author_link":"https:\/\/quehacerpolitico.mx\/?author=2"},"category_info":"<a href=\"https:\/\/quehacerpolitico.mx\/?cat=280\" rel=\"category\">Nacionales<\/a> <a href=\"https:\/\/quehacerpolitico.mx\/?cat=2\" rel=\"category\">Noticias<\/a>","tag_info":"Noticias","comment_count":"0","_links":{"self":[{"href":"https:\/\/quehacerpolitico.mx\/index.php?rest_route=\/wp\/v2\/posts\/114848","targetHints":{"allow":["GET"]}}],"collection":[{"href":"https:\/\/quehacerpolitico.mx\/index.php?rest_route=\/wp\/v2\/posts"}],"about":[{"href":"https:\/\/quehacerpolitico.mx\/index.php?rest_route=\/wp\/v2\/types\/post"}],"author":[{"embeddable":true,"href":"https:\/\/quehacerpolitico.mx\/index.php?rest_route=\/wp\/v2\/users\/2"}],"replies":[{"embeddable":true,"href":"https:\/\/quehacerpolitico.mx\/index.php?rest_route=%2Fwp%2Fv2%2Fcomments&post=114848"}],"version-history":[{"count":1,"href":"https:\/\/quehacerpolitico.mx\/index.php?rest_route=\/wp\/v2\/posts\/114848\/revisions"}],"predecessor-version":[{"id":114850,"href":"https:\/\/quehacerpolitico.mx\/index.php?rest_route=\/wp\/v2\/posts\/114848\/revisions\/114850"}],"wp:featuredmedia":[{"embeddable":true,"href":"https:\/\/quehacerpolitico.mx\/index.php?rest_route=\/wp\/v2\/media\/114849"}],"wp:attachment":[{"href":"https:\/\/quehacerpolitico.mx\/index.php?rest_route=%2Fwp%2Fv2%2Fmedia&parent=114848"}],"wp:term":[{"taxonomy":"category","embeddable":true,"href":"https:\/\/quehacerpolitico.mx\/index.php?rest_route=%2Fwp%2Fv2%2Fcategories&post=114848"},{"taxonomy":"post_tag","embeddable":true,"href":"https:\/\/quehacerpolitico.mx\/index.php?rest_route=%2Fwp%2Fv2%2Ftags&post=114848"}],"curies":[{"name":"wp","href":"https:\/\/api.w.org\/{rel}","templated":true}]}}