{"id":114836,"date":"2025-02-20T11:19:39","date_gmt":"2025-02-20T17:19:39","guid":{"rendered":"https:\/\/quehacerpolitico.mx\/?p=114836"},"modified":"2025-02-20T11:19:41","modified_gmt":"2025-02-20T17:19:41","slug":"de-puebla-para-todo-mexico-10-anos-de-la-banda-sinfonica-de-san-antonio-portezuelo","status":"publish","type":"post","link":"https:\/\/quehacerpolitico.mx\/?p=114836","title":{"rendered":"DE PUEBLA PARA TODO M\u00c9XICO: 10 A\u00d1OS DE LA BANDA SINF\u00d3NICA DE SAN ANTONIO PORTEZUELO"},"content":{"rendered":"\n<p>Por Redacci\u00f3n QP<\/p>\n\n\n\n<ul class=\"wp-block-list\">\n<li><strong>Las ni\u00f1as, ni\u00f1os y j\u00f3venes del Semillero Banda Sinf\u00f3nica Comunitaria interpretaron temas como <em>Qu\u00e9 chula es puebla<\/em>, <em>Danz\u00f3n Puebla<\/em>, <em>As\u00ed fue, Hasta que te conoc\u00ed y La Sandunga, <\/em>el \u00faltimocon el solo de saxof\u00f3n de G\u00e9nesis Ju\u00e1rez D\u00edaz\u00a0\u00a0<\/strong><\/li>\n\n\n\n<li><strong>La agrupaci\u00f3n naci\u00f3 en 2025, y hoy forma parte de los Semilleros Creativos del Programa Cultura Comunitaria de la Secretar\u00eda de Cultura del Gobierno de M\u00e9xico\u00a0<\/strong><\/li>\n<\/ul>\n\n\n\n<p>En 2015, para 70 ni\u00f1as y ni\u00f1os de la Escuela Primaria \u201cIgnacio Zaragoza\u201d del municipio General Felipe \u00c1ngeles en el estado de Puebla, comenzaba el sue\u00f1o de tocar un instrumento; hoy ese sue\u00f1o es una realidad materializada en el Semillero Banda Sinf\u00f3nica Comunitaria de San Antonio Portezuelo, que celebr\u00f3 su d\u00e9cimo aniversario con un especial concierto en la Cancha de Tenis del Complejo Cultural Los Pinos.<\/p>\n\n\n\n<figure class=\"wp-block-image size-large\"><img loading=\"lazy\" decoding=\"async\" width=\"1024\" height=\"683\" src=\"https:\/\/quehacerpolitico.mx\/wp-content\/uploads\/2025\/02\/image-31-1024x683.jpeg\" alt=\"\" class=\"wp-image-114838\" srcset=\"https:\/\/quehacerpolitico.mx\/wp-content\/uploads\/2025\/02\/image-31-1024x683.jpeg 1024w, https:\/\/quehacerpolitico.mx\/wp-content\/uploads\/2025\/02\/image-31-300x200.jpeg 300w, https:\/\/quehacerpolitico.mx\/wp-content\/uploads\/2025\/02\/image-31-768x512.jpeg 768w, https:\/\/quehacerpolitico.mx\/wp-content\/uploads\/2025\/02\/image-31-1536x1024.jpeg 1536w, https:\/\/quehacerpolitico.mx\/wp-content\/uploads\/2025\/02\/image-31-2048x1365.jpeg 2048w\" sizes=\"auto, (max-width: 1024px) 100vw, 1024px\" \/><\/figure>\n\n\n\n<p>Esta agrupaci\u00f3n es una de las 86 bandas adscritas a los Semilleros Creativos que pertenecen al Programa Cultura Comunitaria, que impulsa la Secretar\u00eda de Cultura del Gobierno de M\u00e9xico, a trav\u00e9s del Sistema Nacional de Fomento Musical (SNFM) y la Direcci\u00f3n General de Vinculaci\u00f3n Cultural (DGVC). De dichas agrupaciones, 66 son bandas sinf\u00f3nicas y 20 tradicionales.&nbsp;<\/p>\n\n\n\n<p>Para el director de la agrupaci\u00f3n, Orlando Olivares Aguilar, han sido 10 a\u00f1os de recorrido art\u00edstico y significan muchos logros, tanto personales -con el desarrollo de la confianza y seguridad que da a las infancias tocar instrumento- como a nivel agrupaci\u00f3n -que ha tenido la oportunidad de presentarse en diferentes estados del pa\u00eds y participar en encuentros como el Festival de M\u00fasica Tradicional \u201cAgust\u00edn Pe\u00f1uela\u201d, la Orquesta Sinf\u00f3nica Infantil de M\u00e9xico (OSIM) y Tengo un sue\u00f1o-.<\/p>\n\n\n\n<figure class=\"wp-block-image size-large\"><img loading=\"lazy\" decoding=\"async\" width=\"1024\" height=\"683\" src=\"https:\/\/quehacerpolitico.mx\/wp-content\/uploads\/2025\/02\/image-32-1024x683.jpeg\" alt=\"\" class=\"wp-image-114839\" srcset=\"https:\/\/quehacerpolitico.mx\/wp-content\/uploads\/2025\/02\/image-32-1024x683.jpeg 1024w, https:\/\/quehacerpolitico.mx\/wp-content\/uploads\/2025\/02\/image-32-300x200.jpeg 300w, https:\/\/quehacerpolitico.mx\/wp-content\/uploads\/2025\/02\/image-32-768x512.jpeg 768w, https:\/\/quehacerpolitico.mx\/wp-content\/uploads\/2025\/02\/image-32-1536x1024.jpeg 1536w, https:\/\/quehacerpolitico.mx\/wp-content\/uploads\/2025\/02\/image-32-2048x1365.jpeg 2048w\" sizes=\"auto, (max-width: 1024px) 100vw, 1024px\" \/><\/figure>\n\n\n\n<p>\u201cCuando iniciamos ninguno de los chicos hab\u00eda tenido contacto con la m\u00fasica ni con un instrumento de viento y nuestro primer logro es haberlos acercado, que se mantengan y que se desarrollen en este proceso\u201d, expres\u00f3 Olivares Aguilar.&nbsp;<\/p>\n\n\n\n<p><strong>Un festejo de lo cl\u00e1sico a lo tradicional<\/strong>&nbsp;<\/p>\n\n\n\n<p>Con flautas, oboes, clarinetes, saxofones, trompetas y tubas, acompa\u00f1ados por platos, bater\u00eda y tambores, la banda festej\u00f3 el domingo 16 de febrero de 2025, con un repertorio compuesto por temas variados que fueron de lo cl\u00e1sico, como el&nbsp;<em>Vals de la Suite para orquesta de Jazz n\u00fam. 2<\/em>, de Dmitri Shostakovich, a lo tradicional con&nbsp;<em>Qu\u00e9 chula es puebla<\/em>, de Rafael Hern\u00e1ndez Mar\u00edn, y&nbsp;<em>Danz\u00f3n Puebla,<\/em>&nbsp;de Gonzalo Varela.&nbsp;&nbsp;<\/p>\n\n\n\n<p>Ya con un ambiente mucho m\u00e1s festivo, las y los j\u00f3venes pusieron a bailar a su p\u00fablico con&nbsp;<em>\u00a1Qu\u00e9 rico mambo!,&nbsp;<\/em>de D\u00e1maso P\u00e9rez Prado, y a cantar desde el coraz\u00f3n con dos de los temas m\u00e1s famosos de Juan Gabriel:&nbsp;<em>As\u00ed fue<\/em>&nbsp;y&nbsp;<em>Hasta que te conoc\u00ed<\/em>.&nbsp;<\/p>\n\n\n\n<p>Y es que el repertorio ha sido un gran aliado para la agrupaci\u00f3n durante estos 10 a\u00f1os, pues gracias a la m\u00fasica tan variada que toca se logra el fortalecimiento hacia los s\u00edmbolos e identidad cultural de cada una de las comunidades.<\/p>\n\n\n\n<figure class=\"wp-block-image size-large\"><img loading=\"lazy\" decoding=\"async\" width=\"1024\" height=\"683\" src=\"https:\/\/quehacerpolitico.mx\/wp-content\/uploads\/2025\/02\/image-33-1024x683.jpeg\" alt=\"\" class=\"wp-image-114840\" srcset=\"https:\/\/quehacerpolitico.mx\/wp-content\/uploads\/2025\/02\/image-33-1024x683.jpeg 1024w, https:\/\/quehacerpolitico.mx\/wp-content\/uploads\/2025\/02\/image-33-300x200.jpeg 300w, https:\/\/quehacerpolitico.mx\/wp-content\/uploads\/2025\/02\/image-33-768x512.jpeg 768w, https:\/\/quehacerpolitico.mx\/wp-content\/uploads\/2025\/02\/image-33-1536x1024.jpeg 1536w, https:\/\/quehacerpolitico.mx\/wp-content\/uploads\/2025\/02\/image-33-2048x1365.jpeg 2048w\" sizes=\"auto, (max-width: 1024px) 100vw, 1024px\" \/><\/figure>\n\n\n\n<p>Ya sea con marchas o m\u00fasica alusiva a alguna \u00e9poca, las ni\u00f1as y ni\u00f1os de la banda han descubierto las haza\u00f1as de personajes ilustres del pa\u00eds o de la belleza natural de la entidad como lo transmiten el<em>Danz\u00f3n Puebla<\/em>&nbsp;y&nbsp;<em>Qu\u00e9 chula es Puebla<\/em>.&nbsp;<\/p>\n\n\n\n<p>Adem\u00e1s, se interpret\u00f3 una variaci\u00f3n de&nbsp;<em>La sandunga,&nbsp;<\/em>en la que la joven G\u00e9nesis Ju\u00e1rez D\u00edaz, una de las integrantes fundadoras de la banda, toc\u00f3 un solo en saxof\u00f3n para el que se prepar\u00f3 por m\u00e1s de un mes.&nbsp;&nbsp;<\/p>\n\n\n\n<p>\u201cEstos 10 a\u00f1os han sido todo un viaje, personalmente me ha ayudado mucho con la formaci\u00f3n de valores y musicalmente, tambi\u00e9n ha sido un gran camino recorrido (&#8230;) al principio puede ser algo dif\u00edcil, pero si eres constante y con disciplina va a convertirse en algo que te puede agradar demasiado, dedicarse a algo musical o art\u00edstico es muy hermoso\u201d, dijo la joven saxofonista a las ni\u00f1as y ni\u00f1os que quieran dedicarse a la m\u00fasica.<\/p>\n\n\n\n<figure class=\"wp-block-image size-large\"><img loading=\"lazy\" decoding=\"async\" width=\"1024\" height=\"683\" src=\"https:\/\/quehacerpolitico.mx\/wp-content\/uploads\/2025\/02\/image-34-1024x683.jpeg\" alt=\"\" class=\"wp-image-114841\" srcset=\"https:\/\/quehacerpolitico.mx\/wp-content\/uploads\/2025\/02\/image-34-1024x683.jpeg 1024w, https:\/\/quehacerpolitico.mx\/wp-content\/uploads\/2025\/02\/image-34-300x200.jpeg 300w, https:\/\/quehacerpolitico.mx\/wp-content\/uploads\/2025\/02\/image-34-768x512.jpeg 768w, https:\/\/quehacerpolitico.mx\/wp-content\/uploads\/2025\/02\/image-34-1536x1024.jpeg 1536w, https:\/\/quehacerpolitico.mx\/wp-content\/uploads\/2025\/02\/image-34-2048x1365.jpeg 2048w\" sizes=\"auto, (max-width: 1024px) 100vw, 1024px\" \/><\/figure>\n\n\n\n<p><strong>10 a\u00f1os de m\u00fasica, paz y comunidad&nbsp;<\/strong>&nbsp;<\/p>\n\n\n\n<p>Uno de los grandes \u00e9xitos de la banda, y todas las que se forman a trav\u00e9s de los Semilleros, es la formaci\u00f3n musical con disciplina y compromiso, valores que junto con los de la empat\u00eda y equidad de g\u00e9nero son clave para el crecimiento de las ni\u00f1as y los ni\u00f1os.&nbsp;&nbsp;<\/p>\n\n\n\n<p>As\u00ed el Semillero Banda Sinf\u00f3nica Comunitaria de San Antonio Portezuelo ha impulsado en 10 a\u00f1os la vida de decenas de infantes de su comunidad a trav\u00e9s de la pr\u00e1ctica musical colectiva, que les ha permitido tambi\u00e9n vivir experiencias de intercambio social, cultural y art\u00edstico.<\/p>\n\n\n\n<figure class=\"wp-block-image size-large\"><img loading=\"lazy\" decoding=\"async\" width=\"1024\" height=\"683\" src=\"https:\/\/quehacerpolitico.mx\/wp-content\/uploads\/2025\/02\/image-35-1024x683.jpeg\" alt=\"\" class=\"wp-image-114842\" srcset=\"https:\/\/quehacerpolitico.mx\/wp-content\/uploads\/2025\/02\/image-35-1024x683.jpeg 1024w, https:\/\/quehacerpolitico.mx\/wp-content\/uploads\/2025\/02\/image-35-300x200.jpeg 300w, https:\/\/quehacerpolitico.mx\/wp-content\/uploads\/2025\/02\/image-35-768x512.jpeg 768w, https:\/\/quehacerpolitico.mx\/wp-content\/uploads\/2025\/02\/image-35-1536x1024.jpeg 1536w, https:\/\/quehacerpolitico.mx\/wp-content\/uploads\/2025\/02\/image-35-2048x1365.jpeg 2048w\" sizes=\"auto, (max-width: 1024px) 100vw, 1024px\" \/><\/figure>\n\n\n\n<p>Cabe se\u00f1alar que los Semilleros Creativos son grupos de formaci\u00f3n art\u00edstica gratuita con enfoque comunitario para ni\u00f1as, ni\u00f1os y j\u00f3venes, donde a partir de su riqueza cultural se fomenta la de paz en espacios seguros en los que se desarrolla su pensamiento cr\u00edtico; adem\u00e1s, se promueve su participaci\u00f3n en la vida art\u00edstica y su posicionamiento como agentes culturales. Se coordinan a trav\u00e9s de la DGVC y el SNFM, de la Secretar\u00eda de Cultura del Gobierno de M\u00e9xico.&nbsp;&nbsp;<\/p>\n","protected":false},"excerpt":{"rendered":"<p>Por Redacci\u00f3n QP En 2015, para 70 ni\u00f1as y ni\u00f1os de la Escuela Primaria \u201cIgnacio&#8230;<\/p>\n","protected":false},"author":2,"featured_media":114837,"comment_status":"open","ping_status":"open","sticky":false,"template":"","format":"standard","meta":{"_monsterinsights_skip_tracking":false,"_monsterinsights_sitenote_active":false,"_monsterinsights_sitenote_note":"","_monsterinsights_sitenote_category":0,"footnotes":""},"categories":[58],"tags":[],"class_list":["post-114836","post","type-post","status-publish","format-standard","has-post-thumbnail","hentry","category-cultura"],"yoast_head":"<!-- This site is optimized with the Yoast SEO plugin v27.3 - https:\/\/yoast.com\/product\/yoast-seo-wordpress\/ -->\n<title>DE PUEBLA PARA TODO M\u00c9XICO: 10 A\u00d1OS DE LA BANDA SINF\u00d3NICA DE SAN ANTONIO PORTEZUELO -<\/title>\n<meta name=\"robots\" content=\"index, follow, max-snippet:-1, max-image-preview:large, max-video-preview:-1\" \/>\n<link rel=\"canonical\" href=\"https:\/\/quehacerpolitico.mx\/?p=114836\" \/>\n<meta property=\"og:locale\" content=\"es_MX\" \/>\n<meta property=\"og:type\" content=\"article\" \/>\n<meta property=\"og:title\" content=\"DE PUEBLA PARA TODO M\u00c9XICO: 10 A\u00d1OS DE LA BANDA SINF\u00d3NICA DE SAN ANTONIO PORTEZUELO -\" \/>\n<meta property=\"og:description\" content=\"Por Redacci\u00f3n QP En 2015, para 70 ni\u00f1as y ni\u00f1os de la Escuela Primaria \u201cIgnacio...\" \/>\n<meta property=\"og:url\" content=\"https:\/\/quehacerpolitico.mx\/?p=114836\" \/>\n<meta property=\"article:published_time\" content=\"2025-02-20T17:19:39+00:00\" \/>\n<meta property=\"article:modified_time\" content=\"2025-02-20T17:19:41+00:00\" \/>\n<meta property=\"og:image\" content=\"https:\/\/quehacerpolitico.mx\/wp-content\/uploads\/2025\/02\/IMG_0680-scaled.jpeg\" \/>\n\t<meta property=\"og:image:width\" content=\"2560\" \/>\n\t<meta property=\"og:image:height\" content=\"1706\" \/>\n\t<meta property=\"og:image:type\" content=\"image\/jpeg\" \/>\n<meta name=\"author\" content=\"Redacci\u00f3n QP\" \/>\n<meta name=\"twitter:card\" content=\"summary_large_image\" \/>\n<meta name=\"twitter:label1\" content=\"Escrito por\" \/>\n\t<meta name=\"twitter:data1\" content=\"Redacci\u00f3n QP\" \/>\n\t<meta name=\"twitter:label2\" content=\"Tiempo de lectura\" \/>\n\t<meta name=\"twitter:data2\" content=\"5 minutos\" \/>\n<script type=\"application\/ld+json\" class=\"yoast-schema-graph\">{\"@context\":\"https:\\\/\\\/schema.org\",\"@graph\":[{\"@type\":\"Article\",\"@id\":\"https:\\\/\\\/quehacerpolitico.mx\\\/?p=114836#article\",\"isPartOf\":{\"@id\":\"https:\\\/\\\/quehacerpolitico.mx\\\/?p=114836\"},\"author\":{\"name\":\"Redacci\u00f3n QP\",\"@id\":\"https:\\\/\\\/quehacerpolitico.mx\\\/#\\\/schema\\\/person\\\/496d8ad2d1d3f8036101dca7ee39e585\"},\"headline\":\"DE PUEBLA PARA TODO M\u00c9XICO: 10 A\u00d1OS DE LA BANDA SINF\u00d3NICA DE SAN ANTONIO PORTEZUELO\",\"datePublished\":\"2025-02-20T17:19:39+00:00\",\"dateModified\":\"2025-02-20T17:19:41+00:00\",\"mainEntityOfPage\":{\"@id\":\"https:\\\/\\\/quehacerpolitico.mx\\\/?p=114836\"},\"wordCount\":942,\"commentCount\":0,\"image\":{\"@id\":\"https:\\\/\\\/quehacerpolitico.mx\\\/?p=114836#primaryimage\"},\"thumbnailUrl\":\"https:\\\/\\\/quehacerpolitico.mx\\\/wp-content\\\/uploads\\\/2025\\\/02\\\/IMG_0680-scaled.jpeg\",\"articleSection\":[\"Cultura y Entretenimiento\"],\"inLanguage\":\"es\",\"potentialAction\":[{\"@type\":\"CommentAction\",\"name\":\"Comment\",\"target\":[\"https:\\\/\\\/quehacerpolitico.mx\\\/?p=114836#respond\"]}]},{\"@type\":\"WebPage\",\"@id\":\"https:\\\/\\\/quehacerpolitico.mx\\\/?p=114836\",\"url\":\"https:\\\/\\\/quehacerpolitico.mx\\\/?p=114836\",\"name\":\"DE PUEBLA PARA TODO M\u00c9XICO: 10 A\u00d1OS DE LA BANDA SINF\u00d3NICA DE SAN ANTONIO PORTEZUELO -\",\"isPartOf\":{\"@id\":\"https:\\\/\\\/quehacerpolitico.mx\\\/#website\"},\"primaryImageOfPage\":{\"@id\":\"https:\\\/\\\/quehacerpolitico.mx\\\/?p=114836#primaryimage\"},\"image\":{\"@id\":\"https:\\\/\\\/quehacerpolitico.mx\\\/?p=114836#primaryimage\"},\"thumbnailUrl\":\"https:\\\/\\\/quehacerpolitico.mx\\\/wp-content\\\/uploads\\\/2025\\\/02\\\/IMG_0680-scaled.jpeg\",\"datePublished\":\"2025-02-20T17:19:39+00:00\",\"dateModified\":\"2025-02-20T17:19:41+00:00\",\"author\":{\"@id\":\"https:\\\/\\\/quehacerpolitico.mx\\\/#\\\/schema\\\/person\\\/496d8ad2d1d3f8036101dca7ee39e585\"},\"breadcrumb\":{\"@id\":\"https:\\\/\\\/quehacerpolitico.mx\\\/?p=114836#breadcrumb\"},\"inLanguage\":\"es\",\"potentialAction\":[{\"@type\":\"ReadAction\",\"target\":[\"https:\\\/\\\/quehacerpolitico.mx\\\/?p=114836\"]}]},{\"@type\":\"ImageObject\",\"inLanguage\":\"es\",\"@id\":\"https:\\\/\\\/quehacerpolitico.mx\\\/?p=114836#primaryimage\",\"url\":\"https:\\\/\\\/quehacerpolitico.mx\\\/wp-content\\\/uploads\\\/2025\\\/02\\\/IMG_0680-scaled.jpeg\",\"contentUrl\":\"https:\\\/\\\/quehacerpolitico.mx\\\/wp-content\\\/uploads\\\/2025\\\/02\\\/IMG_0680-scaled.jpeg\",\"width\":2560,\"height\":1706},{\"@type\":\"BreadcrumbList\",\"@id\":\"https:\\\/\\\/quehacerpolitico.mx\\\/?p=114836#breadcrumb\",\"itemListElement\":[{\"@type\":\"ListItem\",\"position\":1,\"name\":\"Inicio\",\"item\":\"https:\\\/\\\/quehacerpolitico.mx\\\/\"},{\"@type\":\"ListItem\",\"position\":2,\"name\":\"DE PUEBLA PARA TODO M\u00c9XICO: 10 A\u00d1OS DE LA BANDA SINF\u00d3NICA DE SAN ANTONIO PORTEZUELO\"}]},{\"@type\":\"WebSite\",\"@id\":\"https:\\\/\\\/quehacerpolitico.mx\\\/#website\",\"url\":\"https:\\\/\\\/quehacerpolitico.mx\\\/\",\"name\":\"\",\"description\":\"\",\"potentialAction\":[{\"@type\":\"SearchAction\",\"target\":{\"@type\":\"EntryPoint\",\"urlTemplate\":\"https:\\\/\\\/quehacerpolitico.mx\\\/?s={search_term_string}\"},\"query-input\":{\"@type\":\"PropertyValueSpecification\",\"valueRequired\":true,\"valueName\":\"search_term_string\"}}],\"inLanguage\":\"es\"},{\"@type\":\"Person\",\"@id\":\"https:\\\/\\\/quehacerpolitico.mx\\\/#\\\/schema\\\/person\\\/496d8ad2d1d3f8036101dca7ee39e585\",\"name\":\"Redacci\u00f3n QP\",\"image\":{\"@type\":\"ImageObject\",\"inLanguage\":\"es\",\"@id\":\"https:\\\/\\\/secure.gravatar.com\\\/avatar\\\/c7164ed6fdec453195284ad24a5ae5b6e1eed2b848477fa2a4787ba9adf39a41?s=96&d=mm&r=g\",\"url\":\"https:\\\/\\\/secure.gravatar.com\\\/avatar\\\/c7164ed6fdec453195284ad24a5ae5b6e1eed2b848477fa2a4787ba9adf39a41?s=96&d=mm&r=g\",\"contentUrl\":\"https:\\\/\\\/secure.gravatar.com\\\/avatar\\\/c7164ed6fdec453195284ad24a5ae5b6e1eed2b848477fa2a4787ba9adf39a41?s=96&d=mm&r=g\",\"caption\":\"Redacci\u00f3n QP\"},\"url\":\"https:\\\/\\\/quehacerpolitico.mx\\\/?author=2\"}]}<\/script>\n<!-- \/ Yoast SEO plugin. -->","yoast_head_json":{"title":"DE PUEBLA PARA TODO M\u00c9XICO: 10 A\u00d1OS DE LA BANDA SINF\u00d3NICA DE SAN ANTONIO PORTEZUELO -","robots":{"index":"index","follow":"follow","max-snippet":"max-snippet:-1","max-image-preview":"max-image-preview:large","max-video-preview":"max-video-preview:-1"},"canonical":"https:\/\/quehacerpolitico.mx\/?p=114836","og_locale":"es_MX","og_type":"article","og_title":"DE PUEBLA PARA TODO M\u00c9XICO: 10 A\u00d1OS DE LA BANDA SINF\u00d3NICA DE SAN ANTONIO PORTEZUELO -","og_description":"Por Redacci\u00f3n QP En 2015, para 70 ni\u00f1as y ni\u00f1os de la Escuela Primaria \u201cIgnacio...","og_url":"https:\/\/quehacerpolitico.mx\/?p=114836","article_published_time":"2025-02-20T17:19:39+00:00","article_modified_time":"2025-02-20T17:19:41+00:00","og_image":[{"width":2560,"height":1706,"url":"https:\/\/quehacerpolitico.mx\/wp-content\/uploads\/2025\/02\/IMG_0680-scaled.jpeg","type":"image\/jpeg"}],"author":"Redacci\u00f3n QP","twitter_card":"summary_large_image","twitter_misc":{"Escrito por":"Redacci\u00f3n QP","Tiempo de lectura":"5 minutos"},"schema":{"@context":"https:\/\/schema.org","@graph":[{"@type":"Article","@id":"https:\/\/quehacerpolitico.mx\/?p=114836#article","isPartOf":{"@id":"https:\/\/quehacerpolitico.mx\/?p=114836"},"author":{"name":"Redacci\u00f3n QP","@id":"https:\/\/quehacerpolitico.mx\/#\/schema\/person\/496d8ad2d1d3f8036101dca7ee39e585"},"headline":"DE PUEBLA PARA TODO M\u00c9XICO: 10 A\u00d1OS DE LA BANDA SINF\u00d3NICA DE SAN ANTONIO PORTEZUELO","datePublished":"2025-02-20T17:19:39+00:00","dateModified":"2025-02-20T17:19:41+00:00","mainEntityOfPage":{"@id":"https:\/\/quehacerpolitico.mx\/?p=114836"},"wordCount":942,"commentCount":0,"image":{"@id":"https:\/\/quehacerpolitico.mx\/?p=114836#primaryimage"},"thumbnailUrl":"https:\/\/quehacerpolitico.mx\/wp-content\/uploads\/2025\/02\/IMG_0680-scaled.jpeg","articleSection":["Cultura y Entretenimiento"],"inLanguage":"es","potentialAction":[{"@type":"CommentAction","name":"Comment","target":["https:\/\/quehacerpolitico.mx\/?p=114836#respond"]}]},{"@type":"WebPage","@id":"https:\/\/quehacerpolitico.mx\/?p=114836","url":"https:\/\/quehacerpolitico.mx\/?p=114836","name":"DE PUEBLA PARA TODO M\u00c9XICO: 10 A\u00d1OS DE LA BANDA SINF\u00d3NICA DE SAN ANTONIO PORTEZUELO -","isPartOf":{"@id":"https:\/\/quehacerpolitico.mx\/#website"},"primaryImageOfPage":{"@id":"https:\/\/quehacerpolitico.mx\/?p=114836#primaryimage"},"image":{"@id":"https:\/\/quehacerpolitico.mx\/?p=114836#primaryimage"},"thumbnailUrl":"https:\/\/quehacerpolitico.mx\/wp-content\/uploads\/2025\/02\/IMG_0680-scaled.jpeg","datePublished":"2025-02-20T17:19:39+00:00","dateModified":"2025-02-20T17:19:41+00:00","author":{"@id":"https:\/\/quehacerpolitico.mx\/#\/schema\/person\/496d8ad2d1d3f8036101dca7ee39e585"},"breadcrumb":{"@id":"https:\/\/quehacerpolitico.mx\/?p=114836#breadcrumb"},"inLanguage":"es","potentialAction":[{"@type":"ReadAction","target":["https:\/\/quehacerpolitico.mx\/?p=114836"]}]},{"@type":"ImageObject","inLanguage":"es","@id":"https:\/\/quehacerpolitico.mx\/?p=114836#primaryimage","url":"https:\/\/quehacerpolitico.mx\/wp-content\/uploads\/2025\/02\/IMG_0680-scaled.jpeg","contentUrl":"https:\/\/quehacerpolitico.mx\/wp-content\/uploads\/2025\/02\/IMG_0680-scaled.jpeg","width":2560,"height":1706},{"@type":"BreadcrumbList","@id":"https:\/\/quehacerpolitico.mx\/?p=114836#breadcrumb","itemListElement":[{"@type":"ListItem","position":1,"name":"Inicio","item":"https:\/\/quehacerpolitico.mx\/"},{"@type":"ListItem","position":2,"name":"DE PUEBLA PARA TODO M\u00c9XICO: 10 A\u00d1OS DE LA BANDA SINF\u00d3NICA DE SAN ANTONIO PORTEZUELO"}]},{"@type":"WebSite","@id":"https:\/\/quehacerpolitico.mx\/#website","url":"https:\/\/quehacerpolitico.mx\/","name":"","description":"","potentialAction":[{"@type":"SearchAction","target":{"@type":"EntryPoint","urlTemplate":"https:\/\/quehacerpolitico.mx\/?s={search_term_string}"},"query-input":{"@type":"PropertyValueSpecification","valueRequired":true,"valueName":"search_term_string"}}],"inLanguage":"es"},{"@type":"Person","@id":"https:\/\/quehacerpolitico.mx\/#\/schema\/person\/496d8ad2d1d3f8036101dca7ee39e585","name":"Redacci\u00f3n QP","image":{"@type":"ImageObject","inLanguage":"es","@id":"https:\/\/secure.gravatar.com\/avatar\/c7164ed6fdec453195284ad24a5ae5b6e1eed2b848477fa2a4787ba9adf39a41?s=96&d=mm&r=g","url":"https:\/\/secure.gravatar.com\/avatar\/c7164ed6fdec453195284ad24a5ae5b6e1eed2b848477fa2a4787ba9adf39a41?s=96&d=mm&r=g","contentUrl":"https:\/\/secure.gravatar.com\/avatar\/c7164ed6fdec453195284ad24a5ae5b6e1eed2b848477fa2a4787ba9adf39a41?s=96&d=mm&r=g","caption":"Redacci\u00f3n QP"},"url":"https:\/\/quehacerpolitico.mx\/?author=2"}]}},"featured_image_urls":{"full":["https:\/\/quehacerpolitico.mx\/wp-content\/uploads\/2025\/02\/IMG_0680-scaled.jpeg",2560,1706,false],"thumbnail":["https:\/\/quehacerpolitico.mx\/wp-content\/uploads\/2025\/02\/IMG_0680-150x150.jpeg",150,150,true],"medium":["https:\/\/quehacerpolitico.mx\/wp-content\/uploads\/2025\/02\/IMG_0680-300x200.jpeg",300,200,true],"medium_large":["https:\/\/quehacerpolitico.mx\/wp-content\/uploads\/2025\/02\/IMG_0680-768x512.jpeg",640,427,true],"large":["https:\/\/quehacerpolitico.mx\/wp-content\/uploads\/2025\/02\/IMG_0680-1024x683.jpeg",640,427,true],"1536x1536":["https:\/\/quehacerpolitico.mx\/wp-content\/uploads\/2025\/02\/IMG_0680-1536x1024.jpeg",1536,1024,true],"2048x2048":["https:\/\/quehacerpolitico.mx\/wp-content\/uploads\/2025\/02\/IMG_0680-2048x1365.jpeg",2048,1365,true],"covernews-featured":["https:\/\/quehacerpolitico.mx\/wp-content\/uploads\/2025\/02\/IMG_0680-1024x683.jpeg",1024,683,true],"covernews-medium":["https:\/\/quehacerpolitico.mx\/wp-content\/uploads\/2025\/02\/IMG_0680-540x340.jpeg",540,340,true]},"author_info":{"display_name":"Redacci\u00f3n QP","author_link":"https:\/\/quehacerpolitico.mx\/?author=2"},"category_info":"<a href=\"https:\/\/quehacerpolitico.mx\/?cat=58\" rel=\"category\">Cultura y Entretenimiento<\/a>","tag_info":"Cultura y Entretenimiento","comment_count":"0","_links":{"self":[{"href":"https:\/\/quehacerpolitico.mx\/index.php?rest_route=\/wp\/v2\/posts\/114836","targetHints":{"allow":["GET"]}}],"collection":[{"href":"https:\/\/quehacerpolitico.mx\/index.php?rest_route=\/wp\/v2\/posts"}],"about":[{"href":"https:\/\/quehacerpolitico.mx\/index.php?rest_route=\/wp\/v2\/types\/post"}],"author":[{"embeddable":true,"href":"https:\/\/quehacerpolitico.mx\/index.php?rest_route=\/wp\/v2\/users\/2"}],"replies":[{"embeddable":true,"href":"https:\/\/quehacerpolitico.mx\/index.php?rest_route=%2Fwp%2Fv2%2Fcomments&post=114836"}],"version-history":[{"count":2,"href":"https:\/\/quehacerpolitico.mx\/index.php?rest_route=\/wp\/v2\/posts\/114836\/revisions"}],"predecessor-version":[{"id":114844,"href":"https:\/\/quehacerpolitico.mx\/index.php?rest_route=\/wp\/v2\/posts\/114836\/revisions\/114844"}],"wp:featuredmedia":[{"embeddable":true,"href":"https:\/\/quehacerpolitico.mx\/index.php?rest_route=\/wp\/v2\/media\/114837"}],"wp:attachment":[{"href":"https:\/\/quehacerpolitico.mx\/index.php?rest_route=%2Fwp%2Fv2%2Fmedia&parent=114836"}],"wp:term":[{"taxonomy":"category","embeddable":true,"href":"https:\/\/quehacerpolitico.mx\/index.php?rest_route=%2Fwp%2Fv2%2Fcategories&post=114836"},{"taxonomy":"post_tag","embeddable":true,"href":"https:\/\/quehacerpolitico.mx\/index.php?rest_route=%2Fwp%2Fv2%2Ftags&post=114836"}],"curies":[{"name":"wp","href":"https:\/\/api.w.org\/{rel}","templated":true}]}}