{"id":114830,"date":"2025-02-19T13:13:08","date_gmt":"2025-02-19T19:13:08","guid":{"rendered":"https:\/\/quehacerpolitico.mx\/?p=114830"},"modified":"2025-02-19T13:13:11","modified_gmt":"2025-02-19T19:13:11","slug":"sheinbaum-asegura-que-no-teme-a-trump-por-sus-amenazas","status":"publish","type":"post","link":"https:\/\/quehacerpolitico.mx\/?p=114830","title":{"rendered":"Sheinbaum asegura que no teme a Trump por sus amenazas"},"content":{"rendered":"\n<p>Por Redacci\u00f3n QP<\/p>\n\n\n\n<p>\u201cTengo un pueblo que me respalda. Cuando uno tiene la certeza y la convicci\u00f3n, y sabe cu\u00e1les son sus principios, \u00bfpor qu\u00e9 uno va a tener miedo?&#8221;<\/p>\n\n\n\n<p>Donald Trump ha tomado medidas en contra de M\u00e9xico desde que tom\u00f3 posesi\u00f3n de la presidencia de Estados Unidos el pasado mes de enero, de las cuales, el amago de imponer aranceles, declarar terroristas a c\u00e1rteles del narcotr\u00e1fico y las deportaciones masivas han sido algunos de los temas m\u00e1s comentados.<\/p>\n\n\n\n<figure class=\"wp-block-embed is-type-rich is-provider-twitter wp-block-embed-twitter\"><div class=\"wp-block-embed__wrapper\">\n<blockquote class=\"twitter-tweet\" data-width=\"550\" data-dnt=\"true\"><p lang=\"es\" dir=\"ltr\">-\u00bfTienes miedo de <a href=\"https:\/\/twitter.com\/hashtag\/DonaldTrump?src=hash&amp;ref_src=twsrc%5Etfw\">#DonaldTrump<\/a>?<br><br>-&quot;No. Tengo un pueblo que me respalda&quot;, responde <a href=\"https:\/\/twitter.com\/Claudiashein?ref_src=twsrc%5Etfw\">@Claudiashein<\/a>. <a href=\"https:\/\/t.co\/D9ZUMPZvhn\">pic.twitter.com\/D9ZUMPZvhn<\/a><\/p>&mdash; Manuel Lopez San Martin (@MLopezSanMartin) <a href=\"https:\/\/twitter.com\/MLopezSanMartin\/status\/1892219258488430913?ref_src=twsrc%5Etfw\">February 19, 2025<\/a><\/blockquote><script async src=\"https:\/\/platform.twitter.com\/widgets.js\" charset=\"utf-8\"><\/script>\n<\/div><\/figure>\n\n\n\n<p><mark><strong>En este contexto, la Presidenta de M\u00e9xico, Claudia Sheinbaum Pardo, fue cuestionada el d\u00eda de hoy sobre su postura ante este tipo de amenazas.<\/strong><\/mark><\/p>\n\n\n\n<p>En su conferencia matutina, afirm\u00f3 que no siente ning\u00fan temor por su hom\u00f3logo estadounidense, pues tiene un pueblo que la respalda.<\/p>\n\n\n\n<p>Desde el Palacio Nacional, la jefa del Ejecutivo afirm\u00f3 que su gobierno nunca permitir\u00e1 que se vulnere la soberan\u00eda nacional, y en caso de que llegara a vulnerarse, &#8220;hay un pueblo entero para defender a su patria&#8221;.<\/p>\n\n\n\n<p><mark><strong>&#8220;Hay tantas amenazas de Trump. \u00c9l quiere deportar miles de mexicanos, tarifas, aranceles, y tambi\u00e9n una amenaza de colocar soldados americanos en territorio mexicano. \u00bfT\u00fa no tienes miedo de Trump?&#8221;<\/strong><\/mark>, se le pregunt\u00f3.<\/p>\n\n\n\n<p>&#8220;No&#8221;, respondi\u00f3 la Mandataria Federal.<\/p>\n\n\n\n<p>&#8220;\u00bfNo?&#8221;, se le insisti\u00f3.<\/p>\n\n\n\n<p><mark><strong>&#8220;No, tengo un pueblo que me respalda. Cuando uno tiene la certeza y la convicci\u00f3n, y sabe cu\u00e1les son sus principios, \u00bfpor qu\u00e9 uno va a tener miedo?&#8221;<\/strong><\/mark>, contest\u00f3.<\/p>\n\n\n\n<p>La Jefa del Ejecutivo federal se\u00f1al\u00f3 que Donald Trump tiene un estilo para expresarse y se\u00f1al\u00f3 que actualmente se est\u00e1 en di\u00e1logo en el tema de los aranceles.<\/p>\n\n\n\n<p>&#8220;Pero adem\u00e1s, una cosa tambi\u00e9n es, el presidente Trump tiene su manera de expresarse. Entonces, primero, hay en este momento di\u00e1logo. Y nosotros no vamos a permitir nunca que se vulnere la soberan\u00eda. Y si llegara a vulnerarse, hay un pueblo entero para defender a su patria&#8221;.<\/p>\n\n\n\n<p>Con informaci\u00f3n de SUN<\/p>\n","protected":false},"excerpt":{"rendered":"<p>Por Redacci\u00f3n QP \u201cTengo un pueblo que me respalda. Cuando uno tiene la certeza y&#8230;<\/p>\n","protected":false},"author":2,"featured_media":114831,"comment_status":"open","ping_status":"open","sticky":false,"template":"","format":"standard","meta":{"_monsterinsights_skip_tracking":false,"_monsterinsights_sitenote_active":false,"_monsterinsights_sitenote_note":"","_monsterinsights_sitenote_category":0,"footnotes":""},"categories":[280,2],"tags":[],"class_list":["post-114830","post","type-post","status-publish","format-standard","has-post-thumbnail","hentry","category-nacionales","category-noticias"],"yoast_head":"<!-- This site is optimized with the Yoast SEO plugin v27.3 - https:\/\/yoast.com\/product\/yoast-seo-wordpress\/ -->\n<title>Sheinbaum asegura que no teme a Trump por sus amenazas -<\/title>\n<meta name=\"robots\" content=\"index, follow, max-snippet:-1, max-image-preview:large, max-video-preview:-1\" \/>\n<link rel=\"canonical\" href=\"https:\/\/quehacerpolitico.mx\/?p=114830\" \/>\n<meta property=\"og:locale\" content=\"es_MX\" \/>\n<meta property=\"og:type\" content=\"article\" \/>\n<meta property=\"og:title\" content=\"Sheinbaum asegura que no teme a Trump por sus amenazas -\" \/>\n<meta property=\"og:description\" content=\"Por Redacci\u00f3n QP \u201cTengo un pueblo que me respalda. Cuando uno tiene la certeza y...\" \/>\n<meta property=\"og:url\" content=\"https:\/\/quehacerpolitico.mx\/?p=114830\" \/>\n<meta property=\"article:published_time\" content=\"2025-02-19T19:13:08+00:00\" \/>\n<meta property=\"article:modified_time\" content=\"2025-02-19T19:13:11+00:00\" \/>\n<meta property=\"og:image\" content=\"https:\/\/quehacerpolitico.mx\/wp-content\/uploads\/2025\/02\/IMG_0664.jpeg\" \/>\n\t<meta property=\"og:image:width\" content=\"1284\" \/>\n\t<meta property=\"og:image:height\" content=\"707\" \/>\n\t<meta property=\"og:image:type\" content=\"image\/jpeg\" \/>\n<meta name=\"author\" content=\"Redacci\u00f3n QP\" \/>\n<meta name=\"twitter:card\" content=\"summary_large_image\" \/>\n<meta name=\"twitter:label1\" content=\"Escrito por\" \/>\n\t<meta name=\"twitter:data1\" content=\"Redacci\u00f3n QP\" \/>\n\t<meta name=\"twitter:label2\" content=\"Tiempo de lectura\" \/>\n\t<meta name=\"twitter:data2\" content=\"2 minutos\" \/>\n<script type=\"application\/ld+json\" class=\"yoast-schema-graph\">{\"@context\":\"https:\\\/\\\/schema.org\",\"@graph\":[{\"@type\":\"Article\",\"@id\":\"https:\\\/\\\/quehacerpolitico.mx\\\/?p=114830#article\",\"isPartOf\":{\"@id\":\"https:\\\/\\\/quehacerpolitico.mx\\\/?p=114830\"},\"author\":{\"name\":\"Redacci\u00f3n QP\",\"@id\":\"https:\\\/\\\/quehacerpolitico.mx\\\/#\\\/schema\\\/person\\\/496d8ad2d1d3f8036101dca7ee39e585\"},\"headline\":\"Sheinbaum asegura que no teme a Trump por sus amenazas\",\"datePublished\":\"2025-02-19T19:13:08+00:00\",\"dateModified\":\"2025-02-19T19:13:11+00:00\",\"mainEntityOfPage\":{\"@id\":\"https:\\\/\\\/quehacerpolitico.mx\\\/?p=114830\"},\"wordCount\":357,\"commentCount\":0,\"image\":{\"@id\":\"https:\\\/\\\/quehacerpolitico.mx\\\/?p=114830#primaryimage\"},\"thumbnailUrl\":\"https:\\\/\\\/quehacerpolitico.mx\\\/wp-content\\\/uploads\\\/2025\\\/02\\\/IMG_0664.jpeg\",\"articleSection\":[\"Nacionales\",\"Noticias\"],\"inLanguage\":\"es\",\"potentialAction\":[{\"@type\":\"CommentAction\",\"name\":\"Comment\",\"target\":[\"https:\\\/\\\/quehacerpolitico.mx\\\/?p=114830#respond\"]}]},{\"@type\":\"WebPage\",\"@id\":\"https:\\\/\\\/quehacerpolitico.mx\\\/?p=114830\",\"url\":\"https:\\\/\\\/quehacerpolitico.mx\\\/?p=114830\",\"name\":\"Sheinbaum asegura que no teme a Trump por sus amenazas -\",\"isPartOf\":{\"@id\":\"https:\\\/\\\/quehacerpolitico.mx\\\/#website\"},\"primaryImageOfPage\":{\"@id\":\"https:\\\/\\\/quehacerpolitico.mx\\\/?p=114830#primaryimage\"},\"image\":{\"@id\":\"https:\\\/\\\/quehacerpolitico.mx\\\/?p=114830#primaryimage\"},\"thumbnailUrl\":\"https:\\\/\\\/quehacerpolitico.mx\\\/wp-content\\\/uploads\\\/2025\\\/02\\\/IMG_0664.jpeg\",\"datePublished\":\"2025-02-19T19:13:08+00:00\",\"dateModified\":\"2025-02-19T19:13:11+00:00\",\"author\":{\"@id\":\"https:\\\/\\\/quehacerpolitico.mx\\\/#\\\/schema\\\/person\\\/496d8ad2d1d3f8036101dca7ee39e585\"},\"breadcrumb\":{\"@id\":\"https:\\\/\\\/quehacerpolitico.mx\\\/?p=114830#breadcrumb\"},\"inLanguage\":\"es\",\"potentialAction\":[{\"@type\":\"ReadAction\",\"target\":[\"https:\\\/\\\/quehacerpolitico.mx\\\/?p=114830\"]}]},{\"@type\":\"ImageObject\",\"inLanguage\":\"es\",\"@id\":\"https:\\\/\\\/quehacerpolitico.mx\\\/?p=114830#primaryimage\",\"url\":\"https:\\\/\\\/quehacerpolitico.mx\\\/wp-content\\\/uploads\\\/2025\\\/02\\\/IMG_0664.jpeg\",\"contentUrl\":\"https:\\\/\\\/quehacerpolitico.mx\\\/wp-content\\\/uploads\\\/2025\\\/02\\\/IMG_0664.jpeg\",\"width\":1284,\"height\":707,\"caption\":\"Screenshot\"},{\"@type\":\"BreadcrumbList\",\"@id\":\"https:\\\/\\\/quehacerpolitico.mx\\\/?p=114830#breadcrumb\",\"itemListElement\":[{\"@type\":\"ListItem\",\"position\":1,\"name\":\"Inicio\",\"item\":\"https:\\\/\\\/quehacerpolitico.mx\\\/\"},{\"@type\":\"ListItem\",\"position\":2,\"name\":\"Sheinbaum asegura que no teme a Trump por sus amenazas\"}]},{\"@type\":\"WebSite\",\"@id\":\"https:\\\/\\\/quehacerpolitico.mx\\\/#website\",\"url\":\"https:\\\/\\\/quehacerpolitico.mx\\\/\",\"name\":\"\",\"description\":\"\",\"potentialAction\":[{\"@type\":\"SearchAction\",\"target\":{\"@type\":\"EntryPoint\",\"urlTemplate\":\"https:\\\/\\\/quehacerpolitico.mx\\\/?s={search_term_string}\"},\"query-input\":{\"@type\":\"PropertyValueSpecification\",\"valueRequired\":true,\"valueName\":\"search_term_string\"}}],\"inLanguage\":\"es\"},{\"@type\":\"Person\",\"@id\":\"https:\\\/\\\/quehacerpolitico.mx\\\/#\\\/schema\\\/person\\\/496d8ad2d1d3f8036101dca7ee39e585\",\"name\":\"Redacci\u00f3n QP\",\"image\":{\"@type\":\"ImageObject\",\"inLanguage\":\"es\",\"@id\":\"https:\\\/\\\/secure.gravatar.com\\\/avatar\\\/c7164ed6fdec453195284ad24a5ae5b6e1eed2b848477fa2a4787ba9adf39a41?s=96&d=mm&r=g\",\"url\":\"https:\\\/\\\/secure.gravatar.com\\\/avatar\\\/c7164ed6fdec453195284ad24a5ae5b6e1eed2b848477fa2a4787ba9adf39a41?s=96&d=mm&r=g\",\"contentUrl\":\"https:\\\/\\\/secure.gravatar.com\\\/avatar\\\/c7164ed6fdec453195284ad24a5ae5b6e1eed2b848477fa2a4787ba9adf39a41?s=96&d=mm&r=g\",\"caption\":\"Redacci\u00f3n QP\"},\"url\":\"https:\\\/\\\/quehacerpolitico.mx\\\/?author=2\"}]}<\/script>\n<!-- \/ Yoast SEO plugin. -->","yoast_head_json":{"title":"Sheinbaum asegura que no teme a Trump por sus amenazas -","robots":{"index":"index","follow":"follow","max-snippet":"max-snippet:-1","max-image-preview":"max-image-preview:large","max-video-preview":"max-video-preview:-1"},"canonical":"https:\/\/quehacerpolitico.mx\/?p=114830","og_locale":"es_MX","og_type":"article","og_title":"Sheinbaum asegura que no teme a Trump por sus amenazas -","og_description":"Por Redacci\u00f3n QP \u201cTengo un pueblo que me respalda. Cuando uno tiene la certeza y...","og_url":"https:\/\/quehacerpolitico.mx\/?p=114830","article_published_time":"2025-02-19T19:13:08+00:00","article_modified_time":"2025-02-19T19:13:11+00:00","og_image":[{"width":1284,"height":707,"url":"https:\/\/quehacerpolitico.mx\/wp-content\/uploads\/2025\/02\/IMG_0664.jpeg","type":"image\/jpeg"}],"author":"Redacci\u00f3n QP","twitter_card":"summary_large_image","twitter_misc":{"Escrito por":"Redacci\u00f3n QP","Tiempo de lectura":"2 minutos"},"schema":{"@context":"https:\/\/schema.org","@graph":[{"@type":"Article","@id":"https:\/\/quehacerpolitico.mx\/?p=114830#article","isPartOf":{"@id":"https:\/\/quehacerpolitico.mx\/?p=114830"},"author":{"name":"Redacci\u00f3n QP","@id":"https:\/\/quehacerpolitico.mx\/#\/schema\/person\/496d8ad2d1d3f8036101dca7ee39e585"},"headline":"Sheinbaum asegura que no teme a Trump por sus amenazas","datePublished":"2025-02-19T19:13:08+00:00","dateModified":"2025-02-19T19:13:11+00:00","mainEntityOfPage":{"@id":"https:\/\/quehacerpolitico.mx\/?p=114830"},"wordCount":357,"commentCount":0,"image":{"@id":"https:\/\/quehacerpolitico.mx\/?p=114830#primaryimage"},"thumbnailUrl":"https:\/\/quehacerpolitico.mx\/wp-content\/uploads\/2025\/02\/IMG_0664.jpeg","articleSection":["Nacionales","Noticias"],"inLanguage":"es","potentialAction":[{"@type":"CommentAction","name":"Comment","target":["https:\/\/quehacerpolitico.mx\/?p=114830#respond"]}]},{"@type":"WebPage","@id":"https:\/\/quehacerpolitico.mx\/?p=114830","url":"https:\/\/quehacerpolitico.mx\/?p=114830","name":"Sheinbaum asegura que no teme a Trump por sus amenazas -","isPartOf":{"@id":"https:\/\/quehacerpolitico.mx\/#website"},"primaryImageOfPage":{"@id":"https:\/\/quehacerpolitico.mx\/?p=114830#primaryimage"},"image":{"@id":"https:\/\/quehacerpolitico.mx\/?p=114830#primaryimage"},"thumbnailUrl":"https:\/\/quehacerpolitico.mx\/wp-content\/uploads\/2025\/02\/IMG_0664.jpeg","datePublished":"2025-02-19T19:13:08+00:00","dateModified":"2025-02-19T19:13:11+00:00","author":{"@id":"https:\/\/quehacerpolitico.mx\/#\/schema\/person\/496d8ad2d1d3f8036101dca7ee39e585"},"breadcrumb":{"@id":"https:\/\/quehacerpolitico.mx\/?p=114830#breadcrumb"},"inLanguage":"es","potentialAction":[{"@type":"ReadAction","target":["https:\/\/quehacerpolitico.mx\/?p=114830"]}]},{"@type":"ImageObject","inLanguage":"es","@id":"https:\/\/quehacerpolitico.mx\/?p=114830#primaryimage","url":"https:\/\/quehacerpolitico.mx\/wp-content\/uploads\/2025\/02\/IMG_0664.jpeg","contentUrl":"https:\/\/quehacerpolitico.mx\/wp-content\/uploads\/2025\/02\/IMG_0664.jpeg","width":1284,"height":707,"caption":"Screenshot"},{"@type":"BreadcrumbList","@id":"https:\/\/quehacerpolitico.mx\/?p=114830#breadcrumb","itemListElement":[{"@type":"ListItem","position":1,"name":"Inicio","item":"https:\/\/quehacerpolitico.mx\/"},{"@type":"ListItem","position":2,"name":"Sheinbaum asegura que no teme a Trump por sus amenazas"}]},{"@type":"WebSite","@id":"https:\/\/quehacerpolitico.mx\/#website","url":"https:\/\/quehacerpolitico.mx\/","name":"","description":"","potentialAction":[{"@type":"SearchAction","target":{"@type":"EntryPoint","urlTemplate":"https:\/\/quehacerpolitico.mx\/?s={search_term_string}"},"query-input":{"@type":"PropertyValueSpecification","valueRequired":true,"valueName":"search_term_string"}}],"inLanguage":"es"},{"@type":"Person","@id":"https:\/\/quehacerpolitico.mx\/#\/schema\/person\/496d8ad2d1d3f8036101dca7ee39e585","name":"Redacci\u00f3n QP","image":{"@type":"ImageObject","inLanguage":"es","@id":"https:\/\/secure.gravatar.com\/avatar\/c7164ed6fdec453195284ad24a5ae5b6e1eed2b848477fa2a4787ba9adf39a41?s=96&d=mm&r=g","url":"https:\/\/secure.gravatar.com\/avatar\/c7164ed6fdec453195284ad24a5ae5b6e1eed2b848477fa2a4787ba9adf39a41?s=96&d=mm&r=g","contentUrl":"https:\/\/secure.gravatar.com\/avatar\/c7164ed6fdec453195284ad24a5ae5b6e1eed2b848477fa2a4787ba9adf39a41?s=96&d=mm&r=g","caption":"Redacci\u00f3n QP"},"url":"https:\/\/quehacerpolitico.mx\/?author=2"}]}},"featured_image_urls":{"full":["https:\/\/quehacerpolitico.mx\/wp-content\/uploads\/2025\/02\/IMG_0664.jpeg",1284,707,false],"thumbnail":["https:\/\/quehacerpolitico.mx\/wp-content\/uploads\/2025\/02\/IMG_0664-150x150.jpeg",150,150,true],"medium":["https:\/\/quehacerpolitico.mx\/wp-content\/uploads\/2025\/02\/IMG_0664-300x165.jpeg",300,165,true],"medium_large":["https:\/\/quehacerpolitico.mx\/wp-content\/uploads\/2025\/02\/IMG_0664-768x423.jpeg",640,353,true],"large":["https:\/\/quehacerpolitico.mx\/wp-content\/uploads\/2025\/02\/IMG_0664-1024x564.jpeg",640,353,true],"1536x1536":["https:\/\/quehacerpolitico.mx\/wp-content\/uploads\/2025\/02\/IMG_0664.jpeg",1284,707,false],"2048x2048":["https:\/\/quehacerpolitico.mx\/wp-content\/uploads\/2025\/02\/IMG_0664.jpeg",1284,707,false],"covernews-featured":["https:\/\/quehacerpolitico.mx\/wp-content\/uploads\/2025\/02\/IMG_0664-1024x564.jpeg",1024,564,true],"covernews-medium":["https:\/\/quehacerpolitico.mx\/wp-content\/uploads\/2025\/02\/IMG_0664-540x340.jpeg",540,340,true]},"author_info":{"display_name":"Redacci\u00f3n QP","author_link":"https:\/\/quehacerpolitico.mx\/?author=2"},"category_info":"<a href=\"https:\/\/quehacerpolitico.mx\/?cat=280\" rel=\"category\">Nacionales<\/a> <a href=\"https:\/\/quehacerpolitico.mx\/?cat=2\" rel=\"category\">Noticias<\/a>","tag_info":"Noticias","comment_count":"0","_links":{"self":[{"href":"https:\/\/quehacerpolitico.mx\/index.php?rest_route=\/wp\/v2\/posts\/114830","targetHints":{"allow":["GET"]}}],"collection":[{"href":"https:\/\/quehacerpolitico.mx\/index.php?rest_route=\/wp\/v2\/posts"}],"about":[{"href":"https:\/\/quehacerpolitico.mx\/index.php?rest_route=\/wp\/v2\/types\/post"}],"author":[{"embeddable":true,"href":"https:\/\/quehacerpolitico.mx\/index.php?rest_route=\/wp\/v2\/users\/2"}],"replies":[{"embeddable":true,"href":"https:\/\/quehacerpolitico.mx\/index.php?rest_route=%2Fwp%2Fv2%2Fcomments&post=114830"}],"version-history":[{"count":1,"href":"https:\/\/quehacerpolitico.mx\/index.php?rest_route=\/wp\/v2\/posts\/114830\/revisions"}],"predecessor-version":[{"id":114832,"href":"https:\/\/quehacerpolitico.mx\/index.php?rest_route=\/wp\/v2\/posts\/114830\/revisions\/114832"}],"wp:featuredmedia":[{"embeddable":true,"href":"https:\/\/quehacerpolitico.mx\/index.php?rest_route=\/wp\/v2\/media\/114831"}],"wp:attachment":[{"href":"https:\/\/quehacerpolitico.mx\/index.php?rest_route=%2Fwp%2Fv2%2Fmedia&parent=114830"}],"wp:term":[{"taxonomy":"category","embeddable":true,"href":"https:\/\/quehacerpolitico.mx\/index.php?rest_route=%2Fwp%2Fv2%2Fcategories&post=114830"},{"taxonomy":"post_tag","embeddable":true,"href":"https:\/\/quehacerpolitico.mx\/index.php?rest_route=%2Fwp%2Fv2%2Ftags&post=114830"}],"curies":[{"name":"wp","href":"https:\/\/api.w.org\/{rel}","templated":true}]}}