{"id":114823,"date":"2025-02-17T08:44:23","date_gmt":"2025-02-17T14:44:23","guid":{"rendered":"https:\/\/quehacerpolitico.mx\/?p=114823"},"modified":"2025-02-17T08:44:25","modified_gmt":"2025-02-17T14:44:25","slug":"el-quehacer-politico-a-traves-de-la-opinion-jose-alberto-prado-angeles-de-nixon-a-trump-caos-en-el-poder-judicial","status":"publish","type":"post","link":"https:\/\/quehacerpolitico.mx\/?p=114823","title":{"rendered":"El Quehacer Pol\u00edtico a trav\u00e9s de la opini\u00f3n\/\/\/Jose Alberto Prado \u00c1ngeles\/\/\/De Nixon a Trump caos en el poder judicial"},"content":{"rendered":"\n<p>Por Jos\u00e9 Alberto Prado Angeles<\/p>\n\n\n\n<p>Director General y Editor<\/p>\n\n\n\n<p>Desde el esc\u00e1ndalo de Watergate -a principios de la d\u00e9cada de los 70\u2019s, que a la postre provoc\u00f3 la renuncia del expresidente Richard Nixon- no se hab\u00edan presentado una renuncia masiva del Departamento de Justicia de los Estados Unidos, como sucedi\u00f3 la semana pasada, cuando -hasta el viernes- siete los fiscales federales de Manhattan y Washington hab\u00edan renunciado a sus cargos como protesta al retiro de cargos en contra del alcalde de Nueva York, Eric Adams, promovidos desde la c\u00fapula de la administraci\u00f3n de Donald Trump, ya que la orden la dio directamente la nueva Fiscal General Pam Bondi.<\/p>\n\n\n\n<p>El 26 de septiembre del a\u00f1o pasado -durante la administraci\u00f3n de Joe Biden- el alcalde dem\u00f3crata neoyorquino hab\u00eda sido acusado de cinco cargos relacionados con sobornos, fraude electr\u00f3nico, conspiraci\u00f3n y solicitud de contribuciones de campa\u00f1a a ciudadanos extranjeros; acciones ilegales que se remontaban desde 2014, cuando era presidente del Distrito de Brooklyn. Sin embargo, con la llegada de Donald Trump a la presidencia y sus planes de llevar a cabo sus masivas redadas en contra de los migrantes sin documentos, Nueva York, como \u201cciudad santuario\u201d -donde se limita la cooperaci\u00f3n con las autoridades federales de inmigracion- era un obst\u00e1culo para la Casa Blanca. Y \u201ccausalmente\u201d en los cargos en contra del alcalde Eric Adams se encontr\u00f3 la \u201cllave\u201d para abrir la puerta a la \u201ccolaboraci\u00f3n\u201d, con el \u201cQuid pro quo\u201d -\u201dAlgo por algo\u201d o \u201cUna cosa por otra\u201d-, por lo que el lunes pasado el Departamento de Justicia orden\u00f3 que se desestimaran los cargos \u201csin perjuicio\u201d -que permitir\u00eda en el futuro restablecer los cargos en cualquier momento, si dejara de cooperar con la nueva pol\u00edtica migratoria- y \u201csin evaluar la solidez de la evidencia\u201d, bajo el argumento que hab\u00eda que \u201ccumplir los objetivos de imigracion del presidente Trump, adem\u00e1s de restringir indebidamente la capacidad del alcalde Adams para dedicar toda su atenci\u00f3n y recursos a la inmigracion ilegal y los delitos violentos\u201d \u00a1De ese tama\u00f1o la justificaci\u00f3n!<\/p>\n\n\n\n<p>El viernes, Hagan Scotten, el \u00faltimo fiscal en renunciar, dijo que desestimar los cargos al alcalde Nueva York \u201csolo lo hace un tonto o un cobarde\u201d, ademas de advertir que es un procedimiento \u201cimpresionante y peligroso\u201d.<\/p>\n\n\n\n<p>Lo que fue el descaro dentro de la \u201cturbulencia\u201d pol\u00edtica que el asunto ha provocado, fue el hecho que el alcalde Eric Adams apareciera ese mismo d\u00eda sentado junto a Tom Homan -el Zar de la frontera- en un programa de la cadena Fox News -principal medio que apoya a Trump- hablando de la \u201ccolaboraci\u00f3n\u201d de la ciudad de Nueva York con las autoridades migratorias. La controversia ha llegado hasta la oficina de la gobernadora del estado, Kathy Hochul, donde \u201calarmados\u201d l\u00edderes c\u00edvicos y funcionarios electos, que han denunciado \u201cun acuerdo corrupto para protegerlo\u201d, invocan a su autoridad para destituir a Adams del cargo.<\/p>\n\n\n\n<p>El tema -que podr\u00edamos denominar Adamsgate, por la masiva renuncia de fiscales y la posible destituci\u00f3n del involucrado- va para largo y muchos se sorprenden que esto suceda en Estados Unidos. Sin embargo el asunto solo viene a comprobar que \u201cDonde quiera se cuecen habas\u201d.<\/p>\n\n\n\n<p>As\u00ed el Quehacer Pol\u00edtico Desde 1980, 44 a\u00f1os inquiriendo en la pol\u00edtica de M\u00e9xico, cuestionando, exponiendo, revelando y razonando.Es cuanto.<\/p>\n","protected":false},"excerpt":{"rendered":"<p>Por Jos\u00e9 Alberto Prado Angeles Director General y Editor Desde el esc\u00e1ndalo de Watergate -a&#8230;<\/p>\n","protected":false},"author":2,"featured_media":114824,"comment_status":"open","ping_status":"open","sticky":false,"template":"","format":"standard","meta":{"_monsterinsights_skip_tracking":false,"_monsterinsights_sitenote_active":false,"_monsterinsights_sitenote_note":"","_monsterinsights_sitenote_category":0,"footnotes":""},"categories":[280,2],"tags":[],"class_list":["post-114823","post","type-post","status-publish","format-standard","has-post-thumbnail","hentry","category-nacionales","category-noticias"],"yoast_head":"<!-- This site is optimized with the Yoast SEO plugin v27.3 - https:\/\/yoast.com\/product\/yoast-seo-wordpress\/ -->\n<title>El Quehacer Pol\u00edtico a trav\u00e9s de la opini\u00f3n\/\/\/Jose Alberto Prado \u00c1ngeles\/\/\/De Nixon a Trump caos en el poder judicial -<\/title>\n<meta name=\"robots\" content=\"index, follow, max-snippet:-1, max-image-preview:large, max-video-preview:-1\" \/>\n<link rel=\"canonical\" href=\"https:\/\/quehacerpolitico.mx\/?p=114823\" \/>\n<meta property=\"og:locale\" content=\"es_MX\" \/>\n<meta property=\"og:type\" content=\"article\" \/>\n<meta property=\"og:title\" content=\"El Quehacer Pol\u00edtico a trav\u00e9s de la opini\u00f3n\/\/\/Jose Alberto Prado \u00c1ngeles\/\/\/De Nixon a Trump caos en el poder judicial -\" \/>\n<meta property=\"og:description\" content=\"Por Jos\u00e9 Alberto Prado Angeles Director General y Editor Desde el esc\u00e1ndalo de Watergate -a...\" \/>\n<meta property=\"og:url\" content=\"https:\/\/quehacerpolitico.mx\/?p=114823\" \/>\n<meta property=\"article:published_time\" content=\"2025-02-17T14:44:23+00:00\" \/>\n<meta property=\"article:modified_time\" content=\"2025-02-17T14:44:25+00:00\" \/>\n<meta property=\"og:image\" content=\"https:\/\/quehacerpolitico.mx\/wp-content\/uploads\/2025\/02\/fb07bd44-0f95-41a8-8353-f61c55b6d960-2.jpeg\" \/>\n\t<meta property=\"og:image:width\" content=\"963\" \/>\n\t<meta property=\"og:image:height\" content=\"493\" \/>\n\t<meta property=\"og:image:type\" content=\"image\/jpeg\" \/>\n<meta name=\"author\" content=\"Redacci\u00f3n QP\" \/>\n<meta name=\"twitter:card\" content=\"summary_large_image\" \/>\n<meta name=\"twitter:label1\" content=\"Escrito por\" \/>\n\t<meta name=\"twitter:data1\" content=\"Redacci\u00f3n QP\" \/>\n\t<meta name=\"twitter:label2\" content=\"Tiempo de lectura\" \/>\n\t<meta name=\"twitter:data2\" content=\"3 minutos\" \/>\n<script type=\"application\/ld+json\" class=\"yoast-schema-graph\">{\"@context\":\"https:\\\/\\\/schema.org\",\"@graph\":[{\"@type\":\"Article\",\"@id\":\"https:\\\/\\\/quehacerpolitico.mx\\\/?p=114823#article\",\"isPartOf\":{\"@id\":\"https:\\\/\\\/quehacerpolitico.mx\\\/?p=114823\"},\"author\":{\"name\":\"Redacci\u00f3n QP\",\"@id\":\"https:\\\/\\\/quehacerpolitico.mx\\\/#\\\/schema\\\/person\\\/496d8ad2d1d3f8036101dca7ee39e585\"},\"headline\":\"El Quehacer Pol\u00edtico a trav\u00e9s de la opini\u00f3n\\\/\\\/\\\/Jose Alberto Prado \u00c1ngeles\\\/\\\/\\\/De Nixon a Trump caos en el poder judicial\",\"datePublished\":\"2025-02-17T14:44:23+00:00\",\"dateModified\":\"2025-02-17T14:44:25+00:00\",\"mainEntityOfPage\":{\"@id\":\"https:\\\/\\\/quehacerpolitico.mx\\\/?p=114823\"},\"wordCount\":597,\"commentCount\":0,\"image\":{\"@id\":\"https:\\\/\\\/quehacerpolitico.mx\\\/?p=114823#primaryimage\"},\"thumbnailUrl\":\"https:\\\/\\\/quehacerpolitico.mx\\\/wp-content\\\/uploads\\\/2025\\\/02\\\/fb07bd44-0f95-41a8-8353-f61c55b6d960-2.jpeg\",\"articleSection\":[\"Nacionales\",\"Noticias\"],\"inLanguage\":\"es\",\"potentialAction\":[{\"@type\":\"CommentAction\",\"name\":\"Comment\",\"target\":[\"https:\\\/\\\/quehacerpolitico.mx\\\/?p=114823#respond\"]}]},{\"@type\":\"WebPage\",\"@id\":\"https:\\\/\\\/quehacerpolitico.mx\\\/?p=114823\",\"url\":\"https:\\\/\\\/quehacerpolitico.mx\\\/?p=114823\",\"name\":\"El Quehacer Pol\u00edtico a trav\u00e9s de la opini\u00f3n\\\/\\\/\\\/Jose Alberto Prado \u00c1ngeles\\\/\\\/\\\/De Nixon a Trump caos en el poder judicial -\",\"isPartOf\":{\"@id\":\"https:\\\/\\\/quehacerpolitico.mx\\\/#website\"},\"primaryImageOfPage\":{\"@id\":\"https:\\\/\\\/quehacerpolitico.mx\\\/?p=114823#primaryimage\"},\"image\":{\"@id\":\"https:\\\/\\\/quehacerpolitico.mx\\\/?p=114823#primaryimage\"},\"thumbnailUrl\":\"https:\\\/\\\/quehacerpolitico.mx\\\/wp-content\\\/uploads\\\/2025\\\/02\\\/fb07bd44-0f95-41a8-8353-f61c55b6d960-2.jpeg\",\"datePublished\":\"2025-02-17T14:44:23+00:00\",\"dateModified\":\"2025-02-17T14:44:25+00:00\",\"author\":{\"@id\":\"https:\\\/\\\/quehacerpolitico.mx\\\/#\\\/schema\\\/person\\\/496d8ad2d1d3f8036101dca7ee39e585\"},\"breadcrumb\":{\"@id\":\"https:\\\/\\\/quehacerpolitico.mx\\\/?p=114823#breadcrumb\"},\"inLanguage\":\"es\",\"potentialAction\":[{\"@type\":\"ReadAction\",\"target\":[\"https:\\\/\\\/quehacerpolitico.mx\\\/?p=114823\"]}]},{\"@type\":\"ImageObject\",\"inLanguage\":\"es\",\"@id\":\"https:\\\/\\\/quehacerpolitico.mx\\\/?p=114823#primaryimage\",\"url\":\"https:\\\/\\\/quehacerpolitico.mx\\\/wp-content\\\/uploads\\\/2025\\\/02\\\/fb07bd44-0f95-41a8-8353-f61c55b6d960-2.jpeg\",\"contentUrl\":\"https:\\\/\\\/quehacerpolitico.mx\\\/wp-content\\\/uploads\\\/2025\\\/02\\\/fb07bd44-0f95-41a8-8353-f61c55b6d960-2.jpeg\",\"width\":963,\"height\":493},{\"@type\":\"BreadcrumbList\",\"@id\":\"https:\\\/\\\/quehacerpolitico.mx\\\/?p=114823#breadcrumb\",\"itemListElement\":[{\"@type\":\"ListItem\",\"position\":1,\"name\":\"Inicio\",\"item\":\"https:\\\/\\\/quehacerpolitico.mx\\\/\"},{\"@type\":\"ListItem\",\"position\":2,\"name\":\"El Quehacer Pol\u00edtico a trav\u00e9s de la opini\u00f3n\\\/\\\/\\\/Jose Alberto Prado \u00c1ngeles\\\/\\\/\\\/De Nixon a Trump caos en el poder judicial\"}]},{\"@type\":\"WebSite\",\"@id\":\"https:\\\/\\\/quehacerpolitico.mx\\\/#website\",\"url\":\"https:\\\/\\\/quehacerpolitico.mx\\\/\",\"name\":\"\",\"description\":\"\",\"potentialAction\":[{\"@type\":\"SearchAction\",\"target\":{\"@type\":\"EntryPoint\",\"urlTemplate\":\"https:\\\/\\\/quehacerpolitico.mx\\\/?s={search_term_string}\"},\"query-input\":{\"@type\":\"PropertyValueSpecification\",\"valueRequired\":true,\"valueName\":\"search_term_string\"}}],\"inLanguage\":\"es\"},{\"@type\":\"Person\",\"@id\":\"https:\\\/\\\/quehacerpolitico.mx\\\/#\\\/schema\\\/person\\\/496d8ad2d1d3f8036101dca7ee39e585\",\"name\":\"Redacci\u00f3n QP\",\"image\":{\"@type\":\"ImageObject\",\"inLanguage\":\"es\",\"@id\":\"https:\\\/\\\/secure.gravatar.com\\\/avatar\\\/c7164ed6fdec453195284ad24a5ae5b6e1eed2b848477fa2a4787ba9adf39a41?s=96&d=mm&r=g\",\"url\":\"https:\\\/\\\/secure.gravatar.com\\\/avatar\\\/c7164ed6fdec453195284ad24a5ae5b6e1eed2b848477fa2a4787ba9adf39a41?s=96&d=mm&r=g\",\"contentUrl\":\"https:\\\/\\\/secure.gravatar.com\\\/avatar\\\/c7164ed6fdec453195284ad24a5ae5b6e1eed2b848477fa2a4787ba9adf39a41?s=96&d=mm&r=g\",\"caption\":\"Redacci\u00f3n QP\"},\"url\":\"https:\\\/\\\/quehacerpolitico.mx\\\/?author=2\"}]}<\/script>\n<!-- \/ Yoast SEO plugin. -->","yoast_head_json":{"title":"El Quehacer Pol\u00edtico a trav\u00e9s de la opini\u00f3n\/\/\/Jose Alberto Prado \u00c1ngeles\/\/\/De Nixon a Trump caos en el poder judicial -","robots":{"index":"index","follow":"follow","max-snippet":"max-snippet:-1","max-image-preview":"max-image-preview:large","max-video-preview":"max-video-preview:-1"},"canonical":"https:\/\/quehacerpolitico.mx\/?p=114823","og_locale":"es_MX","og_type":"article","og_title":"El Quehacer Pol\u00edtico a trav\u00e9s de la opini\u00f3n\/\/\/Jose Alberto Prado \u00c1ngeles\/\/\/De Nixon a Trump caos en el poder judicial -","og_description":"Por Jos\u00e9 Alberto Prado Angeles Director General y Editor Desde el esc\u00e1ndalo de Watergate -a...","og_url":"https:\/\/quehacerpolitico.mx\/?p=114823","article_published_time":"2025-02-17T14:44:23+00:00","article_modified_time":"2025-02-17T14:44:25+00:00","og_image":[{"width":963,"height":493,"url":"https:\/\/quehacerpolitico.mx\/wp-content\/uploads\/2025\/02\/fb07bd44-0f95-41a8-8353-f61c55b6d960-2.jpeg","type":"image\/jpeg"}],"author":"Redacci\u00f3n QP","twitter_card":"summary_large_image","twitter_misc":{"Escrito por":"Redacci\u00f3n QP","Tiempo de lectura":"3 minutos"},"schema":{"@context":"https:\/\/schema.org","@graph":[{"@type":"Article","@id":"https:\/\/quehacerpolitico.mx\/?p=114823#article","isPartOf":{"@id":"https:\/\/quehacerpolitico.mx\/?p=114823"},"author":{"name":"Redacci\u00f3n QP","@id":"https:\/\/quehacerpolitico.mx\/#\/schema\/person\/496d8ad2d1d3f8036101dca7ee39e585"},"headline":"El Quehacer Pol\u00edtico a trav\u00e9s de la opini\u00f3n\/\/\/Jose Alberto Prado \u00c1ngeles\/\/\/De Nixon a Trump caos en el poder judicial","datePublished":"2025-02-17T14:44:23+00:00","dateModified":"2025-02-17T14:44:25+00:00","mainEntityOfPage":{"@id":"https:\/\/quehacerpolitico.mx\/?p=114823"},"wordCount":597,"commentCount":0,"image":{"@id":"https:\/\/quehacerpolitico.mx\/?p=114823#primaryimage"},"thumbnailUrl":"https:\/\/quehacerpolitico.mx\/wp-content\/uploads\/2025\/02\/fb07bd44-0f95-41a8-8353-f61c55b6d960-2.jpeg","articleSection":["Nacionales","Noticias"],"inLanguage":"es","potentialAction":[{"@type":"CommentAction","name":"Comment","target":["https:\/\/quehacerpolitico.mx\/?p=114823#respond"]}]},{"@type":"WebPage","@id":"https:\/\/quehacerpolitico.mx\/?p=114823","url":"https:\/\/quehacerpolitico.mx\/?p=114823","name":"El Quehacer Pol\u00edtico a trav\u00e9s de la opini\u00f3n\/\/\/Jose Alberto Prado \u00c1ngeles\/\/\/De Nixon a Trump caos en el poder judicial -","isPartOf":{"@id":"https:\/\/quehacerpolitico.mx\/#website"},"primaryImageOfPage":{"@id":"https:\/\/quehacerpolitico.mx\/?p=114823#primaryimage"},"image":{"@id":"https:\/\/quehacerpolitico.mx\/?p=114823#primaryimage"},"thumbnailUrl":"https:\/\/quehacerpolitico.mx\/wp-content\/uploads\/2025\/02\/fb07bd44-0f95-41a8-8353-f61c55b6d960-2.jpeg","datePublished":"2025-02-17T14:44:23+00:00","dateModified":"2025-02-17T14:44:25+00:00","author":{"@id":"https:\/\/quehacerpolitico.mx\/#\/schema\/person\/496d8ad2d1d3f8036101dca7ee39e585"},"breadcrumb":{"@id":"https:\/\/quehacerpolitico.mx\/?p=114823#breadcrumb"},"inLanguage":"es","potentialAction":[{"@type":"ReadAction","target":["https:\/\/quehacerpolitico.mx\/?p=114823"]}]},{"@type":"ImageObject","inLanguage":"es","@id":"https:\/\/quehacerpolitico.mx\/?p=114823#primaryimage","url":"https:\/\/quehacerpolitico.mx\/wp-content\/uploads\/2025\/02\/fb07bd44-0f95-41a8-8353-f61c55b6d960-2.jpeg","contentUrl":"https:\/\/quehacerpolitico.mx\/wp-content\/uploads\/2025\/02\/fb07bd44-0f95-41a8-8353-f61c55b6d960-2.jpeg","width":963,"height":493},{"@type":"BreadcrumbList","@id":"https:\/\/quehacerpolitico.mx\/?p=114823#breadcrumb","itemListElement":[{"@type":"ListItem","position":1,"name":"Inicio","item":"https:\/\/quehacerpolitico.mx\/"},{"@type":"ListItem","position":2,"name":"El Quehacer Pol\u00edtico a trav\u00e9s de la opini\u00f3n\/\/\/Jose Alberto Prado \u00c1ngeles\/\/\/De Nixon a Trump caos en el poder judicial"}]},{"@type":"WebSite","@id":"https:\/\/quehacerpolitico.mx\/#website","url":"https:\/\/quehacerpolitico.mx\/","name":"","description":"","potentialAction":[{"@type":"SearchAction","target":{"@type":"EntryPoint","urlTemplate":"https:\/\/quehacerpolitico.mx\/?s={search_term_string}"},"query-input":{"@type":"PropertyValueSpecification","valueRequired":true,"valueName":"search_term_string"}}],"inLanguage":"es"},{"@type":"Person","@id":"https:\/\/quehacerpolitico.mx\/#\/schema\/person\/496d8ad2d1d3f8036101dca7ee39e585","name":"Redacci\u00f3n QP","image":{"@type":"ImageObject","inLanguage":"es","@id":"https:\/\/secure.gravatar.com\/avatar\/c7164ed6fdec453195284ad24a5ae5b6e1eed2b848477fa2a4787ba9adf39a41?s=96&d=mm&r=g","url":"https:\/\/secure.gravatar.com\/avatar\/c7164ed6fdec453195284ad24a5ae5b6e1eed2b848477fa2a4787ba9adf39a41?s=96&d=mm&r=g","contentUrl":"https:\/\/secure.gravatar.com\/avatar\/c7164ed6fdec453195284ad24a5ae5b6e1eed2b848477fa2a4787ba9adf39a41?s=96&d=mm&r=g","caption":"Redacci\u00f3n QP"},"url":"https:\/\/quehacerpolitico.mx\/?author=2"}]}},"featured_image_urls":{"full":["https:\/\/quehacerpolitico.mx\/wp-content\/uploads\/2025\/02\/fb07bd44-0f95-41a8-8353-f61c55b6d960-2.jpeg",963,493,false],"thumbnail":["https:\/\/quehacerpolitico.mx\/wp-content\/uploads\/2025\/02\/fb07bd44-0f95-41a8-8353-f61c55b6d960-2-150x150.jpeg",150,150,true],"medium":["https:\/\/quehacerpolitico.mx\/wp-content\/uploads\/2025\/02\/fb07bd44-0f95-41a8-8353-f61c55b6d960-2-300x154.jpeg",300,154,true],"medium_large":["https:\/\/quehacerpolitico.mx\/wp-content\/uploads\/2025\/02\/fb07bd44-0f95-41a8-8353-f61c55b6d960-2-768x393.jpeg",640,328,true],"large":["https:\/\/quehacerpolitico.mx\/wp-content\/uploads\/2025\/02\/fb07bd44-0f95-41a8-8353-f61c55b6d960-2.jpeg",640,328,false],"1536x1536":["https:\/\/quehacerpolitico.mx\/wp-content\/uploads\/2025\/02\/fb07bd44-0f95-41a8-8353-f61c55b6d960-2.jpeg",963,493,false],"2048x2048":["https:\/\/quehacerpolitico.mx\/wp-content\/uploads\/2025\/02\/fb07bd44-0f95-41a8-8353-f61c55b6d960-2.jpeg",963,493,false],"covernews-featured":["https:\/\/quehacerpolitico.mx\/wp-content\/uploads\/2025\/02\/fb07bd44-0f95-41a8-8353-f61c55b6d960-2.jpeg",963,493,false],"covernews-medium":["https:\/\/quehacerpolitico.mx\/wp-content\/uploads\/2025\/02\/fb07bd44-0f95-41a8-8353-f61c55b6d960-2-540x340.jpeg",540,340,true]},"author_info":{"display_name":"Redacci\u00f3n QP","author_link":"https:\/\/quehacerpolitico.mx\/?author=2"},"category_info":"<a href=\"https:\/\/quehacerpolitico.mx\/?cat=280\" rel=\"category\">Nacionales<\/a> <a href=\"https:\/\/quehacerpolitico.mx\/?cat=2\" rel=\"category\">Noticias<\/a>","tag_info":"Noticias","comment_count":"0","_links":{"self":[{"href":"https:\/\/quehacerpolitico.mx\/index.php?rest_route=\/wp\/v2\/posts\/114823","targetHints":{"allow":["GET"]}}],"collection":[{"href":"https:\/\/quehacerpolitico.mx\/index.php?rest_route=\/wp\/v2\/posts"}],"about":[{"href":"https:\/\/quehacerpolitico.mx\/index.php?rest_route=\/wp\/v2\/types\/post"}],"author":[{"embeddable":true,"href":"https:\/\/quehacerpolitico.mx\/index.php?rest_route=\/wp\/v2\/users\/2"}],"replies":[{"embeddable":true,"href":"https:\/\/quehacerpolitico.mx\/index.php?rest_route=%2Fwp%2Fv2%2Fcomments&post=114823"}],"version-history":[{"count":1,"href":"https:\/\/quehacerpolitico.mx\/index.php?rest_route=\/wp\/v2\/posts\/114823\/revisions"}],"predecessor-version":[{"id":114825,"href":"https:\/\/quehacerpolitico.mx\/index.php?rest_route=\/wp\/v2\/posts\/114823\/revisions\/114825"}],"wp:featuredmedia":[{"embeddable":true,"href":"https:\/\/quehacerpolitico.mx\/index.php?rest_route=\/wp\/v2\/media\/114824"}],"wp:attachment":[{"href":"https:\/\/quehacerpolitico.mx\/index.php?rest_route=%2Fwp%2Fv2%2Fmedia&parent=114823"}],"wp:term":[{"taxonomy":"category","embeddable":true,"href":"https:\/\/quehacerpolitico.mx\/index.php?rest_route=%2Fwp%2Fv2%2Fcategories&post=114823"},{"taxonomy":"post_tag","embeddable":true,"href":"https:\/\/quehacerpolitico.mx\/index.php?rest_route=%2Fwp%2Fv2%2Ftags&post=114823"}],"curies":[{"name":"wp","href":"https:\/\/api.w.org\/{rel}","templated":true}]}}