{"id":114820,"date":"2025-02-15T21:23:32","date_gmt":"2025-02-16T03:23:32","guid":{"rendered":"https:\/\/quehacerpolitico.mx\/?p=114820"},"modified":"2025-02-15T21:23:35","modified_gmt":"2025-02-16T03:23:35","slug":"como-va-el-caso-del-narcoprincipe-el-hijo-de-el-mencho-condenado-en-eu","status":"publish","type":"post","link":"https:\/\/quehacerpolitico.mx\/?p=114820","title":{"rendered":"\u00bfC\u00f3mo va el caso del &#8220;narcopr\u00edncipe&#8221;, el hijo de &#8220;El Mencho&#8221; condenado en EU?"},"content":{"rendered":"\n<p>Por Redacci\u00f3n QP<\/p>\n\n\n\n<p>Rub\u00e9n Oseguera Gonz\u00e1lez, &#8220;El Menchito&#8221;, fue encontrado culpable el 20 de septiembre de 2024<\/p>\n\n\n\n<p>El C\u00e1rtel Nueva Generaci\u00f3n (CNG), que encabeza&nbsp;Nemesio Oseguera, &#8220;El Mencho&#8221;, sufri\u00f3 un fuerte golpe cuando fue capturado el hijo del capo en el a\u00f1o 2015. Desde aquel entonces, el caso de Rub\u00e9n Oseguera Gonz\u00e1lez, &#8220;El Menchito&#8221;, ha ido avanzo hasta lograr su extradici\u00f3n a Estados Unidos, donde espera su sentencia. Aqu\u00ed la informaci\u00f3n sobre cu\u00e1l es su estatus:&nbsp;<\/p>\n\n\n\n<p><strong>La Fiscal\u00eda estadounidense solicit\u00f3 dos cadenas perpetuas para Rub\u00e9n\u00a0Oseguera\u00a0Gonz\u00e1lez, &#8220;El\u00a0Menchito&#8221;, adem\u00e1s del pago de 12 mil millones de d\u00f3lares<\/strong>.<\/p>\n\n\n\n<p>Record\u00f3 que&nbsp;<strong>el acusado fue encontrado culpable el 20 de septiembre de 2024 de maquinar el plan para distribuir coca\u00edna y metanfetamina para su importaci\u00f3n a Estados Unidos y tambi\u00e9n de usar un arma de fuego en una conspiraci\u00f3n de drogas<\/strong>.<\/p>\n\n\n\n<p><strong>&#8220;Basados en la historia de la conducta del acusado, incluida la cantidad de droga importada a este pa\u00eds, por la que \u00e9l fue responsable y la extrema violencia que cometi\u00f3, s\u00f3lo sentencias consecutivas de por vida son suficientes para lograr los objetivos de la sentencia&#8221;<\/strong>, detall\u00f3.<\/p>\n\n\n\n<p>Tambi\u00e9n la Fiscal\u00eda record\u00f3 que\u00a0<strong>&#8220;el acusado es un asesino en masa y se involucr\u00f3 en una violencia excesiva&#8221;<\/strong>.<\/p>\n\n\n\n<p><strong>En 2024, &#8220;El Menchito&#8221; fue declarado culpable de cargos de haber usado violencia, incluido el derribo mortal de un helic\u00f3ptero militar<\/strong>, para ayudar a su padre a operar una de las organizaciones de narcotr\u00e1fico m\u00e1s grandes y peligrosas del pa\u00eds.<\/p>\n\n\n\n<p><strong>Es hijo del jefe pr\u00f3fugo del C\u00e1rtel Nueva Generaci\u00f3n,\u00a0Nemesio\u00a0Oseguera, y se desempe\u00f1\u00f3 como segundo al mando de esa organizaci\u00f3n criminal antes de su extradici\u00f3n a Estados Unidos<\/strong>\u00a0en febrero de 2020.<\/p>\n\n\n\n<p><strong>&#8220;&#8216;El Menchito&#8217; ahora se suma a la creciente lista de l\u00edderes de alto rango del c\u00e1rtel que el Departamento de Justicia ha condenado en un tribunal estadounidense&#8221;<\/strong>, dijo el entonces procurador general Merrick Garland en un comunicado enviado por correo electr\u00f3nico.<\/p>\n\n\n\n<p>&#8220;Estamos agradecidos con nuestros socios de las fuerzas del orden mexicanas por su amplia cooperaci\u00f3n y sacrificio para responsabilizar a los l\u00edderes del C\u00e1rte&#8221;, agreg\u00f3.<\/p>\n\n\n\n<p>En el juicio, la fiscal Kaitlin Sahni, quien encabez\u00f3 el caso contra Oseguera Gonz\u00e1lez,&nbsp;<strong>lo describi\u00f3 como un &#8220;narcopr\u00edncipe&#8221; por el rango que alcanz\u00f3 dentro del C\u00e1rtel Nueva Generaci\u00f3n<\/strong>.<\/p>\n\n\n\n<p>Con informaci\u00f3n de SUN<\/p>\n","protected":false},"excerpt":{"rendered":"<p>Por Redacci\u00f3n QP Rub\u00e9n Oseguera Gonz\u00e1lez, &#8220;El Menchito&#8221;, fue encontrado culpable el 20 de septiembre&#8230;<\/p>\n","protected":false},"author":2,"featured_media":114821,"comment_status":"open","ping_status":"open","sticky":false,"template":"","format":"standard","meta":{"_monsterinsights_skip_tracking":false,"_monsterinsights_sitenote_active":false,"_monsterinsights_sitenote_note":"","_monsterinsights_sitenote_category":0,"footnotes":""},"categories":[280,2],"tags":[],"class_list":["post-114820","post","type-post","status-publish","format-standard","has-post-thumbnail","hentry","category-nacionales","category-noticias"],"yoast_head":"<!-- This site is optimized with the Yoast SEO plugin v27.3 - https:\/\/yoast.com\/product\/yoast-seo-wordpress\/ -->\n<title>\u00bfC\u00f3mo va el caso del &quot;narcopr\u00edncipe&quot;, el hijo de &quot;El Mencho&quot; condenado en EU? -<\/title>\n<meta name=\"robots\" content=\"index, follow, max-snippet:-1, max-image-preview:large, max-video-preview:-1\" \/>\n<link rel=\"canonical\" href=\"https:\/\/quehacerpolitico.mx\/?p=114820\" \/>\n<meta property=\"og:locale\" content=\"es_MX\" \/>\n<meta property=\"og:type\" content=\"article\" \/>\n<meta property=\"og:title\" content=\"\u00bfC\u00f3mo va el caso del &quot;narcopr\u00edncipe&quot;, el hijo de &quot;El Mencho&quot; condenado en EU? -\" \/>\n<meta property=\"og:description\" content=\"Por Redacci\u00f3n QP Rub\u00e9n Oseguera Gonz\u00e1lez, &#8220;El Menchito&#8221;, fue encontrado culpable el 20 de septiembre...\" \/>\n<meta property=\"og:url\" content=\"https:\/\/quehacerpolitico.mx\/?p=114820\" \/>\n<meta property=\"article:published_time\" content=\"2025-02-16T03:23:32+00:00\" \/>\n<meta property=\"article:modified_time\" content=\"2025-02-16T03:23:35+00:00\" \/>\n<meta property=\"og:image\" content=\"https:\/\/quehacerpolitico.mx\/wp-content\/uploads\/2025\/02\/IMG_0630.jpeg\" \/>\n\t<meta property=\"og:image:width\" content=\"739\" \/>\n\t<meta property=\"og:image:height\" content=\"415\" \/>\n\t<meta property=\"og:image:type\" content=\"image\/jpeg\" \/>\n<meta name=\"author\" content=\"Redacci\u00f3n QP\" \/>\n<meta name=\"twitter:card\" content=\"summary_large_image\" \/>\n<meta name=\"twitter:label1\" content=\"Escrito por\" \/>\n\t<meta name=\"twitter:data1\" content=\"Redacci\u00f3n QP\" \/>\n\t<meta name=\"twitter:label2\" content=\"Tiempo de lectura\" \/>\n\t<meta name=\"twitter:data2\" content=\"2 minutos\" \/>\n<script type=\"application\/ld+json\" class=\"yoast-schema-graph\">{\"@context\":\"https:\\\/\\\/schema.org\",\"@graph\":[{\"@type\":\"Article\",\"@id\":\"https:\\\/\\\/quehacerpolitico.mx\\\/?p=114820#article\",\"isPartOf\":{\"@id\":\"https:\\\/\\\/quehacerpolitico.mx\\\/?p=114820\"},\"author\":{\"name\":\"Redacci\u00f3n QP\",\"@id\":\"https:\\\/\\\/quehacerpolitico.mx\\\/#\\\/schema\\\/person\\\/496d8ad2d1d3f8036101dca7ee39e585\"},\"headline\":\"\u00bfC\u00f3mo va el caso del &#8220;narcopr\u00edncipe&#8221;, el hijo de &#8220;El Mencho&#8221; condenado en EU?\",\"datePublished\":\"2025-02-16T03:23:32+00:00\",\"dateModified\":\"2025-02-16T03:23:35+00:00\",\"mainEntityOfPage\":{\"@id\":\"https:\\\/\\\/quehacerpolitico.mx\\\/?p=114820\"},\"wordCount\":432,\"commentCount\":0,\"image\":{\"@id\":\"https:\\\/\\\/quehacerpolitico.mx\\\/?p=114820#primaryimage\"},\"thumbnailUrl\":\"https:\\\/\\\/quehacerpolitico.mx\\\/wp-content\\\/uploads\\\/2025\\\/02\\\/IMG_0630.jpeg\",\"articleSection\":[\"Nacionales\",\"Noticias\"],\"inLanguage\":\"es\",\"potentialAction\":[{\"@type\":\"CommentAction\",\"name\":\"Comment\",\"target\":[\"https:\\\/\\\/quehacerpolitico.mx\\\/?p=114820#respond\"]}]},{\"@type\":\"WebPage\",\"@id\":\"https:\\\/\\\/quehacerpolitico.mx\\\/?p=114820\",\"url\":\"https:\\\/\\\/quehacerpolitico.mx\\\/?p=114820\",\"name\":\"\u00bfC\u00f3mo va el caso del \\\"narcopr\u00edncipe\\\", el hijo de \\\"El Mencho\\\" condenado en EU? -\",\"isPartOf\":{\"@id\":\"https:\\\/\\\/quehacerpolitico.mx\\\/#website\"},\"primaryImageOfPage\":{\"@id\":\"https:\\\/\\\/quehacerpolitico.mx\\\/?p=114820#primaryimage\"},\"image\":{\"@id\":\"https:\\\/\\\/quehacerpolitico.mx\\\/?p=114820#primaryimage\"},\"thumbnailUrl\":\"https:\\\/\\\/quehacerpolitico.mx\\\/wp-content\\\/uploads\\\/2025\\\/02\\\/IMG_0630.jpeg\",\"datePublished\":\"2025-02-16T03:23:32+00:00\",\"dateModified\":\"2025-02-16T03:23:35+00:00\",\"author\":{\"@id\":\"https:\\\/\\\/quehacerpolitico.mx\\\/#\\\/schema\\\/person\\\/496d8ad2d1d3f8036101dca7ee39e585\"},\"breadcrumb\":{\"@id\":\"https:\\\/\\\/quehacerpolitico.mx\\\/?p=114820#breadcrumb\"},\"inLanguage\":\"es\",\"potentialAction\":[{\"@type\":\"ReadAction\",\"target\":[\"https:\\\/\\\/quehacerpolitico.mx\\\/?p=114820\"]}]},{\"@type\":\"ImageObject\",\"inLanguage\":\"es\",\"@id\":\"https:\\\/\\\/quehacerpolitico.mx\\\/?p=114820#primaryimage\",\"url\":\"https:\\\/\\\/quehacerpolitico.mx\\\/wp-content\\\/uploads\\\/2025\\\/02\\\/IMG_0630.jpeg\",\"contentUrl\":\"https:\\\/\\\/quehacerpolitico.mx\\\/wp-content\\\/uploads\\\/2025\\\/02\\\/IMG_0630.jpeg\",\"width\":739,\"height\":415},{\"@type\":\"BreadcrumbList\",\"@id\":\"https:\\\/\\\/quehacerpolitico.mx\\\/?p=114820#breadcrumb\",\"itemListElement\":[{\"@type\":\"ListItem\",\"position\":1,\"name\":\"Inicio\",\"item\":\"https:\\\/\\\/quehacerpolitico.mx\\\/\"},{\"@type\":\"ListItem\",\"position\":2,\"name\":\"\u00bfC\u00f3mo va el caso del &#8220;narcopr\u00edncipe&#8221;, el hijo de &#8220;El Mencho&#8221; condenado en EU?\"}]},{\"@type\":\"WebSite\",\"@id\":\"https:\\\/\\\/quehacerpolitico.mx\\\/#website\",\"url\":\"https:\\\/\\\/quehacerpolitico.mx\\\/\",\"name\":\"\",\"description\":\"\",\"potentialAction\":[{\"@type\":\"SearchAction\",\"target\":{\"@type\":\"EntryPoint\",\"urlTemplate\":\"https:\\\/\\\/quehacerpolitico.mx\\\/?s={search_term_string}\"},\"query-input\":{\"@type\":\"PropertyValueSpecification\",\"valueRequired\":true,\"valueName\":\"search_term_string\"}}],\"inLanguage\":\"es\"},{\"@type\":\"Person\",\"@id\":\"https:\\\/\\\/quehacerpolitico.mx\\\/#\\\/schema\\\/person\\\/496d8ad2d1d3f8036101dca7ee39e585\",\"name\":\"Redacci\u00f3n QP\",\"image\":{\"@type\":\"ImageObject\",\"inLanguage\":\"es\",\"@id\":\"https:\\\/\\\/secure.gravatar.com\\\/avatar\\\/c7164ed6fdec453195284ad24a5ae5b6e1eed2b848477fa2a4787ba9adf39a41?s=96&d=mm&r=g\",\"url\":\"https:\\\/\\\/secure.gravatar.com\\\/avatar\\\/c7164ed6fdec453195284ad24a5ae5b6e1eed2b848477fa2a4787ba9adf39a41?s=96&d=mm&r=g\",\"contentUrl\":\"https:\\\/\\\/secure.gravatar.com\\\/avatar\\\/c7164ed6fdec453195284ad24a5ae5b6e1eed2b848477fa2a4787ba9adf39a41?s=96&d=mm&r=g\",\"caption\":\"Redacci\u00f3n QP\"},\"url\":\"https:\\\/\\\/quehacerpolitico.mx\\\/?author=2\"}]}<\/script>\n<!-- \/ Yoast SEO plugin. -->","yoast_head_json":{"title":"\u00bfC\u00f3mo va el caso del \"narcopr\u00edncipe\", el hijo de \"El Mencho\" condenado en EU? -","robots":{"index":"index","follow":"follow","max-snippet":"max-snippet:-1","max-image-preview":"max-image-preview:large","max-video-preview":"max-video-preview:-1"},"canonical":"https:\/\/quehacerpolitico.mx\/?p=114820","og_locale":"es_MX","og_type":"article","og_title":"\u00bfC\u00f3mo va el caso del \"narcopr\u00edncipe\", el hijo de \"El Mencho\" condenado en EU? -","og_description":"Por Redacci\u00f3n QP Rub\u00e9n Oseguera Gonz\u00e1lez, &#8220;El Menchito&#8221;, fue encontrado culpable el 20 de septiembre...","og_url":"https:\/\/quehacerpolitico.mx\/?p=114820","article_published_time":"2025-02-16T03:23:32+00:00","article_modified_time":"2025-02-16T03:23:35+00:00","og_image":[{"width":739,"height":415,"url":"https:\/\/quehacerpolitico.mx\/wp-content\/uploads\/2025\/02\/IMG_0630.jpeg","type":"image\/jpeg"}],"author":"Redacci\u00f3n QP","twitter_card":"summary_large_image","twitter_misc":{"Escrito por":"Redacci\u00f3n QP","Tiempo de lectura":"2 minutos"},"schema":{"@context":"https:\/\/schema.org","@graph":[{"@type":"Article","@id":"https:\/\/quehacerpolitico.mx\/?p=114820#article","isPartOf":{"@id":"https:\/\/quehacerpolitico.mx\/?p=114820"},"author":{"name":"Redacci\u00f3n QP","@id":"https:\/\/quehacerpolitico.mx\/#\/schema\/person\/496d8ad2d1d3f8036101dca7ee39e585"},"headline":"\u00bfC\u00f3mo va el caso del &#8220;narcopr\u00edncipe&#8221;, el hijo de &#8220;El Mencho&#8221; condenado en EU?","datePublished":"2025-02-16T03:23:32+00:00","dateModified":"2025-02-16T03:23:35+00:00","mainEntityOfPage":{"@id":"https:\/\/quehacerpolitico.mx\/?p=114820"},"wordCount":432,"commentCount":0,"image":{"@id":"https:\/\/quehacerpolitico.mx\/?p=114820#primaryimage"},"thumbnailUrl":"https:\/\/quehacerpolitico.mx\/wp-content\/uploads\/2025\/02\/IMG_0630.jpeg","articleSection":["Nacionales","Noticias"],"inLanguage":"es","potentialAction":[{"@type":"CommentAction","name":"Comment","target":["https:\/\/quehacerpolitico.mx\/?p=114820#respond"]}]},{"@type":"WebPage","@id":"https:\/\/quehacerpolitico.mx\/?p=114820","url":"https:\/\/quehacerpolitico.mx\/?p=114820","name":"\u00bfC\u00f3mo va el caso del \"narcopr\u00edncipe\", el hijo de \"El Mencho\" condenado en EU? -","isPartOf":{"@id":"https:\/\/quehacerpolitico.mx\/#website"},"primaryImageOfPage":{"@id":"https:\/\/quehacerpolitico.mx\/?p=114820#primaryimage"},"image":{"@id":"https:\/\/quehacerpolitico.mx\/?p=114820#primaryimage"},"thumbnailUrl":"https:\/\/quehacerpolitico.mx\/wp-content\/uploads\/2025\/02\/IMG_0630.jpeg","datePublished":"2025-02-16T03:23:32+00:00","dateModified":"2025-02-16T03:23:35+00:00","author":{"@id":"https:\/\/quehacerpolitico.mx\/#\/schema\/person\/496d8ad2d1d3f8036101dca7ee39e585"},"breadcrumb":{"@id":"https:\/\/quehacerpolitico.mx\/?p=114820#breadcrumb"},"inLanguage":"es","potentialAction":[{"@type":"ReadAction","target":["https:\/\/quehacerpolitico.mx\/?p=114820"]}]},{"@type":"ImageObject","inLanguage":"es","@id":"https:\/\/quehacerpolitico.mx\/?p=114820#primaryimage","url":"https:\/\/quehacerpolitico.mx\/wp-content\/uploads\/2025\/02\/IMG_0630.jpeg","contentUrl":"https:\/\/quehacerpolitico.mx\/wp-content\/uploads\/2025\/02\/IMG_0630.jpeg","width":739,"height":415},{"@type":"BreadcrumbList","@id":"https:\/\/quehacerpolitico.mx\/?p=114820#breadcrumb","itemListElement":[{"@type":"ListItem","position":1,"name":"Inicio","item":"https:\/\/quehacerpolitico.mx\/"},{"@type":"ListItem","position":2,"name":"\u00bfC\u00f3mo va el caso del &#8220;narcopr\u00edncipe&#8221;, el hijo de &#8220;El Mencho&#8221; condenado en EU?"}]},{"@type":"WebSite","@id":"https:\/\/quehacerpolitico.mx\/#website","url":"https:\/\/quehacerpolitico.mx\/","name":"","description":"","potentialAction":[{"@type":"SearchAction","target":{"@type":"EntryPoint","urlTemplate":"https:\/\/quehacerpolitico.mx\/?s={search_term_string}"},"query-input":{"@type":"PropertyValueSpecification","valueRequired":true,"valueName":"search_term_string"}}],"inLanguage":"es"},{"@type":"Person","@id":"https:\/\/quehacerpolitico.mx\/#\/schema\/person\/496d8ad2d1d3f8036101dca7ee39e585","name":"Redacci\u00f3n QP","image":{"@type":"ImageObject","inLanguage":"es","@id":"https:\/\/secure.gravatar.com\/avatar\/c7164ed6fdec453195284ad24a5ae5b6e1eed2b848477fa2a4787ba9adf39a41?s=96&d=mm&r=g","url":"https:\/\/secure.gravatar.com\/avatar\/c7164ed6fdec453195284ad24a5ae5b6e1eed2b848477fa2a4787ba9adf39a41?s=96&d=mm&r=g","contentUrl":"https:\/\/secure.gravatar.com\/avatar\/c7164ed6fdec453195284ad24a5ae5b6e1eed2b848477fa2a4787ba9adf39a41?s=96&d=mm&r=g","caption":"Redacci\u00f3n QP"},"url":"https:\/\/quehacerpolitico.mx\/?author=2"}]}},"featured_image_urls":{"full":["https:\/\/quehacerpolitico.mx\/wp-content\/uploads\/2025\/02\/IMG_0630.jpeg",739,415,false],"thumbnail":["https:\/\/quehacerpolitico.mx\/wp-content\/uploads\/2025\/02\/IMG_0630-150x150.jpeg",150,150,true],"medium":["https:\/\/quehacerpolitico.mx\/wp-content\/uploads\/2025\/02\/IMG_0630-300x168.jpeg",300,168,true],"medium_large":["https:\/\/quehacerpolitico.mx\/wp-content\/uploads\/2025\/02\/IMG_0630.jpeg",640,359,false],"large":["https:\/\/quehacerpolitico.mx\/wp-content\/uploads\/2025\/02\/IMG_0630.jpeg",640,359,false],"1536x1536":["https:\/\/quehacerpolitico.mx\/wp-content\/uploads\/2025\/02\/IMG_0630.jpeg",739,415,false],"2048x2048":["https:\/\/quehacerpolitico.mx\/wp-content\/uploads\/2025\/02\/IMG_0630.jpeg",739,415,false],"covernews-featured":["https:\/\/quehacerpolitico.mx\/wp-content\/uploads\/2025\/02\/IMG_0630.jpeg",739,415,false],"covernews-medium":["https:\/\/quehacerpolitico.mx\/wp-content\/uploads\/2025\/02\/IMG_0630-540x340.jpeg",540,340,true]},"author_info":{"display_name":"Redacci\u00f3n QP","author_link":"https:\/\/quehacerpolitico.mx\/?author=2"},"category_info":"<a href=\"https:\/\/quehacerpolitico.mx\/?cat=280\" rel=\"category\">Nacionales<\/a> <a href=\"https:\/\/quehacerpolitico.mx\/?cat=2\" rel=\"category\">Noticias<\/a>","tag_info":"Noticias","comment_count":"0","_links":{"self":[{"href":"https:\/\/quehacerpolitico.mx\/index.php?rest_route=\/wp\/v2\/posts\/114820","targetHints":{"allow":["GET"]}}],"collection":[{"href":"https:\/\/quehacerpolitico.mx\/index.php?rest_route=\/wp\/v2\/posts"}],"about":[{"href":"https:\/\/quehacerpolitico.mx\/index.php?rest_route=\/wp\/v2\/types\/post"}],"author":[{"embeddable":true,"href":"https:\/\/quehacerpolitico.mx\/index.php?rest_route=\/wp\/v2\/users\/2"}],"replies":[{"embeddable":true,"href":"https:\/\/quehacerpolitico.mx\/index.php?rest_route=%2Fwp%2Fv2%2Fcomments&post=114820"}],"version-history":[{"count":1,"href":"https:\/\/quehacerpolitico.mx\/index.php?rest_route=\/wp\/v2\/posts\/114820\/revisions"}],"predecessor-version":[{"id":114822,"href":"https:\/\/quehacerpolitico.mx\/index.php?rest_route=\/wp\/v2\/posts\/114820\/revisions\/114822"}],"wp:featuredmedia":[{"embeddable":true,"href":"https:\/\/quehacerpolitico.mx\/index.php?rest_route=\/wp\/v2\/media\/114821"}],"wp:attachment":[{"href":"https:\/\/quehacerpolitico.mx\/index.php?rest_route=%2Fwp%2Fv2%2Fmedia&parent=114820"}],"wp:term":[{"taxonomy":"category","embeddable":true,"href":"https:\/\/quehacerpolitico.mx\/index.php?rest_route=%2Fwp%2Fv2%2Fcategories&post=114820"},{"taxonomy":"post_tag","embeddable":true,"href":"https:\/\/quehacerpolitico.mx\/index.php?rest_route=%2Fwp%2Fv2%2Ftags&post=114820"}],"curies":[{"name":"wp","href":"https:\/\/api.w.org\/{rel}","templated":true}]}}