{"id":114816,"date":"2025-02-15T21:08:28","date_gmt":"2025-02-16T03:08:28","guid":{"rendered":"https:\/\/quehacerpolitico.mx\/?p=114816"},"modified":"2025-02-15T21:17:23","modified_gmt":"2025-02-16T03:17:23","slug":"fatima-estudiante-de-cdmx-es-arrojada-del-segundo-piso-por-ser-fan-del-k-pop","status":"publish","type":"post","link":"https:\/\/quehacerpolitico.mx\/?p=114816","title":{"rendered":"F\u00e1tima, estudiante de CDMX es arrojada del segundo piso por ser fan del K-Pop"},"content":{"rendered":"\n<p>Por Redacci\u00f3n QP<\/p>\n\n\n\n<p>La embajada de Corea en M\u00e9xico rechaz\u00f3 las agresiones, acoso y bullying escolar que presuntamente sufri\u00f3 la ni\u00f1a F\u00e1tima por sus preferencias por el K-Pop<\/p>\n\n\n\n<p>Luego de los hechos ocurridos en la alcald\u00eda Iztapalapa en la CIudad de M\u00e9xico en donde F\u00e1tima &#8220;Z&#8221;, estudiante de 13 a\u00f1os de la Escuela Secundaria Diurna No. 236,&nbsp;<strong>fue arrojada de varios metros de altura por sus compa\u00f1eros, presuntamente porque es&nbsp;fan&nbsp;del&nbsp;K-Pop, la embajada de Corea en M\u00e9xico se sum\u00f3 al rechazo de estas agresiones.<\/strong><\/p>\n\n\n\n<figure class=\"wp-block-embed is-type-video is-provider-youtube wp-block-embed-youtube wp-embed-aspect-16-9 wp-has-aspect-ratio\"><div class=\"wp-block-embed__wrapper\">\n<iframe loading=\"lazy\" title=\"F\u00e1tima, estudiante en CDMX fue atacada por ser fan del K-pop; la aventaron y tuvo fractura de pelvis\" width=\"640\" height=\"360\" src=\"https:\/\/www.youtube.com\/embed\/k6YL6s2UCGk?feature=oembed\" frameborder=\"0\" allow=\"accelerometer; autoplay; clipboard-write; encrypted-media; gyroscope; picture-in-picture; web-share\" referrerpolicy=\"strict-origin-when-cross-origin\" allowfullscreen><\/iframe>\n<\/div><\/figure>\n\n\n\n<p>A trav\u00e9s de X, la embajada record\u00f3 que los valores del K-Pop son el pro de la activaci\u00f3n f\u00edsica y la promoci\u00f3n de la diversidad, la inclusi\u00f3n y el sano esparcimiento de los j\u00f3venes.<\/p>\n\n\n\n<p><strong>&#8220;Reprobamos cualquier agresi\u00f3n f\u00edsica, verbal, psicol\u00f3gica o cibern\u00e9tica que j\u00f3venes sufran por sus aficiones a Corea&#8221;<\/strong>, dict\u00f3 el comunicado.<\/p>\n\n\n\n<figure class=\"wp-block-embed is-type-rich is-provider-twitter wp-block-embed-twitter\"><div class=\"wp-block-embed__wrapper\">\n<blockquote class=\"twitter-tweet\" data-width=\"550\" data-dnt=\"true\"><p lang=\"es\" dir=\"ltr\">Nos sumamos al rechazo por las agresiones, acoso y <a href=\"https:\/\/twitter.com\/hashtag\/Bullying?src=hash&amp;ref_src=twsrc%5Etfw\">#Bullying<\/a> escolar que sufri\u00f3 la ni\u00f1a F\u00e1tima por sus preferencias por el <a href=\"https:\/\/twitter.com\/hashtag\/KPop?src=hash&amp;ref_src=twsrc%5Etfw\">#KPop<\/a> <a href=\"https:\/\/twitter.com\/hashtag\/Hallyu?src=hash&amp;ref_src=twsrc%5Etfw\">#Hallyu<\/a> <a href=\"https:\/\/twitter.com\/hashtag\/CulturaCoreana?src=hash&amp;ref_src=twsrc%5Etfw\">#CulturaCoreana<\/a><a href=\"https:\/\/twitter.com\/SEP_mx?ref_src=twsrc%5Etfw\">@SEP_mx<\/a> <a href=\"https:\/\/twitter.com\/Alc_Iztapalapa?ref_src=twsrc%5Etfw\">@Alc_Iztapalapa<\/a> <a href=\"https:\/\/twitter.com\/hashtag\/FuerzaFatima?src=hash&amp;ref_src=twsrc%5Etfw\">#FuerzaFatima<\/a> <a href=\"https:\/\/twitter.com\/hashtag\/JusticiaParaFatima?src=hash&amp;ref_src=twsrc%5Etfw\">#JusticiaParaFatima<\/a> <a href=\"https:\/\/t.co\/57Qds87AK5\">pic.twitter.com\/57Qds87AK5<\/a><\/p>&mdash; \uc8fc\uba55\uc2dc\ucf54 \ub300\ud55c\ubbfc\uad6d \ub300\uc0ac\uad00 (@embkoreamexico) <a href=\"https:\/\/twitter.com\/embkoreamexico\/status\/1890580782307037405?ref_src=twsrc%5Etfw\">February 15, 2025<\/a><\/blockquote><script async src=\"https:\/\/platform.twitter.com\/widgets.js\" charset=\"utf-8\"><\/script>\n<\/div><\/figure>\n\n\n\n<p>Adem\u00e1s, exhort\u00f3 a las autoridades pertinentes a poner atenci\u00f3n a cualquier acto de acoso en las escuelas o comunidades.<\/p>\n\n\n\n<p>Por su parte,&nbsp;<strong>el Centro Cultural Coreano en M\u00e9xico tambi\u00e9n se manifest\u00f3 contra estos actos de violencia.<\/strong><\/p>\n\n\n\n<h2 class=\"wp-block-heading\">Fans de K-Pop exigen justicia por F\u00e1tima<\/h2>\n\n\n\n<p>Por esta agresi\u00f3n, la comunidad mexicana que admira la cultura coreana exigi\u00f3 justicia por medio de redes sociales ante el caso.<\/p>\n\n\n\n<p>La cuenta fanbase de BTS en M\u00e9xico expuso:&nbsp;<strong>&#8220;Nos encontramos en una sociedad que sigue permitiendo que los gustos, las pasiones y las diferencias sean motivo de rechazo y violencia. No deber\u00eda ser as\u00ed. Escuchar m\u00fasica distinta no puede ser una raz\u00f3n para que alguien sea marginado, y sin embargo, este caso nos demuestra que todav\u00eda hay mucho camino por recorrer. No es s\u00f3lo por F\u00e1tima, es por cada persona que ha sido atacada por ser diferente, por vivir sus gustos con autenticidad y sin miedo&#8221;.<\/strong><\/p>\n\n\n\n<p>Mientras que las y los fans de Blackpink, grupo de K-Pop, explicaron: &#8220;Lo que para ella era una pasi\u00f3n y una forma de expresarse, se convirti\u00f3 en el blanco de burlas y agresiones.&#8221;<\/p>\n\n\n\n<p>Adem\u00e1s, expusieron que \u00e9ste no es un caso aislado ya que muchos fans han enfrentado discriminaci\u00f3n y violencia por sus gustos musicales.<\/p>\n\n\n\n<figure class=\"wp-block-embed is-type-rich is-provider-twitter wp-block-embed-twitter\"><div class=\"wp-block-embed__wrapper\">\n<blockquote class=\"twitter-tweet\" data-width=\"550\" data-dnt=\"true\"><p lang=\"es\" dir=\"ltr\">El caso de F\u00e1tima, una joven estudiante de secundaria en la Ciudad de M\u00e9xico, es desgarrador. F\u00e1tima fue v\u00edctima de acoso y bullying debido a su gusto por el K-pop. A pesar de haber denunciado el maltrato, su voz fue ignorada por las autoridades escolares. La situaci\u00f3n lleg\u00f3 a un\u2026 <a href=\"https:\/\/t.co\/pTBPY1IWpJ\">pic.twitter.com\/pTBPY1IWpJ<\/a><\/p>&mdash; BTS MEXICO (@BTSARMY_MXCO) <a href=\"https:\/\/twitter.com\/BTSARMY_MXCO\/status\/1890540768168669477?ref_src=twsrc%5Etfw\">February 14, 2025<\/a><\/blockquote><script async src=\"https:\/\/platform.twitter.com\/widgets.js\" charset=\"utf-8\"><\/script>\n<\/div><\/figure>\n\n\n\n<p>Con informaci\u00f3n de SUN<\/p>\n","protected":false},"excerpt":{"rendered":"<p>Por Redacci\u00f3n QP La embajada de Corea en M\u00e9xico rechaz\u00f3 las agresiones, acoso y bullying&#8230;<\/p>\n","protected":false},"author":2,"featured_media":114817,"comment_status":"open","ping_status":"open","sticky":false,"template":"","format":"standard","meta":{"_monsterinsights_skip_tracking":false,"_monsterinsights_sitenote_active":false,"_monsterinsights_sitenote_note":"","_monsterinsights_sitenote_category":0,"footnotes":""},"categories":[55],"tags":[],"class_list":["post-114816","post","type-post","status-publish","format-standard","has-post-thumbnail","hentry","category-cdmx"],"yoast_head":"<!-- This site is optimized with the Yoast SEO plugin v27.3 - https:\/\/yoast.com\/product\/yoast-seo-wordpress\/ -->\n<title>F\u00e1tima, estudiante de CDMX es arrojada del segundo piso por ser fan del K-Pop -<\/title>\n<meta name=\"robots\" content=\"index, follow, max-snippet:-1, max-image-preview:large, max-video-preview:-1\" \/>\n<link rel=\"canonical\" href=\"https:\/\/quehacerpolitico.mx\/?p=114816\" \/>\n<meta property=\"og:locale\" content=\"es_MX\" \/>\n<meta property=\"og:type\" content=\"article\" \/>\n<meta property=\"og:title\" content=\"F\u00e1tima, estudiante de CDMX es arrojada del segundo piso por ser fan del K-Pop -\" \/>\n<meta property=\"og:description\" content=\"Por Redacci\u00f3n QP La embajada de Corea en M\u00e9xico rechaz\u00f3 las agresiones, acoso y bullying...\" \/>\n<meta property=\"og:url\" content=\"https:\/\/quehacerpolitico.mx\/?p=114816\" \/>\n<meta property=\"article:published_time\" content=\"2025-02-16T03:08:28+00:00\" \/>\n<meta property=\"article:modified_time\" content=\"2025-02-16T03:17:23+00:00\" \/>\n<meta property=\"og:image\" content=\"https:\/\/quehacerpolitico.mx\/wp-content\/uploads\/2025\/02\/IMG_0628.webp\" \/>\n\t<meta property=\"og:image:width\" content=\"355\" \/>\n\t<meta property=\"og:image:height\" content=\"223\" \/>\n\t<meta property=\"og:image:type\" content=\"image\/webp\" \/>\n<meta name=\"author\" content=\"Redacci\u00f3n QP\" \/>\n<meta name=\"twitter:card\" content=\"summary_large_image\" \/>\n<meta name=\"twitter:label1\" content=\"Escrito por\" \/>\n\t<meta name=\"twitter:data1\" content=\"Redacci\u00f3n QP\" \/>\n\t<meta name=\"twitter:label2\" content=\"Tiempo de lectura\" \/>\n\t<meta name=\"twitter:data2\" content=\"2 minutos\" \/>\n<script type=\"application\/ld+json\" class=\"yoast-schema-graph\">{\"@context\":\"https:\\\/\\\/schema.org\",\"@graph\":[{\"@type\":\"Article\",\"@id\":\"https:\\\/\\\/quehacerpolitico.mx\\\/?p=114816#article\",\"isPartOf\":{\"@id\":\"https:\\\/\\\/quehacerpolitico.mx\\\/?p=114816\"},\"author\":{\"name\":\"Redacci\u00f3n QP\",\"@id\":\"https:\\\/\\\/quehacerpolitico.mx\\\/#\\\/schema\\\/person\\\/496d8ad2d1d3f8036101dca7ee39e585\"},\"headline\":\"F\u00e1tima, estudiante de CDMX es arrojada del segundo piso por ser fan del K-Pop\",\"datePublished\":\"2025-02-16T03:08:28+00:00\",\"dateModified\":\"2025-02-16T03:17:23+00:00\",\"mainEntityOfPage\":{\"@id\":\"https:\\\/\\\/quehacerpolitico.mx\\\/?p=114816\"},\"wordCount\":439,\"commentCount\":0,\"image\":{\"@id\":\"https:\\\/\\\/quehacerpolitico.mx\\\/?p=114816#primaryimage\"},\"thumbnailUrl\":\"https:\\\/\\\/quehacerpolitico.mx\\\/wp-content\\\/uploads\\\/2025\\\/02\\\/IMG_0628.webp\",\"articleSection\":[\"CDMX\"],\"inLanguage\":\"es\",\"potentialAction\":[{\"@type\":\"CommentAction\",\"name\":\"Comment\",\"target\":[\"https:\\\/\\\/quehacerpolitico.mx\\\/?p=114816#respond\"]}]},{\"@type\":\"WebPage\",\"@id\":\"https:\\\/\\\/quehacerpolitico.mx\\\/?p=114816\",\"url\":\"https:\\\/\\\/quehacerpolitico.mx\\\/?p=114816\",\"name\":\"F\u00e1tima, estudiante de CDMX es arrojada del segundo piso por ser fan del K-Pop -\",\"isPartOf\":{\"@id\":\"https:\\\/\\\/quehacerpolitico.mx\\\/#website\"},\"primaryImageOfPage\":{\"@id\":\"https:\\\/\\\/quehacerpolitico.mx\\\/?p=114816#primaryimage\"},\"image\":{\"@id\":\"https:\\\/\\\/quehacerpolitico.mx\\\/?p=114816#primaryimage\"},\"thumbnailUrl\":\"https:\\\/\\\/quehacerpolitico.mx\\\/wp-content\\\/uploads\\\/2025\\\/02\\\/IMG_0628.webp\",\"datePublished\":\"2025-02-16T03:08:28+00:00\",\"dateModified\":\"2025-02-16T03:17:23+00:00\",\"author\":{\"@id\":\"https:\\\/\\\/quehacerpolitico.mx\\\/#\\\/schema\\\/person\\\/496d8ad2d1d3f8036101dca7ee39e585\"},\"breadcrumb\":{\"@id\":\"https:\\\/\\\/quehacerpolitico.mx\\\/?p=114816#breadcrumb\"},\"inLanguage\":\"es\",\"potentialAction\":[{\"@type\":\"ReadAction\",\"target\":[\"https:\\\/\\\/quehacerpolitico.mx\\\/?p=114816\"]}]},{\"@type\":\"ImageObject\",\"inLanguage\":\"es\",\"@id\":\"https:\\\/\\\/quehacerpolitico.mx\\\/?p=114816#primaryimage\",\"url\":\"https:\\\/\\\/quehacerpolitico.mx\\\/wp-content\\\/uploads\\\/2025\\\/02\\\/IMG_0628.webp\",\"contentUrl\":\"https:\\\/\\\/quehacerpolitico.mx\\\/wp-content\\\/uploads\\\/2025\\\/02\\\/IMG_0628.webp\",\"width\":355,\"height\":223},{\"@type\":\"BreadcrumbList\",\"@id\":\"https:\\\/\\\/quehacerpolitico.mx\\\/?p=114816#breadcrumb\",\"itemListElement\":[{\"@type\":\"ListItem\",\"position\":1,\"name\":\"Inicio\",\"item\":\"https:\\\/\\\/quehacerpolitico.mx\\\/\"},{\"@type\":\"ListItem\",\"position\":2,\"name\":\"F\u00e1tima, estudiante de CDMX es arrojada del segundo piso por ser fan del K-Pop\"}]},{\"@type\":\"WebSite\",\"@id\":\"https:\\\/\\\/quehacerpolitico.mx\\\/#website\",\"url\":\"https:\\\/\\\/quehacerpolitico.mx\\\/\",\"name\":\"\",\"description\":\"\",\"potentialAction\":[{\"@type\":\"SearchAction\",\"target\":{\"@type\":\"EntryPoint\",\"urlTemplate\":\"https:\\\/\\\/quehacerpolitico.mx\\\/?s={search_term_string}\"},\"query-input\":{\"@type\":\"PropertyValueSpecification\",\"valueRequired\":true,\"valueName\":\"search_term_string\"}}],\"inLanguage\":\"es\"},{\"@type\":\"Person\",\"@id\":\"https:\\\/\\\/quehacerpolitico.mx\\\/#\\\/schema\\\/person\\\/496d8ad2d1d3f8036101dca7ee39e585\",\"name\":\"Redacci\u00f3n QP\",\"image\":{\"@type\":\"ImageObject\",\"inLanguage\":\"es\",\"@id\":\"https:\\\/\\\/secure.gravatar.com\\\/avatar\\\/c7164ed6fdec453195284ad24a5ae5b6e1eed2b848477fa2a4787ba9adf39a41?s=96&d=mm&r=g\",\"url\":\"https:\\\/\\\/secure.gravatar.com\\\/avatar\\\/c7164ed6fdec453195284ad24a5ae5b6e1eed2b848477fa2a4787ba9adf39a41?s=96&d=mm&r=g\",\"contentUrl\":\"https:\\\/\\\/secure.gravatar.com\\\/avatar\\\/c7164ed6fdec453195284ad24a5ae5b6e1eed2b848477fa2a4787ba9adf39a41?s=96&d=mm&r=g\",\"caption\":\"Redacci\u00f3n QP\"},\"url\":\"https:\\\/\\\/quehacerpolitico.mx\\\/?author=2\"}]}<\/script>\n<!-- \/ Yoast SEO plugin. -->","yoast_head_json":{"title":"F\u00e1tima, estudiante de CDMX es arrojada del segundo piso por ser fan del K-Pop -","robots":{"index":"index","follow":"follow","max-snippet":"max-snippet:-1","max-image-preview":"max-image-preview:large","max-video-preview":"max-video-preview:-1"},"canonical":"https:\/\/quehacerpolitico.mx\/?p=114816","og_locale":"es_MX","og_type":"article","og_title":"F\u00e1tima, estudiante de CDMX es arrojada del segundo piso por ser fan del K-Pop -","og_description":"Por Redacci\u00f3n QP La embajada de Corea en M\u00e9xico rechaz\u00f3 las agresiones, acoso y bullying...","og_url":"https:\/\/quehacerpolitico.mx\/?p=114816","article_published_time":"2025-02-16T03:08:28+00:00","article_modified_time":"2025-02-16T03:17:23+00:00","og_image":[{"width":355,"height":223,"url":"https:\/\/quehacerpolitico.mx\/wp-content\/uploads\/2025\/02\/IMG_0628.webp","type":"image\/webp"}],"author":"Redacci\u00f3n QP","twitter_card":"summary_large_image","twitter_misc":{"Escrito por":"Redacci\u00f3n QP","Tiempo de lectura":"2 minutos"},"schema":{"@context":"https:\/\/schema.org","@graph":[{"@type":"Article","@id":"https:\/\/quehacerpolitico.mx\/?p=114816#article","isPartOf":{"@id":"https:\/\/quehacerpolitico.mx\/?p=114816"},"author":{"name":"Redacci\u00f3n QP","@id":"https:\/\/quehacerpolitico.mx\/#\/schema\/person\/496d8ad2d1d3f8036101dca7ee39e585"},"headline":"F\u00e1tima, estudiante de CDMX es arrojada del segundo piso por ser fan del K-Pop","datePublished":"2025-02-16T03:08:28+00:00","dateModified":"2025-02-16T03:17:23+00:00","mainEntityOfPage":{"@id":"https:\/\/quehacerpolitico.mx\/?p=114816"},"wordCount":439,"commentCount":0,"image":{"@id":"https:\/\/quehacerpolitico.mx\/?p=114816#primaryimage"},"thumbnailUrl":"https:\/\/quehacerpolitico.mx\/wp-content\/uploads\/2025\/02\/IMG_0628.webp","articleSection":["CDMX"],"inLanguage":"es","potentialAction":[{"@type":"CommentAction","name":"Comment","target":["https:\/\/quehacerpolitico.mx\/?p=114816#respond"]}]},{"@type":"WebPage","@id":"https:\/\/quehacerpolitico.mx\/?p=114816","url":"https:\/\/quehacerpolitico.mx\/?p=114816","name":"F\u00e1tima, estudiante de CDMX es arrojada del segundo piso por ser fan del K-Pop -","isPartOf":{"@id":"https:\/\/quehacerpolitico.mx\/#website"},"primaryImageOfPage":{"@id":"https:\/\/quehacerpolitico.mx\/?p=114816#primaryimage"},"image":{"@id":"https:\/\/quehacerpolitico.mx\/?p=114816#primaryimage"},"thumbnailUrl":"https:\/\/quehacerpolitico.mx\/wp-content\/uploads\/2025\/02\/IMG_0628.webp","datePublished":"2025-02-16T03:08:28+00:00","dateModified":"2025-02-16T03:17:23+00:00","author":{"@id":"https:\/\/quehacerpolitico.mx\/#\/schema\/person\/496d8ad2d1d3f8036101dca7ee39e585"},"breadcrumb":{"@id":"https:\/\/quehacerpolitico.mx\/?p=114816#breadcrumb"},"inLanguage":"es","potentialAction":[{"@type":"ReadAction","target":["https:\/\/quehacerpolitico.mx\/?p=114816"]}]},{"@type":"ImageObject","inLanguage":"es","@id":"https:\/\/quehacerpolitico.mx\/?p=114816#primaryimage","url":"https:\/\/quehacerpolitico.mx\/wp-content\/uploads\/2025\/02\/IMG_0628.webp","contentUrl":"https:\/\/quehacerpolitico.mx\/wp-content\/uploads\/2025\/02\/IMG_0628.webp","width":355,"height":223},{"@type":"BreadcrumbList","@id":"https:\/\/quehacerpolitico.mx\/?p=114816#breadcrumb","itemListElement":[{"@type":"ListItem","position":1,"name":"Inicio","item":"https:\/\/quehacerpolitico.mx\/"},{"@type":"ListItem","position":2,"name":"F\u00e1tima, estudiante de CDMX es arrojada del segundo piso por ser fan del K-Pop"}]},{"@type":"WebSite","@id":"https:\/\/quehacerpolitico.mx\/#website","url":"https:\/\/quehacerpolitico.mx\/","name":"","description":"","potentialAction":[{"@type":"SearchAction","target":{"@type":"EntryPoint","urlTemplate":"https:\/\/quehacerpolitico.mx\/?s={search_term_string}"},"query-input":{"@type":"PropertyValueSpecification","valueRequired":true,"valueName":"search_term_string"}}],"inLanguage":"es"},{"@type":"Person","@id":"https:\/\/quehacerpolitico.mx\/#\/schema\/person\/496d8ad2d1d3f8036101dca7ee39e585","name":"Redacci\u00f3n QP","image":{"@type":"ImageObject","inLanguage":"es","@id":"https:\/\/secure.gravatar.com\/avatar\/c7164ed6fdec453195284ad24a5ae5b6e1eed2b848477fa2a4787ba9adf39a41?s=96&d=mm&r=g","url":"https:\/\/secure.gravatar.com\/avatar\/c7164ed6fdec453195284ad24a5ae5b6e1eed2b848477fa2a4787ba9adf39a41?s=96&d=mm&r=g","contentUrl":"https:\/\/secure.gravatar.com\/avatar\/c7164ed6fdec453195284ad24a5ae5b6e1eed2b848477fa2a4787ba9adf39a41?s=96&d=mm&r=g","caption":"Redacci\u00f3n QP"},"url":"https:\/\/quehacerpolitico.mx\/?author=2"}]}},"featured_image_urls":{"full":["https:\/\/quehacerpolitico.mx\/wp-content\/uploads\/2025\/02\/IMG_0628.webp",355,223,false],"thumbnail":["https:\/\/quehacerpolitico.mx\/wp-content\/uploads\/2025\/02\/IMG_0628-150x150.webp",150,150,true],"medium":["https:\/\/quehacerpolitico.mx\/wp-content\/uploads\/2025\/02\/IMG_0628-300x188.webp",300,188,true],"medium_large":["https:\/\/quehacerpolitico.mx\/wp-content\/uploads\/2025\/02\/IMG_0628.webp",355,223,false],"large":["https:\/\/quehacerpolitico.mx\/wp-content\/uploads\/2025\/02\/IMG_0628.webp",355,223,false],"1536x1536":["https:\/\/quehacerpolitico.mx\/wp-content\/uploads\/2025\/02\/IMG_0628.webp",355,223,false],"2048x2048":["https:\/\/quehacerpolitico.mx\/wp-content\/uploads\/2025\/02\/IMG_0628.webp",355,223,false],"covernews-featured":["https:\/\/quehacerpolitico.mx\/wp-content\/uploads\/2025\/02\/IMG_0628.webp",355,223,false],"covernews-medium":["https:\/\/quehacerpolitico.mx\/wp-content\/uploads\/2025\/02\/IMG_0628.webp",355,223,false]},"author_info":{"display_name":"Redacci\u00f3n QP","author_link":"https:\/\/quehacerpolitico.mx\/?author=2"},"category_info":"<a href=\"https:\/\/quehacerpolitico.mx\/?cat=55\" rel=\"category\">CDMX<\/a>","tag_info":"CDMX","comment_count":"0","_links":{"self":[{"href":"https:\/\/quehacerpolitico.mx\/index.php?rest_route=\/wp\/v2\/posts\/114816","targetHints":{"allow":["GET"]}}],"collection":[{"href":"https:\/\/quehacerpolitico.mx\/index.php?rest_route=\/wp\/v2\/posts"}],"about":[{"href":"https:\/\/quehacerpolitico.mx\/index.php?rest_route=\/wp\/v2\/types\/post"}],"author":[{"embeddable":true,"href":"https:\/\/quehacerpolitico.mx\/index.php?rest_route=\/wp\/v2\/users\/2"}],"replies":[{"embeddable":true,"href":"https:\/\/quehacerpolitico.mx\/index.php?rest_route=%2Fwp%2Fv2%2Fcomments&post=114816"}],"version-history":[{"count":2,"href":"https:\/\/quehacerpolitico.mx\/index.php?rest_route=\/wp\/v2\/posts\/114816\/revisions"}],"predecessor-version":[{"id":114819,"href":"https:\/\/quehacerpolitico.mx\/index.php?rest_route=\/wp\/v2\/posts\/114816\/revisions\/114819"}],"wp:featuredmedia":[{"embeddable":true,"href":"https:\/\/quehacerpolitico.mx\/index.php?rest_route=\/wp\/v2\/media\/114817"}],"wp:attachment":[{"href":"https:\/\/quehacerpolitico.mx\/index.php?rest_route=%2Fwp%2Fv2%2Fmedia&parent=114816"}],"wp:term":[{"taxonomy":"category","embeddable":true,"href":"https:\/\/quehacerpolitico.mx\/index.php?rest_route=%2Fwp%2Fv2%2Fcategories&post=114816"},{"taxonomy":"post_tag","embeddable":true,"href":"https:\/\/quehacerpolitico.mx\/index.php?rest_route=%2Fwp%2Fv2%2Ftags&post=114816"}],"curies":[{"name":"wp","href":"https:\/\/api.w.org\/{rel}","templated":true}]}}