{"id":114807,"date":"2025-02-15T20:09:00","date_gmt":"2025-02-16T02:09:00","guid":{"rendered":"https:\/\/quehacerpolitico.mx\/?p=114807"},"modified":"2025-02-15T20:09:03","modified_gmt":"2025-02-16T02:09:03","slug":"el-quehacer-politico-a-traves-de-la-opinion-carolina-alonso-romei-adios-a-trudeau-el-fin-de-una-era-politica-en-canada","status":"publish","type":"post","link":"https:\/\/quehacerpolitico.mx\/?p=114807","title":{"rendered":"El Quehacer Pol\u00edtico a trav\u00e9s de la opini\u00f3n\/\/\/Carolina Alonso Romei\/\/\/Adi\u00f3s a Trudeau: El fin de una era pol\u00edtica en Canad\u00e1\u00a0"},"content":{"rendered":"\n<p>Por Carolina Alonso Romei<\/p>\n\n\n\n<p>Internacionalista <\/p>\n\n\n\n<p>El primer ministro de Canad\u00e1, Justin Trudeau, anunci\u00f3 el pasado lunes 6 de enero su decisi\u00f3n de renunciar al cargo que ha ocupado desde 2015. Durante una rueda de prensa en Ottawa, Trudeau revel\u00f3 que tambi\u00e9n dejar\u00e1 el liderazgo del Partido Liberal, aunque continuar\u00e1 ejerciendo como jefe de gobierno hasta que su formaci\u00f3n elija a su sucesor.<\/p>\n\n\n\n<p>El mandatario explic\u00f3 que, tras reflexionar junto a su familia, concluy\u00f3 que no ser\u00eda el mejor candidato para enfrentar las pr\u00f3ximas elecciones de este a\u00f1o, especialmente si se ve obligado a luchar en &#8220;batallas internas&#8221; dentro de su partido. En los \u00faltimos a\u00f1os, Trudeau ha visto c\u00f3mo su popularidad se desplomaba, mientras que tanto dentro como fuera de su partido se incrementaron las presiones para que dejara el puesto.<\/p>\n\n\n\n<p>\u201cTengo la intenci\u00f3n de renunciar como l\u00edder del Partido Liberal y como primer ministro una vez que el partido elija a su nuevo l\u00edder\u201d, afirm\u00f3 el pol\u00edtico de 53 a\u00f1os durante la conferencia de prensa. Asimismo, inform\u00f3 que el parlamento de Canad\u00e1 permanecer\u00e1 suspendido hasta el 24 de marzo, fecha en la que se llevar\u00e1 a cabo la elecci\u00f3n del nuevo l\u00edder del Partido Liberal.<\/p>\n\n\n\n<p>Asimismo, Trudeau coment\u00f3 que tiene &#8220;un arrepentimiento&#8221;: no haber logrado reformar el sistema electoral de Canad\u00e1 antes de las elecciones generales previstas para este oto\u00f1o. &#8220;Si hay algo de lo que me arrepienta, especialmente ahora que se acercan las elecciones, probablemente sea esto&#8221;, reconoci\u00f3 el l\u00edder saliente. &#8220;Me habr\u00eda gustado que pudi\u00e9ramos cambiar la manera en que elegimos a nuestros gobiernos, para que los ciudadanos tuvieran la posibilidad de seleccionar una segunda o incluso una tercera opci\u00f3n en la misma papeleta&#8221;.<\/p>\n\n\n\n<p>Pero, \u00bfc\u00f3mo fue que se lleg\u00f3 a esta situaci\u00f3n l\u00edmite en el gobierno canadiense? Trudeau, l\u00edder del Partido Liberal durante 11 a\u00f1os y primer ministro durante nueve, se encontraba frente a una serie creciente de crisis, que iban desde las amenazas arancelarias de Donald Trump hasta la renuncia de aliados clave y desastrosos resultados en las encuestas de opini\u00f3n. Su dimisi\u00f3n podr\u00eda interpretarse como una decisi\u00f3n de salir por voluntad propia antes de ser forzado a hacerlo, en un contexto de elecciones generales programadas para m\u00e1s adelante este a\u00f1o, donde se prev\u00e9 una derrota por un amplio margen.<\/p>\n\n\n\n<p>Trudeau asumi\u00f3 el poder en 2015 como una figura renovadora y prometedora de la pol\u00edtica progresista, centrando su liderazgo en la lucha contra el cambio clim\u00e1tico y la reparaci\u00f3n de los abusos hist\u00f3ricos hacia los pueblos ind\u00edgenas. Su carisma juvenil y un mensaje pol\u00edtico esperanzador cautivaron a los votantes, quienes decidieron apostar por los liberales, un partido que hasta ese momento ocupaba el tercer lugar y que, en un giro hist\u00f3rico, logr\u00f3 una mayor\u00eda de esca\u00f1os sin precedentes en el Parlamento. Sin embargo, a medida que ha transcurrido el tiempo y a lo largo de dos elecciones generales, tanto Trudeau como su imagen pol\u00edtica han comenzado a convertirse en un lastre para las aspiraciones del partido.<\/p>\n\n\n\n<p>Los m\u00faltiples esc\u00e1ndalos del primer ministro Justin Trudeau, derivaron en la crisis pol\u00edtica en la que est\u00e1 inmersa Canad\u00e1 el d\u00eda de hoy. En 2020, Justin Trudeau recibi\u00f3 fuertes cr\u00edticas por elegir a una organizaci\u00f3n ben\u00e9fica vinculada a su familia para gestionar un importante programa gubernamental.&nbsp;En las elecciones generales del a\u00f1o anterior, su partido qued\u00f3 reducido a una minor\u00eda, lo que oblig\u00f3 a los liberales a depender del apoyo de otros partidos para mantenerse en el poder.<\/p>\n\n\n\n<p>Las elecciones anticipadas de 2021 no mejoraron su situaci\u00f3n.&nbsp;M\u00e1s recientemente, la creciente inflaci\u00f3n y el aumento del costo de vida afectaron su popularidad, contribuyendo a una serie de derrotas electorales sufridas por gobiernos de todo el mundo.&nbsp;Su insistencia en promover una agenda repleta de grandes promesas exacerb\u00f3 el descontento generalizado.&nbsp;Adem\u00e1s, su manejo de la inmigraci\u00f3n gener\u00f3 cr\u00edticas. El a\u00f1o pasado, los liberales abandonaron su pol\u00edtica tradicional de puertas abiertas y redujeron considerablemente el n\u00famero de extranjeros autorizados a instalarse en Canad\u00e1.<\/p>\n\n\n\n<p>El gobierno de Trudeau vivi\u00f3 una sacudida el a\u00f1o pasado con la sorpresiva renuncia de la viceprimera ministra y ministra de Finanzas, Chrystia Freeland, apenas horas antes de su esperada presentaci\u00f3n de la actualizaci\u00f3n fiscal anual.&nbsp;En una contundente carta de dimisi\u00f3n, Freeland critic\u00f3 los &#8220;trucos pol\u00edticos&#8221; del primer ministro, en clara alusi\u00f3n a un periodo de dos meses de suspensi\u00f3n del impuesto sobre las ventas y los reembolsos de 250 d\u00f3lares canadienses (unos 175 d\u00f3lares estadounidenses) destinados a la mayor\u00eda de los trabajadores.&nbsp;<\/p>\n\n\n\n<p>Freeland expres\u00f3 que Canad\u00e1 no pod\u00eda &#8220;permitirse&#8221; tales medidas, que muchos interpretaron como un intento de ganar votos de cara a las elecciones. Este paquete de&nbsp;medidas se anunciaba en un contexto de creciente incertidumbre, con la amenaza de tarifas arancelarias que la administraci\u00f3n de Donald Trump, entonces electo, podr\u00eda imponer a Canad\u00e1.&nbsp;Los integrantes de su propio partido empezaron a manifestar abiertamente que ya no respaldaban su liderazgo.<\/p>\n\n\n\n<p>Y con eso, se desplom\u00f3 la \u00faltima pieza del domin\u00f3<\/p>\n\n\n\n<p>El ejecutivo nacional del Partido Liberal, encargado de los temas relacionados con el liderazgo, program\u00f3,&nbsp;despu\u00e9s de la asamblea partidaria, una reuni\u00f3n la semana siguiente del anuncio de la dimisi\u00f3n de Justin Trudeau, La suspensi\u00f3n del parlamento tiene como objetivo brindar al partido el tiempo necesario para seleccionar a un nuevo l\u00edder.<\/p>\n\n\n\n<p>Entre los posibles sucesores se encuentran el exgobernador del Banco de Inglaterra y del Banco de Canad\u00e1, Mark Carney; la ministra de Relaciones Exteriores, M\u00e9lanie Joly; y la exviceprimera ministra, Chrystia Freeland.<\/p>\n\n\n\n<p>La esperanza es que un nuevo liderazgo pueda revigorizar al Partido Liberal y sacarlo de su punto m\u00e1s bajo, justo antes de las elecciones generales, que deben celebrarse el 20 de octubre o antes. Las encuestas actuales muestran al Partido Liberal de Trudeau rezagado frente al Partido Conservador de la oposici\u00f3n, encabezado por el combativo Pierre Poilievre.<\/p>\n\n\n\n<p>Como podemos ver, la renuncia de Justin Trudeau al cargo de primer ministro de Canad\u00e1 marca un punto de inflexi\u00f3n crucial en la pol\u00edtica del pa\u00eds, especialmente de cara a las elecciones generales de 2025. La ca\u00edda en la popularidad de su gobierno, sumada a los m\u00faltiples esc\u00e1ndalos que lo han perseguido, ha generado un vac\u00edo de poder que amenaza con desestabilizar al Partido Liberal y al propio pa\u00eds. Si bien se espera que un nuevo liderazgo liberal intente revitalizar la formaci\u00f3n, las encuestas ya auguran una clara ventaja para el Partido Conservador, liderado por Pierre Poilievre, lo que hace prever una victoria conservadora en los comicios venideros.<\/p>\n\n\n\n<p>Este cambio pol\u00edtico parece inevitable, y con ello surge la inquietante sensaci\u00f3n de que el futuro de Canad\u00e1 podr\u00eda depender de una cuerda floja. Un pa\u00eds profundamente dividido, atrapado entre desaf\u00edos econ\u00f3micos y sociales, observa con creciente preocupaci\u00f3n c\u00f3mo el dominio conservador podr\u00eda no ser la soluci\u00f3n a las demandas de cambio, sino m\u00e1s bien un reflejo de un sistema pol\u00edtico fracturado. En el horizonte, la transici\u00f3n hacia un liderazgo conservador podr\u00eda marcar el inicio de un periodo de intensas tensiones pol\u00edticas, donde&nbsp;las cicatrices del pasado reciente podr\u00edan abrir viejas heridas. El futuro de Canad\u00e1 ya no est\u00e1 claro, y en el delicado equilibrio entre la polarizaci\u00f3n y el cambio, solo el tiempo revelar\u00e1 si este giro pol\u00edtico traer\u00e1 la ansiada estabilidad o el colapso definitivo de un sistema en crisis.<\/p>\n","protected":false},"excerpt":{"rendered":"<p>Por Carolina Alonso Romei Internacionalista El primer ministro de Canad\u00e1, Justin Trudeau, anunci\u00f3 el pasado&#8230;<\/p>\n","protected":false},"author":2,"featured_media":114808,"comment_status":"open","ping_status":"open","sticky":false,"template":"","format":"standard","meta":{"_monsterinsights_skip_tracking":false,"_monsterinsights_sitenote_active":false,"_monsterinsights_sitenote_note":"","_monsterinsights_sitenote_category":0,"footnotes":""},"categories":[1],"tags":[],"class_list":["post-114807","post","type-post","status-publish","format-standard","has-post-thumbnail","hentry","category-sin-categoria"],"yoast_head":"<!-- This site is optimized with the Yoast SEO plugin v27.3 - https:\/\/yoast.com\/product\/yoast-seo-wordpress\/ -->\n<title>El Quehacer Pol\u00edtico a trav\u00e9s de la opini\u00f3n\/\/\/Carolina Alonso Romei\/\/\/Adi\u00f3s a Trudeau: El fin de una era pol\u00edtica en Canad\u00e1\u00a0 -<\/title>\n<meta name=\"robots\" content=\"index, follow, max-snippet:-1, max-image-preview:large, max-video-preview:-1\" \/>\n<link rel=\"canonical\" href=\"https:\/\/quehacerpolitico.mx\/?p=114807\" \/>\n<meta property=\"og:locale\" content=\"es_MX\" \/>\n<meta property=\"og:type\" content=\"article\" \/>\n<meta property=\"og:title\" content=\"El Quehacer Pol\u00edtico a trav\u00e9s de la opini\u00f3n\/\/\/Carolina Alonso Romei\/\/\/Adi\u00f3s a Trudeau: El fin de una era pol\u00edtica en Canad\u00e1\u00a0 -\" \/>\n<meta property=\"og:description\" content=\"Por Carolina Alonso Romei Internacionalista El primer ministro de Canad\u00e1, Justin Trudeau, anunci\u00f3 el pasado...\" \/>\n<meta property=\"og:url\" content=\"https:\/\/quehacerpolitico.mx\/?p=114807\" \/>\n<meta property=\"article:published_time\" content=\"2025-02-16T02:09:00+00:00\" \/>\n<meta property=\"article:modified_time\" content=\"2025-02-16T02:09:03+00:00\" \/>\n<meta property=\"og:image\" content=\"https:\/\/quehacerpolitico.mx\/wp-content\/uploads\/2025\/02\/03fa6135-c3fe-44b7-8e96-c6ca323ffebb-5.jpeg\" \/>\n\t<meta property=\"og:image:width\" content=\"963\" \/>\n\t<meta property=\"og:image:height\" content=\"493\" \/>\n\t<meta property=\"og:image:type\" content=\"image\/jpeg\" \/>\n<meta name=\"author\" content=\"Redacci\u00f3n QP\" \/>\n<meta name=\"twitter:card\" content=\"summary_large_image\" \/>\n<meta name=\"twitter:label1\" content=\"Escrito por\" \/>\n\t<meta name=\"twitter:data1\" content=\"Redacci\u00f3n QP\" \/>\n\t<meta name=\"twitter:label2\" content=\"Tiempo de lectura\" \/>\n\t<meta name=\"twitter:data2\" content=\"7 minutos\" \/>\n<script type=\"application\/ld+json\" class=\"yoast-schema-graph\">{\"@context\":\"https:\\\/\\\/schema.org\",\"@graph\":[{\"@type\":\"Article\",\"@id\":\"https:\\\/\\\/quehacerpolitico.mx\\\/?p=114807#article\",\"isPartOf\":{\"@id\":\"https:\\\/\\\/quehacerpolitico.mx\\\/?p=114807\"},\"author\":{\"name\":\"Redacci\u00f3n QP\",\"@id\":\"https:\\\/\\\/quehacerpolitico.mx\\\/#\\\/schema\\\/person\\\/496d8ad2d1d3f8036101dca7ee39e585\"},\"headline\":\"El Quehacer Pol\u00edtico a trav\u00e9s de la opini\u00f3n\\\/\\\/\\\/Carolina Alonso Romei\\\/\\\/\\\/Adi\u00f3s a Trudeau: El fin de una era pol\u00edtica en Canad\u00e1\u00a0\",\"datePublished\":\"2025-02-16T02:09:00+00:00\",\"dateModified\":\"2025-02-16T02:09:03+00:00\",\"mainEntityOfPage\":{\"@id\":\"https:\\\/\\\/quehacerpolitico.mx\\\/?p=114807\"},\"wordCount\":1329,\"commentCount\":0,\"image\":{\"@id\":\"https:\\\/\\\/quehacerpolitico.mx\\\/?p=114807#primaryimage\"},\"thumbnailUrl\":\"https:\\\/\\\/quehacerpolitico.mx\\\/wp-content\\\/uploads\\\/2025\\\/02\\\/03fa6135-c3fe-44b7-8e96-c6ca323ffebb-5.jpeg\",\"articleSection\":[\"Internacionales\"],\"inLanguage\":\"es\",\"potentialAction\":[{\"@type\":\"CommentAction\",\"name\":\"Comment\",\"target\":[\"https:\\\/\\\/quehacerpolitico.mx\\\/?p=114807#respond\"]}]},{\"@type\":\"WebPage\",\"@id\":\"https:\\\/\\\/quehacerpolitico.mx\\\/?p=114807\",\"url\":\"https:\\\/\\\/quehacerpolitico.mx\\\/?p=114807\",\"name\":\"El Quehacer Pol\u00edtico a trav\u00e9s de la opini\u00f3n\\\/\\\/\\\/Carolina Alonso Romei\\\/\\\/\\\/Adi\u00f3s a Trudeau: El fin de una era pol\u00edtica en Canad\u00e1\u00a0 -\",\"isPartOf\":{\"@id\":\"https:\\\/\\\/quehacerpolitico.mx\\\/#website\"},\"primaryImageOfPage\":{\"@id\":\"https:\\\/\\\/quehacerpolitico.mx\\\/?p=114807#primaryimage\"},\"image\":{\"@id\":\"https:\\\/\\\/quehacerpolitico.mx\\\/?p=114807#primaryimage\"},\"thumbnailUrl\":\"https:\\\/\\\/quehacerpolitico.mx\\\/wp-content\\\/uploads\\\/2025\\\/02\\\/03fa6135-c3fe-44b7-8e96-c6ca323ffebb-5.jpeg\",\"datePublished\":\"2025-02-16T02:09:00+00:00\",\"dateModified\":\"2025-02-16T02:09:03+00:00\",\"author\":{\"@id\":\"https:\\\/\\\/quehacerpolitico.mx\\\/#\\\/schema\\\/person\\\/496d8ad2d1d3f8036101dca7ee39e585\"},\"breadcrumb\":{\"@id\":\"https:\\\/\\\/quehacerpolitico.mx\\\/?p=114807#breadcrumb\"},\"inLanguage\":\"es\",\"potentialAction\":[{\"@type\":\"ReadAction\",\"target\":[\"https:\\\/\\\/quehacerpolitico.mx\\\/?p=114807\"]}]},{\"@type\":\"ImageObject\",\"inLanguage\":\"es\",\"@id\":\"https:\\\/\\\/quehacerpolitico.mx\\\/?p=114807#primaryimage\",\"url\":\"https:\\\/\\\/quehacerpolitico.mx\\\/wp-content\\\/uploads\\\/2025\\\/02\\\/03fa6135-c3fe-44b7-8e96-c6ca323ffebb-5.jpeg\",\"contentUrl\":\"https:\\\/\\\/quehacerpolitico.mx\\\/wp-content\\\/uploads\\\/2025\\\/02\\\/03fa6135-c3fe-44b7-8e96-c6ca323ffebb-5.jpeg\",\"width\":963,\"height\":493},{\"@type\":\"BreadcrumbList\",\"@id\":\"https:\\\/\\\/quehacerpolitico.mx\\\/?p=114807#breadcrumb\",\"itemListElement\":[{\"@type\":\"ListItem\",\"position\":1,\"name\":\"Inicio\",\"item\":\"https:\\\/\\\/quehacerpolitico.mx\\\/\"},{\"@type\":\"ListItem\",\"position\":2,\"name\":\"El Quehacer Pol\u00edtico a trav\u00e9s de la opini\u00f3n\\\/\\\/\\\/Carolina Alonso Romei\\\/\\\/\\\/Adi\u00f3s a Trudeau: El fin de una era pol\u00edtica en Canad\u00e1\u00a0\"}]},{\"@type\":\"WebSite\",\"@id\":\"https:\\\/\\\/quehacerpolitico.mx\\\/#website\",\"url\":\"https:\\\/\\\/quehacerpolitico.mx\\\/\",\"name\":\"\",\"description\":\"\",\"potentialAction\":[{\"@type\":\"SearchAction\",\"target\":{\"@type\":\"EntryPoint\",\"urlTemplate\":\"https:\\\/\\\/quehacerpolitico.mx\\\/?s={search_term_string}\"},\"query-input\":{\"@type\":\"PropertyValueSpecification\",\"valueRequired\":true,\"valueName\":\"search_term_string\"}}],\"inLanguage\":\"es\"},{\"@type\":\"Person\",\"@id\":\"https:\\\/\\\/quehacerpolitico.mx\\\/#\\\/schema\\\/person\\\/496d8ad2d1d3f8036101dca7ee39e585\",\"name\":\"Redacci\u00f3n QP\",\"image\":{\"@type\":\"ImageObject\",\"inLanguage\":\"es\",\"@id\":\"https:\\\/\\\/secure.gravatar.com\\\/avatar\\\/c7164ed6fdec453195284ad24a5ae5b6e1eed2b848477fa2a4787ba9adf39a41?s=96&d=mm&r=g\",\"url\":\"https:\\\/\\\/secure.gravatar.com\\\/avatar\\\/c7164ed6fdec453195284ad24a5ae5b6e1eed2b848477fa2a4787ba9adf39a41?s=96&d=mm&r=g\",\"contentUrl\":\"https:\\\/\\\/secure.gravatar.com\\\/avatar\\\/c7164ed6fdec453195284ad24a5ae5b6e1eed2b848477fa2a4787ba9adf39a41?s=96&d=mm&r=g\",\"caption\":\"Redacci\u00f3n QP\"},\"url\":\"https:\\\/\\\/quehacerpolitico.mx\\\/?author=2\"}]}<\/script>\n<!-- \/ Yoast SEO plugin. -->","yoast_head_json":{"title":"El Quehacer Pol\u00edtico a trav\u00e9s de la opini\u00f3n\/\/\/Carolina Alonso Romei\/\/\/Adi\u00f3s a Trudeau: El fin de una era pol\u00edtica en Canad\u00e1\u00a0 -","robots":{"index":"index","follow":"follow","max-snippet":"max-snippet:-1","max-image-preview":"max-image-preview:large","max-video-preview":"max-video-preview:-1"},"canonical":"https:\/\/quehacerpolitico.mx\/?p=114807","og_locale":"es_MX","og_type":"article","og_title":"El Quehacer Pol\u00edtico a trav\u00e9s de la opini\u00f3n\/\/\/Carolina Alonso Romei\/\/\/Adi\u00f3s a Trudeau: El fin de una era pol\u00edtica en Canad\u00e1\u00a0 -","og_description":"Por Carolina Alonso Romei Internacionalista El primer ministro de Canad\u00e1, Justin Trudeau, anunci\u00f3 el pasado...","og_url":"https:\/\/quehacerpolitico.mx\/?p=114807","article_published_time":"2025-02-16T02:09:00+00:00","article_modified_time":"2025-02-16T02:09:03+00:00","og_image":[{"width":963,"height":493,"url":"https:\/\/quehacerpolitico.mx\/wp-content\/uploads\/2025\/02\/03fa6135-c3fe-44b7-8e96-c6ca323ffebb-5.jpeg","type":"image\/jpeg"}],"author":"Redacci\u00f3n QP","twitter_card":"summary_large_image","twitter_misc":{"Escrito por":"Redacci\u00f3n QP","Tiempo de lectura":"7 minutos"},"schema":{"@context":"https:\/\/schema.org","@graph":[{"@type":"Article","@id":"https:\/\/quehacerpolitico.mx\/?p=114807#article","isPartOf":{"@id":"https:\/\/quehacerpolitico.mx\/?p=114807"},"author":{"name":"Redacci\u00f3n QP","@id":"https:\/\/quehacerpolitico.mx\/#\/schema\/person\/496d8ad2d1d3f8036101dca7ee39e585"},"headline":"El Quehacer Pol\u00edtico a trav\u00e9s de la opini\u00f3n\/\/\/Carolina Alonso Romei\/\/\/Adi\u00f3s a Trudeau: El fin de una era pol\u00edtica en Canad\u00e1\u00a0","datePublished":"2025-02-16T02:09:00+00:00","dateModified":"2025-02-16T02:09:03+00:00","mainEntityOfPage":{"@id":"https:\/\/quehacerpolitico.mx\/?p=114807"},"wordCount":1329,"commentCount":0,"image":{"@id":"https:\/\/quehacerpolitico.mx\/?p=114807#primaryimage"},"thumbnailUrl":"https:\/\/quehacerpolitico.mx\/wp-content\/uploads\/2025\/02\/03fa6135-c3fe-44b7-8e96-c6ca323ffebb-5.jpeg","articleSection":["Internacionales"],"inLanguage":"es","potentialAction":[{"@type":"CommentAction","name":"Comment","target":["https:\/\/quehacerpolitico.mx\/?p=114807#respond"]}]},{"@type":"WebPage","@id":"https:\/\/quehacerpolitico.mx\/?p=114807","url":"https:\/\/quehacerpolitico.mx\/?p=114807","name":"El Quehacer Pol\u00edtico a trav\u00e9s de la opini\u00f3n\/\/\/Carolina Alonso Romei\/\/\/Adi\u00f3s a Trudeau: El fin de una era pol\u00edtica en Canad\u00e1\u00a0 -","isPartOf":{"@id":"https:\/\/quehacerpolitico.mx\/#website"},"primaryImageOfPage":{"@id":"https:\/\/quehacerpolitico.mx\/?p=114807#primaryimage"},"image":{"@id":"https:\/\/quehacerpolitico.mx\/?p=114807#primaryimage"},"thumbnailUrl":"https:\/\/quehacerpolitico.mx\/wp-content\/uploads\/2025\/02\/03fa6135-c3fe-44b7-8e96-c6ca323ffebb-5.jpeg","datePublished":"2025-02-16T02:09:00+00:00","dateModified":"2025-02-16T02:09:03+00:00","author":{"@id":"https:\/\/quehacerpolitico.mx\/#\/schema\/person\/496d8ad2d1d3f8036101dca7ee39e585"},"breadcrumb":{"@id":"https:\/\/quehacerpolitico.mx\/?p=114807#breadcrumb"},"inLanguage":"es","potentialAction":[{"@type":"ReadAction","target":["https:\/\/quehacerpolitico.mx\/?p=114807"]}]},{"@type":"ImageObject","inLanguage":"es","@id":"https:\/\/quehacerpolitico.mx\/?p=114807#primaryimage","url":"https:\/\/quehacerpolitico.mx\/wp-content\/uploads\/2025\/02\/03fa6135-c3fe-44b7-8e96-c6ca323ffebb-5.jpeg","contentUrl":"https:\/\/quehacerpolitico.mx\/wp-content\/uploads\/2025\/02\/03fa6135-c3fe-44b7-8e96-c6ca323ffebb-5.jpeg","width":963,"height":493},{"@type":"BreadcrumbList","@id":"https:\/\/quehacerpolitico.mx\/?p=114807#breadcrumb","itemListElement":[{"@type":"ListItem","position":1,"name":"Inicio","item":"https:\/\/quehacerpolitico.mx\/"},{"@type":"ListItem","position":2,"name":"El Quehacer Pol\u00edtico a trav\u00e9s de la opini\u00f3n\/\/\/Carolina Alonso Romei\/\/\/Adi\u00f3s a Trudeau: El fin de una era pol\u00edtica en Canad\u00e1\u00a0"}]},{"@type":"WebSite","@id":"https:\/\/quehacerpolitico.mx\/#website","url":"https:\/\/quehacerpolitico.mx\/","name":"","description":"","potentialAction":[{"@type":"SearchAction","target":{"@type":"EntryPoint","urlTemplate":"https:\/\/quehacerpolitico.mx\/?s={search_term_string}"},"query-input":{"@type":"PropertyValueSpecification","valueRequired":true,"valueName":"search_term_string"}}],"inLanguage":"es"},{"@type":"Person","@id":"https:\/\/quehacerpolitico.mx\/#\/schema\/person\/496d8ad2d1d3f8036101dca7ee39e585","name":"Redacci\u00f3n QP","image":{"@type":"ImageObject","inLanguage":"es","@id":"https:\/\/secure.gravatar.com\/avatar\/c7164ed6fdec453195284ad24a5ae5b6e1eed2b848477fa2a4787ba9adf39a41?s=96&d=mm&r=g","url":"https:\/\/secure.gravatar.com\/avatar\/c7164ed6fdec453195284ad24a5ae5b6e1eed2b848477fa2a4787ba9adf39a41?s=96&d=mm&r=g","contentUrl":"https:\/\/secure.gravatar.com\/avatar\/c7164ed6fdec453195284ad24a5ae5b6e1eed2b848477fa2a4787ba9adf39a41?s=96&d=mm&r=g","caption":"Redacci\u00f3n QP"},"url":"https:\/\/quehacerpolitico.mx\/?author=2"}]}},"featured_image_urls":{"full":["https:\/\/quehacerpolitico.mx\/wp-content\/uploads\/2025\/02\/03fa6135-c3fe-44b7-8e96-c6ca323ffebb-5.jpeg",963,493,false],"thumbnail":["https:\/\/quehacerpolitico.mx\/wp-content\/uploads\/2025\/02\/03fa6135-c3fe-44b7-8e96-c6ca323ffebb-5-150x150.jpeg",150,150,true],"medium":["https:\/\/quehacerpolitico.mx\/wp-content\/uploads\/2025\/02\/03fa6135-c3fe-44b7-8e96-c6ca323ffebb-5-300x154.jpeg",300,154,true],"medium_large":["https:\/\/quehacerpolitico.mx\/wp-content\/uploads\/2025\/02\/03fa6135-c3fe-44b7-8e96-c6ca323ffebb-5-768x393.jpeg",640,328,true],"large":["https:\/\/quehacerpolitico.mx\/wp-content\/uploads\/2025\/02\/03fa6135-c3fe-44b7-8e96-c6ca323ffebb-5.jpeg",640,328,false],"1536x1536":["https:\/\/quehacerpolitico.mx\/wp-content\/uploads\/2025\/02\/03fa6135-c3fe-44b7-8e96-c6ca323ffebb-5.jpeg",963,493,false],"2048x2048":["https:\/\/quehacerpolitico.mx\/wp-content\/uploads\/2025\/02\/03fa6135-c3fe-44b7-8e96-c6ca323ffebb-5.jpeg",963,493,false],"covernews-featured":["https:\/\/quehacerpolitico.mx\/wp-content\/uploads\/2025\/02\/03fa6135-c3fe-44b7-8e96-c6ca323ffebb-5.jpeg",963,493,false],"covernews-medium":["https:\/\/quehacerpolitico.mx\/wp-content\/uploads\/2025\/02\/03fa6135-c3fe-44b7-8e96-c6ca323ffebb-5-540x340.jpeg",540,340,true]},"author_info":{"display_name":"Redacci\u00f3n QP","author_link":"https:\/\/quehacerpolitico.mx\/?author=2"},"category_info":"<a href=\"https:\/\/quehacerpolitico.mx\/?cat=1\" rel=\"category\">Internacionales<\/a>","tag_info":"Internacionales","comment_count":"0","_links":{"self":[{"href":"https:\/\/quehacerpolitico.mx\/index.php?rest_route=\/wp\/v2\/posts\/114807","targetHints":{"allow":["GET"]}}],"collection":[{"href":"https:\/\/quehacerpolitico.mx\/index.php?rest_route=\/wp\/v2\/posts"}],"about":[{"href":"https:\/\/quehacerpolitico.mx\/index.php?rest_route=\/wp\/v2\/types\/post"}],"author":[{"embeddable":true,"href":"https:\/\/quehacerpolitico.mx\/index.php?rest_route=\/wp\/v2\/users\/2"}],"replies":[{"embeddable":true,"href":"https:\/\/quehacerpolitico.mx\/index.php?rest_route=%2Fwp%2Fv2%2Fcomments&post=114807"}],"version-history":[{"count":1,"href":"https:\/\/quehacerpolitico.mx\/index.php?rest_route=\/wp\/v2\/posts\/114807\/revisions"}],"predecessor-version":[{"id":114809,"href":"https:\/\/quehacerpolitico.mx\/index.php?rest_route=\/wp\/v2\/posts\/114807\/revisions\/114809"}],"wp:featuredmedia":[{"embeddable":true,"href":"https:\/\/quehacerpolitico.mx\/index.php?rest_route=\/wp\/v2\/media\/114808"}],"wp:attachment":[{"href":"https:\/\/quehacerpolitico.mx\/index.php?rest_route=%2Fwp%2Fv2%2Fmedia&parent=114807"}],"wp:term":[{"taxonomy":"category","embeddable":true,"href":"https:\/\/quehacerpolitico.mx\/index.php?rest_route=%2Fwp%2Fv2%2Fcategories&post=114807"},{"taxonomy":"post_tag","embeddable":true,"href":"https:\/\/quehacerpolitico.mx\/index.php?rest_route=%2Fwp%2Fv2%2Ftags&post=114807"}],"curies":[{"name":"wp","href":"https:\/\/api.w.org\/{rel}","templated":true}]}}