{"id":114802,"date":"2025-02-15T19:54:01","date_gmt":"2025-02-16T01:54:01","guid":{"rendered":"https:\/\/quehacerpolitico.mx\/?p=114802"},"modified":"2025-02-15T19:54:05","modified_gmt":"2025-02-16T01:54:05","slug":"la-fgr-detuvo-a-abner-n-lider-y-fundador-de-un-grupo-delictivo-en-acapulco-en-la-alcaldia-venustiano-carranza","status":"publish","type":"post","link":"https:\/\/quehacerpolitico.mx\/?p=114802","title":{"rendered":"La FGR detuvo a Abner \u201cN\u201d, l\u00edder y fundador de un grupo delictivo en Acapulco, en la alcald\u00eda Venustiano Carranza"},"content":{"rendered":"\n<p>Por Redacci\u00f3n QP<\/p>\n\n\n\n<p>Como parte de la&nbsp;<strong>Estrategia Nacional de Seguridad<\/strong>, elementos de la FGR detuvieron a Abner \u201cN\u201d, l\u00edder y fundador de un grupo delictivo generador de violencia en&nbsp;<strong>Acapulco, Guerrero,<\/strong>&nbsp;en la alcald\u00eda Venustiano Carranza, Ciudad de M\u00e9xico.<\/p>\n\n\n\n<figure class=\"wp-block-image size-large\"><img loading=\"lazy\" decoding=\"async\" width=\"1024\" height=\"563\" src=\"https:\/\/quehacerpolitico.mx\/wp-content\/uploads\/2025\/02\/image-30-1024x563.jpeg\" alt=\"\" class=\"wp-image-114804\" srcset=\"https:\/\/quehacerpolitico.mx\/wp-content\/uploads\/2025\/02\/image-30-1024x563.jpeg 1024w, https:\/\/quehacerpolitico.mx\/wp-content\/uploads\/2025\/02\/image-30-300x165.jpeg 300w, https:\/\/quehacerpolitico.mx\/wp-content\/uploads\/2025\/02\/image-30-768x422.jpeg 768w, https:\/\/quehacerpolitico.mx\/wp-content\/uploads\/2025\/02\/image-30-1536x845.jpeg 1536w, https:\/\/quehacerpolitico.mx\/wp-content\/uploads\/2025\/02\/image-30.jpeg 1600w\" sizes=\"auto, (max-width: 1024px) 100vw, 1024px\" \/><\/figure>\n\n\n\n<p>Abner \u201cN\u201d hab\u00eda violado la medida cautelar de prisi\u00f3n preventiva domiciliaria impuesta por un juez de control en Guerrero. Tras labores de inteligencia, se localiz\u00f3 su zona de movilidad en dicha alcald\u00eda.<\/p>\n\n\n\n<p>Con esta informaci\u00f3n se ejecut\u00f3 un operativo en la calle Cer\u00e1mica, donde los agentes cumplimentaron una&nbsp;<strong>orden de reaprehensi\u00f3n por delitos contra la salud y otra por homicidio calificado,<\/strong>&nbsp;en relaci\u00f3n con el asesinato de un hombre en Acapulco.<\/p>\n\n\n\n<p>El detenido fue puesto a disposici\u00f3n del&nbsp;<strong>juez de control y juicio penal<\/strong>&nbsp;que lo requiere.<\/p>\n\n\n\n<figure class=\"wp-block-embed is-type-rich is-provider-twitter wp-block-embed-twitter\"><div class=\"wp-block-embed__wrapper\">\n<blockquote class=\"twitter-tweet\" data-width=\"550\" data-dnt=\"true\"><p lang=\"es\" dir=\"ltr\">Detienen en la <a href=\"https:\/\/twitter.com\/hashtag\/CDMX?src=hash&amp;ref_src=twsrc%5Etfw\">#CDMX<\/a> a l\u00edder de un grupo delictivo que opera en <a href=\"https:\/\/twitter.com\/hashtag\/Acapulco?src=hash&amp;ref_src=twsrc%5Etfw\">#Acapulco<\/a>. <a href=\"https:\/\/t.co\/EGYUCM6XkV\">https:\/\/t.co\/EGYUCM6XkV<\/a> <a href=\"https:\/\/t.co\/CpjCMhoUkL\">pic.twitter.com\/CpjCMhoUkL<\/a><\/p>&mdash; Secretar\u00eda de Seguridad y Protecci\u00f3n Ciudadana (@SSPCMexico) <a href=\"https:\/\/twitter.com\/SSPCMexico\/status\/1890808461157429509?ref_src=twsrc%5Etfw\">February 15, 2025<\/a><\/blockquote><script async src=\"https:\/\/platform.twitter.com\/widgets.js\" charset=\"utf-8\"><\/script>\n<\/div><\/figure>\n","protected":false},"excerpt":{"rendered":"<p>Por Redacci\u00f3n QP Como parte de la&nbsp;Estrategia Nacional de Seguridad, elementos de la FGR detuvieron&#8230;<\/p>\n","protected":false},"author":2,"featured_media":114805,"comment_status":"open","ping_status":"open","sticky":false,"template":"","format":"standard","meta":{"_monsterinsights_skip_tracking":false,"_monsterinsights_sitenote_active":false,"_monsterinsights_sitenote_note":"","_monsterinsights_sitenote_category":0,"footnotes":""},"categories":[55],"tags":[],"class_list":["post-114802","post","type-post","status-publish","format-standard","has-post-thumbnail","hentry","category-cdmx"],"yoast_head":"<!-- This site is optimized with the Yoast SEO plugin v27.3 - https:\/\/yoast.com\/product\/yoast-seo-wordpress\/ -->\n<title>La FGR detuvo a Abner \u201cN\u201d, l\u00edder y fundador de un grupo delictivo en Acapulco, en la alcald\u00eda Venustiano Carranza -<\/title>\n<meta name=\"robots\" content=\"index, follow, max-snippet:-1, max-image-preview:large, max-video-preview:-1\" \/>\n<link rel=\"canonical\" href=\"https:\/\/quehacerpolitico.mx\/?p=114802\" \/>\n<meta property=\"og:locale\" content=\"es_MX\" \/>\n<meta property=\"og:type\" content=\"article\" \/>\n<meta property=\"og:title\" content=\"La FGR detuvo a Abner \u201cN\u201d, l\u00edder y fundador de un grupo delictivo en Acapulco, en la alcald\u00eda Venustiano Carranza -\" \/>\n<meta property=\"og:description\" content=\"Por Redacci\u00f3n QP Como parte de la&nbsp;Estrategia Nacional de Seguridad, elementos de la FGR detuvieron...\" \/>\n<meta property=\"og:url\" content=\"https:\/\/quehacerpolitico.mx\/?p=114802\" \/>\n<meta property=\"article:published_time\" content=\"2025-02-16T01:54:01+00:00\" \/>\n<meta property=\"article:modified_time\" content=\"2025-02-16T01:54:05+00:00\" \/>\n<meta property=\"og:image\" content=\"https:\/\/quehacerpolitico.mx\/wp-content\/uploads\/2025\/02\/IMG_0625.jpeg\" \/>\n\t<meta property=\"og:image:width\" content=\"668\" \/>\n\t<meta property=\"og:image:height\" content=\"848\" \/>\n\t<meta property=\"og:image:type\" content=\"image\/jpeg\" \/>\n<meta name=\"author\" content=\"Redacci\u00f3n QP\" \/>\n<meta name=\"twitter:card\" content=\"summary_large_image\" \/>\n<meta name=\"twitter:label1\" content=\"Escrito por\" \/>\n\t<meta name=\"twitter:data1\" content=\"Redacci\u00f3n QP\" \/>\n\t<meta name=\"twitter:label2\" content=\"Tiempo de lectura\" \/>\n\t<meta name=\"twitter:data2\" content=\"1 minuto\" \/>\n<script type=\"application\/ld+json\" class=\"yoast-schema-graph\">{\"@context\":\"https:\\\/\\\/schema.org\",\"@graph\":[{\"@type\":\"Article\",\"@id\":\"https:\\\/\\\/quehacerpolitico.mx\\\/?p=114802#article\",\"isPartOf\":{\"@id\":\"https:\\\/\\\/quehacerpolitico.mx\\\/?p=114802\"},\"author\":{\"name\":\"Redacci\u00f3n QP\",\"@id\":\"https:\\\/\\\/quehacerpolitico.mx\\\/#\\\/schema\\\/person\\\/496d8ad2d1d3f8036101dca7ee39e585\"},\"headline\":\"La FGR detuvo a Abner \u201cN\u201d, l\u00edder y fundador de un grupo delictivo en Acapulco, en la alcald\u00eda Venustiano Carranza\",\"datePublished\":\"2025-02-16T01:54:01+00:00\",\"dateModified\":\"2025-02-16T01:54:05+00:00\",\"mainEntityOfPage\":{\"@id\":\"https:\\\/\\\/quehacerpolitico.mx\\\/?p=114802\"},\"wordCount\":179,\"commentCount\":0,\"image\":{\"@id\":\"https:\\\/\\\/quehacerpolitico.mx\\\/?p=114802#primaryimage\"},\"thumbnailUrl\":\"https:\\\/\\\/quehacerpolitico.mx\\\/wp-content\\\/uploads\\\/2025\\\/02\\\/IMG_0625.jpeg\",\"articleSection\":[\"CDMX\"],\"inLanguage\":\"es\",\"potentialAction\":[{\"@type\":\"CommentAction\",\"name\":\"Comment\",\"target\":[\"https:\\\/\\\/quehacerpolitico.mx\\\/?p=114802#respond\"]}]},{\"@type\":\"WebPage\",\"@id\":\"https:\\\/\\\/quehacerpolitico.mx\\\/?p=114802\",\"url\":\"https:\\\/\\\/quehacerpolitico.mx\\\/?p=114802\",\"name\":\"La FGR detuvo a Abner \u201cN\u201d, l\u00edder y fundador de un grupo delictivo en Acapulco, en la alcald\u00eda Venustiano Carranza -\",\"isPartOf\":{\"@id\":\"https:\\\/\\\/quehacerpolitico.mx\\\/#website\"},\"primaryImageOfPage\":{\"@id\":\"https:\\\/\\\/quehacerpolitico.mx\\\/?p=114802#primaryimage\"},\"image\":{\"@id\":\"https:\\\/\\\/quehacerpolitico.mx\\\/?p=114802#primaryimage\"},\"thumbnailUrl\":\"https:\\\/\\\/quehacerpolitico.mx\\\/wp-content\\\/uploads\\\/2025\\\/02\\\/IMG_0625.jpeg\",\"datePublished\":\"2025-02-16T01:54:01+00:00\",\"dateModified\":\"2025-02-16T01:54:05+00:00\",\"author\":{\"@id\":\"https:\\\/\\\/quehacerpolitico.mx\\\/#\\\/schema\\\/person\\\/496d8ad2d1d3f8036101dca7ee39e585\"},\"breadcrumb\":{\"@id\":\"https:\\\/\\\/quehacerpolitico.mx\\\/?p=114802#breadcrumb\"},\"inLanguage\":\"es\",\"potentialAction\":[{\"@type\":\"ReadAction\",\"target\":[\"https:\\\/\\\/quehacerpolitico.mx\\\/?p=114802\"]}]},{\"@type\":\"ImageObject\",\"inLanguage\":\"es\",\"@id\":\"https:\\\/\\\/quehacerpolitico.mx\\\/?p=114802#primaryimage\",\"url\":\"https:\\\/\\\/quehacerpolitico.mx\\\/wp-content\\\/uploads\\\/2025\\\/02\\\/IMG_0625.jpeg\",\"contentUrl\":\"https:\\\/\\\/quehacerpolitico.mx\\\/wp-content\\\/uploads\\\/2025\\\/02\\\/IMG_0625.jpeg\",\"width\":668,\"height\":848},{\"@type\":\"BreadcrumbList\",\"@id\":\"https:\\\/\\\/quehacerpolitico.mx\\\/?p=114802#breadcrumb\",\"itemListElement\":[{\"@type\":\"ListItem\",\"position\":1,\"name\":\"Inicio\",\"item\":\"https:\\\/\\\/quehacerpolitico.mx\\\/\"},{\"@type\":\"ListItem\",\"position\":2,\"name\":\"La FGR detuvo a Abner \u201cN\u201d, l\u00edder y fundador de un grupo delictivo en Acapulco, en la alcald\u00eda Venustiano Carranza\"}]},{\"@type\":\"WebSite\",\"@id\":\"https:\\\/\\\/quehacerpolitico.mx\\\/#website\",\"url\":\"https:\\\/\\\/quehacerpolitico.mx\\\/\",\"name\":\"\",\"description\":\"\",\"potentialAction\":[{\"@type\":\"SearchAction\",\"target\":{\"@type\":\"EntryPoint\",\"urlTemplate\":\"https:\\\/\\\/quehacerpolitico.mx\\\/?s={search_term_string}\"},\"query-input\":{\"@type\":\"PropertyValueSpecification\",\"valueRequired\":true,\"valueName\":\"search_term_string\"}}],\"inLanguage\":\"es\"},{\"@type\":\"Person\",\"@id\":\"https:\\\/\\\/quehacerpolitico.mx\\\/#\\\/schema\\\/person\\\/496d8ad2d1d3f8036101dca7ee39e585\",\"name\":\"Redacci\u00f3n QP\",\"image\":{\"@type\":\"ImageObject\",\"inLanguage\":\"es\",\"@id\":\"https:\\\/\\\/secure.gravatar.com\\\/avatar\\\/c7164ed6fdec453195284ad24a5ae5b6e1eed2b848477fa2a4787ba9adf39a41?s=96&d=mm&r=g\",\"url\":\"https:\\\/\\\/secure.gravatar.com\\\/avatar\\\/c7164ed6fdec453195284ad24a5ae5b6e1eed2b848477fa2a4787ba9adf39a41?s=96&d=mm&r=g\",\"contentUrl\":\"https:\\\/\\\/secure.gravatar.com\\\/avatar\\\/c7164ed6fdec453195284ad24a5ae5b6e1eed2b848477fa2a4787ba9adf39a41?s=96&d=mm&r=g\",\"caption\":\"Redacci\u00f3n QP\"},\"url\":\"https:\\\/\\\/quehacerpolitico.mx\\\/?author=2\"}]}<\/script>\n<!-- \/ Yoast SEO plugin. -->","yoast_head_json":{"title":"La FGR detuvo a Abner \u201cN\u201d, l\u00edder y fundador de un grupo delictivo en Acapulco, en la alcald\u00eda Venustiano Carranza -","robots":{"index":"index","follow":"follow","max-snippet":"max-snippet:-1","max-image-preview":"max-image-preview:large","max-video-preview":"max-video-preview:-1"},"canonical":"https:\/\/quehacerpolitico.mx\/?p=114802","og_locale":"es_MX","og_type":"article","og_title":"La FGR detuvo a Abner \u201cN\u201d, l\u00edder y fundador de un grupo delictivo en Acapulco, en la alcald\u00eda Venustiano Carranza -","og_description":"Por Redacci\u00f3n QP Como parte de la&nbsp;Estrategia Nacional de Seguridad, elementos de la FGR detuvieron...","og_url":"https:\/\/quehacerpolitico.mx\/?p=114802","article_published_time":"2025-02-16T01:54:01+00:00","article_modified_time":"2025-02-16T01:54:05+00:00","og_image":[{"width":668,"height":848,"url":"https:\/\/quehacerpolitico.mx\/wp-content\/uploads\/2025\/02\/IMG_0625.jpeg","type":"image\/jpeg"}],"author":"Redacci\u00f3n QP","twitter_card":"summary_large_image","twitter_misc":{"Escrito por":"Redacci\u00f3n QP","Tiempo de lectura":"1 minuto"},"schema":{"@context":"https:\/\/schema.org","@graph":[{"@type":"Article","@id":"https:\/\/quehacerpolitico.mx\/?p=114802#article","isPartOf":{"@id":"https:\/\/quehacerpolitico.mx\/?p=114802"},"author":{"name":"Redacci\u00f3n QP","@id":"https:\/\/quehacerpolitico.mx\/#\/schema\/person\/496d8ad2d1d3f8036101dca7ee39e585"},"headline":"La FGR detuvo a Abner \u201cN\u201d, l\u00edder y fundador de un grupo delictivo en Acapulco, en la alcald\u00eda Venustiano Carranza","datePublished":"2025-02-16T01:54:01+00:00","dateModified":"2025-02-16T01:54:05+00:00","mainEntityOfPage":{"@id":"https:\/\/quehacerpolitico.mx\/?p=114802"},"wordCount":179,"commentCount":0,"image":{"@id":"https:\/\/quehacerpolitico.mx\/?p=114802#primaryimage"},"thumbnailUrl":"https:\/\/quehacerpolitico.mx\/wp-content\/uploads\/2025\/02\/IMG_0625.jpeg","articleSection":["CDMX"],"inLanguage":"es","potentialAction":[{"@type":"CommentAction","name":"Comment","target":["https:\/\/quehacerpolitico.mx\/?p=114802#respond"]}]},{"@type":"WebPage","@id":"https:\/\/quehacerpolitico.mx\/?p=114802","url":"https:\/\/quehacerpolitico.mx\/?p=114802","name":"La FGR detuvo a Abner \u201cN\u201d, l\u00edder y fundador de un grupo delictivo en Acapulco, en la alcald\u00eda Venustiano Carranza -","isPartOf":{"@id":"https:\/\/quehacerpolitico.mx\/#website"},"primaryImageOfPage":{"@id":"https:\/\/quehacerpolitico.mx\/?p=114802#primaryimage"},"image":{"@id":"https:\/\/quehacerpolitico.mx\/?p=114802#primaryimage"},"thumbnailUrl":"https:\/\/quehacerpolitico.mx\/wp-content\/uploads\/2025\/02\/IMG_0625.jpeg","datePublished":"2025-02-16T01:54:01+00:00","dateModified":"2025-02-16T01:54:05+00:00","author":{"@id":"https:\/\/quehacerpolitico.mx\/#\/schema\/person\/496d8ad2d1d3f8036101dca7ee39e585"},"breadcrumb":{"@id":"https:\/\/quehacerpolitico.mx\/?p=114802#breadcrumb"},"inLanguage":"es","potentialAction":[{"@type":"ReadAction","target":["https:\/\/quehacerpolitico.mx\/?p=114802"]}]},{"@type":"ImageObject","inLanguage":"es","@id":"https:\/\/quehacerpolitico.mx\/?p=114802#primaryimage","url":"https:\/\/quehacerpolitico.mx\/wp-content\/uploads\/2025\/02\/IMG_0625.jpeg","contentUrl":"https:\/\/quehacerpolitico.mx\/wp-content\/uploads\/2025\/02\/IMG_0625.jpeg","width":668,"height":848},{"@type":"BreadcrumbList","@id":"https:\/\/quehacerpolitico.mx\/?p=114802#breadcrumb","itemListElement":[{"@type":"ListItem","position":1,"name":"Inicio","item":"https:\/\/quehacerpolitico.mx\/"},{"@type":"ListItem","position":2,"name":"La FGR detuvo a Abner \u201cN\u201d, l\u00edder y fundador de un grupo delictivo en Acapulco, en la alcald\u00eda Venustiano Carranza"}]},{"@type":"WebSite","@id":"https:\/\/quehacerpolitico.mx\/#website","url":"https:\/\/quehacerpolitico.mx\/","name":"","description":"","potentialAction":[{"@type":"SearchAction","target":{"@type":"EntryPoint","urlTemplate":"https:\/\/quehacerpolitico.mx\/?s={search_term_string}"},"query-input":{"@type":"PropertyValueSpecification","valueRequired":true,"valueName":"search_term_string"}}],"inLanguage":"es"},{"@type":"Person","@id":"https:\/\/quehacerpolitico.mx\/#\/schema\/person\/496d8ad2d1d3f8036101dca7ee39e585","name":"Redacci\u00f3n QP","image":{"@type":"ImageObject","inLanguage":"es","@id":"https:\/\/secure.gravatar.com\/avatar\/c7164ed6fdec453195284ad24a5ae5b6e1eed2b848477fa2a4787ba9adf39a41?s=96&d=mm&r=g","url":"https:\/\/secure.gravatar.com\/avatar\/c7164ed6fdec453195284ad24a5ae5b6e1eed2b848477fa2a4787ba9adf39a41?s=96&d=mm&r=g","contentUrl":"https:\/\/secure.gravatar.com\/avatar\/c7164ed6fdec453195284ad24a5ae5b6e1eed2b848477fa2a4787ba9adf39a41?s=96&d=mm&r=g","caption":"Redacci\u00f3n QP"},"url":"https:\/\/quehacerpolitico.mx\/?author=2"}]}},"featured_image_urls":{"full":["https:\/\/quehacerpolitico.mx\/wp-content\/uploads\/2025\/02\/IMG_0625.jpeg",668,848,false],"thumbnail":["https:\/\/quehacerpolitico.mx\/wp-content\/uploads\/2025\/02\/IMG_0625-150x150.jpeg",150,150,true],"medium":["https:\/\/quehacerpolitico.mx\/wp-content\/uploads\/2025\/02\/IMG_0625-236x300.jpeg",236,300,true],"medium_large":["https:\/\/quehacerpolitico.mx\/wp-content\/uploads\/2025\/02\/IMG_0625.jpeg",640,812,false],"large":["https:\/\/quehacerpolitico.mx\/wp-content\/uploads\/2025\/02\/IMG_0625.jpeg",640,812,false],"1536x1536":["https:\/\/quehacerpolitico.mx\/wp-content\/uploads\/2025\/02\/IMG_0625.jpeg",668,848,false],"2048x2048":["https:\/\/quehacerpolitico.mx\/wp-content\/uploads\/2025\/02\/IMG_0625.jpeg",668,848,false],"covernews-featured":["https:\/\/quehacerpolitico.mx\/wp-content\/uploads\/2025\/02\/IMG_0625.jpeg",668,848,false],"covernews-medium":["https:\/\/quehacerpolitico.mx\/wp-content\/uploads\/2025\/02\/IMG_0625-540x340.jpeg",540,340,true]},"author_info":{"display_name":"Redacci\u00f3n QP","author_link":"https:\/\/quehacerpolitico.mx\/?author=2"},"category_info":"<a href=\"https:\/\/quehacerpolitico.mx\/?cat=55\" rel=\"category\">CDMX<\/a>","tag_info":"CDMX","comment_count":"0","_links":{"self":[{"href":"https:\/\/quehacerpolitico.mx\/index.php?rest_route=\/wp\/v2\/posts\/114802","targetHints":{"allow":["GET"]}}],"collection":[{"href":"https:\/\/quehacerpolitico.mx\/index.php?rest_route=\/wp\/v2\/posts"}],"about":[{"href":"https:\/\/quehacerpolitico.mx\/index.php?rest_route=\/wp\/v2\/types\/post"}],"author":[{"embeddable":true,"href":"https:\/\/quehacerpolitico.mx\/index.php?rest_route=\/wp\/v2\/users\/2"}],"replies":[{"embeddable":true,"href":"https:\/\/quehacerpolitico.mx\/index.php?rest_route=%2Fwp%2Fv2%2Fcomments&post=114802"}],"version-history":[{"count":1,"href":"https:\/\/quehacerpolitico.mx\/index.php?rest_route=\/wp\/v2\/posts\/114802\/revisions"}],"predecessor-version":[{"id":114806,"href":"https:\/\/quehacerpolitico.mx\/index.php?rest_route=\/wp\/v2\/posts\/114802\/revisions\/114806"}],"wp:featuredmedia":[{"embeddable":true,"href":"https:\/\/quehacerpolitico.mx\/index.php?rest_route=\/wp\/v2\/media\/114805"}],"wp:attachment":[{"href":"https:\/\/quehacerpolitico.mx\/index.php?rest_route=%2Fwp%2Fv2%2Fmedia&parent=114802"}],"wp:term":[{"taxonomy":"category","embeddable":true,"href":"https:\/\/quehacerpolitico.mx\/index.php?rest_route=%2Fwp%2Fv2%2Fcategories&post=114802"},{"taxonomy":"post_tag","embeddable":true,"href":"https:\/\/quehacerpolitico.mx\/index.php?rest_route=%2Fwp%2Fv2%2Ftags&post=114802"}],"curies":[{"name":"wp","href":"https:\/\/api.w.org\/{rel}","templated":true}]}}