{"id":114798,"date":"2025-02-15T19:30:14","date_gmt":"2025-02-16T01:30:14","guid":{"rendered":"https:\/\/quehacerpolitico.mx\/?p=114798"},"modified":"2025-02-15T19:30:17","modified_gmt":"2025-02-16T01:30:17","slug":"detienen-a-la-cindy-operadora-del-cartel-de-santa-rosa-de-lima-implicada-en-el-asesinato-de-candidata-de-morena-en-celaya","status":"publish","type":"post","link":"https:\/\/quehacerpolitico.mx\/?p=114798","title":{"rendered":"Detienen a &#8220;La Cindy&#8221;, operadora del C\u00e1rtel de Santa Rosa de Lima implicada en el asesinato de candidata de Morena en Celaya"},"content":{"rendered":"\n<p>Por Redacci\u00f3n QP<\/p>\n\n\n\n<p>De acuerdo con un comunicado conjunto entre las autoridades que lograron su detenci\u00f3n,\u00a0Candelaria \u201cN\u201d, es acusada de los\u00a0delitos de secuestro, extorsi\u00f3n y cobro de piso en la entidad<\/p>\n\n\n\n<p><strong>Candelaria &#8220;N&#8221;<\/strong>, alias&nbsp;<strong>&#8220;La Cindy&#8221;<\/strong>, presunta operadora del C\u00e1rtel de Santa Rosa de Lima, fue detenida este viernes 14 de febrero en el&nbsp;municipio de Villagr\u00e1n, Guanajuato, se\u00f1alada de ser generadora de violencia en el estado.&nbsp;<\/p>\n\n\n\n<p>De acuerdo con un comunicado conjunto entre las autoridades que lograron su detenci\u00f3n,&nbsp;<strong>Candelaria \u201cN\u201d<\/strong>, es acusada de los&nbsp;delitos de secuestro, extorsi\u00f3n y cobro de piso.<\/p>\n\n\n\n<figure class=\"wp-block-image size-large\"><img loading=\"lazy\" decoding=\"async\" width=\"902\" height=\"1024\" src=\"https:\/\/quehacerpolitico.mx\/wp-content\/uploads\/2025\/02\/image-28-902x1024.jpeg\" alt=\"\" class=\"wp-image-114799\" srcset=\"https:\/\/quehacerpolitico.mx\/wp-content\/uploads\/2025\/02\/image-28-902x1024.jpeg 902w, https:\/\/quehacerpolitico.mx\/wp-content\/uploads\/2025\/02\/image-28-264x300.jpeg 264w, https:\/\/quehacerpolitico.mx\/wp-content\/uploads\/2025\/02\/image-28-768x872.jpeg 768w, https:\/\/quehacerpolitico.mx\/wp-content\/uploads\/2025\/02\/image-28-1024x1163.jpeg 1024w, https:\/\/quehacerpolitico.mx\/wp-content\/uploads\/2025\/02\/image-28.jpeg 1127w\" sizes=\"auto, (max-width: 902px) 100vw, 902px\" \/><\/figure>\n\n\n\n<p>Presuntamente, la mujer manten\u00eda operaciones il\u00edcitas debido\u00a0a\u00a0la detenci\u00f3n de Jos\u00e9 Antonio Y\u00e9pez Ortiz, alias \u201cEl Marro\u201d,\u00a0l\u00edder del<strong>\u00a0C\u00e1rtel de Santa Rosa de Lima<\/strong>, ocurrida en agosto de 2020.<\/p>\n\n\n\n<p>Asimismo, se\u00f1alan que Candelaria&nbsp;proporcionaba informaci\u00f3n a integrantes de dicha organizaci\u00f3n criminal &#8220;para atentar directamente contra polic\u00edas&#8221; de&nbsp;<strong>Guanajuato<\/strong>.&nbsp;<\/p>\n\n\n\n<p>Se dio a conocer que la detenida manten\u00eda una relaci\u00f3n con un sujeto, identificado como&nbsp;N\u00e9stor Rafael Valencia Do\u00f1ates, alias \u201cValencia&#8221;, o &#8220;Cachorra&#8221;, detenido en el Cereso de Le\u00f3n y a quien tambi\u00e9n pasaba informaci\u00f3n.&nbsp;<\/p>\n\n\n\n<p>De acuerdo con medios, la&nbsp;mujer de 40 a\u00f1os de edad estar\u00eda ligada al&nbsp;asesinato de la candidata de Morena a la presidencia municipal de Celaya,&nbsp;Gisela Gayt\u00e1n&nbsp;Guti\u00e9rrez, del que presuntamente habr\u00eda sido autora intelectual.<\/p>\n\n\n\n<p>El asesinato ocurri\u00f3 en abril de 2024, cuando Gayt\u00e1n Guti\u00e9rrez se encontraba en un&nbsp;acto de campa\u00f1a en la comunidad de&nbsp;San Miguel Octopan.<\/p>\n\n\n\n<p>En el operativo que deriv\u00f3 en la detenci\u00f3n de&nbsp;<strong>&#8220;La Cindy&#8221;&nbsp;<\/strong>participaron elementos&nbsp;de la&nbsp;Secretar\u00eda de la Defensa Nacional&nbsp;(Sedena),&nbsp;Secretar\u00eda de Marina&nbsp;(Semar), de la&nbsp;Fiscal\u00eda General de la Rep\u00fablica&nbsp;(FGR), y elementos de la&nbsp;Secretar\u00eda de Seguridad y Protecci\u00f3n Ciudadana (SSPC) y de la Secretar\u00eda de Seguridad y Paz del Estado de Guanajuato (SSyP).<\/p>\n\n\n\n<figure class=\"wp-block-embed is-type-rich is-provider-twitter wp-block-embed-twitter\"><div class=\"wp-block-embed__wrapper\">\n<blockquote class=\"twitter-tweet\" data-width=\"550\" data-dnt=\"true\"><p lang=\"es\" dir=\"ltr\">Gracias a labores de inteligencia detuvimos a una mujer generadora de violencia en el estado de <a href=\"https:\/\/twitter.com\/hashtag\/Guanajuato?src=hash&amp;ref_src=twsrc%5Etfw\">#Guanajuato<\/a>, vinculada con delitos de secuestro y extorsi\u00f3n. <a href=\"https:\/\/t.co\/pl87eXestD\">pic.twitter.com\/pl87eXestD<\/a><\/p>&mdash; FSPE (@FSPE_Gto) <a href=\"https:\/\/twitter.com\/FSPE_Gto\/status\/1890599159368974791?ref_src=twsrc%5Etfw\">February 15, 2025<\/a><\/blockquote><script async src=\"https:\/\/platform.twitter.com\/widgets.js\" charset=\"utf-8\"><\/script>\n<\/div><\/figure>\n","protected":false},"excerpt":{"rendered":"<p>Por Redacci\u00f3n QP De acuerdo con un comunicado conjunto entre las autoridades que lograron su&#8230;<\/p>\n","protected":false},"author":2,"featured_media":114800,"comment_status":"open","ping_status":"open","sticky":false,"template":"","format":"standard","meta":{"_monsterinsights_skip_tracking":false,"_monsterinsights_sitenote_active":false,"_monsterinsights_sitenote_note":"","_monsterinsights_sitenote_category":0,"footnotes":""},"categories":[280,2],"tags":[],"class_list":["post-114798","post","type-post","status-publish","format-standard","has-post-thumbnail","hentry","category-nacionales","category-noticias"],"yoast_head":"<!-- This site is optimized with the Yoast SEO plugin v27.3 - https:\/\/yoast.com\/product\/yoast-seo-wordpress\/ -->\n<title>Detienen a &quot;La Cindy&quot;, operadora del C\u00e1rtel de Santa Rosa de Lima implicada en el asesinato de candidata de Morena en Celaya -<\/title>\n<meta name=\"robots\" content=\"index, follow, max-snippet:-1, max-image-preview:large, max-video-preview:-1\" \/>\n<link rel=\"canonical\" href=\"https:\/\/quehacerpolitico.mx\/?p=114798\" \/>\n<meta property=\"og:locale\" content=\"es_MX\" \/>\n<meta property=\"og:type\" content=\"article\" \/>\n<meta property=\"og:title\" content=\"Detienen a &quot;La Cindy&quot;, operadora del C\u00e1rtel de Santa Rosa de Lima implicada en el asesinato de candidata de Morena en Celaya -\" \/>\n<meta property=\"og:description\" content=\"Por Redacci\u00f3n QP De acuerdo con un comunicado conjunto entre las autoridades que lograron su...\" \/>\n<meta property=\"og:url\" content=\"https:\/\/quehacerpolitico.mx\/?p=114798\" \/>\n<meta property=\"article:published_time\" content=\"2025-02-16T01:30:14+00:00\" \/>\n<meta property=\"article:modified_time\" content=\"2025-02-16T01:30:17+00:00\" \/>\n<meta property=\"og:image\" content=\"https:\/\/quehacerpolitico.mx\/wp-content\/uploads\/2025\/02\/IMG_0622.jpeg\" \/>\n\t<meta property=\"og:image:width\" content=\"1280\" \/>\n\t<meta property=\"og:image:height\" content=\"1121\" \/>\n\t<meta property=\"og:image:type\" content=\"image\/jpeg\" \/>\n<meta name=\"author\" content=\"Redacci\u00f3n QP\" \/>\n<meta name=\"twitter:card\" content=\"summary_large_image\" \/>\n<meta name=\"twitter:label1\" content=\"Escrito por\" \/>\n\t<meta name=\"twitter:data1\" content=\"Redacci\u00f3n QP\" \/>\n\t<meta name=\"twitter:label2\" content=\"Tiempo de lectura\" \/>\n\t<meta name=\"twitter:data2\" content=\"2 minutos\" \/>\n<script type=\"application\/ld+json\" class=\"yoast-schema-graph\">{\"@context\":\"https:\\\/\\\/schema.org\",\"@graph\":[{\"@type\":\"Article\",\"@id\":\"https:\\\/\\\/quehacerpolitico.mx\\\/?p=114798#article\",\"isPartOf\":{\"@id\":\"https:\\\/\\\/quehacerpolitico.mx\\\/?p=114798\"},\"author\":{\"name\":\"Redacci\u00f3n QP\",\"@id\":\"https:\\\/\\\/quehacerpolitico.mx\\\/#\\\/schema\\\/person\\\/496d8ad2d1d3f8036101dca7ee39e585\"},\"headline\":\"Detienen a &#8220;La Cindy&#8221;, operadora del C\u00e1rtel de Santa Rosa de Lima implicada en el asesinato de candidata de Morena en Celaya\",\"datePublished\":\"2025-02-16T01:30:14+00:00\",\"dateModified\":\"2025-02-16T01:30:17+00:00\",\"mainEntityOfPage\":{\"@id\":\"https:\\\/\\\/quehacerpolitico.mx\\\/?p=114798\"},\"wordCount\":396,\"commentCount\":0,\"image\":{\"@id\":\"https:\\\/\\\/quehacerpolitico.mx\\\/?p=114798#primaryimage\"},\"thumbnailUrl\":\"https:\\\/\\\/quehacerpolitico.mx\\\/wp-content\\\/uploads\\\/2025\\\/02\\\/IMG_0622.jpeg\",\"articleSection\":[\"Nacionales\",\"Noticias\"],\"inLanguage\":\"es\",\"potentialAction\":[{\"@type\":\"CommentAction\",\"name\":\"Comment\",\"target\":[\"https:\\\/\\\/quehacerpolitico.mx\\\/?p=114798#respond\"]}]},{\"@type\":\"WebPage\",\"@id\":\"https:\\\/\\\/quehacerpolitico.mx\\\/?p=114798\",\"url\":\"https:\\\/\\\/quehacerpolitico.mx\\\/?p=114798\",\"name\":\"Detienen a \\\"La Cindy\\\", operadora del C\u00e1rtel de Santa Rosa de Lima implicada en el asesinato de candidata de Morena en Celaya -\",\"isPartOf\":{\"@id\":\"https:\\\/\\\/quehacerpolitico.mx\\\/#website\"},\"primaryImageOfPage\":{\"@id\":\"https:\\\/\\\/quehacerpolitico.mx\\\/?p=114798#primaryimage\"},\"image\":{\"@id\":\"https:\\\/\\\/quehacerpolitico.mx\\\/?p=114798#primaryimage\"},\"thumbnailUrl\":\"https:\\\/\\\/quehacerpolitico.mx\\\/wp-content\\\/uploads\\\/2025\\\/02\\\/IMG_0622.jpeg\",\"datePublished\":\"2025-02-16T01:30:14+00:00\",\"dateModified\":\"2025-02-16T01:30:17+00:00\",\"author\":{\"@id\":\"https:\\\/\\\/quehacerpolitico.mx\\\/#\\\/schema\\\/person\\\/496d8ad2d1d3f8036101dca7ee39e585\"},\"breadcrumb\":{\"@id\":\"https:\\\/\\\/quehacerpolitico.mx\\\/?p=114798#breadcrumb\"},\"inLanguage\":\"es\",\"potentialAction\":[{\"@type\":\"ReadAction\",\"target\":[\"https:\\\/\\\/quehacerpolitico.mx\\\/?p=114798\"]}]},{\"@type\":\"ImageObject\",\"inLanguage\":\"es\",\"@id\":\"https:\\\/\\\/quehacerpolitico.mx\\\/?p=114798#primaryimage\",\"url\":\"https:\\\/\\\/quehacerpolitico.mx\\\/wp-content\\\/uploads\\\/2025\\\/02\\\/IMG_0622.jpeg\",\"contentUrl\":\"https:\\\/\\\/quehacerpolitico.mx\\\/wp-content\\\/uploads\\\/2025\\\/02\\\/IMG_0622.jpeg\",\"width\":1280,\"height\":1121},{\"@type\":\"BreadcrumbList\",\"@id\":\"https:\\\/\\\/quehacerpolitico.mx\\\/?p=114798#breadcrumb\",\"itemListElement\":[{\"@type\":\"ListItem\",\"position\":1,\"name\":\"Inicio\",\"item\":\"https:\\\/\\\/quehacerpolitico.mx\\\/\"},{\"@type\":\"ListItem\",\"position\":2,\"name\":\"Detienen a &#8220;La Cindy&#8221;, operadora del C\u00e1rtel de Santa Rosa de Lima implicada en el asesinato de candidata de Morena en Celaya\"}]},{\"@type\":\"WebSite\",\"@id\":\"https:\\\/\\\/quehacerpolitico.mx\\\/#website\",\"url\":\"https:\\\/\\\/quehacerpolitico.mx\\\/\",\"name\":\"\",\"description\":\"\",\"potentialAction\":[{\"@type\":\"SearchAction\",\"target\":{\"@type\":\"EntryPoint\",\"urlTemplate\":\"https:\\\/\\\/quehacerpolitico.mx\\\/?s={search_term_string}\"},\"query-input\":{\"@type\":\"PropertyValueSpecification\",\"valueRequired\":true,\"valueName\":\"search_term_string\"}}],\"inLanguage\":\"es\"},{\"@type\":\"Person\",\"@id\":\"https:\\\/\\\/quehacerpolitico.mx\\\/#\\\/schema\\\/person\\\/496d8ad2d1d3f8036101dca7ee39e585\",\"name\":\"Redacci\u00f3n QP\",\"image\":{\"@type\":\"ImageObject\",\"inLanguage\":\"es\",\"@id\":\"https:\\\/\\\/secure.gravatar.com\\\/avatar\\\/c7164ed6fdec453195284ad24a5ae5b6e1eed2b848477fa2a4787ba9adf39a41?s=96&d=mm&r=g\",\"url\":\"https:\\\/\\\/secure.gravatar.com\\\/avatar\\\/c7164ed6fdec453195284ad24a5ae5b6e1eed2b848477fa2a4787ba9adf39a41?s=96&d=mm&r=g\",\"contentUrl\":\"https:\\\/\\\/secure.gravatar.com\\\/avatar\\\/c7164ed6fdec453195284ad24a5ae5b6e1eed2b848477fa2a4787ba9adf39a41?s=96&d=mm&r=g\",\"caption\":\"Redacci\u00f3n QP\"},\"url\":\"https:\\\/\\\/quehacerpolitico.mx\\\/?author=2\"}]}<\/script>\n<!-- \/ Yoast SEO plugin. -->","yoast_head_json":{"title":"Detienen a \"La Cindy\", operadora del C\u00e1rtel de Santa Rosa de Lima implicada en el asesinato de candidata de Morena en Celaya -","robots":{"index":"index","follow":"follow","max-snippet":"max-snippet:-1","max-image-preview":"max-image-preview:large","max-video-preview":"max-video-preview:-1"},"canonical":"https:\/\/quehacerpolitico.mx\/?p=114798","og_locale":"es_MX","og_type":"article","og_title":"Detienen a \"La Cindy\", operadora del C\u00e1rtel de Santa Rosa de Lima implicada en el asesinato de candidata de Morena en Celaya -","og_description":"Por Redacci\u00f3n QP De acuerdo con un comunicado conjunto entre las autoridades que lograron su...","og_url":"https:\/\/quehacerpolitico.mx\/?p=114798","article_published_time":"2025-02-16T01:30:14+00:00","article_modified_time":"2025-02-16T01:30:17+00:00","og_image":[{"width":1280,"height":1121,"url":"https:\/\/quehacerpolitico.mx\/wp-content\/uploads\/2025\/02\/IMG_0622.jpeg","type":"image\/jpeg"}],"author":"Redacci\u00f3n QP","twitter_card":"summary_large_image","twitter_misc":{"Escrito por":"Redacci\u00f3n QP","Tiempo de lectura":"2 minutos"},"schema":{"@context":"https:\/\/schema.org","@graph":[{"@type":"Article","@id":"https:\/\/quehacerpolitico.mx\/?p=114798#article","isPartOf":{"@id":"https:\/\/quehacerpolitico.mx\/?p=114798"},"author":{"name":"Redacci\u00f3n QP","@id":"https:\/\/quehacerpolitico.mx\/#\/schema\/person\/496d8ad2d1d3f8036101dca7ee39e585"},"headline":"Detienen a &#8220;La Cindy&#8221;, operadora del C\u00e1rtel de Santa Rosa de Lima implicada en el asesinato de candidata de Morena en Celaya","datePublished":"2025-02-16T01:30:14+00:00","dateModified":"2025-02-16T01:30:17+00:00","mainEntityOfPage":{"@id":"https:\/\/quehacerpolitico.mx\/?p=114798"},"wordCount":396,"commentCount":0,"image":{"@id":"https:\/\/quehacerpolitico.mx\/?p=114798#primaryimage"},"thumbnailUrl":"https:\/\/quehacerpolitico.mx\/wp-content\/uploads\/2025\/02\/IMG_0622.jpeg","articleSection":["Nacionales","Noticias"],"inLanguage":"es","potentialAction":[{"@type":"CommentAction","name":"Comment","target":["https:\/\/quehacerpolitico.mx\/?p=114798#respond"]}]},{"@type":"WebPage","@id":"https:\/\/quehacerpolitico.mx\/?p=114798","url":"https:\/\/quehacerpolitico.mx\/?p=114798","name":"Detienen a \"La Cindy\", operadora del C\u00e1rtel de Santa Rosa de Lima implicada en el asesinato de candidata de Morena en Celaya -","isPartOf":{"@id":"https:\/\/quehacerpolitico.mx\/#website"},"primaryImageOfPage":{"@id":"https:\/\/quehacerpolitico.mx\/?p=114798#primaryimage"},"image":{"@id":"https:\/\/quehacerpolitico.mx\/?p=114798#primaryimage"},"thumbnailUrl":"https:\/\/quehacerpolitico.mx\/wp-content\/uploads\/2025\/02\/IMG_0622.jpeg","datePublished":"2025-02-16T01:30:14+00:00","dateModified":"2025-02-16T01:30:17+00:00","author":{"@id":"https:\/\/quehacerpolitico.mx\/#\/schema\/person\/496d8ad2d1d3f8036101dca7ee39e585"},"breadcrumb":{"@id":"https:\/\/quehacerpolitico.mx\/?p=114798#breadcrumb"},"inLanguage":"es","potentialAction":[{"@type":"ReadAction","target":["https:\/\/quehacerpolitico.mx\/?p=114798"]}]},{"@type":"ImageObject","inLanguage":"es","@id":"https:\/\/quehacerpolitico.mx\/?p=114798#primaryimage","url":"https:\/\/quehacerpolitico.mx\/wp-content\/uploads\/2025\/02\/IMG_0622.jpeg","contentUrl":"https:\/\/quehacerpolitico.mx\/wp-content\/uploads\/2025\/02\/IMG_0622.jpeg","width":1280,"height":1121},{"@type":"BreadcrumbList","@id":"https:\/\/quehacerpolitico.mx\/?p=114798#breadcrumb","itemListElement":[{"@type":"ListItem","position":1,"name":"Inicio","item":"https:\/\/quehacerpolitico.mx\/"},{"@type":"ListItem","position":2,"name":"Detienen a &#8220;La Cindy&#8221;, operadora del C\u00e1rtel de Santa Rosa de Lima implicada en el asesinato de candidata de Morena en Celaya"}]},{"@type":"WebSite","@id":"https:\/\/quehacerpolitico.mx\/#website","url":"https:\/\/quehacerpolitico.mx\/","name":"","description":"","potentialAction":[{"@type":"SearchAction","target":{"@type":"EntryPoint","urlTemplate":"https:\/\/quehacerpolitico.mx\/?s={search_term_string}"},"query-input":{"@type":"PropertyValueSpecification","valueRequired":true,"valueName":"search_term_string"}}],"inLanguage":"es"},{"@type":"Person","@id":"https:\/\/quehacerpolitico.mx\/#\/schema\/person\/496d8ad2d1d3f8036101dca7ee39e585","name":"Redacci\u00f3n QP","image":{"@type":"ImageObject","inLanguage":"es","@id":"https:\/\/secure.gravatar.com\/avatar\/c7164ed6fdec453195284ad24a5ae5b6e1eed2b848477fa2a4787ba9adf39a41?s=96&d=mm&r=g","url":"https:\/\/secure.gravatar.com\/avatar\/c7164ed6fdec453195284ad24a5ae5b6e1eed2b848477fa2a4787ba9adf39a41?s=96&d=mm&r=g","contentUrl":"https:\/\/secure.gravatar.com\/avatar\/c7164ed6fdec453195284ad24a5ae5b6e1eed2b848477fa2a4787ba9adf39a41?s=96&d=mm&r=g","caption":"Redacci\u00f3n QP"},"url":"https:\/\/quehacerpolitico.mx\/?author=2"}]}},"featured_image_urls":{"full":["https:\/\/quehacerpolitico.mx\/wp-content\/uploads\/2025\/02\/IMG_0622.jpeg",1280,1121,false],"thumbnail":["https:\/\/quehacerpolitico.mx\/wp-content\/uploads\/2025\/02\/IMG_0622-150x150.jpeg",150,150,true],"medium":["https:\/\/quehacerpolitico.mx\/wp-content\/uploads\/2025\/02\/IMG_0622-300x263.jpeg",300,263,true],"medium_large":["https:\/\/quehacerpolitico.mx\/wp-content\/uploads\/2025\/02\/IMG_0622-768x673.jpeg",640,561,true],"large":["https:\/\/quehacerpolitico.mx\/wp-content\/uploads\/2025\/02\/IMG_0622-1024x897.jpeg",640,561,true],"1536x1536":["https:\/\/quehacerpolitico.mx\/wp-content\/uploads\/2025\/02\/IMG_0622.jpeg",1280,1121,false],"2048x2048":["https:\/\/quehacerpolitico.mx\/wp-content\/uploads\/2025\/02\/IMG_0622.jpeg",1280,1121,false],"covernews-featured":["https:\/\/quehacerpolitico.mx\/wp-content\/uploads\/2025\/02\/IMG_0622-1024x897.jpeg",1024,897,true],"covernews-medium":["https:\/\/quehacerpolitico.mx\/wp-content\/uploads\/2025\/02\/IMG_0622-540x340.jpeg",540,340,true]},"author_info":{"display_name":"Redacci\u00f3n QP","author_link":"https:\/\/quehacerpolitico.mx\/?author=2"},"category_info":"<a href=\"https:\/\/quehacerpolitico.mx\/?cat=280\" rel=\"category\">Nacionales<\/a> <a href=\"https:\/\/quehacerpolitico.mx\/?cat=2\" rel=\"category\">Noticias<\/a>","tag_info":"Noticias","comment_count":"0","_links":{"self":[{"href":"https:\/\/quehacerpolitico.mx\/index.php?rest_route=\/wp\/v2\/posts\/114798","targetHints":{"allow":["GET"]}}],"collection":[{"href":"https:\/\/quehacerpolitico.mx\/index.php?rest_route=\/wp\/v2\/posts"}],"about":[{"href":"https:\/\/quehacerpolitico.mx\/index.php?rest_route=\/wp\/v2\/types\/post"}],"author":[{"embeddable":true,"href":"https:\/\/quehacerpolitico.mx\/index.php?rest_route=\/wp\/v2\/users\/2"}],"replies":[{"embeddable":true,"href":"https:\/\/quehacerpolitico.mx\/index.php?rest_route=%2Fwp%2Fv2%2Fcomments&post=114798"}],"version-history":[{"count":1,"href":"https:\/\/quehacerpolitico.mx\/index.php?rest_route=\/wp\/v2\/posts\/114798\/revisions"}],"predecessor-version":[{"id":114801,"href":"https:\/\/quehacerpolitico.mx\/index.php?rest_route=\/wp\/v2\/posts\/114798\/revisions\/114801"}],"wp:featuredmedia":[{"embeddable":true,"href":"https:\/\/quehacerpolitico.mx\/index.php?rest_route=\/wp\/v2\/media\/114800"}],"wp:attachment":[{"href":"https:\/\/quehacerpolitico.mx\/index.php?rest_route=%2Fwp%2Fv2%2Fmedia&parent=114798"}],"wp:term":[{"taxonomy":"category","embeddable":true,"href":"https:\/\/quehacerpolitico.mx\/index.php?rest_route=%2Fwp%2Fv2%2Fcategories&post=114798"},{"taxonomy":"post_tag","embeddable":true,"href":"https:\/\/quehacerpolitico.mx\/index.php?rest_route=%2Fwp%2Fv2%2Ftags&post=114798"}],"curies":[{"name":"wp","href":"https:\/\/api.w.org\/{rel}","templated":true}]}}