{"id":114795,"date":"2025-02-15T19:14:22","date_gmt":"2025-02-16T01:14:22","guid":{"rendered":"https:\/\/quehacerpolitico.mx\/?p=114795"},"modified":"2025-02-15T19:15:43","modified_gmt":"2025-02-16T01:15:43","slug":"otra-balacera-en-la-ciudad-de-mexico-ataque-a-bar-de-iztacalco-deja-cuatro-jovenes-heridos","status":"publish","type":"post","link":"https:\/\/quehacerpolitico.mx\/?p=114795","title":{"rendered":"Otra balacera en la Ciudad de M\u00e9xico: ataque a bar de Iztacalco deja cuatro j\u00f3venes heridos"},"content":{"rendered":"\n<p>Por Redacci\u00f3n QP<\/p>\n\n\n\n<p>Durante esta semana, la Ciudad de M\u00e9xico ha registrado cuatro\u00a0balaceras en distintas alcald\u00edas<\/p>\n\n\n\n<p>La Secretar\u00eda de Seguridad Ciudadana (SSC) de la Ciudad de M\u00e9xico inform\u00f3 sobre una&nbsp;<strong>balacera<\/strong>&nbsp;ocurrida la noche del viernes en un bar ubicado en la colonia Agr\u00edcola, en la alcald\u00eda&nbsp;<strong>Iztacalco<\/strong>, que dej\u00f3 cuatro heridos.&nbsp;<\/p>\n\n\n\n<p>De acuerdo con una ficha informativa, los polic\u00edas recibieron un<strong>&nbsp;reporte de disparos&nbsp;<\/strong>y personas lesionadas en las calles Oriente 245 y Sur 22, por lo que desplegaron un operativo para acudir al lugar.&nbsp;<\/p>\n\n\n\n<p>Varias personas se encontraban en el\u00a0<strong>bar<\/strong> escuchando m\u00fasica e ingiriendo bebidas alcoh\u00f3licas, cuando escucharon varias detonaciones.<\/p>\n\n\n\n<figure class=\"wp-block-embed is-type-rich is-provider-twitter wp-block-embed-twitter\"><div class=\"wp-block-embed__wrapper\">\n<blockquote class=\"twitter-tweet\" data-width=\"550\" data-dnt=\"true\"><p lang=\"es\" dir=\"ltr\">\ud83d\ude31\ud83d\ude91 \u203c\ufe0fDOS HERIDOS EL RESULTADO DE UNA BALACERA EN IZTACALCO\u203c\ufe0f\ud83d\udea8<br><br>Esta madrugada se dio a conocer que dos personas quedaron gravemente heridas luego de que fueran atacados a balazos por personas. Los hechos se registraron en el bar \u201cLas Encapuchadas\u201d, en la Oriente 245 y Sur 24,\u2026 <a href=\"https:\/\/t.co\/v4v9jD2Jzu\">pic.twitter.com\/v4v9jD2Jzu<\/a><\/p>&mdash; Qu\u00e9 Poca Madre \ud83c\uddf2\ud83c\uddfd (@QuePocaMadre_Mx) <a href=\"https:\/\/twitter.com\/QuePocaMadre_Mx\/status\/1890793385604079865?ref_src=twsrc%5Etfw\">February 15, 2025<\/a><\/blockquote><script async src=\"https:\/\/platform.twitter.com\/widgets.js\" charset=\"utf-8\"><\/script>\n<\/div><\/figure>\n\n\n\n<p>Cuatro hombres, de&nbsp;19, 20, 21 y 22 a\u00f1os de edad, fueron&nbsp;<strong>heridos<\/strong>&nbsp;con balas en diversas partes del cuerpo, por lo que fueron trasladados a un hospital cercano para su atenci\u00f3n m\u00e9dica en un autom\u00f3vil azul.&nbsp;<\/p>\n\n\n\n<p>Derivado de los hechos, los polic\u00edas dieron parte al agente del Ministerio P\u00fablico para las investigaciones del caso y actualmente ya se est\u00e1n realizando el an\u00e1lisis de las c\u00e1maras de videovigilancia para detectar a los responsables.&nbsp;&nbsp;<\/p>\n\n\n\n<p>Esta es la&nbsp;<strong>cuarta&nbsp;balacera en la capital<\/strong>&nbsp;en la semana.&nbsp;<\/p>\n\n\n\n<p>El jueves 13 de febrero, una balacera en la estaci\u00f3n del&nbsp;<strong>metro<\/strong>&nbsp;<strong>Insurgente<\/strong>&nbsp;dej\u00f3 un saldo de un muerto. Las detonaciones fueron efectuadas por elementos de la SSC para detener un intento de asalto a una mujer.&nbsp;<\/p>\n\n\n\n<p>Previamente, el 11 de febrero se registr\u00f3 un&nbsp;<strong>ataque armado&nbsp;en un taller de<\/strong>&nbsp;<strong>motocicletas<\/strong>ubicado en la alcald\u00eda Benito Ju\u00e1rez dej\u00f3 un saldo de un hombre muerto y dos m\u00e1s lesionados, inform\u00f3 la Secretar\u00eda de Seguridad Ciudadana (SSC) de la Ciudad de M\u00e9xico.&nbsp;<\/p>\n\n\n\n<p>Un d\u00eda antes,&nbsp;cinco personas fueron asesinadas&nbsp;y una m\u00e1s fue lesionada en el&nbsp;Pueblo San Miguel Mixquic, en la alcald\u00eda&nbsp;Tl\u00e1huac.&nbsp;&nbsp;<\/p>\n\n\n\n<p>S\u00f3lo un joven de 20 a\u00f1os sobrevivi\u00f3 el ataque, quien&nbsp;present\u00f3&nbsp;heridas&nbsp;en el muslo derecho y el abdomen, por lo que fue trasladado a un hospital para recibir atenci\u00f3n m\u00e9dica.&nbsp;<\/p>\n","protected":false},"excerpt":{"rendered":"<p>Por Redacci\u00f3n QP Durante esta semana, la Ciudad de M\u00e9xico ha registrado cuatro\u00a0balaceras en distintas&#8230;<\/p>\n","protected":false},"author":2,"featured_media":114796,"comment_status":"open","ping_status":"open","sticky":false,"template":"","format":"standard","meta":{"_monsterinsights_skip_tracking":false,"_monsterinsights_sitenote_active":false,"_monsterinsights_sitenote_note":"","_monsterinsights_sitenote_category":0,"footnotes":""},"categories":[55],"tags":[],"class_list":["post-114795","post","type-post","status-publish","format-standard","has-post-thumbnail","hentry","category-cdmx"],"yoast_head":"<!-- This site is optimized with the Yoast SEO plugin v27.3 - https:\/\/yoast.com\/product\/yoast-seo-wordpress\/ -->\n<title>Otra balacera en la Ciudad de M\u00e9xico: ataque a bar de Iztacalco deja cuatro j\u00f3venes heridos -<\/title>\n<meta name=\"robots\" content=\"index, follow, max-snippet:-1, max-image-preview:large, max-video-preview:-1\" \/>\n<link rel=\"canonical\" href=\"https:\/\/quehacerpolitico.mx\/?p=114795\" \/>\n<meta property=\"og:locale\" content=\"es_MX\" \/>\n<meta property=\"og:type\" content=\"article\" \/>\n<meta property=\"og:title\" content=\"Otra balacera en la Ciudad de M\u00e9xico: ataque a bar de Iztacalco deja cuatro j\u00f3venes heridos -\" \/>\n<meta property=\"og:description\" content=\"Por Redacci\u00f3n QP Durante esta semana, la Ciudad de M\u00e9xico ha registrado cuatro\u00a0balaceras en distintas...\" \/>\n<meta property=\"og:url\" content=\"https:\/\/quehacerpolitico.mx\/?p=114795\" \/>\n<meta property=\"article:published_time\" content=\"2025-02-16T01:14:22+00:00\" \/>\n<meta property=\"article:modified_time\" content=\"2025-02-16T01:15:43+00:00\" \/>\n<meta property=\"og:image\" content=\"https:\/\/quehacerpolitico.mx\/wp-content\/uploads\/2025\/02\/IMG_0621.jpeg\" \/>\n\t<meta property=\"og:image:width\" content=\"770\" \/>\n\t<meta property=\"og:image:height\" content=\"404\" \/>\n\t<meta property=\"og:image:type\" content=\"image\/jpeg\" \/>\n<meta name=\"author\" content=\"Redacci\u00f3n QP\" \/>\n<meta name=\"twitter:card\" content=\"summary_large_image\" \/>\n<meta name=\"twitter:label1\" content=\"Escrito por\" \/>\n\t<meta name=\"twitter:data1\" content=\"Redacci\u00f3n QP\" \/>\n\t<meta name=\"twitter:label2\" content=\"Tiempo de lectura\" \/>\n\t<meta name=\"twitter:data2\" content=\"2 minutos\" \/>\n<script type=\"application\/ld+json\" class=\"yoast-schema-graph\">{\"@context\":\"https:\\\/\\\/schema.org\",\"@graph\":[{\"@type\":\"Article\",\"@id\":\"https:\\\/\\\/quehacerpolitico.mx\\\/?p=114795#article\",\"isPartOf\":{\"@id\":\"https:\\\/\\\/quehacerpolitico.mx\\\/?p=114795\"},\"author\":{\"name\":\"Redacci\u00f3n QP\",\"@id\":\"https:\\\/\\\/quehacerpolitico.mx\\\/#\\\/schema\\\/person\\\/496d8ad2d1d3f8036101dca7ee39e585\"},\"headline\":\"Otra balacera en la Ciudad de M\u00e9xico: ataque a bar de Iztacalco deja cuatro j\u00f3venes heridos\",\"datePublished\":\"2025-02-16T01:14:22+00:00\",\"dateModified\":\"2025-02-16T01:15:43+00:00\",\"mainEntityOfPage\":{\"@id\":\"https:\\\/\\\/quehacerpolitico.mx\\\/?p=114795\"},\"wordCount\":410,\"commentCount\":0,\"image\":{\"@id\":\"https:\\\/\\\/quehacerpolitico.mx\\\/?p=114795#primaryimage\"},\"thumbnailUrl\":\"https:\\\/\\\/quehacerpolitico.mx\\\/wp-content\\\/uploads\\\/2025\\\/02\\\/IMG_0621.jpeg\",\"articleSection\":[\"CDMX\"],\"inLanguage\":\"es\",\"potentialAction\":[{\"@type\":\"CommentAction\",\"name\":\"Comment\",\"target\":[\"https:\\\/\\\/quehacerpolitico.mx\\\/?p=114795#respond\"]}]},{\"@type\":\"WebPage\",\"@id\":\"https:\\\/\\\/quehacerpolitico.mx\\\/?p=114795\",\"url\":\"https:\\\/\\\/quehacerpolitico.mx\\\/?p=114795\",\"name\":\"Otra balacera en la Ciudad de M\u00e9xico: ataque a bar de Iztacalco deja cuatro j\u00f3venes heridos -\",\"isPartOf\":{\"@id\":\"https:\\\/\\\/quehacerpolitico.mx\\\/#website\"},\"primaryImageOfPage\":{\"@id\":\"https:\\\/\\\/quehacerpolitico.mx\\\/?p=114795#primaryimage\"},\"image\":{\"@id\":\"https:\\\/\\\/quehacerpolitico.mx\\\/?p=114795#primaryimage\"},\"thumbnailUrl\":\"https:\\\/\\\/quehacerpolitico.mx\\\/wp-content\\\/uploads\\\/2025\\\/02\\\/IMG_0621.jpeg\",\"datePublished\":\"2025-02-16T01:14:22+00:00\",\"dateModified\":\"2025-02-16T01:15:43+00:00\",\"author\":{\"@id\":\"https:\\\/\\\/quehacerpolitico.mx\\\/#\\\/schema\\\/person\\\/496d8ad2d1d3f8036101dca7ee39e585\"},\"breadcrumb\":{\"@id\":\"https:\\\/\\\/quehacerpolitico.mx\\\/?p=114795#breadcrumb\"},\"inLanguage\":\"es\",\"potentialAction\":[{\"@type\":\"ReadAction\",\"target\":[\"https:\\\/\\\/quehacerpolitico.mx\\\/?p=114795\"]}]},{\"@type\":\"ImageObject\",\"inLanguage\":\"es\",\"@id\":\"https:\\\/\\\/quehacerpolitico.mx\\\/?p=114795#primaryimage\",\"url\":\"https:\\\/\\\/quehacerpolitico.mx\\\/wp-content\\\/uploads\\\/2025\\\/02\\\/IMG_0621.jpeg\",\"contentUrl\":\"https:\\\/\\\/quehacerpolitico.mx\\\/wp-content\\\/uploads\\\/2025\\\/02\\\/IMG_0621.jpeg\",\"width\":770,\"height\":404},{\"@type\":\"BreadcrumbList\",\"@id\":\"https:\\\/\\\/quehacerpolitico.mx\\\/?p=114795#breadcrumb\",\"itemListElement\":[{\"@type\":\"ListItem\",\"position\":1,\"name\":\"Inicio\",\"item\":\"https:\\\/\\\/quehacerpolitico.mx\\\/\"},{\"@type\":\"ListItem\",\"position\":2,\"name\":\"Otra balacera en la Ciudad de M\u00e9xico: ataque a bar de Iztacalco deja cuatro j\u00f3venes heridos\"}]},{\"@type\":\"WebSite\",\"@id\":\"https:\\\/\\\/quehacerpolitico.mx\\\/#website\",\"url\":\"https:\\\/\\\/quehacerpolitico.mx\\\/\",\"name\":\"\",\"description\":\"\",\"potentialAction\":[{\"@type\":\"SearchAction\",\"target\":{\"@type\":\"EntryPoint\",\"urlTemplate\":\"https:\\\/\\\/quehacerpolitico.mx\\\/?s={search_term_string}\"},\"query-input\":{\"@type\":\"PropertyValueSpecification\",\"valueRequired\":true,\"valueName\":\"search_term_string\"}}],\"inLanguage\":\"es\"},{\"@type\":\"Person\",\"@id\":\"https:\\\/\\\/quehacerpolitico.mx\\\/#\\\/schema\\\/person\\\/496d8ad2d1d3f8036101dca7ee39e585\",\"name\":\"Redacci\u00f3n QP\",\"image\":{\"@type\":\"ImageObject\",\"inLanguage\":\"es\",\"@id\":\"https:\\\/\\\/secure.gravatar.com\\\/avatar\\\/c7164ed6fdec453195284ad24a5ae5b6e1eed2b848477fa2a4787ba9adf39a41?s=96&d=mm&r=g\",\"url\":\"https:\\\/\\\/secure.gravatar.com\\\/avatar\\\/c7164ed6fdec453195284ad24a5ae5b6e1eed2b848477fa2a4787ba9adf39a41?s=96&d=mm&r=g\",\"contentUrl\":\"https:\\\/\\\/secure.gravatar.com\\\/avatar\\\/c7164ed6fdec453195284ad24a5ae5b6e1eed2b848477fa2a4787ba9adf39a41?s=96&d=mm&r=g\",\"caption\":\"Redacci\u00f3n QP\"},\"url\":\"https:\\\/\\\/quehacerpolitico.mx\\\/?author=2\"}]}<\/script>\n<!-- \/ Yoast SEO plugin. -->","yoast_head_json":{"title":"Otra balacera en la Ciudad de M\u00e9xico: ataque a bar de Iztacalco deja cuatro j\u00f3venes heridos -","robots":{"index":"index","follow":"follow","max-snippet":"max-snippet:-1","max-image-preview":"max-image-preview:large","max-video-preview":"max-video-preview:-1"},"canonical":"https:\/\/quehacerpolitico.mx\/?p=114795","og_locale":"es_MX","og_type":"article","og_title":"Otra balacera en la Ciudad de M\u00e9xico: ataque a bar de Iztacalco deja cuatro j\u00f3venes heridos -","og_description":"Por Redacci\u00f3n QP Durante esta semana, la Ciudad de M\u00e9xico ha registrado cuatro\u00a0balaceras en distintas...","og_url":"https:\/\/quehacerpolitico.mx\/?p=114795","article_published_time":"2025-02-16T01:14:22+00:00","article_modified_time":"2025-02-16T01:15:43+00:00","og_image":[{"width":770,"height":404,"url":"https:\/\/quehacerpolitico.mx\/wp-content\/uploads\/2025\/02\/IMG_0621.jpeg","type":"image\/jpeg"}],"author":"Redacci\u00f3n QP","twitter_card":"summary_large_image","twitter_misc":{"Escrito por":"Redacci\u00f3n QP","Tiempo de lectura":"2 minutos"},"schema":{"@context":"https:\/\/schema.org","@graph":[{"@type":"Article","@id":"https:\/\/quehacerpolitico.mx\/?p=114795#article","isPartOf":{"@id":"https:\/\/quehacerpolitico.mx\/?p=114795"},"author":{"name":"Redacci\u00f3n QP","@id":"https:\/\/quehacerpolitico.mx\/#\/schema\/person\/496d8ad2d1d3f8036101dca7ee39e585"},"headline":"Otra balacera en la Ciudad de M\u00e9xico: ataque a bar de Iztacalco deja cuatro j\u00f3venes heridos","datePublished":"2025-02-16T01:14:22+00:00","dateModified":"2025-02-16T01:15:43+00:00","mainEntityOfPage":{"@id":"https:\/\/quehacerpolitico.mx\/?p=114795"},"wordCount":410,"commentCount":0,"image":{"@id":"https:\/\/quehacerpolitico.mx\/?p=114795#primaryimage"},"thumbnailUrl":"https:\/\/quehacerpolitico.mx\/wp-content\/uploads\/2025\/02\/IMG_0621.jpeg","articleSection":["CDMX"],"inLanguage":"es","potentialAction":[{"@type":"CommentAction","name":"Comment","target":["https:\/\/quehacerpolitico.mx\/?p=114795#respond"]}]},{"@type":"WebPage","@id":"https:\/\/quehacerpolitico.mx\/?p=114795","url":"https:\/\/quehacerpolitico.mx\/?p=114795","name":"Otra balacera en la Ciudad de M\u00e9xico: ataque a bar de Iztacalco deja cuatro j\u00f3venes heridos -","isPartOf":{"@id":"https:\/\/quehacerpolitico.mx\/#website"},"primaryImageOfPage":{"@id":"https:\/\/quehacerpolitico.mx\/?p=114795#primaryimage"},"image":{"@id":"https:\/\/quehacerpolitico.mx\/?p=114795#primaryimage"},"thumbnailUrl":"https:\/\/quehacerpolitico.mx\/wp-content\/uploads\/2025\/02\/IMG_0621.jpeg","datePublished":"2025-02-16T01:14:22+00:00","dateModified":"2025-02-16T01:15:43+00:00","author":{"@id":"https:\/\/quehacerpolitico.mx\/#\/schema\/person\/496d8ad2d1d3f8036101dca7ee39e585"},"breadcrumb":{"@id":"https:\/\/quehacerpolitico.mx\/?p=114795#breadcrumb"},"inLanguage":"es","potentialAction":[{"@type":"ReadAction","target":["https:\/\/quehacerpolitico.mx\/?p=114795"]}]},{"@type":"ImageObject","inLanguage":"es","@id":"https:\/\/quehacerpolitico.mx\/?p=114795#primaryimage","url":"https:\/\/quehacerpolitico.mx\/wp-content\/uploads\/2025\/02\/IMG_0621.jpeg","contentUrl":"https:\/\/quehacerpolitico.mx\/wp-content\/uploads\/2025\/02\/IMG_0621.jpeg","width":770,"height":404},{"@type":"BreadcrumbList","@id":"https:\/\/quehacerpolitico.mx\/?p=114795#breadcrumb","itemListElement":[{"@type":"ListItem","position":1,"name":"Inicio","item":"https:\/\/quehacerpolitico.mx\/"},{"@type":"ListItem","position":2,"name":"Otra balacera en la Ciudad de M\u00e9xico: ataque a bar de Iztacalco deja cuatro j\u00f3venes heridos"}]},{"@type":"WebSite","@id":"https:\/\/quehacerpolitico.mx\/#website","url":"https:\/\/quehacerpolitico.mx\/","name":"","description":"","potentialAction":[{"@type":"SearchAction","target":{"@type":"EntryPoint","urlTemplate":"https:\/\/quehacerpolitico.mx\/?s={search_term_string}"},"query-input":{"@type":"PropertyValueSpecification","valueRequired":true,"valueName":"search_term_string"}}],"inLanguage":"es"},{"@type":"Person","@id":"https:\/\/quehacerpolitico.mx\/#\/schema\/person\/496d8ad2d1d3f8036101dca7ee39e585","name":"Redacci\u00f3n QP","image":{"@type":"ImageObject","inLanguage":"es","@id":"https:\/\/secure.gravatar.com\/avatar\/c7164ed6fdec453195284ad24a5ae5b6e1eed2b848477fa2a4787ba9adf39a41?s=96&d=mm&r=g","url":"https:\/\/secure.gravatar.com\/avatar\/c7164ed6fdec453195284ad24a5ae5b6e1eed2b848477fa2a4787ba9adf39a41?s=96&d=mm&r=g","contentUrl":"https:\/\/secure.gravatar.com\/avatar\/c7164ed6fdec453195284ad24a5ae5b6e1eed2b848477fa2a4787ba9adf39a41?s=96&d=mm&r=g","caption":"Redacci\u00f3n QP"},"url":"https:\/\/quehacerpolitico.mx\/?author=2"}]}},"featured_image_urls":{"full":["https:\/\/quehacerpolitico.mx\/wp-content\/uploads\/2025\/02\/IMG_0621.jpeg",770,404,false],"thumbnail":["https:\/\/quehacerpolitico.mx\/wp-content\/uploads\/2025\/02\/IMG_0621-150x150.jpeg",150,150,true],"medium":["https:\/\/quehacerpolitico.mx\/wp-content\/uploads\/2025\/02\/IMG_0621-300x157.jpeg",300,157,true],"medium_large":["https:\/\/quehacerpolitico.mx\/wp-content\/uploads\/2025\/02\/IMG_0621-768x403.jpeg",640,336,true],"large":["https:\/\/quehacerpolitico.mx\/wp-content\/uploads\/2025\/02\/IMG_0621.jpeg",640,336,false],"1536x1536":["https:\/\/quehacerpolitico.mx\/wp-content\/uploads\/2025\/02\/IMG_0621.jpeg",770,404,false],"2048x2048":["https:\/\/quehacerpolitico.mx\/wp-content\/uploads\/2025\/02\/IMG_0621.jpeg",770,404,false],"covernews-featured":["https:\/\/quehacerpolitico.mx\/wp-content\/uploads\/2025\/02\/IMG_0621.jpeg",770,404,false],"covernews-medium":["https:\/\/quehacerpolitico.mx\/wp-content\/uploads\/2025\/02\/IMG_0621-540x340.jpeg",540,340,true]},"author_info":{"display_name":"Redacci\u00f3n QP","author_link":"https:\/\/quehacerpolitico.mx\/?author=2"},"category_info":"<a href=\"https:\/\/quehacerpolitico.mx\/?cat=55\" rel=\"category\">CDMX<\/a>","tag_info":"CDMX","comment_count":"0","_links":{"self":[{"href":"https:\/\/quehacerpolitico.mx\/index.php?rest_route=\/wp\/v2\/posts\/114795","targetHints":{"allow":["GET"]}}],"collection":[{"href":"https:\/\/quehacerpolitico.mx\/index.php?rest_route=\/wp\/v2\/posts"}],"about":[{"href":"https:\/\/quehacerpolitico.mx\/index.php?rest_route=\/wp\/v2\/types\/post"}],"author":[{"embeddable":true,"href":"https:\/\/quehacerpolitico.mx\/index.php?rest_route=\/wp\/v2\/users\/2"}],"replies":[{"embeddable":true,"href":"https:\/\/quehacerpolitico.mx\/index.php?rest_route=%2Fwp%2Fv2%2Fcomments&post=114795"}],"version-history":[{"count":1,"href":"https:\/\/quehacerpolitico.mx\/index.php?rest_route=\/wp\/v2\/posts\/114795\/revisions"}],"predecessor-version":[{"id":114797,"href":"https:\/\/quehacerpolitico.mx\/index.php?rest_route=\/wp\/v2\/posts\/114795\/revisions\/114797"}],"wp:featuredmedia":[{"embeddable":true,"href":"https:\/\/quehacerpolitico.mx\/index.php?rest_route=\/wp\/v2\/media\/114796"}],"wp:attachment":[{"href":"https:\/\/quehacerpolitico.mx\/index.php?rest_route=%2Fwp%2Fv2%2Fmedia&parent=114795"}],"wp:term":[{"taxonomy":"category","embeddable":true,"href":"https:\/\/quehacerpolitico.mx\/index.php?rest_route=%2Fwp%2Fv2%2Fcategories&post=114795"},{"taxonomy":"post_tag","embeddable":true,"href":"https:\/\/quehacerpolitico.mx\/index.php?rest_route=%2Fwp%2Fv2%2Ftags&post=114795"}],"curies":[{"name":"wp","href":"https:\/\/api.w.org\/{rel}","templated":true}]}}