{"id":114788,"date":"2025-02-15T18:26:55","date_gmt":"2025-02-16T00:26:55","guid":{"rendered":"https:\/\/quehacerpolitico.mx\/?p=114788"},"modified":"2025-02-15T18:26:59","modified_gmt":"2025-02-16T00:26:59","slug":"zlatan-ibrahimovic-elogia-a-santiago-gimenez-tras-anotar-el-gol-del-triunfo-del-milan-ante-el-verona-es-un-killer","status":"publish","type":"post","link":"https:\/\/quehacerpolitico.mx\/?p=114788","title":{"rendered":"Zlatan Ibrahimovic elogia a Santiago Gim\u00e9nez tras anotar el gol del triunfo del Milan ante el Verona: \u201cEs un killer\u201d"},"content":{"rendered":"\n<p>Por Redacci\u00f3n QP<\/p>\n\n\n\n<p>El asesor del cuadro rossonero dijo que el mexicano \u201ces tan fuerte como Ibra\u201d tras recalcar la adaptaci\u00f3n tan r\u00e1pida que ha tenido al calcio.<\/p>\n\n\n\n<p><strong>El sueco Zlatan Ibrahimovic funge hoy en d\u00eda como un asesor del Milan,<\/strong>&nbsp;mucho tuvo que ver en la&nbsp;<strong>contrataci\u00f3n de Santiago Gim\u00e9nez,<\/strong>&nbsp;sabe de las cualidades del mexicano y eso lo dej\u00f3 en claro tras puntualizar el gol del triunfo del \u2018Bebote\u2019 ante&nbsp;<strong>el Hellas Verona en la Serie A.<\/strong><\/p>\n\n\n\n<figure class=\"wp-block-embed is-type-video is-provider-youtube wp-block-embed-youtube wp-embed-aspect-16-9 wp-has-aspect-ratio\"><div class=\"wp-block-embed__wrapper\">\n<iframe loading=\"lazy\" title=\"MILAN-VERONA 1-0 | HIGHLIGHTS | Santi Gimenez Scores in Back-to-back Games! | Serie A 2024\/25\" width=\"640\" height=\"360\" src=\"https:\/\/www.youtube.com\/embed\/yD0TbGO57-k?feature=oembed\" frameborder=\"0\" allow=\"accelerometer; autoplay; clipboard-write; encrypted-media; gyroscope; picture-in-picture; web-share\" referrerpolicy=\"strict-origin-when-cross-origin\" allowfullscreen><\/iframe>\n<\/div><\/figure>\n\n\n\n<p>\u201cEl \u00fanico hecho que importa hoy es el gol,&nbsp;<strong>es un killer, cuando entra al \u00e1rea tiene la posibilidad de hacer un gol.&nbsp;<\/strong>La cualidad de Gim\u00e9nez es estar listo dentro del \u00e1rea, tener paciencia, esperar el momento, debe ser peligroso para usar sus cualidades dentro del \u00e1rea.&nbsp;<strong>M\u00e1s que anotar, debe jugar bien\u201d,&nbsp;<\/strong>puntualiz\u00f3 el sueco a ESPN.<\/p>\n\n\n\n<figure class=\"wp-block-embed is-type-rich is-provider-twitter wp-block-embed-twitter\"><div class=\"wp-block-embed__wrapper\">\n<blockquote class=\"twitter-tweet\" data-width=\"550\" data-dnt=\"true\"><p lang=\"es\" dir=\"ltr\">Goleador. \ud83c\uddf2\ud83c\uddfd<a href=\"https:\/\/twitter.com\/hashtag\/MilanVerona?src=hash&amp;ref_src=twsrc%5Etfw\">#MilanVerona<\/a> 1-0 <a href=\"https:\/\/t.co\/hooxAphqYs\">pic.twitter.com\/hooxAphqYs<\/a><\/p>&mdash; Lega Serie A (@SerieA_EN) <a href=\"https:\/\/twitter.com\/SerieA_EN\/status\/1890877048752652337?ref_src=twsrc%5Etfw\">February 15, 2025<\/a><\/blockquote><script async src=\"https:\/\/platform.twitter.com\/widgets.js\" charset=\"utf-8\"><\/script>\n<\/div><\/figure>\n\n\n\n<p><strong>\u201cHa causado un gran impacto, tanto dentro como fuera del campo.\u00a0<\/strong>Es su segundo gol en el segundo partido que juega en el campeonato italiano, est\u00e1 bien, es muy feliz.\u00a0<strong>Estamos tratando de que \u00e9l est\u00e9 bien tanto como sea posible.\u00a0<\/strong>La escuadra lo ayuda y \u00e9l ayuda a la escuadra\u201d, puntualiz\u00f3.<\/p>\n\n\n\n<figure class=\"wp-block-embed is-type-rich is-provider-twitter wp-block-embed-twitter\"><div class=\"wp-block-embed__wrapper\">\n<blockquote class=\"twitter-tweet\" data-width=\"550\" data-dnt=\"true\"><p lang=\"en\" dir=\"ltr\">Job done. We keep moving \ud83d\udcaa<a href=\"https:\/\/twitter.com\/hashtag\/MilanVerona?src=hash&amp;ref_src=twsrc%5Etfw\">#MilanVerona<\/a> <a href=\"https:\/\/twitter.com\/hashtag\/SempreMilan?src=hash&amp;ref_src=twsrc%5Etfw\">#SempreMilan<\/a> <a href=\"https:\/\/t.co\/vdIx56RWKq\">pic.twitter.com\/vdIx56RWKq<\/a><\/p>&mdash; AC Milan (@acmilan) <a href=\"https:\/\/twitter.com\/acmilan\/status\/1890882842625740981?ref_src=twsrc%5Etfw\">February 15, 2025<\/a><\/blockquote><script async src=\"https:\/\/platform.twitter.com\/widgets.js\" charset=\"utf-8\"><\/script>\n<\/div><\/figure>\n\n\n\n<p><strong>A Ibrahimovic<\/strong>\u00a0le recordaron que hace un par de semanas hab\u00eda dicho que\u00a0<strong>Gim\u00e9nez es como \u00e9l era en la delantera;\u00a0<\/strong>sin embargo, el sueco no quiere que haya comparaciones que pudieran mermar el rendimiento del mexicano, a quien s\u00ed\u00a0<strong>le admira la fortaleza que el propio Zlatan mostr\u00f3 para conquistar al balompi\u00e9 italiano.<\/strong><\/p>\n\n\n\n<figure class=\"wp-block-embed is-type-video is-provider-youtube wp-block-embed-youtube wp-embed-aspect-16-9 wp-has-aspect-ratio\"><div class=\"wp-block-embed__wrapper\">\n<iframe loading=\"lazy\" title=\"\u00a1ZLATAN IBRAHIMOVIC SE RINDE EN ELOGIOS A SANTI GIM\u00c9NEZ! | \u00bfSU FUTURO EST\u00c1 EN AC MILAN? | #Shorts\" width=\"640\" height=\"360\" src=\"https:\/\/www.youtube.com\/embed\/r_Wod-vZBJk?feature=oembed\" frameborder=\"0\" allow=\"accelerometer; autoplay; clipboard-write; encrypted-media; gyroscope; picture-in-picture; web-share\" referrerpolicy=\"strict-origin-when-cross-origin\" allowfullscreen><\/iframe>\n<\/div><\/figure>\n\n\n\n<p><strong>\u201cNo dije que me recuerda a Ibra, pero s\u00ed que es tan fuerte como Ibra.\u00a0<\/strong>\u00bfA qui\u00e9n me recuerda? A Santiago Gim\u00e9nez. No se puede comparar con otros. Tenemos que ayudarlo a hacerlo bien; tambi\u00e9n es nuestra responsabilidad.\u00a0<strong>No es f\u00e1cil venir a Italia y rendir de inmediato, especialmente en el Mil\u00e1n,<\/strong>\u00a0uno de los clubes m\u00e1s grandes del mundo. Estamos aqu\u00ed para ayudarlo, para que disfrute del juego y para que obtenga resultados\u201d, afirm\u00f3 para DAZN.<\/p>\n","protected":false},"excerpt":{"rendered":"<p>Por Redacci\u00f3n QP El asesor del cuadro rossonero dijo que el mexicano \u201ces tan fuerte&#8230;<\/p>\n","protected":false},"author":2,"featured_media":114789,"comment_status":"open","ping_status":"open","sticky":false,"template":"","format":"standard","meta":{"_monsterinsights_skip_tracking":false,"_monsterinsights_sitenote_active":false,"_monsterinsights_sitenote_note":"","_monsterinsights_sitenote_category":0,"footnotes":""},"categories":[54],"tags":[],"class_list":["post-114788","post","type-post","status-publish","format-standard","has-post-thumbnail","hentry","category-deportes"],"yoast_head":"<!-- This site is optimized with the Yoast SEO plugin v27.3 - https:\/\/yoast.com\/product\/yoast-seo-wordpress\/ -->\n<title>Zlatan Ibrahimovic elogia a Santiago Gim\u00e9nez tras anotar el gol del triunfo del Milan ante el Verona: \u201cEs un killer\u201d -<\/title>\n<meta name=\"robots\" content=\"index, follow, max-snippet:-1, max-image-preview:large, max-video-preview:-1\" \/>\n<link rel=\"canonical\" href=\"https:\/\/quehacerpolitico.mx\/?p=114788\" \/>\n<meta property=\"og:locale\" content=\"es_MX\" \/>\n<meta property=\"og:type\" content=\"article\" \/>\n<meta property=\"og:title\" content=\"Zlatan Ibrahimovic elogia a Santiago Gim\u00e9nez tras anotar el gol del triunfo del Milan ante el Verona: \u201cEs un killer\u201d -\" \/>\n<meta property=\"og:description\" content=\"Por Redacci\u00f3n QP El asesor del cuadro rossonero dijo que el mexicano \u201ces tan fuerte...\" \/>\n<meta property=\"og:url\" content=\"https:\/\/quehacerpolitico.mx\/?p=114788\" \/>\n<meta property=\"article:published_time\" content=\"2025-02-16T00:26:55+00:00\" \/>\n<meta property=\"article:modified_time\" content=\"2025-02-16T00:26:59+00:00\" \/>\n<meta property=\"og:image\" content=\"https:\/\/quehacerpolitico.mx\/wp-content\/uploads\/2025\/02\/IMG_0619.jpeg\" \/>\n\t<meta property=\"og:image:width\" content=\"2048\" \/>\n\t<meta property=\"og:image:height\" content=\"2048\" \/>\n\t<meta property=\"og:image:type\" content=\"image\/jpeg\" \/>\n<meta name=\"author\" content=\"Redacci\u00f3n QP\" \/>\n<meta name=\"twitter:card\" content=\"summary_large_image\" \/>\n<meta name=\"twitter:label1\" content=\"Escrito por\" \/>\n\t<meta name=\"twitter:data1\" content=\"Redacci\u00f3n QP\" \/>\n\t<meta name=\"twitter:label2\" content=\"Tiempo de lectura\" \/>\n\t<meta name=\"twitter:data2\" content=\"2 minutos\" \/>\n<script type=\"application\/ld+json\" class=\"yoast-schema-graph\">{\"@context\":\"https:\\\/\\\/schema.org\",\"@graph\":[{\"@type\":\"Article\",\"@id\":\"https:\\\/\\\/quehacerpolitico.mx\\\/?p=114788#article\",\"isPartOf\":{\"@id\":\"https:\\\/\\\/quehacerpolitico.mx\\\/?p=114788\"},\"author\":{\"name\":\"Redacci\u00f3n QP\",\"@id\":\"https:\\\/\\\/quehacerpolitico.mx\\\/#\\\/schema\\\/person\\\/496d8ad2d1d3f8036101dca7ee39e585\"},\"headline\":\"Zlatan Ibrahimovic elogia a Santiago Gim\u00e9nez tras anotar el gol del triunfo del Milan ante el Verona: \u201cEs un killer\u201d\",\"datePublished\":\"2025-02-16T00:26:55+00:00\",\"dateModified\":\"2025-02-16T00:26:59+00:00\",\"mainEntityOfPage\":{\"@id\":\"https:\\\/\\\/quehacerpolitico.mx\\\/?p=114788\"},\"wordCount\":407,\"commentCount\":0,\"image\":{\"@id\":\"https:\\\/\\\/quehacerpolitico.mx\\\/?p=114788#primaryimage\"},\"thumbnailUrl\":\"https:\\\/\\\/quehacerpolitico.mx\\\/wp-content\\\/uploads\\\/2025\\\/02\\\/IMG_0619.jpeg\",\"articleSection\":[\"Deportes\"],\"inLanguage\":\"es\",\"potentialAction\":[{\"@type\":\"CommentAction\",\"name\":\"Comment\",\"target\":[\"https:\\\/\\\/quehacerpolitico.mx\\\/?p=114788#respond\"]}]},{\"@type\":\"WebPage\",\"@id\":\"https:\\\/\\\/quehacerpolitico.mx\\\/?p=114788\",\"url\":\"https:\\\/\\\/quehacerpolitico.mx\\\/?p=114788\",\"name\":\"Zlatan Ibrahimovic elogia a Santiago Gim\u00e9nez tras anotar el gol del triunfo del Milan ante el Verona: \u201cEs un killer\u201d -\",\"isPartOf\":{\"@id\":\"https:\\\/\\\/quehacerpolitico.mx\\\/#website\"},\"primaryImageOfPage\":{\"@id\":\"https:\\\/\\\/quehacerpolitico.mx\\\/?p=114788#primaryimage\"},\"image\":{\"@id\":\"https:\\\/\\\/quehacerpolitico.mx\\\/?p=114788#primaryimage\"},\"thumbnailUrl\":\"https:\\\/\\\/quehacerpolitico.mx\\\/wp-content\\\/uploads\\\/2025\\\/02\\\/IMG_0619.jpeg\",\"datePublished\":\"2025-02-16T00:26:55+00:00\",\"dateModified\":\"2025-02-16T00:26:59+00:00\",\"author\":{\"@id\":\"https:\\\/\\\/quehacerpolitico.mx\\\/#\\\/schema\\\/person\\\/496d8ad2d1d3f8036101dca7ee39e585\"},\"breadcrumb\":{\"@id\":\"https:\\\/\\\/quehacerpolitico.mx\\\/?p=114788#breadcrumb\"},\"inLanguage\":\"es\",\"potentialAction\":[{\"@type\":\"ReadAction\",\"target\":[\"https:\\\/\\\/quehacerpolitico.mx\\\/?p=114788\"]}]},{\"@type\":\"ImageObject\",\"inLanguage\":\"es\",\"@id\":\"https:\\\/\\\/quehacerpolitico.mx\\\/?p=114788#primaryimage\",\"url\":\"https:\\\/\\\/quehacerpolitico.mx\\\/wp-content\\\/uploads\\\/2025\\\/02\\\/IMG_0619.jpeg\",\"contentUrl\":\"https:\\\/\\\/quehacerpolitico.mx\\\/wp-content\\\/uploads\\\/2025\\\/02\\\/IMG_0619.jpeg\",\"width\":2048,\"height\":2048},{\"@type\":\"BreadcrumbList\",\"@id\":\"https:\\\/\\\/quehacerpolitico.mx\\\/?p=114788#breadcrumb\",\"itemListElement\":[{\"@type\":\"ListItem\",\"position\":1,\"name\":\"Inicio\",\"item\":\"https:\\\/\\\/quehacerpolitico.mx\\\/\"},{\"@type\":\"ListItem\",\"position\":2,\"name\":\"Zlatan Ibrahimovic elogia a Santiago Gim\u00e9nez tras anotar el gol del triunfo del Milan ante el Verona: \u201cEs un killer\u201d\"}]},{\"@type\":\"WebSite\",\"@id\":\"https:\\\/\\\/quehacerpolitico.mx\\\/#website\",\"url\":\"https:\\\/\\\/quehacerpolitico.mx\\\/\",\"name\":\"\",\"description\":\"\",\"potentialAction\":[{\"@type\":\"SearchAction\",\"target\":{\"@type\":\"EntryPoint\",\"urlTemplate\":\"https:\\\/\\\/quehacerpolitico.mx\\\/?s={search_term_string}\"},\"query-input\":{\"@type\":\"PropertyValueSpecification\",\"valueRequired\":true,\"valueName\":\"search_term_string\"}}],\"inLanguage\":\"es\"},{\"@type\":\"Person\",\"@id\":\"https:\\\/\\\/quehacerpolitico.mx\\\/#\\\/schema\\\/person\\\/496d8ad2d1d3f8036101dca7ee39e585\",\"name\":\"Redacci\u00f3n QP\",\"image\":{\"@type\":\"ImageObject\",\"inLanguage\":\"es\",\"@id\":\"https:\\\/\\\/secure.gravatar.com\\\/avatar\\\/c7164ed6fdec453195284ad24a5ae5b6e1eed2b848477fa2a4787ba9adf39a41?s=96&d=mm&r=g\",\"url\":\"https:\\\/\\\/secure.gravatar.com\\\/avatar\\\/c7164ed6fdec453195284ad24a5ae5b6e1eed2b848477fa2a4787ba9adf39a41?s=96&d=mm&r=g\",\"contentUrl\":\"https:\\\/\\\/secure.gravatar.com\\\/avatar\\\/c7164ed6fdec453195284ad24a5ae5b6e1eed2b848477fa2a4787ba9adf39a41?s=96&d=mm&r=g\",\"caption\":\"Redacci\u00f3n QP\"},\"url\":\"https:\\\/\\\/quehacerpolitico.mx\\\/?author=2\"}]}<\/script>\n<!-- \/ Yoast SEO plugin. -->","yoast_head_json":{"title":"Zlatan Ibrahimovic elogia a Santiago Gim\u00e9nez tras anotar el gol del triunfo del Milan ante el Verona: \u201cEs un killer\u201d -","robots":{"index":"index","follow":"follow","max-snippet":"max-snippet:-1","max-image-preview":"max-image-preview:large","max-video-preview":"max-video-preview:-1"},"canonical":"https:\/\/quehacerpolitico.mx\/?p=114788","og_locale":"es_MX","og_type":"article","og_title":"Zlatan Ibrahimovic elogia a Santiago Gim\u00e9nez tras anotar el gol del triunfo del Milan ante el Verona: \u201cEs un killer\u201d -","og_description":"Por Redacci\u00f3n QP El asesor del cuadro rossonero dijo que el mexicano \u201ces tan fuerte...","og_url":"https:\/\/quehacerpolitico.mx\/?p=114788","article_published_time":"2025-02-16T00:26:55+00:00","article_modified_time":"2025-02-16T00:26:59+00:00","og_image":[{"width":2048,"height":2048,"url":"https:\/\/quehacerpolitico.mx\/wp-content\/uploads\/2025\/02\/IMG_0619.jpeg","type":"image\/jpeg"}],"author":"Redacci\u00f3n QP","twitter_card":"summary_large_image","twitter_misc":{"Escrito por":"Redacci\u00f3n QP","Tiempo de lectura":"2 minutos"},"schema":{"@context":"https:\/\/schema.org","@graph":[{"@type":"Article","@id":"https:\/\/quehacerpolitico.mx\/?p=114788#article","isPartOf":{"@id":"https:\/\/quehacerpolitico.mx\/?p=114788"},"author":{"name":"Redacci\u00f3n QP","@id":"https:\/\/quehacerpolitico.mx\/#\/schema\/person\/496d8ad2d1d3f8036101dca7ee39e585"},"headline":"Zlatan Ibrahimovic elogia a Santiago Gim\u00e9nez tras anotar el gol del triunfo del Milan ante el Verona: \u201cEs un killer\u201d","datePublished":"2025-02-16T00:26:55+00:00","dateModified":"2025-02-16T00:26:59+00:00","mainEntityOfPage":{"@id":"https:\/\/quehacerpolitico.mx\/?p=114788"},"wordCount":407,"commentCount":0,"image":{"@id":"https:\/\/quehacerpolitico.mx\/?p=114788#primaryimage"},"thumbnailUrl":"https:\/\/quehacerpolitico.mx\/wp-content\/uploads\/2025\/02\/IMG_0619.jpeg","articleSection":["Deportes"],"inLanguage":"es","potentialAction":[{"@type":"CommentAction","name":"Comment","target":["https:\/\/quehacerpolitico.mx\/?p=114788#respond"]}]},{"@type":"WebPage","@id":"https:\/\/quehacerpolitico.mx\/?p=114788","url":"https:\/\/quehacerpolitico.mx\/?p=114788","name":"Zlatan Ibrahimovic elogia a Santiago Gim\u00e9nez tras anotar el gol del triunfo del Milan ante el Verona: \u201cEs un killer\u201d -","isPartOf":{"@id":"https:\/\/quehacerpolitico.mx\/#website"},"primaryImageOfPage":{"@id":"https:\/\/quehacerpolitico.mx\/?p=114788#primaryimage"},"image":{"@id":"https:\/\/quehacerpolitico.mx\/?p=114788#primaryimage"},"thumbnailUrl":"https:\/\/quehacerpolitico.mx\/wp-content\/uploads\/2025\/02\/IMG_0619.jpeg","datePublished":"2025-02-16T00:26:55+00:00","dateModified":"2025-02-16T00:26:59+00:00","author":{"@id":"https:\/\/quehacerpolitico.mx\/#\/schema\/person\/496d8ad2d1d3f8036101dca7ee39e585"},"breadcrumb":{"@id":"https:\/\/quehacerpolitico.mx\/?p=114788#breadcrumb"},"inLanguage":"es","potentialAction":[{"@type":"ReadAction","target":["https:\/\/quehacerpolitico.mx\/?p=114788"]}]},{"@type":"ImageObject","inLanguage":"es","@id":"https:\/\/quehacerpolitico.mx\/?p=114788#primaryimage","url":"https:\/\/quehacerpolitico.mx\/wp-content\/uploads\/2025\/02\/IMG_0619.jpeg","contentUrl":"https:\/\/quehacerpolitico.mx\/wp-content\/uploads\/2025\/02\/IMG_0619.jpeg","width":2048,"height":2048},{"@type":"BreadcrumbList","@id":"https:\/\/quehacerpolitico.mx\/?p=114788#breadcrumb","itemListElement":[{"@type":"ListItem","position":1,"name":"Inicio","item":"https:\/\/quehacerpolitico.mx\/"},{"@type":"ListItem","position":2,"name":"Zlatan Ibrahimovic elogia a Santiago Gim\u00e9nez tras anotar el gol del triunfo del Milan ante el Verona: \u201cEs un killer\u201d"}]},{"@type":"WebSite","@id":"https:\/\/quehacerpolitico.mx\/#website","url":"https:\/\/quehacerpolitico.mx\/","name":"","description":"","potentialAction":[{"@type":"SearchAction","target":{"@type":"EntryPoint","urlTemplate":"https:\/\/quehacerpolitico.mx\/?s={search_term_string}"},"query-input":{"@type":"PropertyValueSpecification","valueRequired":true,"valueName":"search_term_string"}}],"inLanguage":"es"},{"@type":"Person","@id":"https:\/\/quehacerpolitico.mx\/#\/schema\/person\/496d8ad2d1d3f8036101dca7ee39e585","name":"Redacci\u00f3n QP","image":{"@type":"ImageObject","inLanguage":"es","@id":"https:\/\/secure.gravatar.com\/avatar\/c7164ed6fdec453195284ad24a5ae5b6e1eed2b848477fa2a4787ba9adf39a41?s=96&d=mm&r=g","url":"https:\/\/secure.gravatar.com\/avatar\/c7164ed6fdec453195284ad24a5ae5b6e1eed2b848477fa2a4787ba9adf39a41?s=96&d=mm&r=g","contentUrl":"https:\/\/secure.gravatar.com\/avatar\/c7164ed6fdec453195284ad24a5ae5b6e1eed2b848477fa2a4787ba9adf39a41?s=96&d=mm&r=g","caption":"Redacci\u00f3n QP"},"url":"https:\/\/quehacerpolitico.mx\/?author=2"}]}},"featured_image_urls":{"full":["https:\/\/quehacerpolitico.mx\/wp-content\/uploads\/2025\/02\/IMG_0619.jpeg",2048,2048,false],"thumbnail":["https:\/\/quehacerpolitico.mx\/wp-content\/uploads\/2025\/02\/IMG_0619-150x150.jpeg",150,150,true],"medium":["https:\/\/quehacerpolitico.mx\/wp-content\/uploads\/2025\/02\/IMG_0619-300x300.jpeg",300,300,true],"medium_large":["https:\/\/quehacerpolitico.mx\/wp-content\/uploads\/2025\/02\/IMG_0619-768x768.jpeg",640,640,true],"large":["https:\/\/quehacerpolitico.mx\/wp-content\/uploads\/2025\/02\/IMG_0619-1024x1024.jpeg",640,640,true],"1536x1536":["https:\/\/quehacerpolitico.mx\/wp-content\/uploads\/2025\/02\/IMG_0619-1536x1536.jpeg",1536,1536,true],"2048x2048":["https:\/\/quehacerpolitico.mx\/wp-content\/uploads\/2025\/02\/IMG_0619.jpeg",2048,2048,false],"covernews-featured":["https:\/\/quehacerpolitico.mx\/wp-content\/uploads\/2025\/02\/IMG_0619-1024x1024.jpeg",1024,1024,true],"covernews-medium":["https:\/\/quehacerpolitico.mx\/wp-content\/uploads\/2025\/02\/IMG_0619-540x340.jpeg",540,340,true]},"author_info":{"display_name":"Redacci\u00f3n QP","author_link":"https:\/\/quehacerpolitico.mx\/?author=2"},"category_info":"<a href=\"https:\/\/quehacerpolitico.mx\/?cat=54\" rel=\"category\">Deportes<\/a>","tag_info":"Deportes","comment_count":"0","_links":{"self":[{"href":"https:\/\/quehacerpolitico.mx\/index.php?rest_route=\/wp\/v2\/posts\/114788","targetHints":{"allow":["GET"]}}],"collection":[{"href":"https:\/\/quehacerpolitico.mx\/index.php?rest_route=\/wp\/v2\/posts"}],"about":[{"href":"https:\/\/quehacerpolitico.mx\/index.php?rest_route=\/wp\/v2\/types\/post"}],"author":[{"embeddable":true,"href":"https:\/\/quehacerpolitico.mx\/index.php?rest_route=\/wp\/v2\/users\/2"}],"replies":[{"embeddable":true,"href":"https:\/\/quehacerpolitico.mx\/index.php?rest_route=%2Fwp%2Fv2%2Fcomments&post=114788"}],"version-history":[{"count":2,"href":"https:\/\/quehacerpolitico.mx\/index.php?rest_route=\/wp\/v2\/posts\/114788\/revisions"}],"predecessor-version":[{"id":114791,"href":"https:\/\/quehacerpolitico.mx\/index.php?rest_route=\/wp\/v2\/posts\/114788\/revisions\/114791"}],"wp:featuredmedia":[{"embeddable":true,"href":"https:\/\/quehacerpolitico.mx\/index.php?rest_route=\/wp\/v2\/media\/114789"}],"wp:attachment":[{"href":"https:\/\/quehacerpolitico.mx\/index.php?rest_route=%2Fwp%2Fv2%2Fmedia&parent=114788"}],"wp:term":[{"taxonomy":"category","embeddable":true,"href":"https:\/\/quehacerpolitico.mx\/index.php?rest_route=%2Fwp%2Fv2%2Fcategories&post=114788"},{"taxonomy":"post_tag","embeddable":true,"href":"https:\/\/quehacerpolitico.mx\/index.php?rest_route=%2Fwp%2Fv2%2Ftags&post=114788"}],"curies":[{"name":"wp","href":"https:\/\/api.w.org\/{rel}","templated":true}]}}