{"id":114780,"date":"2025-02-15T16:06:50","date_gmt":"2025-02-15T22:06:50","guid":{"rendered":"https:\/\/quehacerpolitico.mx\/?p=114780"},"modified":"2025-02-15T16:06:53","modified_gmt":"2025-02-15T22:06:53","slug":"encierran-a-padre-de-bebe-abandonado-en-carcel-de-cuautitlan-y-a-la-madre-en-penal-de-tlalnepantla","status":"publish","type":"post","link":"https:\/\/quehacerpolitico.mx\/?p=114780","title":{"rendered":"Encierran a padre de beb\u00e9 abandonado en c\u00e1rcel de Cuautitl\u00e1n, y a la madre, en penal de Tlalnepantla"},"content":{"rendered":"\n<p>Por Redacci\u00f3n QP<\/p>\n\n\n\n<p>El pasado 11 de febrero, un beb\u00e9 fue abandonado por un joven dentro de una bolsa de pl\u00e1stico a un costado de un auto en calles de Tultitl\u00e1n y r\u00e1pidamente las im\u00e1genes se viralizaron en redes sociales<\/p>\n\n\n\n<p><strong>Lucio David<\/strong>\u00a0&#8220;N&#8221; y\u00a0<strong>Diana Jaciel<\/strong>\u00a0&#8220;N&#8221;, padres del\u00a0<strong>reci\u00e9n nacido abandonado\u00a0<\/strong>en calles del municipio mexiquense de Tultitl\u00e1n, ya fueron trasladados a los centros penitenciarios para continuar con su proceso legal por el<strong> delito de homicidio en grado tentativa en agravio del reci\u00e9n nacido.<\/strong><\/p>\n\n\n\n<figure class=\"wp-block-embed is-type-rich is-provider-twitter wp-block-embed-twitter\"><div class=\"wp-block-embed__wrapper\">\n<blockquote class=\"twitter-tweet\" data-width=\"550\" data-dnt=\"true\"><p lang=\"es\" dir=\"ltr\">ESPERANDO a ENTREGARSE en la <a href=\"https:\/\/twitter.com\/FiscaliaCDMX?ref_src=twsrc%5Etfw\">@FiscaliaCDMX<\/a><br>As\u00ed estaba Lucio sentado en el piso, afuera de la FGJ en <a href=\"https:\/\/twitter.com\/AlcCuauhtemocMx?ref_src=twsrc%5Etfw\">@AlcCuauhtemocMx<\/a> <br>Quer\u00eda engrasarse por tirar as\u00ed a su bb en Tultitlan, pero ah\u00ed le dijeron q se fuera a <a href=\"https:\/\/twitter.com\/FiscaliaEdomex?ref_src=twsrc%5Etfw\">@FiscaliaEdomex<\/a> <br>Al final <a href=\"https:\/\/twitter.com\/PDI_FGJCDMX?ref_src=twsrc%5Etfw\">@PDI_FGJCDMX<\/a> fue por \u00e9l, y lo regres\u00f3. <a href=\"https:\/\/t.co\/bzoPx4cYbI\">pic.twitter.com\/bzoPx4cYbI<\/a><\/p>&mdash; Carlos Jim\u00e9nez (@c4jimenez) <a href=\"https:\/\/twitter.com\/c4jimenez\/status\/1889854624045342955?ref_src=twsrc%5Etfw\">February 13, 2025<\/a><\/blockquote><script async src=\"https:\/\/platform.twitter.com\/widgets.js\" charset=\"utf-8\"><\/script>\n<\/div><\/figure>\n\n\n\n<p>Diana Jaciel &#8220;N&#8221; fue llevada\u00a0al<strong>\u00a0Penal de Tlalnepantla<\/strong>, mientras que Lucio David &#8220;N&#8221; fue trasladado al\u00a0<strong>Centro Penitenciario de Cuautitl\u00e1n<\/strong>, confirm\u00f3 la Fiscal\u00eda General del Estado de M\u00e9xico.<\/p>\n\n\n\n<figure class=\"wp-block-embed is-type-rich is-provider-twitter wp-block-embed-twitter\"><div class=\"wp-block-embed__wrapper\">\n<blockquote class=\"twitter-tweet\" data-width=\"550\" data-dnt=\"true\"><p lang=\"es\" dir=\"ltr\">CAMINO a la C\u00c1RCEL\u2026 ACUSADA de INTENTAR MATAR a SU BB<br>As\u00ed le leyeron sus derechos a Diana Jaciel, las agentes de <a href=\"https:\/\/twitter.com\/FiscaliaEdomex?ref_src=twsrc%5Etfw\">@FiscaliaEdomex<\/a> q la llevaron a prisi\u00f3n.<br>Sali\u00f3 en silla de ruedas del hospital y de ah\u00ed se la llevaron a la c\u00e1rcel.<br>Minti\u00f3 ante la autoridad y acus\u00f3 a Lucio de todo. <a href=\"https:\/\/t.co\/y9HjTkJdfE\">pic.twitter.com\/y9HjTkJdfE<\/a><\/p>&mdash; Carlos Jim\u00e9nez (@c4jimenez) <a href=\"https:\/\/twitter.com\/c4jimenez\/status\/1890880547901108692?ref_src=twsrc%5Etfw\">February 15, 2025<\/a><\/blockquote><script async src=\"https:\/\/platform.twitter.com\/widgets.js\" charset=\"utf-8\"><\/script>\n<\/div><\/figure>\n\n\n\n<p>El pasado 11 de febrero, el\u00a0beb\u00e9 fue abandonado por un joven dentro de una\u00a0<strong>bolsa de pl\u00e1stico<\/strong>\u00a0a un costado de un auto en calles de Tultitl\u00e1n.<\/p>\n\n\n\n<p>Los hechos quedaron grabados por la\u00a0<strong>c\u00e1mara de seguridad<\/strong>\u00a0de un domicilio que tom\u00f3 el rostro de un joven con lentes y pelo chino dejando al beb\u00e9 a un costado de un autom\u00f3vil. Las im\u00e1genes se viralizaron en redes sociales y a las pocas horas usuarios identificaron al responsable como Lucio David &#8220;N&#8221;.<\/p>\n\n\n\n<figure class=\"wp-block-embed is-type-video is-provider-youtube wp-block-embed-youtube wp-embed-aspect-16-9 wp-has-aspect-ratio\"><div class=\"wp-block-embed__wrapper\">\n<iframe loading=\"lazy\" title=\"Trasladan a penal a los padres del beb\u00e9 abandonado en calle de Tultitl\u00e1n\" width=\"640\" height=\"360\" src=\"https:\/\/www.youtube.com\/embed\/OHcaWnv6DHg?feature=oembed\" frameborder=\"0\" allow=\"accelerometer; autoplay; clipboard-write; encrypted-media; gyroscope; picture-in-picture; web-share\" referrerpolicy=\"strict-origin-when-cross-origin\" allowfullscreen><\/iframe>\n<\/div><\/figure>\n\n\n\n<p>Medios locales informaron que los llantos del beb\u00e9 alertaron a los vecinos de la colonia Fuentes del Valle\u00a0de su abandono en la banqueta, por lo que al percatarse de su presencia alteraron a las autoridades correspondientes para que obtuviera la atenci\u00f3n necesaria.<\/p>\n\n\n\n<figure class=\"wp-block-image size-large\"><img loading=\"lazy\" decoding=\"async\" width=\"1024\" height=\"799\" src=\"https:\/\/quehacerpolitico.mx\/wp-content\/uploads\/2025\/02\/image-26-1024x799.jpeg\" alt=\"\" class=\"wp-image-114782\" srcset=\"https:\/\/quehacerpolitico.mx\/wp-content\/uploads\/2025\/02\/image-26-1024x799.jpeg 1024w, https:\/\/quehacerpolitico.mx\/wp-content\/uploads\/2025\/02\/image-26-300x234.jpeg 300w, https:\/\/quehacerpolitico.mx\/wp-content\/uploads\/2025\/02\/image-26-768x599.jpeg 768w, https:\/\/quehacerpolitico.mx\/wp-content\/uploads\/2025\/02\/image-26-1536x1199.jpeg 1536w, https:\/\/quehacerpolitico.mx\/wp-content\/uploads\/2025\/02\/image-26.jpeg 2048w\" sizes=\"auto, (max-width: 1024px) 100vw, 1024px\" \/><\/figure>\n\n\n\n<p>Despu\u00e9s de que se viralizara el abandono, Diana Jaciel &#8220;N&#8221; se present\u00f3 voluntariamente a denunciar a su pareja sentimental por el abandon\u00f3 de su beb\u00e9, argumentando que el joven le hab\u00eda asegurado que llevar\u00eda al reci\u00e9n nacido al hospital.&nbsp;<\/p>\n\n\n\n<p>Sin embargo, la madre de Lucio David &#8220;N&#8221; difundi\u00f3 chats entre la pareja en los que la joven dice \u201cDios m\u00edo. Me siento muy mal. Estoy nerviosa. Asustada. Te necesito\u201d, tras dar a luz a un beb\u00e9 de al menos 36 meses de gestaci\u00f3n.<\/p>\n\n\n\n<figure class=\"wp-block-embed is-type-rich is-provider-twitter wp-block-embed-twitter\"><div class=\"wp-block-embed__wrapper\">\n<blockquote class=\"twitter-tweet\" data-width=\"550\" data-dnt=\"true\"><p lang=\"es\" dir=\"ltr\">As\u00ed el momento en que la <a href=\"https:\/\/twitter.com\/FiscaliaEdomex?ref_src=twsrc%5Etfw\">@FiscaliaEdoMex<\/a> cumpliment\u00f3 la orden de aprehensi\u00f3n en contra Lucio David &quot;N&quot; y Diana Jaciel &quot;N&quot; por el delito de homicidio en grado de tentativa en contra de su hijo reci\u00e9n nacido. <a href=\"https:\/\/twitter.com\/hashtag\/Tultitl%C3%A1n?src=hash&amp;ref_src=twsrc%5Etfw\">#Tultitl\u00e1n<\/a>. <a href=\"https:\/\/twitter.com\/hashtag\/Video?src=hash&amp;ref_src=twsrc%5Etfw\">#Video<\/a> \ud83c\udfa5\ud83d\udc47\ud83c\udffd <a href=\"https:\/\/t.co\/dModIwJz1L\">https:\/\/t.co\/dModIwJz1L<\/a> <a href=\"https:\/\/t.co\/TpXpMvHH3g\">pic.twitter.com\/TpXpMvHH3g<\/a><\/p>&mdash; JORGE BECERRIL JB\/8 (@MrElDiablo8) <a href=\"https:\/\/twitter.com\/MrElDiablo8\/status\/1890835891209277943?ref_src=twsrc%5Etfw\">February 15, 2025<\/a><\/blockquote><script async src=\"https:\/\/platform.twitter.com\/widgets.js\" charset=\"utf-8\"><\/script>\n<\/div><\/figure>\n\n\n\n<p>En otro momento, menciona: \u201cHay demasiada sangre\u201d.&nbsp;<\/p>\n\n\n\n<p>A lo largo de la conversaci\u00f3n, se menciona varias veces la&nbsp;<strong>necesidad de limpiar y deshacerse&nbsp;de una cosa<\/strong>, y finalmente, en uno de los mensajes m\u00e1s inquietantes, se lee que la joven parece haber colocado al beb\u00e9 en una bolsa: \u201cTenemos que tirar eso, Luc. Lo ech\u00e9 en una bolsa\u201d.&nbsp;<\/p>\n\n\n\n<p>El 12 de febrero,&nbsp;Lucio \u201cN\u201d acudi\u00f3 de manera voluntaria a la<strong>&nbsp;Fiscal\u00eda de Investigaci\u00f3n Territorial de la alcald\u00eda Cuauht\u00e9moc<\/strong>, luego de que las im\u00e1genes de su rostro fueran difundidas. Posteriormente, fue trasladado a la&nbsp;Fiscal\u00eda General del Estado de M\u00e9xico.&nbsp;&nbsp;<\/p>\n\n\n\n<p>El director general del Instituto de Seguridad y Servicios Sociales de los Trabajadores del Estado (ISSSTE),&nbsp;<strong>Mart\u00ed<\/strong>&nbsp;<strong>Batres<\/strong>, inform\u00f3 este viernes que el reci\u00e9n nacido se encontraba con&nbsp;<strong>signos vitales&nbsp;estables&nbsp;<\/strong>y en buenas condiciones f\u00edsicas.&nbsp;<\/p>\n\n\n\n<p>A trav\u00e9s de una publicaci\u00f3n, el funcionario de salud dijo que el reci\u00e9n nacido fue reportado por enfermer\u00eda con un peso de 2 mil 170 gramos, un peso acorde a su periodo de gestaci\u00f3n de 36 semanas, y un correcto funcionamiento respiratorio.<\/p>\n\n\n\n<figure class=\"wp-block-image size-large\"><img loading=\"lazy\" decoding=\"async\" width=\"1024\" height=\"1024\" src=\"https:\/\/quehacerpolitico.mx\/wp-content\/uploads\/2025\/02\/image-27-1024x1024.jpeg\" alt=\"\" class=\"wp-image-114783\" srcset=\"https:\/\/quehacerpolitico.mx\/wp-content\/uploads\/2025\/02\/image-27-1024x1024.jpeg 1024w, https:\/\/quehacerpolitico.mx\/wp-content\/uploads\/2025\/02\/image-27-300x300.jpeg 300w, https:\/\/quehacerpolitico.mx\/wp-content\/uploads\/2025\/02\/image-27-150x150.jpeg 150w, https:\/\/quehacerpolitico.mx\/wp-content\/uploads\/2025\/02\/image-27-768x768.jpeg 768w, https:\/\/quehacerpolitico.mx\/wp-content\/uploads\/2025\/02\/image-27-1536x1536.jpeg 1536w, https:\/\/quehacerpolitico.mx\/wp-content\/uploads\/2025\/02\/image-27.jpeg 2048w\" sizes=\"auto, (max-width: 1024px) 100vw, 1024px\" \/><\/figure>\n\n\n\n<p>El titular del ISSSTE indic\u00f3 que en su tercer d\u00eda de hospitalizaci\u00f3n, su oxigenaci\u00f3n es normal y ha aceptado y&nbsp;<strong>tolerado alimentaci\u00f3n v\u00eda oral.<\/strong><\/p>\n\n\n\n<p>Cuando el beb\u00e9 sea dado de alta, ser\u00e1 canalizado al DIF de Tultitl\u00e1n, aseguraron medios locales.<\/p>\n","protected":false},"excerpt":{"rendered":"<p>Por Redacci\u00f3n QP El pasado 11 de febrero, un beb\u00e9 fue abandonado por un joven&#8230;<\/p>\n","protected":false},"author":2,"featured_media":114781,"comment_status":"open","ping_status":"open","sticky":false,"template":"","format":"standard","meta":{"_monsterinsights_skip_tracking":false,"_monsterinsights_sitenote_active":false,"_monsterinsights_sitenote_note":"","_monsterinsights_sitenote_category":0,"footnotes":""},"categories":[280,2],"tags":[],"class_list":["post-114780","post","type-post","status-publish","format-standard","has-post-thumbnail","hentry","category-nacionales","category-noticias"],"yoast_head":"<!-- This site is optimized with the Yoast SEO plugin v27.3 - https:\/\/yoast.com\/product\/yoast-seo-wordpress\/ -->\n<title>Encierran a padre de beb\u00e9 abandonado en c\u00e1rcel de Cuautitl\u00e1n, y a la madre, en penal de Tlalnepantla -<\/title>\n<meta name=\"robots\" content=\"index, follow, max-snippet:-1, max-image-preview:large, max-video-preview:-1\" \/>\n<link rel=\"canonical\" href=\"https:\/\/quehacerpolitico.mx\/?p=114780\" \/>\n<meta property=\"og:locale\" content=\"es_MX\" \/>\n<meta property=\"og:type\" content=\"article\" \/>\n<meta property=\"og:title\" content=\"Encierran a padre de beb\u00e9 abandonado en c\u00e1rcel de Cuautitl\u00e1n, y a la madre, en penal de Tlalnepantla -\" \/>\n<meta property=\"og:description\" content=\"Por Redacci\u00f3n QP El pasado 11 de febrero, un beb\u00e9 fue abandonado por un joven...\" \/>\n<meta property=\"og:url\" content=\"https:\/\/quehacerpolitico.mx\/?p=114780\" \/>\n<meta property=\"article:published_time\" content=\"2025-02-15T22:06:50+00:00\" \/>\n<meta property=\"article:modified_time\" content=\"2025-02-15T22:06:53+00:00\" \/>\n<meta property=\"og:image\" content=\"https:\/\/quehacerpolitico.mx\/wp-content\/uploads\/2025\/02\/IMG_0615.webp\" \/>\n\t<meta property=\"og:image:width\" content=\"960\" \/>\n\t<meta property=\"og:image:height\" content=\"540\" \/>\n\t<meta property=\"og:image:type\" content=\"image\/webp\" \/>\n<meta name=\"author\" content=\"Redacci\u00f3n QP\" \/>\n<meta name=\"twitter:card\" content=\"summary_large_image\" \/>\n<meta name=\"twitter:label1\" content=\"Escrito por\" \/>\n\t<meta name=\"twitter:data1\" content=\"Redacci\u00f3n QP\" \/>\n\t<meta name=\"twitter:label2\" content=\"Tiempo de lectura\" \/>\n\t<meta name=\"twitter:data2\" content=\"3 minutos\" \/>\n<script type=\"application\/ld+json\" class=\"yoast-schema-graph\">{\"@context\":\"https:\\\/\\\/schema.org\",\"@graph\":[{\"@type\":\"Article\",\"@id\":\"https:\\\/\\\/quehacerpolitico.mx\\\/?p=114780#article\",\"isPartOf\":{\"@id\":\"https:\\\/\\\/quehacerpolitico.mx\\\/?p=114780\"},\"author\":{\"name\":\"Redacci\u00f3n QP\",\"@id\":\"https:\\\/\\\/quehacerpolitico.mx\\\/#\\\/schema\\\/person\\\/496d8ad2d1d3f8036101dca7ee39e585\"},\"headline\":\"Encierran a padre de beb\u00e9 abandonado en c\u00e1rcel de Cuautitl\u00e1n, y a la madre, en penal de Tlalnepantla\",\"datePublished\":\"2025-02-15T22:06:50+00:00\",\"dateModified\":\"2025-02-15T22:06:53+00:00\",\"mainEntityOfPage\":{\"@id\":\"https:\\\/\\\/quehacerpolitico.mx\\\/?p=114780\"},\"wordCount\":657,\"commentCount\":0,\"image\":{\"@id\":\"https:\\\/\\\/quehacerpolitico.mx\\\/?p=114780#primaryimage\"},\"thumbnailUrl\":\"https:\\\/\\\/quehacerpolitico.mx\\\/wp-content\\\/uploads\\\/2025\\\/02\\\/IMG_0615.webp\",\"articleSection\":[\"Nacionales\",\"Noticias\"],\"inLanguage\":\"es\",\"potentialAction\":[{\"@type\":\"CommentAction\",\"name\":\"Comment\",\"target\":[\"https:\\\/\\\/quehacerpolitico.mx\\\/?p=114780#respond\"]}]},{\"@type\":\"WebPage\",\"@id\":\"https:\\\/\\\/quehacerpolitico.mx\\\/?p=114780\",\"url\":\"https:\\\/\\\/quehacerpolitico.mx\\\/?p=114780\",\"name\":\"Encierran a padre de beb\u00e9 abandonado en c\u00e1rcel de Cuautitl\u00e1n, y a la madre, en penal de Tlalnepantla -\",\"isPartOf\":{\"@id\":\"https:\\\/\\\/quehacerpolitico.mx\\\/#website\"},\"primaryImageOfPage\":{\"@id\":\"https:\\\/\\\/quehacerpolitico.mx\\\/?p=114780#primaryimage\"},\"image\":{\"@id\":\"https:\\\/\\\/quehacerpolitico.mx\\\/?p=114780#primaryimage\"},\"thumbnailUrl\":\"https:\\\/\\\/quehacerpolitico.mx\\\/wp-content\\\/uploads\\\/2025\\\/02\\\/IMG_0615.webp\",\"datePublished\":\"2025-02-15T22:06:50+00:00\",\"dateModified\":\"2025-02-15T22:06:53+00:00\",\"author\":{\"@id\":\"https:\\\/\\\/quehacerpolitico.mx\\\/#\\\/schema\\\/person\\\/496d8ad2d1d3f8036101dca7ee39e585\"},\"breadcrumb\":{\"@id\":\"https:\\\/\\\/quehacerpolitico.mx\\\/?p=114780#breadcrumb\"},\"inLanguage\":\"es\",\"potentialAction\":[{\"@type\":\"ReadAction\",\"target\":[\"https:\\\/\\\/quehacerpolitico.mx\\\/?p=114780\"]}]},{\"@type\":\"ImageObject\",\"inLanguage\":\"es\",\"@id\":\"https:\\\/\\\/quehacerpolitico.mx\\\/?p=114780#primaryimage\",\"url\":\"https:\\\/\\\/quehacerpolitico.mx\\\/wp-content\\\/uploads\\\/2025\\\/02\\\/IMG_0615.webp\",\"contentUrl\":\"https:\\\/\\\/quehacerpolitico.mx\\\/wp-content\\\/uploads\\\/2025\\\/02\\\/IMG_0615.webp\",\"width\":960,\"height\":540},{\"@type\":\"BreadcrumbList\",\"@id\":\"https:\\\/\\\/quehacerpolitico.mx\\\/?p=114780#breadcrumb\",\"itemListElement\":[{\"@type\":\"ListItem\",\"position\":1,\"name\":\"Inicio\",\"item\":\"https:\\\/\\\/quehacerpolitico.mx\\\/\"},{\"@type\":\"ListItem\",\"position\":2,\"name\":\"Encierran a padre de beb\u00e9 abandonado en c\u00e1rcel de Cuautitl\u00e1n, y a la madre, en penal de Tlalnepantla\"}]},{\"@type\":\"WebSite\",\"@id\":\"https:\\\/\\\/quehacerpolitico.mx\\\/#website\",\"url\":\"https:\\\/\\\/quehacerpolitico.mx\\\/\",\"name\":\"\",\"description\":\"\",\"potentialAction\":[{\"@type\":\"SearchAction\",\"target\":{\"@type\":\"EntryPoint\",\"urlTemplate\":\"https:\\\/\\\/quehacerpolitico.mx\\\/?s={search_term_string}\"},\"query-input\":{\"@type\":\"PropertyValueSpecification\",\"valueRequired\":true,\"valueName\":\"search_term_string\"}}],\"inLanguage\":\"es\"},{\"@type\":\"Person\",\"@id\":\"https:\\\/\\\/quehacerpolitico.mx\\\/#\\\/schema\\\/person\\\/496d8ad2d1d3f8036101dca7ee39e585\",\"name\":\"Redacci\u00f3n QP\",\"image\":{\"@type\":\"ImageObject\",\"inLanguage\":\"es\",\"@id\":\"https:\\\/\\\/secure.gravatar.com\\\/avatar\\\/c7164ed6fdec453195284ad24a5ae5b6e1eed2b848477fa2a4787ba9adf39a41?s=96&d=mm&r=g\",\"url\":\"https:\\\/\\\/secure.gravatar.com\\\/avatar\\\/c7164ed6fdec453195284ad24a5ae5b6e1eed2b848477fa2a4787ba9adf39a41?s=96&d=mm&r=g\",\"contentUrl\":\"https:\\\/\\\/secure.gravatar.com\\\/avatar\\\/c7164ed6fdec453195284ad24a5ae5b6e1eed2b848477fa2a4787ba9adf39a41?s=96&d=mm&r=g\",\"caption\":\"Redacci\u00f3n QP\"},\"url\":\"https:\\\/\\\/quehacerpolitico.mx\\\/?author=2\"}]}<\/script>\n<!-- \/ Yoast SEO plugin. -->","yoast_head_json":{"title":"Encierran a padre de beb\u00e9 abandonado en c\u00e1rcel de Cuautitl\u00e1n, y a la madre, en penal de Tlalnepantla -","robots":{"index":"index","follow":"follow","max-snippet":"max-snippet:-1","max-image-preview":"max-image-preview:large","max-video-preview":"max-video-preview:-1"},"canonical":"https:\/\/quehacerpolitico.mx\/?p=114780","og_locale":"es_MX","og_type":"article","og_title":"Encierran a padre de beb\u00e9 abandonado en c\u00e1rcel de Cuautitl\u00e1n, y a la madre, en penal de Tlalnepantla -","og_description":"Por Redacci\u00f3n QP El pasado 11 de febrero, un beb\u00e9 fue abandonado por un joven...","og_url":"https:\/\/quehacerpolitico.mx\/?p=114780","article_published_time":"2025-02-15T22:06:50+00:00","article_modified_time":"2025-02-15T22:06:53+00:00","og_image":[{"width":960,"height":540,"url":"https:\/\/quehacerpolitico.mx\/wp-content\/uploads\/2025\/02\/IMG_0615.webp","type":"image\/webp"}],"author":"Redacci\u00f3n QP","twitter_card":"summary_large_image","twitter_misc":{"Escrito por":"Redacci\u00f3n QP","Tiempo de lectura":"3 minutos"},"schema":{"@context":"https:\/\/schema.org","@graph":[{"@type":"Article","@id":"https:\/\/quehacerpolitico.mx\/?p=114780#article","isPartOf":{"@id":"https:\/\/quehacerpolitico.mx\/?p=114780"},"author":{"name":"Redacci\u00f3n QP","@id":"https:\/\/quehacerpolitico.mx\/#\/schema\/person\/496d8ad2d1d3f8036101dca7ee39e585"},"headline":"Encierran a padre de beb\u00e9 abandonado en c\u00e1rcel de Cuautitl\u00e1n, y a la madre, en penal de Tlalnepantla","datePublished":"2025-02-15T22:06:50+00:00","dateModified":"2025-02-15T22:06:53+00:00","mainEntityOfPage":{"@id":"https:\/\/quehacerpolitico.mx\/?p=114780"},"wordCount":657,"commentCount":0,"image":{"@id":"https:\/\/quehacerpolitico.mx\/?p=114780#primaryimage"},"thumbnailUrl":"https:\/\/quehacerpolitico.mx\/wp-content\/uploads\/2025\/02\/IMG_0615.webp","articleSection":["Nacionales","Noticias"],"inLanguage":"es","potentialAction":[{"@type":"CommentAction","name":"Comment","target":["https:\/\/quehacerpolitico.mx\/?p=114780#respond"]}]},{"@type":"WebPage","@id":"https:\/\/quehacerpolitico.mx\/?p=114780","url":"https:\/\/quehacerpolitico.mx\/?p=114780","name":"Encierran a padre de beb\u00e9 abandonado en c\u00e1rcel de Cuautitl\u00e1n, y a la madre, en penal de Tlalnepantla -","isPartOf":{"@id":"https:\/\/quehacerpolitico.mx\/#website"},"primaryImageOfPage":{"@id":"https:\/\/quehacerpolitico.mx\/?p=114780#primaryimage"},"image":{"@id":"https:\/\/quehacerpolitico.mx\/?p=114780#primaryimage"},"thumbnailUrl":"https:\/\/quehacerpolitico.mx\/wp-content\/uploads\/2025\/02\/IMG_0615.webp","datePublished":"2025-02-15T22:06:50+00:00","dateModified":"2025-02-15T22:06:53+00:00","author":{"@id":"https:\/\/quehacerpolitico.mx\/#\/schema\/person\/496d8ad2d1d3f8036101dca7ee39e585"},"breadcrumb":{"@id":"https:\/\/quehacerpolitico.mx\/?p=114780#breadcrumb"},"inLanguage":"es","potentialAction":[{"@type":"ReadAction","target":["https:\/\/quehacerpolitico.mx\/?p=114780"]}]},{"@type":"ImageObject","inLanguage":"es","@id":"https:\/\/quehacerpolitico.mx\/?p=114780#primaryimage","url":"https:\/\/quehacerpolitico.mx\/wp-content\/uploads\/2025\/02\/IMG_0615.webp","contentUrl":"https:\/\/quehacerpolitico.mx\/wp-content\/uploads\/2025\/02\/IMG_0615.webp","width":960,"height":540},{"@type":"BreadcrumbList","@id":"https:\/\/quehacerpolitico.mx\/?p=114780#breadcrumb","itemListElement":[{"@type":"ListItem","position":1,"name":"Inicio","item":"https:\/\/quehacerpolitico.mx\/"},{"@type":"ListItem","position":2,"name":"Encierran a padre de beb\u00e9 abandonado en c\u00e1rcel de Cuautitl\u00e1n, y a la madre, en penal de Tlalnepantla"}]},{"@type":"WebSite","@id":"https:\/\/quehacerpolitico.mx\/#website","url":"https:\/\/quehacerpolitico.mx\/","name":"","description":"","potentialAction":[{"@type":"SearchAction","target":{"@type":"EntryPoint","urlTemplate":"https:\/\/quehacerpolitico.mx\/?s={search_term_string}"},"query-input":{"@type":"PropertyValueSpecification","valueRequired":true,"valueName":"search_term_string"}}],"inLanguage":"es"},{"@type":"Person","@id":"https:\/\/quehacerpolitico.mx\/#\/schema\/person\/496d8ad2d1d3f8036101dca7ee39e585","name":"Redacci\u00f3n QP","image":{"@type":"ImageObject","inLanguage":"es","@id":"https:\/\/secure.gravatar.com\/avatar\/c7164ed6fdec453195284ad24a5ae5b6e1eed2b848477fa2a4787ba9adf39a41?s=96&d=mm&r=g","url":"https:\/\/secure.gravatar.com\/avatar\/c7164ed6fdec453195284ad24a5ae5b6e1eed2b848477fa2a4787ba9adf39a41?s=96&d=mm&r=g","contentUrl":"https:\/\/secure.gravatar.com\/avatar\/c7164ed6fdec453195284ad24a5ae5b6e1eed2b848477fa2a4787ba9adf39a41?s=96&d=mm&r=g","caption":"Redacci\u00f3n QP"},"url":"https:\/\/quehacerpolitico.mx\/?author=2"}]}},"featured_image_urls":{"full":["https:\/\/quehacerpolitico.mx\/wp-content\/uploads\/2025\/02\/IMG_0615.webp",960,540,false],"thumbnail":["https:\/\/quehacerpolitico.mx\/wp-content\/uploads\/2025\/02\/IMG_0615-150x150.webp",150,150,true],"medium":["https:\/\/quehacerpolitico.mx\/wp-content\/uploads\/2025\/02\/IMG_0615-300x169.webp",300,169,true],"medium_large":["https:\/\/quehacerpolitico.mx\/wp-content\/uploads\/2025\/02\/IMG_0615-768x432.webp",640,360,true],"large":["https:\/\/quehacerpolitico.mx\/wp-content\/uploads\/2025\/02\/IMG_0615.webp",640,360,false],"1536x1536":["https:\/\/quehacerpolitico.mx\/wp-content\/uploads\/2025\/02\/IMG_0615.webp",960,540,false],"2048x2048":["https:\/\/quehacerpolitico.mx\/wp-content\/uploads\/2025\/02\/IMG_0615.webp",960,540,false],"covernews-featured":["https:\/\/quehacerpolitico.mx\/wp-content\/uploads\/2025\/02\/IMG_0615.webp",960,540,false],"covernews-medium":["https:\/\/quehacerpolitico.mx\/wp-content\/uploads\/2025\/02\/IMG_0615-540x340.webp",540,340,true]},"author_info":{"display_name":"Redacci\u00f3n QP","author_link":"https:\/\/quehacerpolitico.mx\/?author=2"},"category_info":"<a href=\"https:\/\/quehacerpolitico.mx\/?cat=280\" rel=\"category\">Nacionales<\/a> <a href=\"https:\/\/quehacerpolitico.mx\/?cat=2\" rel=\"category\">Noticias<\/a>","tag_info":"Noticias","comment_count":"0","_links":{"self":[{"href":"https:\/\/quehacerpolitico.mx\/index.php?rest_route=\/wp\/v2\/posts\/114780","targetHints":{"allow":["GET"]}}],"collection":[{"href":"https:\/\/quehacerpolitico.mx\/index.php?rest_route=\/wp\/v2\/posts"}],"about":[{"href":"https:\/\/quehacerpolitico.mx\/index.php?rest_route=\/wp\/v2\/types\/post"}],"author":[{"embeddable":true,"href":"https:\/\/quehacerpolitico.mx\/index.php?rest_route=\/wp\/v2\/users\/2"}],"replies":[{"embeddable":true,"href":"https:\/\/quehacerpolitico.mx\/index.php?rest_route=%2Fwp%2Fv2%2Fcomments&post=114780"}],"version-history":[{"count":1,"href":"https:\/\/quehacerpolitico.mx\/index.php?rest_route=\/wp\/v2\/posts\/114780\/revisions"}],"predecessor-version":[{"id":114784,"href":"https:\/\/quehacerpolitico.mx\/index.php?rest_route=\/wp\/v2\/posts\/114780\/revisions\/114784"}],"wp:featuredmedia":[{"embeddable":true,"href":"https:\/\/quehacerpolitico.mx\/index.php?rest_route=\/wp\/v2\/media\/114781"}],"wp:attachment":[{"href":"https:\/\/quehacerpolitico.mx\/index.php?rest_route=%2Fwp%2Fv2%2Fmedia&parent=114780"}],"wp:term":[{"taxonomy":"category","embeddable":true,"href":"https:\/\/quehacerpolitico.mx\/index.php?rest_route=%2Fwp%2Fv2%2Fcategories&post=114780"},{"taxonomy":"post_tag","embeddable":true,"href":"https:\/\/quehacerpolitico.mx\/index.php?rest_route=%2Fwp%2Fv2%2Ftags&post=114780"}],"curies":[{"name":"wp","href":"https:\/\/api.w.org\/{rel}","templated":true}]}}