{"id":114763,"date":"2025-02-13T18:53:23","date_gmt":"2025-02-14T00:53:23","guid":{"rendered":"https:\/\/quehacerpolitico.mx\/?p=114763"},"modified":"2025-02-13T18:53:26","modified_gmt":"2025-02-14T00:53:26","slug":"la-bmv-avanza-un-0-17-y-perfila-semana-positiva","status":"publish","type":"post","link":"https:\/\/quehacerpolitico.mx\/?p=114763","title":{"rendered":"La BMV avanza un 0.17 y perfila semana positiva"},"content":{"rendered":"\n<p>Por Redacci\u00f3n QP<\/p>\n\n\n\n<p>La BMV registra una racha de seis sesiones cerrando en verde y perfilar un cierre de semana positivo<\/p>\n\n\n\n<p><strong>La Bolsa Mexicana de Valores (BMV) avanz\u00f3 este jueves un 0.17 por ciento en su principal indicador,<\/strong>que subi\u00f3 hasta 54 mil 160.11 unidades, para registrar una racha de seis sesiones cerrando en verde y perfilar un cierre de semana positivo.<\/p>\n\n\n\n<p><em><u>&#8220;El mercado de capitales cerr\u00f3 la sesi\u00f3n con ganancias entre los principales \u00edndices burs\u00e1tiles a nivel global. Las ganancias se deben a que Donald Trump no impuso ning\u00fan arancel este d\u00eda&#8221;,&nbsp;<\/u><\/em>explic\u00f3 la directora de An\u00e1lisis Econ\u00f3mico y Financiero del Banco Base, Gabriela Siller.<\/p>\n\n\n\n<p>Precis\u00f3 que en Estados Unidos&nbsp;<strong>el Dow Jones avanz\u00f3 un 0.77 por ciento;&nbsp;<\/strong>el S&amp;P 500 gan\u00f3 un 1.04 por ciento y el Nasdaq Composite subi\u00f3 un 1.5 por ciento.<\/p>\n\n\n\n<p>En M\u00e9xico, apunt\u00f3 Siller, el \u00cdndice de Precios y Cotizaciones (IPC), principal indicador de la BMV,<em>&#8220;cerr\u00f3 la sesi\u00f3n con una ganancia del 0.17 por ciento para ligar seis sesiones al alza y cerrando en su mayor nivel desde el 15 de agosto&#8221;,\u00a0<\/em>cuando registr\u00f3 54 ml 264.92 unidades.<\/p>\n\n\n\n<p>Al interior del mercado mexicano, se\u00f1al\u00f3 la especialista, destacaron las ganancias de las emisoras:<\/p>\n\n\n\n<ul class=\"wp-block-list\">\n<li>Walmex (+0.9 %)<\/li>\n\n\n\n<li>Bolsa Mexicana de Valores (+7.64 por ciento)<\/li>\n\n\n\n<li>Bimbo (+1.45 por ciento)<\/li>\n\n\n\n<li>Femsa (+0.44 por ciento)\u00a0<\/li>\n\n\n\n<li>Kimerbly-Clark (+2.08 por ciento).\u00a0<\/li>\n<\/ul>\n\n\n\n<p>Por su parte, el director de An\u00e1lisis Econ\u00f3mico del Grupo Financiero Actinver, Enrique Covarrubias, indic\u00f3 que durante la sesi\u00f3n del jueves<em><strong><u>&nbsp;\u201cel IPC alcanz\u00f3 su sexta jornada consecutiva de ganancias\u201d.<\/u><\/strong><\/em><\/p>\n\n\n\n<p>De esta forma, dijo, el \u00edndice tiene ganancias acumuladas en febrero del +5.8 por ciento, mientras que el desempe\u00f1o<strong>&nbsp;en lo que va de 2025 se situ\u00f3 en +9.4 por ciento.<\/strong><\/p>\n\n\n\n<p>En la jornada, el peso se apreci\u00f3 un 0.14 por ciento frente al d\u00f3lar,<strong>&nbsp;al cotizar en 20.47 unidades por billete verde,<\/strong>&nbsp;tras registrar 20.5 en la sesi\u00f3n previa, de acuerdo con los datos del Banco de M\u00e9xico.<\/p>\n\n\n\n<p>El IPC cerr\u00f3 la sesi\u00f3n en 54 mil 160.11 unidades, con&nbsp;<strong>una ganancia de 94.39 puntos y una variaci\u00f3n positiva del 0.17 por ciento frente a la jornada previa.<\/strong><\/p>\n\n\n\n<p>El volumen negociado en el mercado&nbsp;<strong>alcanz\u00f3 los 276 millones de t\u00edtulos por un importe de 20 mil 133 millones de pesos&nbsp;<\/strong>(unos 983.5 millones de d\u00f3lares).<\/p>\n\n\n\n<p>De las 635 firmas que cotizaron en la jornada,&nbsp;<strong>398 terminaron con sus precios al alza, 203 tuvieron p\u00e9rdidas y 34 cerraron sin cambios.<\/strong><\/p>\n\n\n\n<p><strong>Los t\u00edtulos con mayor variaci\u00f3n al alza fueron de la propia Bolsa Mexicana de Valores (BOLSA A), con el 7.64 por ciento<\/strong>; de la constructora de viviendas Consorcio Ara (ARA), con el 5.76 por ciento, y de la firma de energ\u00edas renovables Cox Energy Am\u00e9rica (COXA), con el 4.76 por ciento.\u00a0<\/p>\n\n\n\n<p><strong>En contraste, las mayores variaciones a la baja fueron de la sociedad Value Grupo Financiero (VALUEGF O), con el -4.57 por ciento<\/strong>; de la empresa de productos dom\u00e9sticos Grupo Vasconia (VASCONI), con el -4.28 por ciento, y de la empresa de almacenamiento, conducci\u00f3n y mejoramiento de agua Grupo Rotoplas (AGUA), con el -3.39 por ciento.&nbsp;<\/p>\n\n\n\n<p><em>Con informaci\u00f3n de EFE.<\/em><\/p>\n","protected":false},"excerpt":{"rendered":"<p>Por Redacci\u00f3n QP La BMV registra una racha de seis sesiones cerrando en verde y&#8230;<\/p>\n","protected":false},"author":2,"featured_media":114764,"comment_status":"open","ping_status":"open","sticky":false,"template":"","format":"standard","meta":{"_monsterinsights_skip_tracking":false,"_monsterinsights_sitenote_active":false,"_monsterinsights_sitenote_note":"","_monsterinsights_sitenote_category":0,"footnotes":""},"categories":[56],"tags":[],"class_list":["post-114763","post","type-post","status-publish","format-standard","has-post-thumbnail","hentry","category-economia"],"yoast_head":"<!-- This site is optimized with the Yoast SEO plugin v27.3 - https:\/\/yoast.com\/product\/yoast-seo-wordpress\/ -->\n<title>La BMV avanza un 0.17 y perfila semana positiva -<\/title>\n<meta name=\"robots\" content=\"index, follow, max-snippet:-1, max-image-preview:large, max-video-preview:-1\" \/>\n<link rel=\"canonical\" href=\"https:\/\/quehacerpolitico.mx\/?p=114763\" \/>\n<meta property=\"og:locale\" content=\"es_MX\" \/>\n<meta property=\"og:type\" content=\"article\" \/>\n<meta property=\"og:title\" content=\"La BMV avanza un 0.17 y perfila semana positiva -\" \/>\n<meta property=\"og:description\" content=\"Por Redacci\u00f3n QP La BMV registra una racha de seis sesiones cerrando en verde y...\" \/>\n<meta property=\"og:url\" content=\"https:\/\/quehacerpolitico.mx\/?p=114763\" \/>\n<meta property=\"article:published_time\" content=\"2025-02-14T00:53:23+00:00\" \/>\n<meta property=\"article:modified_time\" content=\"2025-02-14T00:53:26+00:00\" \/>\n<meta property=\"og:image\" content=\"https:\/\/quehacerpolitico.mx\/wp-content\/uploads\/2025\/02\/IMG_0589.jpeg\" \/>\n\t<meta property=\"og:image:width\" content=\"715\" \/>\n\t<meta property=\"og:image:height\" content=\"429\" \/>\n\t<meta property=\"og:image:type\" content=\"image\/jpeg\" \/>\n<meta name=\"author\" content=\"Redacci\u00f3n QP\" \/>\n<meta name=\"twitter:card\" content=\"summary_large_image\" \/>\n<meta name=\"twitter:label1\" content=\"Escrito por\" \/>\n\t<meta name=\"twitter:data1\" content=\"Redacci\u00f3n QP\" \/>\n\t<meta name=\"twitter:label2\" content=\"Tiempo de lectura\" \/>\n\t<meta name=\"twitter:data2\" content=\"3 minutos\" \/>\n<script type=\"application\/ld+json\" class=\"yoast-schema-graph\">{\"@context\":\"https:\\\/\\\/schema.org\",\"@graph\":[{\"@type\":\"Article\",\"@id\":\"https:\\\/\\\/quehacerpolitico.mx\\\/?p=114763#article\",\"isPartOf\":{\"@id\":\"https:\\\/\\\/quehacerpolitico.mx\\\/?p=114763\"},\"author\":{\"name\":\"Redacci\u00f3n QP\",\"@id\":\"https:\\\/\\\/quehacerpolitico.mx\\\/#\\\/schema\\\/person\\\/496d8ad2d1d3f8036101dca7ee39e585\"},\"headline\":\"La BMV avanza un 0.17 y perfila semana positiva\",\"datePublished\":\"2025-02-14T00:53:23+00:00\",\"dateModified\":\"2025-02-14T00:53:26+00:00\",\"mainEntityOfPage\":{\"@id\":\"https:\\\/\\\/quehacerpolitico.mx\\\/?p=114763\"},\"wordCount\":523,\"commentCount\":0,\"image\":{\"@id\":\"https:\\\/\\\/quehacerpolitico.mx\\\/?p=114763#primaryimage\"},\"thumbnailUrl\":\"https:\\\/\\\/quehacerpolitico.mx\\\/wp-content\\\/uploads\\\/2025\\\/02\\\/IMG_0589.jpeg\",\"articleSection\":[\"Econom\u00eda\"],\"inLanguage\":\"es\",\"potentialAction\":[{\"@type\":\"CommentAction\",\"name\":\"Comment\",\"target\":[\"https:\\\/\\\/quehacerpolitico.mx\\\/?p=114763#respond\"]}]},{\"@type\":\"WebPage\",\"@id\":\"https:\\\/\\\/quehacerpolitico.mx\\\/?p=114763\",\"url\":\"https:\\\/\\\/quehacerpolitico.mx\\\/?p=114763\",\"name\":\"La BMV avanza un 0.17 y perfila semana positiva -\",\"isPartOf\":{\"@id\":\"https:\\\/\\\/quehacerpolitico.mx\\\/#website\"},\"primaryImageOfPage\":{\"@id\":\"https:\\\/\\\/quehacerpolitico.mx\\\/?p=114763#primaryimage\"},\"image\":{\"@id\":\"https:\\\/\\\/quehacerpolitico.mx\\\/?p=114763#primaryimage\"},\"thumbnailUrl\":\"https:\\\/\\\/quehacerpolitico.mx\\\/wp-content\\\/uploads\\\/2025\\\/02\\\/IMG_0589.jpeg\",\"datePublished\":\"2025-02-14T00:53:23+00:00\",\"dateModified\":\"2025-02-14T00:53:26+00:00\",\"author\":{\"@id\":\"https:\\\/\\\/quehacerpolitico.mx\\\/#\\\/schema\\\/person\\\/496d8ad2d1d3f8036101dca7ee39e585\"},\"breadcrumb\":{\"@id\":\"https:\\\/\\\/quehacerpolitico.mx\\\/?p=114763#breadcrumb\"},\"inLanguage\":\"es\",\"potentialAction\":[{\"@type\":\"ReadAction\",\"target\":[\"https:\\\/\\\/quehacerpolitico.mx\\\/?p=114763\"]}]},{\"@type\":\"ImageObject\",\"inLanguage\":\"es\",\"@id\":\"https:\\\/\\\/quehacerpolitico.mx\\\/?p=114763#primaryimage\",\"url\":\"https:\\\/\\\/quehacerpolitico.mx\\\/wp-content\\\/uploads\\\/2025\\\/02\\\/IMG_0589.jpeg\",\"contentUrl\":\"https:\\\/\\\/quehacerpolitico.mx\\\/wp-content\\\/uploads\\\/2025\\\/02\\\/IMG_0589.jpeg\",\"width\":715,\"height\":429},{\"@type\":\"BreadcrumbList\",\"@id\":\"https:\\\/\\\/quehacerpolitico.mx\\\/?p=114763#breadcrumb\",\"itemListElement\":[{\"@type\":\"ListItem\",\"position\":1,\"name\":\"Inicio\",\"item\":\"https:\\\/\\\/quehacerpolitico.mx\\\/\"},{\"@type\":\"ListItem\",\"position\":2,\"name\":\"La BMV avanza un 0.17 y perfila semana positiva\"}]},{\"@type\":\"WebSite\",\"@id\":\"https:\\\/\\\/quehacerpolitico.mx\\\/#website\",\"url\":\"https:\\\/\\\/quehacerpolitico.mx\\\/\",\"name\":\"\",\"description\":\"\",\"potentialAction\":[{\"@type\":\"SearchAction\",\"target\":{\"@type\":\"EntryPoint\",\"urlTemplate\":\"https:\\\/\\\/quehacerpolitico.mx\\\/?s={search_term_string}\"},\"query-input\":{\"@type\":\"PropertyValueSpecification\",\"valueRequired\":true,\"valueName\":\"search_term_string\"}}],\"inLanguage\":\"es\"},{\"@type\":\"Person\",\"@id\":\"https:\\\/\\\/quehacerpolitico.mx\\\/#\\\/schema\\\/person\\\/496d8ad2d1d3f8036101dca7ee39e585\",\"name\":\"Redacci\u00f3n QP\",\"image\":{\"@type\":\"ImageObject\",\"inLanguage\":\"es\",\"@id\":\"https:\\\/\\\/secure.gravatar.com\\\/avatar\\\/c7164ed6fdec453195284ad24a5ae5b6e1eed2b848477fa2a4787ba9adf39a41?s=96&d=mm&r=g\",\"url\":\"https:\\\/\\\/secure.gravatar.com\\\/avatar\\\/c7164ed6fdec453195284ad24a5ae5b6e1eed2b848477fa2a4787ba9adf39a41?s=96&d=mm&r=g\",\"contentUrl\":\"https:\\\/\\\/secure.gravatar.com\\\/avatar\\\/c7164ed6fdec453195284ad24a5ae5b6e1eed2b848477fa2a4787ba9adf39a41?s=96&d=mm&r=g\",\"caption\":\"Redacci\u00f3n QP\"},\"url\":\"https:\\\/\\\/quehacerpolitico.mx\\\/?author=2\"}]}<\/script>\n<!-- \/ Yoast SEO plugin. -->","yoast_head_json":{"title":"La BMV avanza un 0.17 y perfila semana positiva -","robots":{"index":"index","follow":"follow","max-snippet":"max-snippet:-1","max-image-preview":"max-image-preview:large","max-video-preview":"max-video-preview:-1"},"canonical":"https:\/\/quehacerpolitico.mx\/?p=114763","og_locale":"es_MX","og_type":"article","og_title":"La BMV avanza un 0.17 y perfila semana positiva -","og_description":"Por Redacci\u00f3n QP La BMV registra una racha de seis sesiones cerrando en verde y...","og_url":"https:\/\/quehacerpolitico.mx\/?p=114763","article_published_time":"2025-02-14T00:53:23+00:00","article_modified_time":"2025-02-14T00:53:26+00:00","og_image":[{"width":715,"height":429,"url":"https:\/\/quehacerpolitico.mx\/wp-content\/uploads\/2025\/02\/IMG_0589.jpeg","type":"image\/jpeg"}],"author":"Redacci\u00f3n QP","twitter_card":"summary_large_image","twitter_misc":{"Escrito por":"Redacci\u00f3n QP","Tiempo de lectura":"3 minutos"},"schema":{"@context":"https:\/\/schema.org","@graph":[{"@type":"Article","@id":"https:\/\/quehacerpolitico.mx\/?p=114763#article","isPartOf":{"@id":"https:\/\/quehacerpolitico.mx\/?p=114763"},"author":{"name":"Redacci\u00f3n QP","@id":"https:\/\/quehacerpolitico.mx\/#\/schema\/person\/496d8ad2d1d3f8036101dca7ee39e585"},"headline":"La BMV avanza un 0.17 y perfila semana positiva","datePublished":"2025-02-14T00:53:23+00:00","dateModified":"2025-02-14T00:53:26+00:00","mainEntityOfPage":{"@id":"https:\/\/quehacerpolitico.mx\/?p=114763"},"wordCount":523,"commentCount":0,"image":{"@id":"https:\/\/quehacerpolitico.mx\/?p=114763#primaryimage"},"thumbnailUrl":"https:\/\/quehacerpolitico.mx\/wp-content\/uploads\/2025\/02\/IMG_0589.jpeg","articleSection":["Econom\u00eda"],"inLanguage":"es","potentialAction":[{"@type":"CommentAction","name":"Comment","target":["https:\/\/quehacerpolitico.mx\/?p=114763#respond"]}]},{"@type":"WebPage","@id":"https:\/\/quehacerpolitico.mx\/?p=114763","url":"https:\/\/quehacerpolitico.mx\/?p=114763","name":"La BMV avanza un 0.17 y perfila semana positiva -","isPartOf":{"@id":"https:\/\/quehacerpolitico.mx\/#website"},"primaryImageOfPage":{"@id":"https:\/\/quehacerpolitico.mx\/?p=114763#primaryimage"},"image":{"@id":"https:\/\/quehacerpolitico.mx\/?p=114763#primaryimage"},"thumbnailUrl":"https:\/\/quehacerpolitico.mx\/wp-content\/uploads\/2025\/02\/IMG_0589.jpeg","datePublished":"2025-02-14T00:53:23+00:00","dateModified":"2025-02-14T00:53:26+00:00","author":{"@id":"https:\/\/quehacerpolitico.mx\/#\/schema\/person\/496d8ad2d1d3f8036101dca7ee39e585"},"breadcrumb":{"@id":"https:\/\/quehacerpolitico.mx\/?p=114763#breadcrumb"},"inLanguage":"es","potentialAction":[{"@type":"ReadAction","target":["https:\/\/quehacerpolitico.mx\/?p=114763"]}]},{"@type":"ImageObject","inLanguage":"es","@id":"https:\/\/quehacerpolitico.mx\/?p=114763#primaryimage","url":"https:\/\/quehacerpolitico.mx\/wp-content\/uploads\/2025\/02\/IMG_0589.jpeg","contentUrl":"https:\/\/quehacerpolitico.mx\/wp-content\/uploads\/2025\/02\/IMG_0589.jpeg","width":715,"height":429},{"@type":"BreadcrumbList","@id":"https:\/\/quehacerpolitico.mx\/?p=114763#breadcrumb","itemListElement":[{"@type":"ListItem","position":1,"name":"Inicio","item":"https:\/\/quehacerpolitico.mx\/"},{"@type":"ListItem","position":2,"name":"La BMV avanza un 0.17 y perfila semana positiva"}]},{"@type":"WebSite","@id":"https:\/\/quehacerpolitico.mx\/#website","url":"https:\/\/quehacerpolitico.mx\/","name":"","description":"","potentialAction":[{"@type":"SearchAction","target":{"@type":"EntryPoint","urlTemplate":"https:\/\/quehacerpolitico.mx\/?s={search_term_string}"},"query-input":{"@type":"PropertyValueSpecification","valueRequired":true,"valueName":"search_term_string"}}],"inLanguage":"es"},{"@type":"Person","@id":"https:\/\/quehacerpolitico.mx\/#\/schema\/person\/496d8ad2d1d3f8036101dca7ee39e585","name":"Redacci\u00f3n QP","image":{"@type":"ImageObject","inLanguage":"es","@id":"https:\/\/secure.gravatar.com\/avatar\/c7164ed6fdec453195284ad24a5ae5b6e1eed2b848477fa2a4787ba9adf39a41?s=96&d=mm&r=g","url":"https:\/\/secure.gravatar.com\/avatar\/c7164ed6fdec453195284ad24a5ae5b6e1eed2b848477fa2a4787ba9adf39a41?s=96&d=mm&r=g","contentUrl":"https:\/\/secure.gravatar.com\/avatar\/c7164ed6fdec453195284ad24a5ae5b6e1eed2b848477fa2a4787ba9adf39a41?s=96&d=mm&r=g","caption":"Redacci\u00f3n QP"},"url":"https:\/\/quehacerpolitico.mx\/?author=2"}]}},"featured_image_urls":{"full":["https:\/\/quehacerpolitico.mx\/wp-content\/uploads\/2025\/02\/IMG_0589.jpeg",715,429,false],"thumbnail":["https:\/\/quehacerpolitico.mx\/wp-content\/uploads\/2025\/02\/IMG_0589-150x150.jpeg",150,150,true],"medium":["https:\/\/quehacerpolitico.mx\/wp-content\/uploads\/2025\/02\/IMG_0589-300x180.jpeg",300,180,true],"medium_large":["https:\/\/quehacerpolitico.mx\/wp-content\/uploads\/2025\/02\/IMG_0589.jpeg",640,384,false],"large":["https:\/\/quehacerpolitico.mx\/wp-content\/uploads\/2025\/02\/IMG_0589.jpeg",640,384,false],"1536x1536":["https:\/\/quehacerpolitico.mx\/wp-content\/uploads\/2025\/02\/IMG_0589.jpeg",715,429,false],"2048x2048":["https:\/\/quehacerpolitico.mx\/wp-content\/uploads\/2025\/02\/IMG_0589.jpeg",715,429,false],"covernews-featured":["https:\/\/quehacerpolitico.mx\/wp-content\/uploads\/2025\/02\/IMG_0589.jpeg",715,429,false],"covernews-medium":["https:\/\/quehacerpolitico.mx\/wp-content\/uploads\/2025\/02\/IMG_0589-540x340.jpeg",540,340,true]},"author_info":{"display_name":"Redacci\u00f3n QP","author_link":"https:\/\/quehacerpolitico.mx\/?author=2"},"category_info":"<a href=\"https:\/\/quehacerpolitico.mx\/?cat=56\" rel=\"category\">Econom\u00eda<\/a>","tag_info":"Econom\u00eda","comment_count":"0","_links":{"self":[{"href":"https:\/\/quehacerpolitico.mx\/index.php?rest_route=\/wp\/v2\/posts\/114763","targetHints":{"allow":["GET"]}}],"collection":[{"href":"https:\/\/quehacerpolitico.mx\/index.php?rest_route=\/wp\/v2\/posts"}],"about":[{"href":"https:\/\/quehacerpolitico.mx\/index.php?rest_route=\/wp\/v2\/types\/post"}],"author":[{"embeddable":true,"href":"https:\/\/quehacerpolitico.mx\/index.php?rest_route=\/wp\/v2\/users\/2"}],"replies":[{"embeddable":true,"href":"https:\/\/quehacerpolitico.mx\/index.php?rest_route=%2Fwp%2Fv2%2Fcomments&post=114763"}],"version-history":[{"count":1,"href":"https:\/\/quehacerpolitico.mx\/index.php?rest_route=\/wp\/v2\/posts\/114763\/revisions"}],"predecessor-version":[{"id":114765,"href":"https:\/\/quehacerpolitico.mx\/index.php?rest_route=\/wp\/v2\/posts\/114763\/revisions\/114765"}],"wp:featuredmedia":[{"embeddable":true,"href":"https:\/\/quehacerpolitico.mx\/index.php?rest_route=\/wp\/v2\/media\/114764"}],"wp:attachment":[{"href":"https:\/\/quehacerpolitico.mx\/index.php?rest_route=%2Fwp%2Fv2%2Fmedia&parent=114763"}],"wp:term":[{"taxonomy":"category","embeddable":true,"href":"https:\/\/quehacerpolitico.mx\/index.php?rest_route=%2Fwp%2Fv2%2Fcategories&post=114763"},{"taxonomy":"post_tag","embeddable":true,"href":"https:\/\/quehacerpolitico.mx\/index.php?rest_route=%2Fwp%2Fv2%2Ftags&post=114763"}],"curies":[{"name":"wp","href":"https:\/\/api.w.org\/{rel}","templated":true}]}}