{"id":114749,"date":"2025-02-13T17:03:44","date_gmt":"2025-02-13T23:03:44","guid":{"rendered":"https:\/\/quehacerpolitico.mx\/?p=114749"},"modified":"2025-02-13T17:03:46","modified_gmt":"2025-02-13T23:03:46","slug":"establece-fonacot-convenios-en-jalisco-y-colima-para-ampliar-el-otorgamiento-de-creditos","status":"publish","type":"post","link":"https:\/\/quehacerpolitico.mx\/?p=114749","title":{"rendered":"Establece Fonacot convenios en Jalisco y Colima para ampliar el otorgamiento de cr\u00e9ditos"},"content":{"rendered":"\n<p>Por Redacci\u00f3n QP<\/p>\n\n\n\n<p><strong>Firma acuerdos con CONCANACO Colima y el Colegio de Contadores y Fiscalistas del Sur de Jalisco<u><\/u><u><\/u><\/strong><\/p>\n\n\n\n<p>\u00b7&nbsp;&nbsp;&nbsp;&nbsp;&nbsp;&nbsp;&nbsp;&nbsp;&nbsp;<strong>El objetivo es que m\u00e1s personas accedan a los beneficios del financiamiento del Instituto<u><\/u><u><\/u><\/strong><\/p>\n\n\n\n<p>M\u00e1s trabajadoras y trabajadores podr\u00e1n acceder al cr\u00e9dito del Instituto del Fondo Nacional para el Consumo de los Trabajadores (Fonacot), tras la firma de convenios de difusi\u00f3n entre dicho organismo y el Colegio de Contadores y Fiscalistas del Sur de Jalisco, as\u00ed como con la&nbsp;C\u00e1mara de Comercio, Servicios y Turismo de Colima.<\/p>\n\n\n\n<p>En representaci\u00f3n de la directora general del Fonacot, Laura Fernanda Campa\u00f1a Cerezo, el coordinador general comercial, Salvador Gazca Herrera, encabez\u00f3 la firma de dichos acuerdos que buscan difundir entre m\u00e1s trabajadoras y trabajadores las ventajas de tramitar un cr\u00e9dito con descuento v\u00eda n\u00f3mina en el Instituto, en comparaci\u00f3n con otras ofertas en el mercado.<\/p>\n\n\n\n<p>Gazca Herrera record\u00f3 que durante 2024 el organismo logr\u00f3 un r\u00e9cord hist\u00f3rico de colocaci\u00f3n de cr\u00e9dito, pues son cada vez m\u00e1s las personas que conf\u00edan en el financiamiento que otorga el Fonacot, actualmente el m\u00e1s barato del mercado.&nbsp;<\/p>\n\n\n\n<p>\u201cDurante 2024 otorgamos m\u00e1s de un mill\u00f3n 900 mil cr\u00e9ditos a trabajadoras y trabajadores de todo el pa\u00eds. Hoy no hay un cr\u00e9dito con descuento v\u00eda n\u00f3mina que otorgue m\u00e1s beneficios que el de Fonacot. Por ello, es importante el apoyo de las empresas y de las asociaciones como con las que estamos firmando convenios para que m\u00e1s personas conozcan y obtengan el financiamiento que brinda el Gobierno de M\u00e9xico mediante Fonacot\u201d, se\u00f1al\u00f3 el funcionario.&nbsp;&nbsp;<\/p>\n\n\n\n<p>Agreg\u00f3 que para 2025 un objetivo primordial de Fonacot es seguir con el impulso a la afiliaci\u00f3n de empresas, pues record\u00f3 que adem\u00e1s de ser un requisito indispensable para el otorgamiento de cr\u00e9dito, tambi\u00e9n es una obligaci\u00f3n legal de los Centros de Trabajo.&nbsp;<strong><u><\/u><u><\/u><\/strong><\/p>\n\n\n\n<p>\u201cActualmente las empresas que no cumplan con la obligaci\u00f3n de ley de afiliarse a Fonacot son sujetas a sanciones. En Fonacot lo que buscamos es que esos Centros de Trabajo asuman la obligatoriedad de la afiliaci\u00f3n y que lo hagan desde el convencimiento de que es un beneficio para las personas trabajadoras, pero tambi\u00e9n para ellos mismos\u201d, destac\u00f3.<\/p>\n\n\n\n<p>Salvador Gazca afirm\u00f3 que el Fonacot ha hecho uso de las nuevas herramientas tecnol\u00f3gicas para facilitar sus tr\u00e1mites y sea cada vez m\u00e1s sencillo obtener un financiamiento. Detall\u00f3 que el Costo Anual Total (CAT) tanto del Cr\u00e9dito Mujer Efectivo como del Cr\u00e9dito en Efectivo, es el m\u00e1s bajo en el mercado financiero.<\/p>\n\n\n\n<p>Para m\u00e1s detalles, invit\u00f3 a las y los trabajadores a ingresar a&nbsp;<a href=\"http:\/\/www.fonacot.gob.mx\/\" target=\"_blank\" rel=\"noreferrer noopener\">www.fonacot.gob.mx<\/a>&nbsp;para conocer la oferta crediticia del Fonacot y elegir la que m\u00e1s se ajuste a sus necesidades.<\/p>\n","protected":false},"excerpt":{"rendered":"<p>Por Redacci\u00f3n QP Firma acuerdos con CONCANACO Colima y el Colegio de Contadores y Fiscalistas&#8230;<\/p>\n","protected":false},"author":2,"featured_media":114750,"comment_status":"open","ping_status":"open","sticky":false,"template":"","format":"standard","meta":{"_monsterinsights_skip_tracking":false,"_monsterinsights_sitenote_active":false,"_monsterinsights_sitenote_note":"","_monsterinsights_sitenote_category":0,"footnotes":""},"categories":[56],"tags":[],"class_list":["post-114749","post","type-post","status-publish","format-standard","has-post-thumbnail","hentry","category-economia"],"yoast_head":"<!-- This site is optimized with the Yoast SEO plugin v27.3 - https:\/\/yoast.com\/product\/yoast-seo-wordpress\/ -->\n<title>Establece Fonacot convenios en Jalisco y Colima para ampliar el otorgamiento de cr\u00e9ditos -<\/title>\n<meta name=\"robots\" content=\"index, follow, max-snippet:-1, max-image-preview:large, max-video-preview:-1\" \/>\n<link rel=\"canonical\" href=\"https:\/\/quehacerpolitico.mx\/?p=114749\" \/>\n<meta property=\"og:locale\" content=\"es_MX\" \/>\n<meta property=\"og:type\" content=\"article\" \/>\n<meta property=\"og:title\" content=\"Establece Fonacot convenios en Jalisco y Colima para ampliar el otorgamiento de cr\u00e9ditos -\" \/>\n<meta property=\"og:description\" content=\"Por Redacci\u00f3n QP Firma acuerdos con CONCANACO Colima y el Colegio de Contadores y Fiscalistas...\" \/>\n<meta property=\"og:url\" content=\"https:\/\/quehacerpolitico.mx\/?p=114749\" \/>\n<meta property=\"article:published_time\" content=\"2025-02-13T23:03:44+00:00\" \/>\n<meta property=\"article:modified_time\" content=\"2025-02-13T23:03:46+00:00\" \/>\n<meta property=\"og:image\" content=\"https:\/\/quehacerpolitico.mx\/wp-content\/uploads\/2025\/02\/IMG_0583.jpeg\" \/>\n\t<meta property=\"og:image:width\" content=\"739\" \/>\n\t<meta property=\"og:image:height\" content=\"415\" \/>\n\t<meta property=\"og:image:type\" content=\"image\/jpeg\" \/>\n<meta name=\"author\" content=\"Redacci\u00f3n QP\" \/>\n<meta name=\"twitter:card\" content=\"summary_large_image\" \/>\n<meta name=\"twitter:label1\" content=\"Escrito por\" \/>\n\t<meta name=\"twitter:data1\" content=\"Redacci\u00f3n QP\" \/>\n\t<meta name=\"twitter:label2\" content=\"Tiempo de lectura\" \/>\n\t<meta name=\"twitter:data2\" content=\"2 minutos\" \/>\n<script type=\"application\/ld+json\" class=\"yoast-schema-graph\">{\"@context\":\"https:\\\/\\\/schema.org\",\"@graph\":[{\"@type\":\"Article\",\"@id\":\"https:\\\/\\\/quehacerpolitico.mx\\\/?p=114749#article\",\"isPartOf\":{\"@id\":\"https:\\\/\\\/quehacerpolitico.mx\\\/?p=114749\"},\"author\":{\"name\":\"Redacci\u00f3n QP\",\"@id\":\"https:\\\/\\\/quehacerpolitico.mx\\\/#\\\/schema\\\/person\\\/496d8ad2d1d3f8036101dca7ee39e585\"},\"headline\":\"Establece Fonacot convenios en Jalisco y Colima para ampliar el otorgamiento de cr\u00e9ditos\",\"datePublished\":\"2025-02-13T23:03:44+00:00\",\"dateModified\":\"2025-02-13T23:03:46+00:00\",\"mainEntityOfPage\":{\"@id\":\"https:\\\/\\\/quehacerpolitico.mx\\\/?p=114749\"},\"wordCount\":513,\"commentCount\":0,\"image\":{\"@id\":\"https:\\\/\\\/quehacerpolitico.mx\\\/?p=114749#primaryimage\"},\"thumbnailUrl\":\"https:\\\/\\\/quehacerpolitico.mx\\\/wp-content\\\/uploads\\\/2025\\\/02\\\/IMG_0583.jpeg\",\"articleSection\":[\"Econom\u00eda\"],\"inLanguage\":\"es\",\"potentialAction\":[{\"@type\":\"CommentAction\",\"name\":\"Comment\",\"target\":[\"https:\\\/\\\/quehacerpolitico.mx\\\/?p=114749#respond\"]}]},{\"@type\":\"WebPage\",\"@id\":\"https:\\\/\\\/quehacerpolitico.mx\\\/?p=114749\",\"url\":\"https:\\\/\\\/quehacerpolitico.mx\\\/?p=114749\",\"name\":\"Establece Fonacot convenios en Jalisco y Colima para ampliar el otorgamiento de cr\u00e9ditos -\",\"isPartOf\":{\"@id\":\"https:\\\/\\\/quehacerpolitico.mx\\\/#website\"},\"primaryImageOfPage\":{\"@id\":\"https:\\\/\\\/quehacerpolitico.mx\\\/?p=114749#primaryimage\"},\"image\":{\"@id\":\"https:\\\/\\\/quehacerpolitico.mx\\\/?p=114749#primaryimage\"},\"thumbnailUrl\":\"https:\\\/\\\/quehacerpolitico.mx\\\/wp-content\\\/uploads\\\/2025\\\/02\\\/IMG_0583.jpeg\",\"datePublished\":\"2025-02-13T23:03:44+00:00\",\"dateModified\":\"2025-02-13T23:03:46+00:00\",\"author\":{\"@id\":\"https:\\\/\\\/quehacerpolitico.mx\\\/#\\\/schema\\\/person\\\/496d8ad2d1d3f8036101dca7ee39e585\"},\"breadcrumb\":{\"@id\":\"https:\\\/\\\/quehacerpolitico.mx\\\/?p=114749#breadcrumb\"},\"inLanguage\":\"es\",\"potentialAction\":[{\"@type\":\"ReadAction\",\"target\":[\"https:\\\/\\\/quehacerpolitico.mx\\\/?p=114749\"]}]},{\"@type\":\"ImageObject\",\"inLanguage\":\"es\",\"@id\":\"https:\\\/\\\/quehacerpolitico.mx\\\/?p=114749#primaryimage\",\"url\":\"https:\\\/\\\/quehacerpolitico.mx\\\/wp-content\\\/uploads\\\/2025\\\/02\\\/IMG_0583.jpeg\",\"contentUrl\":\"https:\\\/\\\/quehacerpolitico.mx\\\/wp-content\\\/uploads\\\/2025\\\/02\\\/IMG_0583.jpeg\",\"width\":739,\"height\":415},{\"@type\":\"BreadcrumbList\",\"@id\":\"https:\\\/\\\/quehacerpolitico.mx\\\/?p=114749#breadcrumb\",\"itemListElement\":[{\"@type\":\"ListItem\",\"position\":1,\"name\":\"Inicio\",\"item\":\"https:\\\/\\\/quehacerpolitico.mx\\\/\"},{\"@type\":\"ListItem\",\"position\":2,\"name\":\"Establece Fonacot convenios en Jalisco y Colima para ampliar el otorgamiento de cr\u00e9ditos\"}]},{\"@type\":\"WebSite\",\"@id\":\"https:\\\/\\\/quehacerpolitico.mx\\\/#website\",\"url\":\"https:\\\/\\\/quehacerpolitico.mx\\\/\",\"name\":\"\",\"description\":\"\",\"potentialAction\":[{\"@type\":\"SearchAction\",\"target\":{\"@type\":\"EntryPoint\",\"urlTemplate\":\"https:\\\/\\\/quehacerpolitico.mx\\\/?s={search_term_string}\"},\"query-input\":{\"@type\":\"PropertyValueSpecification\",\"valueRequired\":true,\"valueName\":\"search_term_string\"}}],\"inLanguage\":\"es\"},{\"@type\":\"Person\",\"@id\":\"https:\\\/\\\/quehacerpolitico.mx\\\/#\\\/schema\\\/person\\\/496d8ad2d1d3f8036101dca7ee39e585\",\"name\":\"Redacci\u00f3n QP\",\"image\":{\"@type\":\"ImageObject\",\"inLanguage\":\"es\",\"@id\":\"https:\\\/\\\/secure.gravatar.com\\\/avatar\\\/c7164ed6fdec453195284ad24a5ae5b6e1eed2b848477fa2a4787ba9adf39a41?s=96&d=mm&r=g\",\"url\":\"https:\\\/\\\/secure.gravatar.com\\\/avatar\\\/c7164ed6fdec453195284ad24a5ae5b6e1eed2b848477fa2a4787ba9adf39a41?s=96&d=mm&r=g\",\"contentUrl\":\"https:\\\/\\\/secure.gravatar.com\\\/avatar\\\/c7164ed6fdec453195284ad24a5ae5b6e1eed2b848477fa2a4787ba9adf39a41?s=96&d=mm&r=g\",\"caption\":\"Redacci\u00f3n QP\"},\"url\":\"https:\\\/\\\/quehacerpolitico.mx\\\/?author=2\"}]}<\/script>\n<!-- \/ Yoast SEO plugin. -->","yoast_head_json":{"title":"Establece Fonacot convenios en Jalisco y Colima para ampliar el otorgamiento de cr\u00e9ditos -","robots":{"index":"index","follow":"follow","max-snippet":"max-snippet:-1","max-image-preview":"max-image-preview:large","max-video-preview":"max-video-preview:-1"},"canonical":"https:\/\/quehacerpolitico.mx\/?p=114749","og_locale":"es_MX","og_type":"article","og_title":"Establece Fonacot convenios en Jalisco y Colima para ampliar el otorgamiento de cr\u00e9ditos -","og_description":"Por Redacci\u00f3n QP Firma acuerdos con CONCANACO Colima y el Colegio de Contadores y Fiscalistas...","og_url":"https:\/\/quehacerpolitico.mx\/?p=114749","article_published_time":"2025-02-13T23:03:44+00:00","article_modified_time":"2025-02-13T23:03:46+00:00","og_image":[{"width":739,"height":415,"url":"https:\/\/quehacerpolitico.mx\/wp-content\/uploads\/2025\/02\/IMG_0583.jpeg","type":"image\/jpeg"}],"author":"Redacci\u00f3n QP","twitter_card":"summary_large_image","twitter_misc":{"Escrito por":"Redacci\u00f3n QP","Tiempo de lectura":"2 minutos"},"schema":{"@context":"https:\/\/schema.org","@graph":[{"@type":"Article","@id":"https:\/\/quehacerpolitico.mx\/?p=114749#article","isPartOf":{"@id":"https:\/\/quehacerpolitico.mx\/?p=114749"},"author":{"name":"Redacci\u00f3n QP","@id":"https:\/\/quehacerpolitico.mx\/#\/schema\/person\/496d8ad2d1d3f8036101dca7ee39e585"},"headline":"Establece Fonacot convenios en Jalisco y Colima para ampliar el otorgamiento de cr\u00e9ditos","datePublished":"2025-02-13T23:03:44+00:00","dateModified":"2025-02-13T23:03:46+00:00","mainEntityOfPage":{"@id":"https:\/\/quehacerpolitico.mx\/?p=114749"},"wordCount":513,"commentCount":0,"image":{"@id":"https:\/\/quehacerpolitico.mx\/?p=114749#primaryimage"},"thumbnailUrl":"https:\/\/quehacerpolitico.mx\/wp-content\/uploads\/2025\/02\/IMG_0583.jpeg","articleSection":["Econom\u00eda"],"inLanguage":"es","potentialAction":[{"@type":"CommentAction","name":"Comment","target":["https:\/\/quehacerpolitico.mx\/?p=114749#respond"]}]},{"@type":"WebPage","@id":"https:\/\/quehacerpolitico.mx\/?p=114749","url":"https:\/\/quehacerpolitico.mx\/?p=114749","name":"Establece Fonacot convenios en Jalisco y Colima para ampliar el otorgamiento de cr\u00e9ditos -","isPartOf":{"@id":"https:\/\/quehacerpolitico.mx\/#website"},"primaryImageOfPage":{"@id":"https:\/\/quehacerpolitico.mx\/?p=114749#primaryimage"},"image":{"@id":"https:\/\/quehacerpolitico.mx\/?p=114749#primaryimage"},"thumbnailUrl":"https:\/\/quehacerpolitico.mx\/wp-content\/uploads\/2025\/02\/IMG_0583.jpeg","datePublished":"2025-02-13T23:03:44+00:00","dateModified":"2025-02-13T23:03:46+00:00","author":{"@id":"https:\/\/quehacerpolitico.mx\/#\/schema\/person\/496d8ad2d1d3f8036101dca7ee39e585"},"breadcrumb":{"@id":"https:\/\/quehacerpolitico.mx\/?p=114749#breadcrumb"},"inLanguage":"es","potentialAction":[{"@type":"ReadAction","target":["https:\/\/quehacerpolitico.mx\/?p=114749"]}]},{"@type":"ImageObject","inLanguage":"es","@id":"https:\/\/quehacerpolitico.mx\/?p=114749#primaryimage","url":"https:\/\/quehacerpolitico.mx\/wp-content\/uploads\/2025\/02\/IMG_0583.jpeg","contentUrl":"https:\/\/quehacerpolitico.mx\/wp-content\/uploads\/2025\/02\/IMG_0583.jpeg","width":739,"height":415},{"@type":"BreadcrumbList","@id":"https:\/\/quehacerpolitico.mx\/?p=114749#breadcrumb","itemListElement":[{"@type":"ListItem","position":1,"name":"Inicio","item":"https:\/\/quehacerpolitico.mx\/"},{"@type":"ListItem","position":2,"name":"Establece Fonacot convenios en Jalisco y Colima para ampliar el otorgamiento de cr\u00e9ditos"}]},{"@type":"WebSite","@id":"https:\/\/quehacerpolitico.mx\/#website","url":"https:\/\/quehacerpolitico.mx\/","name":"","description":"","potentialAction":[{"@type":"SearchAction","target":{"@type":"EntryPoint","urlTemplate":"https:\/\/quehacerpolitico.mx\/?s={search_term_string}"},"query-input":{"@type":"PropertyValueSpecification","valueRequired":true,"valueName":"search_term_string"}}],"inLanguage":"es"},{"@type":"Person","@id":"https:\/\/quehacerpolitico.mx\/#\/schema\/person\/496d8ad2d1d3f8036101dca7ee39e585","name":"Redacci\u00f3n QP","image":{"@type":"ImageObject","inLanguage":"es","@id":"https:\/\/secure.gravatar.com\/avatar\/c7164ed6fdec453195284ad24a5ae5b6e1eed2b848477fa2a4787ba9adf39a41?s=96&d=mm&r=g","url":"https:\/\/secure.gravatar.com\/avatar\/c7164ed6fdec453195284ad24a5ae5b6e1eed2b848477fa2a4787ba9adf39a41?s=96&d=mm&r=g","contentUrl":"https:\/\/secure.gravatar.com\/avatar\/c7164ed6fdec453195284ad24a5ae5b6e1eed2b848477fa2a4787ba9adf39a41?s=96&d=mm&r=g","caption":"Redacci\u00f3n QP"},"url":"https:\/\/quehacerpolitico.mx\/?author=2"}]}},"featured_image_urls":{"full":["https:\/\/quehacerpolitico.mx\/wp-content\/uploads\/2025\/02\/IMG_0583.jpeg",739,415,false],"thumbnail":["https:\/\/quehacerpolitico.mx\/wp-content\/uploads\/2025\/02\/IMG_0583-150x150.jpeg",150,150,true],"medium":["https:\/\/quehacerpolitico.mx\/wp-content\/uploads\/2025\/02\/IMG_0583-300x168.jpeg",300,168,true],"medium_large":["https:\/\/quehacerpolitico.mx\/wp-content\/uploads\/2025\/02\/IMG_0583.jpeg",640,359,false],"large":["https:\/\/quehacerpolitico.mx\/wp-content\/uploads\/2025\/02\/IMG_0583.jpeg",640,359,false],"1536x1536":["https:\/\/quehacerpolitico.mx\/wp-content\/uploads\/2025\/02\/IMG_0583.jpeg",739,415,false],"2048x2048":["https:\/\/quehacerpolitico.mx\/wp-content\/uploads\/2025\/02\/IMG_0583.jpeg",739,415,false],"covernews-featured":["https:\/\/quehacerpolitico.mx\/wp-content\/uploads\/2025\/02\/IMG_0583.jpeg",739,415,false],"covernews-medium":["https:\/\/quehacerpolitico.mx\/wp-content\/uploads\/2025\/02\/IMG_0583-540x340.jpeg",540,340,true]},"author_info":{"display_name":"Redacci\u00f3n QP","author_link":"https:\/\/quehacerpolitico.mx\/?author=2"},"category_info":"<a href=\"https:\/\/quehacerpolitico.mx\/?cat=56\" rel=\"category\">Econom\u00eda<\/a>","tag_info":"Econom\u00eda","comment_count":"0","_links":{"self":[{"href":"https:\/\/quehacerpolitico.mx\/index.php?rest_route=\/wp\/v2\/posts\/114749","targetHints":{"allow":["GET"]}}],"collection":[{"href":"https:\/\/quehacerpolitico.mx\/index.php?rest_route=\/wp\/v2\/posts"}],"about":[{"href":"https:\/\/quehacerpolitico.mx\/index.php?rest_route=\/wp\/v2\/types\/post"}],"author":[{"embeddable":true,"href":"https:\/\/quehacerpolitico.mx\/index.php?rest_route=\/wp\/v2\/users\/2"}],"replies":[{"embeddable":true,"href":"https:\/\/quehacerpolitico.mx\/index.php?rest_route=%2Fwp%2Fv2%2Fcomments&post=114749"}],"version-history":[{"count":1,"href":"https:\/\/quehacerpolitico.mx\/index.php?rest_route=\/wp\/v2\/posts\/114749\/revisions"}],"predecessor-version":[{"id":114751,"href":"https:\/\/quehacerpolitico.mx\/index.php?rest_route=\/wp\/v2\/posts\/114749\/revisions\/114751"}],"wp:featuredmedia":[{"embeddable":true,"href":"https:\/\/quehacerpolitico.mx\/index.php?rest_route=\/wp\/v2\/media\/114750"}],"wp:attachment":[{"href":"https:\/\/quehacerpolitico.mx\/index.php?rest_route=%2Fwp%2Fv2%2Fmedia&parent=114749"}],"wp:term":[{"taxonomy":"category","embeddable":true,"href":"https:\/\/quehacerpolitico.mx\/index.php?rest_route=%2Fwp%2Fv2%2Fcategories&post=114749"},{"taxonomy":"post_tag","embeddable":true,"href":"https:\/\/quehacerpolitico.mx\/index.php?rest_route=%2Fwp%2Fv2%2Ftags&post=114749"}],"curies":[{"name":"wp","href":"https:\/\/api.w.org\/{rel}","templated":true}]}}