{"id":114735,"date":"2025-02-13T14:22:54","date_gmt":"2025-02-13T20:22:54","guid":{"rendered":"https:\/\/quehacerpolitico.mx\/?p=114735"},"modified":"2025-02-13T14:22:56","modified_gmt":"2025-02-13T20:22:56","slug":"sheinbaum-promete-inaugurar-en-julio-el-tren-suburbano-que-va-del-aifa-a-la-estacion-buenavista","status":"publish","type":"post","link":"https:\/\/quehacerpolitico.mx\/?p=114735","title":{"rendered":"Sheinbaum promete inaugurar en julio el tren suburbano que va del AIFA a la estaci\u00f3n Buenavista"},"content":{"rendered":"\n<p>Por Redacci\u00f3n QP<\/p>\n\n\n\n<p>El gobierno de M\u00e9xico tambi\u00e9n anunci\u00f3 que en marzo comenzar\u00e1 la construcci\u00f3n de una v\u00eda f\u00e9rrea para conectar en 2027 al AIFA con Pachuca, capital de Hidalgo<\/p>\n\n\n\n<p>La presidenta&nbsp;<strong>Claudia Sheinbaum<\/strong>&nbsp;anunci\u00f3 este jueves que i<strong>naugurar\u00e1<\/strong>&nbsp;en julio el&nbsp;<strong>tren suburbano<\/strong>&nbsp;que conectar\u00e1 la estaci\u00f3n Buenavista del centro de Ciudad de M\u00e9xico con el Aeropuerto Internacional Felipe \u00c1ngeles (<strong>AIFA<\/strong>), obra insignia del exmandatario Andr\u00e9s Manuel L\u00f3pez Obrador (2018-2024).<\/p>\n\n\n\n<figure class=\"wp-block-embed is-type-rich is-provider-twitter wp-block-embed-twitter\"><div class=\"wp-block-embed__wrapper\">\n<blockquote class=\"twitter-tweet\" data-width=\"550\" data-dnt=\"true\"><p lang=\"es\" dir=\"ltr\">Da <a href=\"https:\/\/twitter.com\/Claudiashein?ref_src=twsrc%5Etfw\">@Claudiashein<\/a> fechas sobre trenes:<br><br>-En julio se inaugura el tren M\u00e9xico-AIFA.<br>-En marzo comienza la construcci\u00f3n de AIFA-Pachuca. <br>-En 2027 se inaugura el M\u00e9xico-Quer\u00e9taro.<a href=\"https:\/\/t.co\/45AQOMNt7x\">pic.twitter.com\/45AQOMNt7x<\/a><\/p>&mdash; Manuel Lopez San Martin (@MLopezSanMartin) <a href=\"https:\/\/twitter.com\/MLopezSanMartin\/status\/1890059617360904326?ref_src=twsrc%5Etfw\">February 13, 2025<\/a><\/blockquote><script async src=\"https:\/\/platform.twitter.com\/widgets.js\" charset=\"utf-8\"><\/script>\n<\/div><\/figure>\n\n\n\n<p>\u201cAhora tiene un avance impresionante. \u00bfEse&nbsp;<strong>ferrocarril&nbsp;<\/strong>cu\u00e1ndo se va a inaugurar, el M\u00e9xico-AIFA?&nbsp;<strong>En julio de este a\u00f1o,<\/strong>&nbsp;despu\u00e9s de un buen rato que llevaba ya en construcci\u00f3n, entonces ahora s\u00ed ya va muy avanzado, est\u00e1n los<strong>&nbsp;recursos&nbsp;<\/strong>y lo van a terminar&nbsp;<strong>ingenieros militares<\/strong>&nbsp;y en julio llega al AIFA&#8221;, declar\u00f3 Sheinbaum.<\/p>\n\n\n\n<p>La mandataria expuso en su&nbsp;<strong>conferencia matutina<\/strong>&nbsp;que, adem\u00e1s de este tramo, en marzo comenzar\u00e1 la&nbsp;<strong>construcci\u00f3n&nbsp;<\/strong>de una v\u00eda f\u00e9rrea para conectar a partir de 2027 al AIFA con Pachuca, capital de&nbsp;<strong>Hidalgo<\/strong>.<\/p>\n\n\n\n<p>Sheinbaum explic\u00f3 que orden\u00f3 a los<strong> ingenieros militares<\/strong>\u00a0construir el tren para acelerar su conclusi\u00f3n, pues el gobierno busca impulsar al AIFA, un pol\u00e9mico aeropuerto que\u00a0<strong>L\u00f3pez Obrador<\/strong>\u00a0inaugur\u00f3 en marzo de 2022 criticado por su lejan\u00eda con el centro de la capital del pa\u00eds y por estar administrado por el Ej\u00e9rcito.<\/p>\n\n\n\n<p>El AIFA cerr\u00f3 en 2024 con m\u00e1s de 6 millones de pasajeros, una meta que se hab\u00eda planteado para 2023.<\/p>\n\n\n\n<p>\u201dDesde finales del periodo del presidente L\u00f3pez Obrador y cuando nosotros entramos, tomamos la decisi\u00f3n conjunta, y nos toca operarla a nosotros, de que esa obra (el tren al AIFA) la hicieran tambi\u00e9n los ingenieros militares (porque) ya tuvo mucho tiempo la concesionaria para desarrollarlo&#8221;, expres\u00f3.<\/p>\n\n\n\n<p>El tren es parte del&nbsp;<strong>plan ferroviario<\/strong>&nbsp;de&nbsp;<strong>Sheinbaum<\/strong>, quien anunci\u00f3 una inversi\u00f3n p\u00fablica de 150 mil millones de pesos&nbsp;en 2025 para comenzar con la construcci\u00f3n de 3 mil kil\u00f3metros de trenes de pasajeros en su mandato.<\/p>\n\n\n\n<p>Por ello, prometi\u00f3 ahora tambi\u00e9n que en 2027 inaugurar\u00e1 el tren de Ciudad de M\u00e9xico a Quer\u00e9taro, ciudad del centro del pa\u00eds conocida por su turismo e industria, adem\u00e1s de comenzar este a\u00f1o con las rutas de Quer\u00e9taro a Irapuato, y de Saltillo a Nuevo Laredo, en la frontera con Estados Unidos.&nbsp;<\/p>\n\n\n\n<p>La infraestructura se construir\u00e1 con&nbsp;<strong>ingenieros militares<\/strong>&nbsp;o una licitaci\u00f3n p\u00fablica para la participaci\u00f3n de empresas privadas, detall\u00f3 la mandataria.&nbsp;<\/p>\n\n\n\n<p>Estas obras generar\u00e1n hasta 1.5 millones de empleos en M\u00e9xico, el lugar n\u00famero 11 en el mundo en kil\u00f3metros de v\u00edas, lo que lo convierte en una &#8220;potencia ferroviaria&#8221;, asever\u00f3&nbsp;<strong>Gustavo Ricardo Vallejo,<\/strong>comandante del Agrupamiento de Ingenieros &#8220;Felipe \u00c1ngeles&#8221;.<\/p>\n\n\n\n<figure class=\"wp-block-embed is-type-rich is-provider-twitter wp-block-embed-twitter\"><div class=\"wp-block-embed__wrapper\">\n<blockquote class=\"twitter-tweet\" data-width=\"550\" data-dnt=\"true\"><p lang=\"es\" dir=\"ltr\">El comandante del Agrupamiento de Ingenieros &quot;Felipe Angeles&quot;, Ricardo Vallejo Su\u00e1rez, di\u00f3 a conocer que el tramo de tren M\u00e9xico-Quer\u00e9taro iniciar\u00e1 su obra de construcci\u00f3n el primero de abril y contar\u00e1n con un plazo de dos dos a\u00f1os y seis meses para su t\u00e9rmino <a href=\"https:\/\/t.co\/u5peayXbrK\">pic.twitter.com\/u5peayXbrK<\/a><\/p>&mdash; Azucena Uresti (@azucenau) <a href=\"https:\/\/twitter.com\/azucenau\/status\/1890040841265410140?ref_src=twsrc%5Etfw\">February 13, 2025<\/a><\/blockquote><script async src=\"https:\/\/platform.twitter.com\/widgets.js\" charset=\"utf-8\"><\/script>\n<\/div><\/figure>\n\n\n\n<p>Con informaci\u00f3n de EFE<\/p>\n","protected":false},"excerpt":{"rendered":"<p>Por Redacci\u00f3n QP El gobierno de M\u00e9xico tambi\u00e9n anunci\u00f3 que en marzo comenzar\u00e1 la construcci\u00f3n&#8230;<\/p>\n","protected":false},"author":2,"featured_media":114736,"comment_status":"open","ping_status":"open","sticky":false,"template":"","format":"standard","meta":{"_monsterinsights_skip_tracking":false,"_monsterinsights_sitenote_active":false,"_monsterinsights_sitenote_note":"","_monsterinsights_sitenote_category":0,"footnotes":""},"categories":[280,2],"tags":[],"class_list":["post-114735","post","type-post","status-publish","format-standard","has-post-thumbnail","hentry","category-nacionales","category-noticias"],"yoast_head":"<!-- This site is optimized with the Yoast SEO plugin v27.3 - https:\/\/yoast.com\/product\/yoast-seo-wordpress\/ -->\n<title>Sheinbaum promete inaugurar en julio el tren suburbano que va del AIFA a la estaci\u00f3n Buenavista -<\/title>\n<meta name=\"robots\" content=\"index, follow, max-snippet:-1, max-image-preview:large, max-video-preview:-1\" \/>\n<link rel=\"canonical\" href=\"https:\/\/quehacerpolitico.mx\/?p=114735\" \/>\n<meta property=\"og:locale\" content=\"es_MX\" \/>\n<meta property=\"og:type\" content=\"article\" \/>\n<meta property=\"og:title\" content=\"Sheinbaum promete inaugurar en julio el tren suburbano que va del AIFA a la estaci\u00f3n Buenavista -\" \/>\n<meta property=\"og:description\" content=\"Por Redacci\u00f3n QP El gobierno de M\u00e9xico tambi\u00e9n anunci\u00f3 que en marzo comenzar\u00e1 la construcci\u00f3n...\" \/>\n<meta property=\"og:url\" content=\"https:\/\/quehacerpolitico.mx\/?p=114735\" \/>\n<meta property=\"article:published_time\" content=\"2025-02-13T20:22:54+00:00\" \/>\n<meta property=\"article:modified_time\" content=\"2025-02-13T20:22:56+00:00\" \/>\n<meta property=\"og:image\" content=\"https:\/\/quehacerpolitico.mx\/wp-content\/uploads\/2025\/02\/IMG_0575.jpeg\" \/>\n\t<meta property=\"og:image:width\" content=\"1029\" \/>\n\t<meta property=\"og:image:height\" content=\"717\" \/>\n\t<meta property=\"og:image:type\" content=\"image\/jpeg\" \/>\n<meta name=\"author\" content=\"Redacci\u00f3n QP\" \/>\n<meta name=\"twitter:card\" content=\"summary_large_image\" \/>\n<meta name=\"twitter:label1\" content=\"Escrito por\" \/>\n\t<meta name=\"twitter:data1\" content=\"Redacci\u00f3n QP\" \/>\n\t<meta name=\"twitter:label2\" content=\"Tiempo de lectura\" \/>\n\t<meta name=\"twitter:data2\" content=\"3 minutos\" \/>\n<script type=\"application\/ld+json\" class=\"yoast-schema-graph\">{\"@context\":\"https:\\\/\\\/schema.org\",\"@graph\":[{\"@type\":\"Article\",\"@id\":\"https:\\\/\\\/quehacerpolitico.mx\\\/?p=114735#article\",\"isPartOf\":{\"@id\":\"https:\\\/\\\/quehacerpolitico.mx\\\/?p=114735\"},\"author\":{\"name\":\"Redacci\u00f3n QP\",\"@id\":\"https:\\\/\\\/quehacerpolitico.mx\\\/#\\\/schema\\\/person\\\/496d8ad2d1d3f8036101dca7ee39e585\"},\"headline\":\"Sheinbaum promete inaugurar en julio el tren suburbano que va del AIFA a la estaci\u00f3n Buenavista\",\"datePublished\":\"2025-02-13T20:22:54+00:00\",\"dateModified\":\"2025-02-13T20:22:56+00:00\",\"mainEntityOfPage\":{\"@id\":\"https:\\\/\\\/quehacerpolitico.mx\\\/?p=114735\"},\"wordCount\":536,\"commentCount\":0,\"image\":{\"@id\":\"https:\\\/\\\/quehacerpolitico.mx\\\/?p=114735#primaryimage\"},\"thumbnailUrl\":\"https:\\\/\\\/quehacerpolitico.mx\\\/wp-content\\\/uploads\\\/2025\\\/02\\\/IMG_0575.jpeg\",\"articleSection\":[\"Nacionales\",\"Noticias\"],\"inLanguage\":\"es\",\"potentialAction\":[{\"@type\":\"CommentAction\",\"name\":\"Comment\",\"target\":[\"https:\\\/\\\/quehacerpolitico.mx\\\/?p=114735#respond\"]}]},{\"@type\":\"WebPage\",\"@id\":\"https:\\\/\\\/quehacerpolitico.mx\\\/?p=114735\",\"url\":\"https:\\\/\\\/quehacerpolitico.mx\\\/?p=114735\",\"name\":\"Sheinbaum promete inaugurar en julio el tren suburbano que va del AIFA a la estaci\u00f3n Buenavista -\",\"isPartOf\":{\"@id\":\"https:\\\/\\\/quehacerpolitico.mx\\\/#website\"},\"primaryImageOfPage\":{\"@id\":\"https:\\\/\\\/quehacerpolitico.mx\\\/?p=114735#primaryimage\"},\"image\":{\"@id\":\"https:\\\/\\\/quehacerpolitico.mx\\\/?p=114735#primaryimage\"},\"thumbnailUrl\":\"https:\\\/\\\/quehacerpolitico.mx\\\/wp-content\\\/uploads\\\/2025\\\/02\\\/IMG_0575.jpeg\",\"datePublished\":\"2025-02-13T20:22:54+00:00\",\"dateModified\":\"2025-02-13T20:22:56+00:00\",\"author\":{\"@id\":\"https:\\\/\\\/quehacerpolitico.mx\\\/#\\\/schema\\\/person\\\/496d8ad2d1d3f8036101dca7ee39e585\"},\"breadcrumb\":{\"@id\":\"https:\\\/\\\/quehacerpolitico.mx\\\/?p=114735#breadcrumb\"},\"inLanguage\":\"es\",\"potentialAction\":[{\"@type\":\"ReadAction\",\"target\":[\"https:\\\/\\\/quehacerpolitico.mx\\\/?p=114735\"]}]},{\"@type\":\"ImageObject\",\"inLanguage\":\"es\",\"@id\":\"https:\\\/\\\/quehacerpolitico.mx\\\/?p=114735#primaryimage\",\"url\":\"https:\\\/\\\/quehacerpolitico.mx\\\/wp-content\\\/uploads\\\/2025\\\/02\\\/IMG_0575.jpeg\",\"contentUrl\":\"https:\\\/\\\/quehacerpolitico.mx\\\/wp-content\\\/uploads\\\/2025\\\/02\\\/IMG_0575.jpeg\",\"width\":1029,\"height\":717,\"caption\":\"Screenshot\"},{\"@type\":\"BreadcrumbList\",\"@id\":\"https:\\\/\\\/quehacerpolitico.mx\\\/?p=114735#breadcrumb\",\"itemListElement\":[{\"@type\":\"ListItem\",\"position\":1,\"name\":\"Inicio\",\"item\":\"https:\\\/\\\/quehacerpolitico.mx\\\/\"},{\"@type\":\"ListItem\",\"position\":2,\"name\":\"Sheinbaum promete inaugurar en julio el tren suburbano que va del AIFA a la estaci\u00f3n Buenavista\"}]},{\"@type\":\"WebSite\",\"@id\":\"https:\\\/\\\/quehacerpolitico.mx\\\/#website\",\"url\":\"https:\\\/\\\/quehacerpolitico.mx\\\/\",\"name\":\"\",\"description\":\"\",\"potentialAction\":[{\"@type\":\"SearchAction\",\"target\":{\"@type\":\"EntryPoint\",\"urlTemplate\":\"https:\\\/\\\/quehacerpolitico.mx\\\/?s={search_term_string}\"},\"query-input\":{\"@type\":\"PropertyValueSpecification\",\"valueRequired\":true,\"valueName\":\"search_term_string\"}}],\"inLanguage\":\"es\"},{\"@type\":\"Person\",\"@id\":\"https:\\\/\\\/quehacerpolitico.mx\\\/#\\\/schema\\\/person\\\/496d8ad2d1d3f8036101dca7ee39e585\",\"name\":\"Redacci\u00f3n QP\",\"image\":{\"@type\":\"ImageObject\",\"inLanguage\":\"es\",\"@id\":\"https:\\\/\\\/secure.gravatar.com\\\/avatar\\\/c7164ed6fdec453195284ad24a5ae5b6e1eed2b848477fa2a4787ba9adf39a41?s=96&d=mm&r=g\",\"url\":\"https:\\\/\\\/secure.gravatar.com\\\/avatar\\\/c7164ed6fdec453195284ad24a5ae5b6e1eed2b848477fa2a4787ba9adf39a41?s=96&d=mm&r=g\",\"contentUrl\":\"https:\\\/\\\/secure.gravatar.com\\\/avatar\\\/c7164ed6fdec453195284ad24a5ae5b6e1eed2b848477fa2a4787ba9adf39a41?s=96&d=mm&r=g\",\"caption\":\"Redacci\u00f3n QP\"},\"url\":\"https:\\\/\\\/quehacerpolitico.mx\\\/?author=2\"}]}<\/script>\n<!-- \/ Yoast SEO plugin. -->","yoast_head_json":{"title":"Sheinbaum promete inaugurar en julio el tren suburbano que va del AIFA a la estaci\u00f3n Buenavista -","robots":{"index":"index","follow":"follow","max-snippet":"max-snippet:-1","max-image-preview":"max-image-preview:large","max-video-preview":"max-video-preview:-1"},"canonical":"https:\/\/quehacerpolitico.mx\/?p=114735","og_locale":"es_MX","og_type":"article","og_title":"Sheinbaum promete inaugurar en julio el tren suburbano que va del AIFA a la estaci\u00f3n Buenavista -","og_description":"Por Redacci\u00f3n QP El gobierno de M\u00e9xico tambi\u00e9n anunci\u00f3 que en marzo comenzar\u00e1 la construcci\u00f3n...","og_url":"https:\/\/quehacerpolitico.mx\/?p=114735","article_published_time":"2025-02-13T20:22:54+00:00","article_modified_time":"2025-02-13T20:22:56+00:00","og_image":[{"width":1029,"height":717,"url":"https:\/\/quehacerpolitico.mx\/wp-content\/uploads\/2025\/02\/IMG_0575.jpeg","type":"image\/jpeg"}],"author":"Redacci\u00f3n QP","twitter_card":"summary_large_image","twitter_misc":{"Escrito por":"Redacci\u00f3n QP","Tiempo de lectura":"3 minutos"},"schema":{"@context":"https:\/\/schema.org","@graph":[{"@type":"Article","@id":"https:\/\/quehacerpolitico.mx\/?p=114735#article","isPartOf":{"@id":"https:\/\/quehacerpolitico.mx\/?p=114735"},"author":{"name":"Redacci\u00f3n QP","@id":"https:\/\/quehacerpolitico.mx\/#\/schema\/person\/496d8ad2d1d3f8036101dca7ee39e585"},"headline":"Sheinbaum promete inaugurar en julio el tren suburbano que va del AIFA a la estaci\u00f3n Buenavista","datePublished":"2025-02-13T20:22:54+00:00","dateModified":"2025-02-13T20:22:56+00:00","mainEntityOfPage":{"@id":"https:\/\/quehacerpolitico.mx\/?p=114735"},"wordCount":536,"commentCount":0,"image":{"@id":"https:\/\/quehacerpolitico.mx\/?p=114735#primaryimage"},"thumbnailUrl":"https:\/\/quehacerpolitico.mx\/wp-content\/uploads\/2025\/02\/IMG_0575.jpeg","articleSection":["Nacionales","Noticias"],"inLanguage":"es","potentialAction":[{"@type":"CommentAction","name":"Comment","target":["https:\/\/quehacerpolitico.mx\/?p=114735#respond"]}]},{"@type":"WebPage","@id":"https:\/\/quehacerpolitico.mx\/?p=114735","url":"https:\/\/quehacerpolitico.mx\/?p=114735","name":"Sheinbaum promete inaugurar en julio el tren suburbano que va del AIFA a la estaci\u00f3n Buenavista -","isPartOf":{"@id":"https:\/\/quehacerpolitico.mx\/#website"},"primaryImageOfPage":{"@id":"https:\/\/quehacerpolitico.mx\/?p=114735#primaryimage"},"image":{"@id":"https:\/\/quehacerpolitico.mx\/?p=114735#primaryimage"},"thumbnailUrl":"https:\/\/quehacerpolitico.mx\/wp-content\/uploads\/2025\/02\/IMG_0575.jpeg","datePublished":"2025-02-13T20:22:54+00:00","dateModified":"2025-02-13T20:22:56+00:00","author":{"@id":"https:\/\/quehacerpolitico.mx\/#\/schema\/person\/496d8ad2d1d3f8036101dca7ee39e585"},"breadcrumb":{"@id":"https:\/\/quehacerpolitico.mx\/?p=114735#breadcrumb"},"inLanguage":"es","potentialAction":[{"@type":"ReadAction","target":["https:\/\/quehacerpolitico.mx\/?p=114735"]}]},{"@type":"ImageObject","inLanguage":"es","@id":"https:\/\/quehacerpolitico.mx\/?p=114735#primaryimage","url":"https:\/\/quehacerpolitico.mx\/wp-content\/uploads\/2025\/02\/IMG_0575.jpeg","contentUrl":"https:\/\/quehacerpolitico.mx\/wp-content\/uploads\/2025\/02\/IMG_0575.jpeg","width":1029,"height":717,"caption":"Screenshot"},{"@type":"BreadcrumbList","@id":"https:\/\/quehacerpolitico.mx\/?p=114735#breadcrumb","itemListElement":[{"@type":"ListItem","position":1,"name":"Inicio","item":"https:\/\/quehacerpolitico.mx\/"},{"@type":"ListItem","position":2,"name":"Sheinbaum promete inaugurar en julio el tren suburbano que va del AIFA a la estaci\u00f3n Buenavista"}]},{"@type":"WebSite","@id":"https:\/\/quehacerpolitico.mx\/#website","url":"https:\/\/quehacerpolitico.mx\/","name":"","description":"","potentialAction":[{"@type":"SearchAction","target":{"@type":"EntryPoint","urlTemplate":"https:\/\/quehacerpolitico.mx\/?s={search_term_string}"},"query-input":{"@type":"PropertyValueSpecification","valueRequired":true,"valueName":"search_term_string"}}],"inLanguage":"es"},{"@type":"Person","@id":"https:\/\/quehacerpolitico.mx\/#\/schema\/person\/496d8ad2d1d3f8036101dca7ee39e585","name":"Redacci\u00f3n QP","image":{"@type":"ImageObject","inLanguage":"es","@id":"https:\/\/secure.gravatar.com\/avatar\/c7164ed6fdec453195284ad24a5ae5b6e1eed2b848477fa2a4787ba9adf39a41?s=96&d=mm&r=g","url":"https:\/\/secure.gravatar.com\/avatar\/c7164ed6fdec453195284ad24a5ae5b6e1eed2b848477fa2a4787ba9adf39a41?s=96&d=mm&r=g","contentUrl":"https:\/\/secure.gravatar.com\/avatar\/c7164ed6fdec453195284ad24a5ae5b6e1eed2b848477fa2a4787ba9adf39a41?s=96&d=mm&r=g","caption":"Redacci\u00f3n QP"},"url":"https:\/\/quehacerpolitico.mx\/?author=2"}]}},"featured_image_urls":{"full":["https:\/\/quehacerpolitico.mx\/wp-content\/uploads\/2025\/02\/IMG_0575.jpeg",1029,717,false],"thumbnail":["https:\/\/quehacerpolitico.mx\/wp-content\/uploads\/2025\/02\/IMG_0575-150x150.jpeg",150,150,true],"medium":["https:\/\/quehacerpolitico.mx\/wp-content\/uploads\/2025\/02\/IMG_0575-300x209.jpeg",300,209,true],"medium_large":["https:\/\/quehacerpolitico.mx\/wp-content\/uploads\/2025\/02\/IMG_0575-768x535.jpeg",640,446,true],"large":["https:\/\/quehacerpolitico.mx\/wp-content\/uploads\/2025\/02\/IMG_0575-1024x714.jpeg",640,446,true],"1536x1536":["https:\/\/quehacerpolitico.mx\/wp-content\/uploads\/2025\/02\/IMG_0575.jpeg",1029,717,false],"2048x2048":["https:\/\/quehacerpolitico.mx\/wp-content\/uploads\/2025\/02\/IMG_0575.jpeg",1029,717,false],"covernews-featured":["https:\/\/quehacerpolitico.mx\/wp-content\/uploads\/2025\/02\/IMG_0575-1024x714.jpeg",1024,714,true],"covernews-medium":["https:\/\/quehacerpolitico.mx\/wp-content\/uploads\/2025\/02\/IMG_0575-540x340.jpeg",540,340,true]},"author_info":{"display_name":"Redacci\u00f3n QP","author_link":"https:\/\/quehacerpolitico.mx\/?author=2"},"category_info":"<a href=\"https:\/\/quehacerpolitico.mx\/?cat=280\" rel=\"category\">Nacionales<\/a> <a href=\"https:\/\/quehacerpolitico.mx\/?cat=2\" rel=\"category\">Noticias<\/a>","tag_info":"Noticias","comment_count":"0","_links":{"self":[{"href":"https:\/\/quehacerpolitico.mx\/index.php?rest_route=\/wp\/v2\/posts\/114735","targetHints":{"allow":["GET"]}}],"collection":[{"href":"https:\/\/quehacerpolitico.mx\/index.php?rest_route=\/wp\/v2\/posts"}],"about":[{"href":"https:\/\/quehacerpolitico.mx\/index.php?rest_route=\/wp\/v2\/types\/post"}],"author":[{"embeddable":true,"href":"https:\/\/quehacerpolitico.mx\/index.php?rest_route=\/wp\/v2\/users\/2"}],"replies":[{"embeddable":true,"href":"https:\/\/quehacerpolitico.mx\/index.php?rest_route=%2Fwp%2Fv2%2Fcomments&post=114735"}],"version-history":[{"count":1,"href":"https:\/\/quehacerpolitico.mx\/index.php?rest_route=\/wp\/v2\/posts\/114735\/revisions"}],"predecessor-version":[{"id":114737,"href":"https:\/\/quehacerpolitico.mx\/index.php?rest_route=\/wp\/v2\/posts\/114735\/revisions\/114737"}],"wp:featuredmedia":[{"embeddable":true,"href":"https:\/\/quehacerpolitico.mx\/index.php?rest_route=\/wp\/v2\/media\/114736"}],"wp:attachment":[{"href":"https:\/\/quehacerpolitico.mx\/index.php?rest_route=%2Fwp%2Fv2%2Fmedia&parent=114735"}],"wp:term":[{"taxonomy":"category","embeddable":true,"href":"https:\/\/quehacerpolitico.mx\/index.php?rest_route=%2Fwp%2Fv2%2Fcategories&post=114735"},{"taxonomy":"post_tag","embeddable":true,"href":"https:\/\/quehacerpolitico.mx\/index.php?rest_route=%2Fwp%2Fv2%2Ftags&post=114735"}],"curies":[{"name":"wp","href":"https:\/\/api.w.org\/{rel}","templated":true}]}}